{"id":463545,"date":"2026-05-01T05:47:57","date_gmt":"2026-05-01T08:47:57","guid":{"rendered":"https:\/\/portaltela.pt\/noticias\/2026\/05\/01\/pedro-sousa-aponta-cansaco-no-sporting-devido-a-rui-borges\/"},"modified":"2026-05-01T05:47:57","modified_gmt":"2026-05-01T08:47:57","slug":"pedro-sousa-aponta-cansaco-no-sporting-devido-a-rui-borges","status":"publish","type":"post","link":"https:\/\/portaltela.pt\/desporto\/futebol\/2026\/05\/01\/pedro-sousa-aponta-cansaco-no-sporting-devido-a-rui-borges\/","title":{"rendered":"Pedro Sousa aponta cansa\u00e7o no Sporting devido a Rui Borges"},"content":{"rendered":"<p>Pedro Sousa, diretor executivo da Correio da Manh\u00e3 R\u00e1dio, analisa no Now o momento dif\u00edcil do Sporting, apontando para exaust\u00e3o f\u00edsica e mental causada pela gest\u00e3o t\u00e9cnica recente.<\/p>\n<p>O respons\u00e1vel pela r\u00e1dio afirma que a equipa foi levada ao limite pelo ritmo imposto pela dire\u00e7\u00e3o t\u00e9cnica, o que tem refletido no rendimento nas \u00faltimas partidas.<\/p>\n<p>A fala ocorre no programa Now, onde se discute o desempenho recente do clube e as poss\u00edveis consequ\u00eancias para a continuidade do trabalho no futebol s\u00e9nior.<\/p>\n<h3>An\u00e1lise de Pedro Sousa<\/h3>\n<p>Segundo Sousa, a exaust\u00e3o n\u00e3o \u00e9 apenas f\u00edsica, mas tamb\u00e9m psicol\u00f3gica, associada a prazos, press\u00f5es e rotinas de treino ajustadas a uma filosofia de jogo apresentada pela equipa t\u00e9cnica.<\/p>\n","protected":false},"excerpt":{"rendered":"<ul>\n<li>Pedro Sousa, diretor executivo da Correio da Manh\u00e3 R\u00e1dio, analisa no Now o mau momento do Sporting.<\/li>\n<li>A an\u00e1lise aponta Rui Borges como respons\u00e1vel pela exaust\u00e3o f\u00edsica e mental da equipa.<\/li>\n<li>O foco \u00e9 a situa\u00e7\u00e3o atual do clube, sem avalia\u00e7\u00f5es adicionais ou conclus\u00f5es.<\/li>\n<li>A mat\u00e9ria \u00e9 apresentada de forma objetiva, ressaltando os aspectos verificados no momento.<\/li>\n<\/ul>\n","protected":false},"author":2,"featured_media":463550,"comment_status":"closed","ping_status":"closed","sticky":false,"template":"","format":"standard","meta":{"footnotes":""},"categories":[21,24],"tags":[152,6220,32,7120,6802,2249],"class_list":["post-463545","post","type-post","status-publish","format-standard","has-post-thumbnail","hentry","category-desporto","category-futebol","tag-desporto","tag-desporto-federado","tag-futebol","tag-gestao-desportiva","tag-lideranca","tag-psicologia"],"yoast_head":"<!-- This site is optimized with the Yoast SEO plugin v27.2 - https:\/\/yoast.com\/product\/yoast-seo-wordpress\/ -->\n<title>Pedro Sousa aponta cansa\u00e7o no Sporting devido a Rui Borges - Portal Tela Portugal<\/title>\n<meta name=\"robots\" content=\"index, follow, max-snippet:-1, max-image-preview:large, max-video-preview:-1\" \/>\n<meta property=\"og:locale\" content=\"pt_PT\" \/>\n<meta property=\"og:type\" content=\"article\" \/>\n<meta property=\"og:title\" content=\"Pedro Sousa aponta cansa\u00e7o no Sporting devido a Rui Borges - Portal Tela Portugal\" \/>\n<meta property=\"og:description\" content=\"Pedro Sousa, diretor executivo da Correio da Manh\u00e3 R\u00e1dio, analisa no Now o mau momento do Sporting. A an\u00e1lise aponta Rui Borges como respons\u00e1vel pela exaust\u00e3o f\u00edsica e mental da equipa. O foco \u00e9 a situa\u00e7\u00e3o atual do clube, sem avalia\u00e7\u00f5es adicionais ou conclus\u00f5es. A mat\u00e9ria \u00e9 apresentada de forma objetiva, ressaltando os aspectos verificados no momento.\" \/>\n<meta property=\"og:url\" content=\"https:\/\/portaltela.pt\/noticias\/2026\/05\/01\/pedro-sousa-aponta-cansaco-no-sporting-devido-a-rui-borges\/\" \/>\n<meta property=\"og:site_name\" content=\"Portal Tela Portugal\" \/>\n<meta property=\"article:published_time\" content=\"2026-05-01T08:47:57+00:00\" \/>\n<meta name=\"author\" content=\"Telinha\" \/>\n<meta name=\"twitter:card\" content=\"summary_large_image\" \/>\n<meta name=\"twitter:label1\" content=\"Escrito por\" \/>\n\t<meta name=\"twitter:data1\" content=\"Telinha\" \/>\n\t<meta name=\"twitter:label2\" content=\"Tempo estimado de leitura\" \/>\n\t<meta name=\"twitter:data2\" content=\"1 minuto\" \/>\n<script type=\"application\/ld+json\" class=\"yoast-schema-graph\">{\"@context\":\"https:\/\/schema.org\",\"@graph\":[{\"@type\":\"Article\",\"@id\":\"https:\/\/portaltela.pt\/noticias\/2026\/05\/01\/pedro-sousa-aponta-cansaco-no-sporting-devido-a-rui-borges\/#article\",\"isPartOf\":{\"@id\":\"https:\/\/portaltela.pt\/noticias\/2026\/05\/01\/pedro-sousa-aponta-cansaco-no-sporting-devido-a-rui-borges\/\"},\"author\":{\"name\":\"Telinha\",\"@id\":\"https:\/\/portaltela.pt\/#\/schema\/person\/c4278d4a6028830caff9ee44b42d32ed\"},\"headline\":\"Pedro Sousa aponta cansa\u00e7o no Sporting devido a Rui Borges\",\"datePublished\":\"2026-05-01T08:47:57+00:00\",\"mainEntityOfPage\":{\"@id\":\"https:\/\/portaltela.pt\/noticias\/2026\/05\/01\/pedro-sousa-aponta-cansaco-no-sporting-devido-a-rui-borges\/\"},\"wordCount\":145,\"image\":{\"@id\":\"https:\/\/portaltela.pt\/noticias\/2026\/05\/01\/pedro-sousa-aponta-cansaco-no-sporting-devido-a-rui-borges\/#primaryimage\"},\"thumbnailUrl\":\"https:\/\/portaltela.pt\/s.01k8rhncp4jt1\/2026\/05\/img_1200x721uu2026-05-01-09-26-15-2436229.jpg\",\"keywords\":[\"desporto\",\"Desporto Federado\",\"futebol\",\"gest\u00e3o desportiva\",\"lideran\u00e7a\",\"psicologia\"],\"articleSection\":[\"Desporto\",\"Futebol\"],\"inLanguage\":\"pt-PT\"},{\"@type\":\"WebPage\",\"@id\":\"https:\/\/portaltela.pt\/noticias\/2026\/05\/01\/pedro-sousa-aponta-cansaco-no-sporting-devido-a-rui-borges\/\",\"url\":\"https:\/\/portaltela.pt\/noticias\/2026\/05\/01\/pedro-sousa-aponta-cansaco-no-sporting-devido-a-rui-borges\/\",\"name\":\"Pedro Sousa aponta cansa\u00e7o no Sporting devido a Rui Borges - Portal Tela Portugal\",\"isPartOf\":{\"@id\":\"https:\/\/portaltela.pt\/#website\"},\"primaryImageOfPage\":{\"@id\":\"https:\/\/portaltela.pt\/noticias\/2026\/05\/01\/pedro-sousa-aponta-cansaco-no-sporting-devido-a-rui-borges\/#primaryimage\"},\"image\":{\"@id\":\"https:\/\/portaltela.pt\/noticias\/2026\/05\/01\/pedro-sousa-aponta-cansaco-no-sporting-devido-a-rui-borges\/#primaryimage\"},\"thumbnailUrl\":\"https:\/\/portaltela.pt\/s.01k8rhncp4jt1\/2026\/05\/img_1200x721uu2026-05-01-09-26-15-2436229.jpg\",\"datePublished\":\"2026-05-01T08:47:57+00:00\",\"author\":{\"@id\":\"https:\/\/portaltela.pt\/#\/schema\/person\/c4278d4a6028830caff9ee44b42d32ed\"},\"breadcrumb\":{\"@id\":\"https:\/\/portaltela.pt\/noticias\/2026\/05\/01\/pedro-sousa-aponta-cansaco-no-sporting-devido-a-rui-borges\/#breadcrumb\"},\"inLanguage\":\"pt-PT\",\"potentialAction\":[{\"@type\":\"ReadAction\",\"target\":[\"https:\/\/portaltela.pt\/noticias\/2026\/05\/01\/pedro-sousa-aponta-cansaco-no-sporting-devido-a-rui-borges\/\"]}]},{\"@type\":\"ImageObject\",\"inLanguage\":\"pt-PT\",\"@id\":\"https:\/\/portaltela.pt\/noticias\/2026\/05\/01\/pedro-sousa-aponta-cansaco-no-sporting-devido-a-rui-borges\/#primaryimage\",\"url\":\"https:\/\/portaltela.pt\/s.01k8rhncp4jt1\/2026\/05\/img_1200x721uu2026-05-01-09-26-15-2436229.jpg\",\"contentUrl\":\"https:\/\/portaltela.pt\/s.01k8rhncp4jt1\/2026\/05\/img_1200x721uu2026-05-01-09-26-15-2436229.jpg\",\"width\":796,\"height\":448,\"caption\":\"Pedro Sousa, diretor executivo da Correio da Manh\u00e3 R\u00e1dio, analisa no Now o mau momento do Sporting.\"},{\"@type\":\"BreadcrumbList\",\"@id\":\"https:\/\/portaltela.pt\/noticias\/2026\/05\/01\/pedro-sousa-aponta-cansaco-no-sporting-devido-a-rui-borges\/#breadcrumb\",\"itemListElement\":[{\"@type\":\"ListItem\",\"position\":1,\"name\":\"In\u00edcio\",\"item\":\"https:\/\/portaltela.pt\/\"},{\"@type\":\"ListItem\",\"position\":2,\"name\":\"Pedro Sousa aponta cansa\u00e7o no Sporting devido a Rui Borges\"}]},{\"@type\":\"WebSite\",\"@id\":\"https:\/\/portaltela.pt\/#website\",\"url\":\"https:\/\/portaltela.pt\/\",\"name\":\"Portal Tela Portugal\",\"description\":\"\",\"potentialAction\":[{\"@type\":\"SearchAction\",\"target\":{\"@type\":\"EntryPoint\",\"urlTemplate\":\"https:\/\/portaltela.pt\/?s={search_term_string}\"},\"query-input\":{\"@type\":\"PropertyValueSpecification\",\"valueRequired\":true,\"valueName\":\"search_term_string\"}}],\"inLanguage\":\"pt-PT\"},{\"@type\":\"Person\",\"@id\":\"https:\/\/portaltela.pt\/#\/schema\/person\/c4278d4a6028830caff9ee44b42d32ed\",\"name\":\"Telinha\",\"image\":{\"@type\":\"ImageObject\",\"inLanguage\":\"pt-PT\",\"@id\":\"https:\/\/portaltela.pt\/s.01k8rhncp4jt1\/2025\/11\/talking-bot-125x125.png\",\"url\":\"https:\/\/portaltela.pt\/s.01k8rhncp4jt1\/2025\/11\/talking-bot-125x125.png\",\"contentUrl\":\"https:\/\/portaltela.pt\/s.01k8rhncp4jt1\/2025\/11\/talking-bot-125x125.png\",\"caption\":\"Telinha\"},\"sameAs\":[\"https:\/\/portaltela.pt\/\"],\"url\":\"https:\/\/portaltela.pt\/por\/367410592786\/\"}]}<\/script>\n<!-- \/ Yoast SEO plugin. -->","yoast_head_json":{"title":"Pedro Sousa aponta cansa\u00e7o no Sporting devido a Rui Borges - Portal Tela Portugal","robots":{"index":"index","follow":"follow","max-snippet":"max-snippet:-1","max-image-preview":"max-image-preview:large","max-video-preview":"max-video-preview:-1"},"og_locale":"pt_PT","og_type":"article","og_title":"Pedro Sousa aponta cansa\u00e7o no Sporting devido a Rui Borges - Portal Tela Portugal","og_description":"Pedro Sousa, diretor executivo da Correio da Manh\u00e3 R\u00e1dio, analisa no Now o mau momento do Sporting. A an\u00e1lise aponta Rui Borges como respons\u00e1vel pela exaust\u00e3o f\u00edsica e mental da equipa. O foco \u00e9 a situa\u00e7\u00e3o atual do clube, sem avalia\u00e7\u00f5es adicionais ou conclus\u00f5es. A mat\u00e9ria \u00e9 apresentada de forma objetiva, ressaltando os aspectos verificados no momento.","og_url":"https:\/\/portaltela.pt\/noticias\/2026\/05\/01\/pedro-sousa-aponta-cansaco-no-sporting-devido-a-rui-borges\/","og_site_name":"Portal Tela Portugal","article_published_time":"2026-05-01T08:47:57+00:00","author":"Telinha","twitter_card":"summary_large_image","twitter_misc":{"Escrito por":"Telinha","Tempo estimado de leitura":"1 minuto"},"schema":{"@context":"https:\/\/schema.org","@graph":[{"@type":"Article","@id":"https:\/\/portaltela.pt\/noticias\/2026\/05\/01\/pedro-sousa-aponta-cansaco-no-sporting-devido-a-rui-borges\/#article","isPartOf":{"@id":"https:\/\/portaltela.pt\/noticias\/2026\/05\/01\/pedro-sousa-aponta-cansaco-no-sporting-devido-a-rui-borges\/"},"author":{"name":"Telinha","@id":"https:\/\/portaltela.pt\/#\/schema\/person\/c4278d4a6028830caff9ee44b42d32ed"},"headline":"Pedro Sousa aponta cansa\u00e7o no Sporting devido a Rui Borges","datePublished":"2026-05-01T08:47:57+00:00","mainEntityOfPage":{"@id":"https:\/\/portaltela.pt\/noticias\/2026\/05\/01\/pedro-sousa-aponta-cansaco-no-sporting-devido-a-rui-borges\/"},"wordCount":145,"image":{"@id":"https:\/\/portaltela.pt\/noticias\/2026\/05\/01\/pedro-sousa-aponta-cansaco-no-sporting-devido-a-rui-borges\/#primaryimage"},"thumbnailUrl":"https:\/\/portaltela.pt\/s.01k8rhncp4jt1\/2026\/05\/img_1200x721uu2026-05-01-09-26-15-2436229.jpg","keywords":["desporto","Desporto Federado","futebol","gest\u00e3o desportiva","lideran\u00e7a","psicologia"],"articleSection":["Desporto","Futebol"],"inLanguage":"pt-PT"},{"@type":"WebPage","@id":"https:\/\/portaltela.pt\/noticias\/2026\/05\/01\/pedro-sousa-aponta-cansaco-no-sporting-devido-a-rui-borges\/","url":"https:\/\/portaltela.pt\/noticias\/2026\/05\/01\/pedro-sousa-aponta-cansaco-no-sporting-devido-a-rui-borges\/","name":"Pedro Sousa aponta cansa\u00e7o no Sporting devido a Rui Borges - Portal Tela Portugal","isPartOf":{"@id":"https:\/\/portaltela.pt\/#website"},"primaryImageOfPage":{"@id":"https:\/\/portaltela.pt\/noticias\/2026\/05\/01\/pedro-sousa-aponta-cansaco-no-sporting-devido-a-rui-borges\/#primaryimage"},"image":{"@id":"https:\/\/portaltela.pt\/noticias\/2026\/05\/01\/pedro-sousa-aponta-cansaco-no-sporting-devido-a-rui-borges\/#primaryimage"},"thumbnailUrl":"https:\/\/portaltela.pt\/s.01k8rhncp4jt1\/2026\/05\/img_1200x721uu2026-05-01-09-26-15-2436229.jpg","datePublished":"2026-05-01T08:47:57+00:00","author":{"@id":"https:\/\/portaltela.pt\/#\/schema\/person\/c4278d4a6028830caff9ee44b42d32ed"},"breadcrumb":{"@id":"https:\/\/portaltela.pt\/noticias\/2026\/05\/01\/pedro-sousa-aponta-cansaco-no-sporting-devido-a-rui-borges\/#breadcrumb"},"inLanguage":"pt-PT","potentialAction":[{"@type":"ReadAction","target":["https:\/\/portaltela.pt\/noticias\/2026\/05\/01\/pedro-sousa-aponta-cansaco-no-sporting-devido-a-rui-borges\/"]}]},{"@type":"ImageObject","inLanguage":"pt-PT","@id":"https:\/\/portaltela.pt\/noticias\/2026\/05\/01\/pedro-sousa-aponta-cansaco-no-sporting-devido-a-rui-borges\/#primaryimage","url":"https:\/\/portaltela.pt\/s.01k8rhncp4jt1\/2026\/05\/img_1200x721uu2026-05-01-09-26-15-2436229.jpg","contentUrl":"https:\/\/portaltela.pt\/s.01k8rhncp4jt1\/2026\/05\/img_1200x721uu2026-05-01-09-26-15-2436229.jpg","width":796,"height":448,"caption":"Pedro Sousa, diretor executivo da Correio da Manh\u00e3 R\u00e1dio, analisa no Now o mau momento do Sporting."},{"@type":"BreadcrumbList","@id":"https:\/\/portaltela.pt\/noticias\/2026\/05\/01\/pedro-sousa-aponta-cansaco-no-sporting-devido-a-rui-borges\/#breadcrumb","itemListElement":[{"@type":"ListItem","position":1,"name":"In\u00edcio","item":"https:\/\/portaltela.pt\/"},{"@type":"ListItem","position":2,"name":"Pedro Sousa aponta cansa\u00e7o no Sporting devido a Rui Borges"}]},{"@type":"WebSite","@id":"https:\/\/portaltela.pt\/#website","url":"https:\/\/portaltela.pt\/","name":"Portal Tela Portugal","description":"","potentialAction":[{"@type":"SearchAction","target":{"@type":"EntryPoint","urlTemplate":"https:\/\/portaltela.pt\/?s={search_term_string}"},"query-input":{"@type":"PropertyValueSpecification","valueRequired":true,"valueName":"search_term_string"}}],"inLanguage":"pt-PT"},{"@type":"Person","@id":"https:\/\/portaltela.pt\/#\/schema\/person\/c4278d4a6028830caff9ee44b42d32ed","name":"Telinha","image":{"@type":"ImageObject","inLanguage":"pt-PT","@id":"https:\/\/portaltela.pt\/s.01k8rhncp4jt1\/2025\/11\/talking-bot-125x125.png","url":"https:\/\/portaltela.pt\/s.01k8rhncp4jt1\/2025\/11\/talking-bot-125x125.png","contentUrl":"https:\/\/portaltela.pt\/s.01k8rhncp4jt1\/2025\/11\/talking-bot-125x125.png","caption":"Telinha"},"sameAs":["https:\/\/portaltela.pt\/"],"url":"https:\/\/portaltela.pt\/por\/367410592786\/"}]}},"_links":{"self":[{"href":"https:\/\/portaltela.pt\/api\/wp\/v2\/posts\/463545","targetHints":{"allow":["GET"]}}],"collection":[{"href":"https:\/\/portaltela.pt\/api\/wp\/v2\/posts"}],"about":[{"href":"https:\/\/portaltela.pt\/api\/wp\/v2\/types\/post"}],"author":[{"embeddable":true,"href":"https:\/\/portaltela.pt\/api\/wp\/v2\/users\/2"}],"replies":[{"embeddable":true,"href":"https:\/\/portaltela.pt\/api\/wp\/v2\/comments?post=463545"}],"version-history":[{"count":0,"href":"https:\/\/portaltela.pt\/api\/wp\/v2\/posts\/463545\/revisions"}],"wp:featuredmedia":[{"embeddable":true,"href":"https:\/\/portaltela.pt\/api\/wp\/v2\/media\/463550"}],"wp:attachment":[{"href":"https:\/\/portaltela.pt\/api\/wp\/v2\/media?parent=463545"}],"wp:term":[{"taxonomy":"category","embeddable":true,"href":"https:\/\/portaltela.pt\/api\/wp\/v2\/categories?post=463545"},{"taxonomy":"post_tag","embeddable":true,"href":"https:\/\/portaltela.pt\/api\/wp\/v2\/tags?post=463545"}],"curies":[{"name":"wp","href":"https:\/\/api.w.org\/{rel}","templated":true}]}}