{"id":463541,"date":"2026-05-01T05:47:53","date_gmt":"2026-05-01T08:47:53","guid":{"rendered":"https:\/\/portaltela.pt\/noticias\/2026\/05\/01\/antonio-caldeira-diz-que-precisa-aprender-a-andar-de-patins\/"},"modified":"2026-05-01T05:47:53","modified_gmt":"2026-05-01T08:47:53","slug":"antonio-caldeira-diz-que-precisa-aprender-a-andar-de-patins","status":"publish","type":"post","link":"https:\/\/portaltela.pt\/entretenimento\/2026\/05\/01\/antonio-caldeira-diz-que-precisa-aprender-a-andar-de-patins\/","title":{"rendered":"Ant\u00f3nio Caldeira diz que precisa aprender a andar de patins"},"content":{"rendered":"<p>Ant\u00f3nio Caldeira volta a protagonizar o primeiro epis\u00f3dio da segunda temporada do programa Sem Limites, em que revela as suas prioridades desportivas.<\/p>\n<p>Segundo o que foi exibido, o h\u00f3quei aparece na lista das mais baixo prioridades do apresentador.<\/p>\n<p>Caldeira admite a falta de tempo para dedicar-se ao h\u00f3quei, numa conversa com o jornalista Daniel Lopes Monteiro.<\/p>\n<p>O regresso do programa, ainda sem data confirmada para a emiss\u00e3o, refor\u00e7a a ideia de que o apresentador pode encarar novos desafios fora do gelo.<\/p>\n<p>Durante a conversa, ficou ainda sublinhada uma promessa envolvendo uma ambi\u00e7\u00e3o antiga: observar Caldeira a patinar pelas ruas de Lisboa.<\/p>\n<p>A produ\u00e7\u00e3o n\u00e3o detalha o calend\u00e1rio de grava\u00e7\u00f5es nem o local exato onde poder\u00e3o acontecer as cenas de patinagem pela cidade.<\/p>\n","protected":false},"excerpt":{"rendered":"<ul>\n<li>Ant\u00f3nio Caldeira \u00e9 o protagonista do 1\u00ba epis\u00f3dio da 2.\u00aa temporada do Sem Limites.<\/li>\n<li>O h\u00f3quei aparece como uma das piores prioridades para ele.<\/li>\n<li>O atleta deixou uma promessa ao jornalista Daniel Lopes Monteiro.<\/li>\n<li>A equipa antecipa que, em breve, o vamos ver a patinar pelas ruas de Lisboa.<\/li>\n<\/ul>\n","protected":false},"author":2,"featured_media":463544,"comment_status":"closed","ping_status":"closed","sticky":false,"template":"","format":"standard","meta":{"footnotes":""},"categories":[6675,12],"tags":[7902,8726,7974,10089,8276,8952],"class_list":["post-463541","post","type-post","status-publish","format-standard","has-post-thumbnail","hentry","category-celebridades","category-entretenimento","tag-_desporto","tag-_entretenimento","tag-_lisboa","tag-_patinagem","tag-_pessoas","tag-_televisao"],"yoast_head":"<!-- This site is optimized with the Yoast SEO plugin v27.2 - https:\/\/yoast.com\/product\/yoast-seo-wordpress\/ -->\n<title>Ant\u00f3nio Caldeira diz que precisa aprender a andar de patins - Portal Tela Portugal<\/title>\n<meta name=\"robots\" content=\"index, follow, max-snippet:-1, max-image-preview:large, max-video-preview:-1\" \/>\n<meta property=\"og:locale\" content=\"pt_PT\" \/>\n<meta property=\"og:type\" content=\"article\" \/>\n<meta property=\"og:title\" content=\"Ant\u00f3nio Caldeira diz que precisa aprender a andar de patins - Portal Tela Portugal\" \/>\n<meta property=\"og:description\" content=\"Ant\u00f3nio Caldeira \u00e9 o protagonista do 1\u00ba epis\u00f3dio da 2.\u00aa temporada do Sem Limites. O h\u00f3quei aparece como uma das piores prioridades para ele. O atleta deixou uma promessa ao jornalista Daniel Lopes Monteiro. A equipa antecipa que, em breve, o vamos ver a patinar pelas ruas de Lisboa.\" \/>\n<meta property=\"og:url\" content=\"https:\/\/portaltela.pt\/noticias\/2026\/05\/01\/antonio-caldeira-diz-que-precisa-aprender-a-andar-de-patins\/\" \/>\n<meta property=\"og:site_name\" content=\"Portal Tela Portugal\" \/>\n<meta property=\"article:published_time\" content=\"2026-05-01T08:47:53+00:00\" \/>\n<meta name=\"author\" content=\"Telinha\" \/>\n<meta name=\"twitter:card\" content=\"summary_large_image\" \/>\n<meta name=\"twitter:label1\" content=\"Escrito por\" \/>\n\t<meta name=\"twitter:data1\" content=\"Telinha\" \/>\n\t<meta name=\"twitter:label2\" content=\"Tempo estimado de leitura\" \/>\n\t<meta name=\"twitter:data2\" content=\"1 minuto\" \/>\n<script type=\"application\/ld+json\" class=\"yoast-schema-graph\">{\"@context\":\"https:\/\/schema.org\",\"@graph\":[{\"@type\":\"Article\",\"@id\":\"https:\/\/portaltela.pt\/noticias\/2026\/05\/01\/antonio-caldeira-diz-que-precisa-aprender-a-andar-de-patins\/#article\",\"isPartOf\":{\"@id\":\"https:\/\/portaltela.pt\/noticias\/2026\/05\/01\/antonio-caldeira-diz-que-precisa-aprender-a-andar-de-patins\/\"},\"author\":{\"name\":\"Telinha\",\"@id\":\"https:\/\/portaltela.pt\/#\/schema\/person\/c4278d4a6028830caff9ee44b42d32ed\"},\"headline\":\"Ant\u00f3nio Caldeira diz que precisa aprender a andar de patins\",\"datePublished\":\"2026-05-01T08:47:53+00:00\",\"mainEntityOfPage\":{\"@id\":\"https:\/\/portaltela.pt\/noticias\/2026\/05\/01\/antonio-caldeira-diz-que-precisa-aprender-a-andar-de-patins\/\"},\"wordCount\":145,\"image\":{\"@id\":\"https:\/\/portaltela.pt\/noticias\/2026\/05\/01\/antonio-caldeira-diz-que-precisa-aprender-a-andar-de-patins\/#primaryimage\"},\"thumbnailUrl\":\"https:\/\/portaltela.pt\/s.01k8rhncp4jt1\/2026\/05\/img_293x165uu2026-04-21-18-29-31-2434496.jpg\",\"keywords\":[\"_desporto\",\"_entretenimento\",\"_Lisboa\",\"_patinagem\",\"_pessoas\",\"_televis\u00e3o\"],\"articleSection\":[\"Celebridades\",\"Entretenimento\"],\"inLanguage\":\"pt-PT\"},{\"@type\":\"WebPage\",\"@id\":\"https:\/\/portaltela.pt\/noticias\/2026\/05\/01\/antonio-caldeira-diz-que-precisa-aprender-a-andar-de-patins\/\",\"url\":\"https:\/\/portaltela.pt\/noticias\/2026\/05\/01\/antonio-caldeira-diz-que-precisa-aprender-a-andar-de-patins\/\",\"name\":\"Ant\u00f3nio Caldeira diz que precisa aprender a andar de patins - Portal Tela Portugal\",\"isPartOf\":{\"@id\":\"https:\/\/portaltela.pt\/#website\"},\"primaryImageOfPage\":{\"@id\":\"https:\/\/portaltela.pt\/noticias\/2026\/05\/01\/antonio-caldeira-diz-que-precisa-aprender-a-andar-de-patins\/#primaryimage\"},\"image\":{\"@id\":\"https:\/\/portaltela.pt\/noticias\/2026\/05\/01\/antonio-caldeira-diz-que-precisa-aprender-a-andar-de-patins\/#primaryimage\"},\"thumbnailUrl\":\"https:\/\/portaltela.pt\/s.01k8rhncp4jt1\/2026\/05\/img_293x165uu2026-04-21-18-29-31-2434496.jpg\",\"datePublished\":\"2026-05-01T08:47:53+00:00\",\"author\":{\"@id\":\"https:\/\/portaltela.pt\/#\/schema\/person\/c4278d4a6028830caff9ee44b42d32ed\"},\"breadcrumb\":{\"@id\":\"https:\/\/portaltela.pt\/noticias\/2026\/05\/01\/antonio-caldeira-diz-que-precisa-aprender-a-andar-de-patins\/#breadcrumb\"},\"inLanguage\":\"pt-PT\",\"potentialAction\":[{\"@type\":\"ReadAction\",\"target\":[\"https:\/\/portaltela.pt\/noticias\/2026\/05\/01\/antonio-caldeira-diz-que-precisa-aprender-a-andar-de-patins\/\"]}]},{\"@type\":\"ImageObject\",\"inLanguage\":\"pt-PT\",\"@id\":\"https:\/\/portaltela.pt\/noticias\/2026\/05\/01\/antonio-caldeira-diz-que-precisa-aprender-a-andar-de-patins\/#primaryimage\",\"url\":\"https:\/\/portaltela.pt\/s.01k8rhncp4jt1\/2026\/05\/img_293x165uu2026-04-21-18-29-31-2434496.jpg\",\"contentUrl\":\"https:\/\/portaltela.pt\/s.01k8rhncp4jt1\/2026\/05\/img_293x165uu2026-04-21-18-29-31-2434496.jpg\",\"width\":796,\"height\":448,\"caption\":\"Ant\u00f3nio Caldeira: \u00abTenho de aprender a andar de patins\u2026\u00bb\"},{\"@type\":\"BreadcrumbList\",\"@id\":\"https:\/\/portaltela.pt\/noticias\/2026\/05\/01\/antonio-caldeira-diz-que-precisa-aprender-a-andar-de-patins\/#breadcrumb\",\"itemListElement\":[{\"@type\":\"ListItem\",\"position\":1,\"name\":\"In\u00edcio\",\"item\":\"https:\/\/portaltela.pt\/\"},{\"@type\":\"ListItem\",\"position\":2,\"name\":\"Ant\u00f3nio Caldeira diz que precisa aprender a andar de patins\"}]},{\"@type\":\"WebSite\",\"@id\":\"https:\/\/portaltela.pt\/#website\",\"url\":\"https:\/\/portaltela.pt\/\",\"name\":\"Portal Tela Portugal\",\"description\":\"\",\"potentialAction\":[{\"@type\":\"SearchAction\",\"target\":{\"@type\":\"EntryPoint\",\"urlTemplate\":\"https:\/\/portaltela.pt\/?s={search_term_string}\"},\"query-input\":{\"@type\":\"PropertyValueSpecification\",\"valueRequired\":true,\"valueName\":\"search_term_string\"}}],\"inLanguage\":\"pt-PT\"},{\"@type\":\"Person\",\"@id\":\"https:\/\/portaltela.pt\/#\/schema\/person\/c4278d4a6028830caff9ee44b42d32ed\",\"name\":\"Telinha\",\"image\":{\"@type\":\"ImageObject\",\"inLanguage\":\"pt-PT\",\"@id\":\"https:\/\/portaltela.pt\/s.01k8rhncp4jt1\/2025\/11\/talking-bot-125x125.png\",\"url\":\"https:\/\/portaltela.pt\/s.01k8rhncp4jt1\/2025\/11\/talking-bot-125x125.png\",\"contentUrl\":\"https:\/\/portaltela.pt\/s.01k8rhncp4jt1\/2025\/11\/talking-bot-125x125.png\",\"caption\":\"Telinha\"},\"sameAs\":[\"https:\/\/portaltela.pt\/\"],\"url\":\"https:\/\/portaltela.pt\/por\/367410592786\/\"}]}<\/script>\n<!-- \/ Yoast SEO plugin. -->","yoast_head_json":{"title":"Ant\u00f3nio Caldeira diz que precisa aprender a andar de patins - Portal Tela Portugal","robots":{"index":"index","follow":"follow","max-snippet":"max-snippet:-1","max-image-preview":"max-image-preview:large","max-video-preview":"max-video-preview:-1"},"og_locale":"pt_PT","og_type":"article","og_title":"Ant\u00f3nio Caldeira diz que precisa aprender a andar de patins - Portal Tela Portugal","og_description":"Ant\u00f3nio Caldeira \u00e9 o protagonista do 1\u00ba epis\u00f3dio da 2.\u00aa temporada do Sem Limites. O h\u00f3quei aparece como uma das piores prioridades para ele. O atleta deixou uma promessa ao jornalista Daniel Lopes Monteiro. A equipa antecipa que, em breve, o vamos ver a patinar pelas ruas de Lisboa.","og_url":"https:\/\/portaltela.pt\/noticias\/2026\/05\/01\/antonio-caldeira-diz-que-precisa-aprender-a-andar-de-patins\/","og_site_name":"Portal Tela Portugal","article_published_time":"2026-05-01T08:47:53+00:00","author":"Telinha","twitter_card":"summary_large_image","twitter_misc":{"Escrito por":"Telinha","Tempo estimado de leitura":"1 minuto"},"schema":{"@context":"https:\/\/schema.org","@graph":[{"@type":"Article","@id":"https:\/\/portaltela.pt\/noticias\/2026\/05\/01\/antonio-caldeira-diz-que-precisa-aprender-a-andar-de-patins\/#article","isPartOf":{"@id":"https:\/\/portaltela.pt\/noticias\/2026\/05\/01\/antonio-caldeira-diz-que-precisa-aprender-a-andar-de-patins\/"},"author":{"name":"Telinha","@id":"https:\/\/portaltela.pt\/#\/schema\/person\/c4278d4a6028830caff9ee44b42d32ed"},"headline":"Ant\u00f3nio Caldeira diz que precisa aprender a andar de patins","datePublished":"2026-05-01T08:47:53+00:00","mainEntityOfPage":{"@id":"https:\/\/portaltela.pt\/noticias\/2026\/05\/01\/antonio-caldeira-diz-que-precisa-aprender-a-andar-de-patins\/"},"wordCount":145,"image":{"@id":"https:\/\/portaltela.pt\/noticias\/2026\/05\/01\/antonio-caldeira-diz-que-precisa-aprender-a-andar-de-patins\/#primaryimage"},"thumbnailUrl":"https:\/\/portaltela.pt\/s.01k8rhncp4jt1\/2026\/05\/img_293x165uu2026-04-21-18-29-31-2434496.jpg","keywords":["_desporto","_entretenimento","_Lisboa","_patinagem","_pessoas","_televis\u00e3o"],"articleSection":["Celebridades","Entretenimento"],"inLanguage":"pt-PT"},{"@type":"WebPage","@id":"https:\/\/portaltela.pt\/noticias\/2026\/05\/01\/antonio-caldeira-diz-que-precisa-aprender-a-andar-de-patins\/","url":"https:\/\/portaltela.pt\/noticias\/2026\/05\/01\/antonio-caldeira-diz-que-precisa-aprender-a-andar-de-patins\/","name":"Ant\u00f3nio Caldeira diz que precisa aprender a andar de patins - Portal Tela Portugal","isPartOf":{"@id":"https:\/\/portaltela.pt\/#website"},"primaryImageOfPage":{"@id":"https:\/\/portaltela.pt\/noticias\/2026\/05\/01\/antonio-caldeira-diz-que-precisa-aprender-a-andar-de-patins\/#primaryimage"},"image":{"@id":"https:\/\/portaltela.pt\/noticias\/2026\/05\/01\/antonio-caldeira-diz-que-precisa-aprender-a-andar-de-patins\/#primaryimage"},"thumbnailUrl":"https:\/\/portaltela.pt\/s.01k8rhncp4jt1\/2026\/05\/img_293x165uu2026-04-21-18-29-31-2434496.jpg","datePublished":"2026-05-01T08:47:53+00:00","author":{"@id":"https:\/\/portaltela.pt\/#\/schema\/person\/c4278d4a6028830caff9ee44b42d32ed"},"breadcrumb":{"@id":"https:\/\/portaltela.pt\/noticias\/2026\/05\/01\/antonio-caldeira-diz-que-precisa-aprender-a-andar-de-patins\/#breadcrumb"},"inLanguage":"pt-PT","potentialAction":[{"@type":"ReadAction","target":["https:\/\/portaltela.pt\/noticias\/2026\/05\/01\/antonio-caldeira-diz-que-precisa-aprender-a-andar-de-patins\/"]}]},{"@type":"ImageObject","inLanguage":"pt-PT","@id":"https:\/\/portaltela.pt\/noticias\/2026\/05\/01\/antonio-caldeira-diz-que-precisa-aprender-a-andar-de-patins\/#primaryimage","url":"https:\/\/portaltela.pt\/s.01k8rhncp4jt1\/2026\/05\/img_293x165uu2026-04-21-18-29-31-2434496.jpg","contentUrl":"https:\/\/portaltela.pt\/s.01k8rhncp4jt1\/2026\/05\/img_293x165uu2026-04-21-18-29-31-2434496.jpg","width":796,"height":448,"caption":"Ant\u00f3nio Caldeira: \u00abTenho de aprender a andar de patins\u2026\u00bb"},{"@type":"BreadcrumbList","@id":"https:\/\/portaltela.pt\/noticias\/2026\/05\/01\/antonio-caldeira-diz-que-precisa-aprender-a-andar-de-patins\/#breadcrumb","itemListElement":[{"@type":"ListItem","position":1,"name":"In\u00edcio","item":"https:\/\/portaltela.pt\/"},{"@type":"ListItem","position":2,"name":"Ant\u00f3nio Caldeira diz que precisa aprender a andar de patins"}]},{"@type":"WebSite","@id":"https:\/\/portaltela.pt\/#website","url":"https:\/\/portaltela.pt\/","name":"Portal Tela Portugal","description":"","potentialAction":[{"@type":"SearchAction","target":{"@type":"EntryPoint","urlTemplate":"https:\/\/portaltela.pt\/?s={search_term_string}"},"query-input":{"@type":"PropertyValueSpecification","valueRequired":true,"valueName":"search_term_string"}}],"inLanguage":"pt-PT"},{"@type":"Person","@id":"https:\/\/portaltela.pt\/#\/schema\/person\/c4278d4a6028830caff9ee44b42d32ed","name":"Telinha","image":{"@type":"ImageObject","inLanguage":"pt-PT","@id":"https:\/\/portaltela.pt\/s.01k8rhncp4jt1\/2025\/11\/talking-bot-125x125.png","url":"https:\/\/portaltela.pt\/s.01k8rhncp4jt1\/2025\/11\/talking-bot-125x125.png","contentUrl":"https:\/\/portaltela.pt\/s.01k8rhncp4jt1\/2025\/11\/talking-bot-125x125.png","caption":"Telinha"},"sameAs":["https:\/\/portaltela.pt\/"],"url":"https:\/\/portaltela.pt\/por\/367410592786\/"}]}},"_links":{"self":[{"href":"https:\/\/portaltela.pt\/api\/wp\/v2\/posts\/463541","targetHints":{"allow":["GET"]}}],"collection":[{"href":"https:\/\/portaltela.pt\/api\/wp\/v2\/posts"}],"about":[{"href":"https:\/\/portaltela.pt\/api\/wp\/v2\/types\/post"}],"author":[{"embeddable":true,"href":"https:\/\/portaltela.pt\/api\/wp\/v2\/users\/2"}],"replies":[{"embeddable":true,"href":"https:\/\/portaltela.pt\/api\/wp\/v2\/comments?post=463541"}],"version-history":[{"count":0,"href":"https:\/\/portaltela.pt\/api\/wp\/v2\/posts\/463541\/revisions"}],"wp:featuredmedia":[{"embeddable":true,"href":"https:\/\/portaltela.pt\/api\/wp\/v2\/media\/463544"}],"wp:attachment":[{"href":"https:\/\/portaltela.pt\/api\/wp\/v2\/media?parent=463541"}],"wp:term":[{"taxonomy":"category","embeddable":true,"href":"https:\/\/portaltela.pt\/api\/wp\/v2\/categories?post=463541"},{"taxonomy":"post_tag","embeddable":true,"href":"https:\/\/portaltela.pt\/api\/wp\/v2\/tags?post=463541"}],"curies":[{"name":"wp","href":"https:\/\/api.w.org\/{rel}","templated":true}]}}