{"id":463534,"date":"2026-05-01T05:33:07","date_gmt":"2026-05-01T08:33:07","guid":{"rendered":"https:\/\/portaltela.pt\/noticias\/2026\/05\/01\/bruno-savate-enfrentara-ruben-boa-nova-num-combate\/"},"modified":"2026-05-01T05:33:07","modified_gmt":"2026-05-01T08:33:07","slug":"bruno-savate-enfrentara-ruben-boa-nova-num-combate","status":"publish","type":"post","link":"https:\/\/portaltela.pt\/entretenimento\/2026\/05\/01\/bruno-savate-enfrentara-ruben-boa-nova-num-combate\/","title":{"rendered":"Bruno Savate enfrentar\u00e1 Ruben Boa Nova num combate"},"content":{"rendered":"<p>Bruno Savate vai ser o advers\u00e1rio de Ruben Boa Nova num combate ainda por confirmar data e local. A not\u00edcia foi anunciada pelos servi\u00e7os de divulga\u00e7\u00e3o do evento desportivo da regi\u00e3o.<\/p>\n<p>Savate participou no programa Noite com as Estrelas, onde, segundo a produ\u00e7\u00e3o, n\u00e3o alimentou qualquer animosidade com o ex-concorrente de reality show. A declara\u00e7\u00e3o \u00e9 apresentada como uma posi\u00e7\u00e3o de fair play entre os atletas.<\/p>\n<p>A confirma\u00e7\u00e3o de quem organiza o evento e o contexto temporal ainda n\u00e3o foi disponibilizada pela equipa de comunica\u00e7\u00e3o. N\u00e3o foram avan\u00e7ados outros detalhes sobre o enquadramento do combate ou poss\u00edveis transmiss\u00f5es.<\/p>\n<p>Ruben Boa Nova e Bruno Savate mant\u00eam o foco no duelo desportivo, sem indicativos de mudan\u00e7as ou controv\u00e9rsias p\u00fablicas associadas ao encontro. A factualidade permanece centrada na continuidade da prepara\u00e7\u00e3o dos atletas.<\/p>\n","protected":false},"excerpt":{"rendered":"<ul>\n<li>Bruno Savate vai lutar contra Ruben Boa Nova em breve.<\/li>\n<li>Savate revelou \u201cn\u00e3o ter nada contra\u201d o ex-concorrente de reality show.<\/li>\n<li>a declara\u00e7\u00e3o foi feita durante a participa\u00e7\u00e3o no programa Noite com as Estrelas.<\/li>\n<li>o combate entre os dois est\u00e1 a gerar interesse entre f\u00e3s e seguidores.<\/li>\n<\/ul>\n","protected":false},"author":2,"featured_media":463536,"comment_status":"closed","ping_status":"closed","sticky":false,"template":"","format":"standard","meta":{"footnotes":""},"categories":[6675,12],"tags":[7902,8547,8276,5341],"class_list":["post-463534","post","type-post","status-publish","format-standard","has-post-thumbnail","hentry","category-celebridades","category-entretenimento","tag-_desporto","tag-_desporto-federado","tag-_pessoas","tag-fair-play"],"yoast_head":"<!-- This site is optimized with the Yoast SEO plugin v27.2 - https:\/\/yoast.com\/product\/yoast-seo-wordpress\/ -->\n<title>Bruno Savate enfrentar\u00e1 Ruben Boa Nova num combate - Portal Tela Portugal<\/title>\n<meta name=\"robots\" content=\"index, follow, max-snippet:-1, max-image-preview:large, max-video-preview:-1\" \/>\n<meta property=\"og:locale\" content=\"pt_PT\" \/>\n<meta property=\"og:type\" content=\"article\" \/>\n<meta property=\"og:title\" content=\"Bruno Savate enfrentar\u00e1 Ruben Boa Nova num combate - Portal Tela Portugal\" \/>\n<meta property=\"og:description\" content=\"Bruno Savate vai lutar contra Ruben Boa Nova em breve. Savate revelou \u201cn\u00e3o ter nada contra\u201d o ex-concorrente de reality show. a declara\u00e7\u00e3o foi feita durante a participa\u00e7\u00e3o no programa Noite com as Estrelas. o combate entre os dois est\u00e1 a gerar interesse entre f\u00e3s e seguidores.\" \/>\n<meta property=\"og:url\" content=\"https:\/\/portaltela.pt\/noticias\/2026\/05\/01\/bruno-savate-enfrentara-ruben-boa-nova-num-combate\/\" \/>\n<meta property=\"og:site_name\" content=\"Portal Tela Portugal\" \/>\n<meta property=\"article:published_time\" content=\"2026-05-01T08:33:07+00:00\" \/>\n<meta name=\"author\" content=\"Telinha\" \/>\n<meta name=\"twitter:card\" content=\"summary_large_image\" \/>\n<meta name=\"twitter:label1\" content=\"Escrito por\" \/>\n\t<meta name=\"twitter:data1\" content=\"Telinha\" \/>\n\t<meta name=\"twitter:label2\" content=\"Tempo estimado de leitura\" \/>\n\t<meta name=\"twitter:data2\" content=\"1 minuto\" \/>\n<script type=\"application\/ld+json\" class=\"yoast-schema-graph\">{\"@context\":\"https:\/\/schema.org\",\"@graph\":[{\"@type\":\"Article\",\"@id\":\"https:\/\/portaltela.pt\/noticias\/2026\/05\/01\/bruno-savate-enfrentara-ruben-boa-nova-num-combate\/#article\",\"isPartOf\":{\"@id\":\"https:\/\/portaltela.pt\/noticias\/2026\/05\/01\/bruno-savate-enfrentara-ruben-boa-nova-num-combate\/\"},\"author\":{\"name\":\"Telinha\",\"@id\":\"https:\/\/portaltela.pt\/#\/schema\/person\/c4278d4a6028830caff9ee44b42d32ed\"},\"headline\":\"Bruno Savate enfrentar\u00e1 Ruben Boa Nova num combate\",\"datePublished\":\"2026-05-01T08:33:07+00:00\",\"mainEntityOfPage\":{\"@id\":\"https:\/\/portaltela.pt\/noticias\/2026\/05\/01\/bruno-savate-enfrentara-ruben-boa-nova-num-combate\/\"},\"wordCount\":158,\"image\":{\"@id\":\"https:\/\/portaltela.pt\/noticias\/2026\/05\/01\/bruno-savate-enfrentara-ruben-boa-nova-num-combate\/#primaryimage\"},\"thumbnailUrl\":\"https:\/\/portaltela.pt\/s.01k8rhncp4jt1\/2026\/05\/img_1280x722uu2026-05-01-09-24-05-2282166.jpg\",\"keywords\":[\"_desporto\",\"_desporto federado\",\"_pessoas\",\"Fair Play\"],\"articleSection\":[\"Celebridades\",\"Entretenimento\"],\"inLanguage\":\"pt-PT\"},{\"@type\":\"WebPage\",\"@id\":\"https:\/\/portaltela.pt\/noticias\/2026\/05\/01\/bruno-savate-enfrentara-ruben-boa-nova-num-combate\/\",\"url\":\"https:\/\/portaltela.pt\/noticias\/2026\/05\/01\/bruno-savate-enfrentara-ruben-boa-nova-num-combate\/\",\"name\":\"Bruno Savate enfrentar\u00e1 Ruben Boa Nova num combate - Portal Tela Portugal\",\"isPartOf\":{\"@id\":\"https:\/\/portaltela.pt\/#website\"},\"primaryImageOfPage\":{\"@id\":\"https:\/\/portaltela.pt\/noticias\/2026\/05\/01\/bruno-savate-enfrentara-ruben-boa-nova-num-combate\/#primaryimage\"},\"image\":{\"@id\":\"https:\/\/portaltela.pt\/noticias\/2026\/05\/01\/bruno-savate-enfrentara-ruben-boa-nova-num-combate\/#primaryimage\"},\"thumbnailUrl\":\"https:\/\/portaltela.pt\/s.01k8rhncp4jt1\/2026\/05\/img_1280x722uu2026-05-01-09-24-05-2282166.jpg\",\"datePublished\":\"2026-05-01T08:33:07+00:00\",\"author\":{\"@id\":\"https:\/\/portaltela.pt\/#\/schema\/person\/c4278d4a6028830caff9ee44b42d32ed\"},\"breadcrumb\":{\"@id\":\"https:\/\/portaltela.pt\/noticias\/2026\/05\/01\/bruno-savate-enfrentara-ruben-boa-nova-num-combate\/#breadcrumb\"},\"inLanguage\":\"pt-PT\",\"potentialAction\":[{\"@type\":\"ReadAction\",\"target\":[\"https:\/\/portaltela.pt\/noticias\/2026\/05\/01\/bruno-savate-enfrentara-ruben-boa-nova-num-combate\/\"]}]},{\"@type\":\"ImageObject\",\"inLanguage\":\"pt-PT\",\"@id\":\"https:\/\/portaltela.pt\/noticias\/2026\/05\/01\/bruno-savate-enfrentara-ruben-boa-nova-num-combate\/#primaryimage\",\"url\":\"https:\/\/portaltela.pt\/s.01k8rhncp4jt1\/2026\/05\/img_1280x722uu2026-05-01-09-24-05-2282166.jpg\",\"contentUrl\":\"https:\/\/portaltela.pt\/s.01k8rhncp4jt1\/2026\/05\/img_1280x722uu2026-05-01-09-24-05-2282166.jpg\",\"width\":796,\"height\":448,\"caption\":\"Bruno Savate vai estar em combate com Ruben Boa Nova\"},{\"@type\":\"BreadcrumbList\",\"@id\":\"https:\/\/portaltela.pt\/noticias\/2026\/05\/01\/bruno-savate-enfrentara-ruben-boa-nova-num-combate\/#breadcrumb\",\"itemListElement\":[{\"@type\":\"ListItem\",\"position\":1,\"name\":\"In\u00edcio\",\"item\":\"https:\/\/portaltela.pt\/\"},{\"@type\":\"ListItem\",\"position\":2,\"name\":\"Bruno Savate enfrentar\u00e1 Ruben Boa Nova num combate\"}]},{\"@type\":\"WebSite\",\"@id\":\"https:\/\/portaltela.pt\/#website\",\"url\":\"https:\/\/portaltela.pt\/\",\"name\":\"Portal Tela Portugal\",\"description\":\"\",\"potentialAction\":[{\"@type\":\"SearchAction\",\"target\":{\"@type\":\"EntryPoint\",\"urlTemplate\":\"https:\/\/portaltela.pt\/?s={search_term_string}\"},\"query-input\":{\"@type\":\"PropertyValueSpecification\",\"valueRequired\":true,\"valueName\":\"search_term_string\"}}],\"inLanguage\":\"pt-PT\"},{\"@type\":\"Person\",\"@id\":\"https:\/\/portaltela.pt\/#\/schema\/person\/c4278d4a6028830caff9ee44b42d32ed\",\"name\":\"Telinha\",\"image\":{\"@type\":\"ImageObject\",\"inLanguage\":\"pt-PT\",\"@id\":\"https:\/\/portaltela.pt\/s.01k8rhncp4jt1\/2025\/11\/talking-bot-125x125.png\",\"url\":\"https:\/\/portaltela.pt\/s.01k8rhncp4jt1\/2025\/11\/talking-bot-125x125.png\",\"contentUrl\":\"https:\/\/portaltela.pt\/s.01k8rhncp4jt1\/2025\/11\/talking-bot-125x125.png\",\"caption\":\"Telinha\"},\"sameAs\":[\"https:\/\/portaltela.pt\/\"],\"url\":\"https:\/\/portaltela.pt\/por\/367410592786\/\"}]}<\/script>\n<!-- \/ Yoast SEO plugin. -->","yoast_head_json":{"title":"Bruno Savate enfrentar\u00e1 Ruben Boa Nova num combate - Portal Tela Portugal","robots":{"index":"index","follow":"follow","max-snippet":"max-snippet:-1","max-image-preview":"max-image-preview:large","max-video-preview":"max-video-preview:-1"},"og_locale":"pt_PT","og_type":"article","og_title":"Bruno Savate enfrentar\u00e1 Ruben Boa Nova num combate - Portal Tela Portugal","og_description":"Bruno Savate vai lutar contra Ruben Boa Nova em breve. Savate revelou \u201cn\u00e3o ter nada contra\u201d o ex-concorrente de reality show. a declara\u00e7\u00e3o foi feita durante a participa\u00e7\u00e3o no programa Noite com as Estrelas. o combate entre os dois est\u00e1 a gerar interesse entre f\u00e3s e seguidores.","og_url":"https:\/\/portaltela.pt\/noticias\/2026\/05\/01\/bruno-savate-enfrentara-ruben-boa-nova-num-combate\/","og_site_name":"Portal Tela Portugal","article_published_time":"2026-05-01T08:33:07+00:00","author":"Telinha","twitter_card":"summary_large_image","twitter_misc":{"Escrito por":"Telinha","Tempo estimado de leitura":"1 minuto"},"schema":{"@context":"https:\/\/schema.org","@graph":[{"@type":"Article","@id":"https:\/\/portaltela.pt\/noticias\/2026\/05\/01\/bruno-savate-enfrentara-ruben-boa-nova-num-combate\/#article","isPartOf":{"@id":"https:\/\/portaltela.pt\/noticias\/2026\/05\/01\/bruno-savate-enfrentara-ruben-boa-nova-num-combate\/"},"author":{"name":"Telinha","@id":"https:\/\/portaltela.pt\/#\/schema\/person\/c4278d4a6028830caff9ee44b42d32ed"},"headline":"Bruno Savate enfrentar\u00e1 Ruben Boa Nova num combate","datePublished":"2026-05-01T08:33:07+00:00","mainEntityOfPage":{"@id":"https:\/\/portaltela.pt\/noticias\/2026\/05\/01\/bruno-savate-enfrentara-ruben-boa-nova-num-combate\/"},"wordCount":158,"image":{"@id":"https:\/\/portaltela.pt\/noticias\/2026\/05\/01\/bruno-savate-enfrentara-ruben-boa-nova-num-combate\/#primaryimage"},"thumbnailUrl":"https:\/\/portaltela.pt\/s.01k8rhncp4jt1\/2026\/05\/img_1280x722uu2026-05-01-09-24-05-2282166.jpg","keywords":["_desporto","_desporto federado","_pessoas","Fair Play"],"articleSection":["Celebridades","Entretenimento"],"inLanguage":"pt-PT"},{"@type":"WebPage","@id":"https:\/\/portaltela.pt\/noticias\/2026\/05\/01\/bruno-savate-enfrentara-ruben-boa-nova-num-combate\/","url":"https:\/\/portaltela.pt\/noticias\/2026\/05\/01\/bruno-savate-enfrentara-ruben-boa-nova-num-combate\/","name":"Bruno Savate enfrentar\u00e1 Ruben Boa Nova num combate - Portal Tela Portugal","isPartOf":{"@id":"https:\/\/portaltela.pt\/#website"},"primaryImageOfPage":{"@id":"https:\/\/portaltela.pt\/noticias\/2026\/05\/01\/bruno-savate-enfrentara-ruben-boa-nova-num-combate\/#primaryimage"},"image":{"@id":"https:\/\/portaltela.pt\/noticias\/2026\/05\/01\/bruno-savate-enfrentara-ruben-boa-nova-num-combate\/#primaryimage"},"thumbnailUrl":"https:\/\/portaltela.pt\/s.01k8rhncp4jt1\/2026\/05\/img_1280x722uu2026-05-01-09-24-05-2282166.jpg","datePublished":"2026-05-01T08:33:07+00:00","author":{"@id":"https:\/\/portaltela.pt\/#\/schema\/person\/c4278d4a6028830caff9ee44b42d32ed"},"breadcrumb":{"@id":"https:\/\/portaltela.pt\/noticias\/2026\/05\/01\/bruno-savate-enfrentara-ruben-boa-nova-num-combate\/#breadcrumb"},"inLanguage":"pt-PT","potentialAction":[{"@type":"ReadAction","target":["https:\/\/portaltela.pt\/noticias\/2026\/05\/01\/bruno-savate-enfrentara-ruben-boa-nova-num-combate\/"]}]},{"@type":"ImageObject","inLanguage":"pt-PT","@id":"https:\/\/portaltela.pt\/noticias\/2026\/05\/01\/bruno-savate-enfrentara-ruben-boa-nova-num-combate\/#primaryimage","url":"https:\/\/portaltela.pt\/s.01k8rhncp4jt1\/2026\/05\/img_1280x722uu2026-05-01-09-24-05-2282166.jpg","contentUrl":"https:\/\/portaltela.pt\/s.01k8rhncp4jt1\/2026\/05\/img_1280x722uu2026-05-01-09-24-05-2282166.jpg","width":796,"height":448,"caption":"Bruno Savate vai estar em combate com Ruben Boa Nova"},{"@type":"BreadcrumbList","@id":"https:\/\/portaltela.pt\/noticias\/2026\/05\/01\/bruno-savate-enfrentara-ruben-boa-nova-num-combate\/#breadcrumb","itemListElement":[{"@type":"ListItem","position":1,"name":"In\u00edcio","item":"https:\/\/portaltela.pt\/"},{"@type":"ListItem","position":2,"name":"Bruno Savate enfrentar\u00e1 Ruben Boa Nova num combate"}]},{"@type":"WebSite","@id":"https:\/\/portaltela.pt\/#website","url":"https:\/\/portaltela.pt\/","name":"Portal Tela Portugal","description":"","potentialAction":[{"@type":"SearchAction","target":{"@type":"EntryPoint","urlTemplate":"https:\/\/portaltela.pt\/?s={search_term_string}"},"query-input":{"@type":"PropertyValueSpecification","valueRequired":true,"valueName":"search_term_string"}}],"inLanguage":"pt-PT"},{"@type":"Person","@id":"https:\/\/portaltela.pt\/#\/schema\/person\/c4278d4a6028830caff9ee44b42d32ed","name":"Telinha","image":{"@type":"ImageObject","inLanguage":"pt-PT","@id":"https:\/\/portaltela.pt\/s.01k8rhncp4jt1\/2025\/11\/talking-bot-125x125.png","url":"https:\/\/portaltela.pt\/s.01k8rhncp4jt1\/2025\/11\/talking-bot-125x125.png","contentUrl":"https:\/\/portaltela.pt\/s.01k8rhncp4jt1\/2025\/11\/talking-bot-125x125.png","caption":"Telinha"},"sameAs":["https:\/\/portaltela.pt\/"],"url":"https:\/\/portaltela.pt\/por\/367410592786\/"}]}},"_links":{"self":[{"href":"https:\/\/portaltela.pt\/api\/wp\/v2\/posts\/463534","targetHints":{"allow":["GET"]}}],"collection":[{"href":"https:\/\/portaltela.pt\/api\/wp\/v2\/posts"}],"about":[{"href":"https:\/\/portaltela.pt\/api\/wp\/v2\/types\/post"}],"author":[{"embeddable":true,"href":"https:\/\/portaltela.pt\/api\/wp\/v2\/users\/2"}],"replies":[{"embeddable":true,"href":"https:\/\/portaltela.pt\/api\/wp\/v2\/comments?post=463534"}],"version-history":[{"count":0,"href":"https:\/\/portaltela.pt\/api\/wp\/v2\/posts\/463534\/revisions"}],"wp:featuredmedia":[{"embeddable":true,"href":"https:\/\/portaltela.pt\/api\/wp\/v2\/media\/463536"}],"wp:attachment":[{"href":"https:\/\/portaltela.pt\/api\/wp\/v2\/media?parent=463534"}],"wp:term":[{"taxonomy":"category","embeddable":true,"href":"https:\/\/portaltela.pt\/api\/wp\/v2\/categories?post=463534"},{"taxonomy":"post_tag","embeddable":true,"href":"https:\/\/portaltela.pt\/api\/wp\/v2\/tags?post=463534"}],"curies":[{"name":"wp","href":"https:\/\/api.w.org\/{rel}","templated":true}]}}