{"id":463516,"date":"2026-05-01T05:17:55","date_gmt":"2026-05-01T08:17:55","guid":{"rendered":"https:\/\/portaltela.pt\/noticias\/2026\/05\/01\/antony-afirma-que-ronaldo-mostrou-o-fisico-e-questionou-se-parecia-ter-23-anos\/"},"modified":"2026-05-01T05:17:55","modified_gmt":"2026-05-01T08:17:55","slug":"antony-afirma-que-ronaldo-mostrou-o-fisico-e-questionou-se-parecia-ter-23-anos","status":"publish","type":"post","link":"https:\/\/portaltela.pt\/desporto\/futebol\/2026\/05\/01\/antony-afirma-que-ronaldo-mostrou-o-fisico-e-questionou-se-parecia-ter-23-anos\/","title":{"rendered":"Antony afirma que Ronaldo mostrou o f\u00edsico e questionou se parecia ter 23 anos"},"content":{"rendered":"<p>Antony, jogador brasileiro do Betis, elogiou Cristiano Ronaldo, com quem dividiu o balne\u00e1rio do Manchester United. Em entrevista ao GloboEsporte, o extremo afirmou que o astro portugu\u00eas era uma refer\u00eancia no grupo e falava sobre temas que iam para al\u00e9m do futebol.<\/p>\n<p>O jogador salientou que Ronaldo era uma pessoa excelente e ensinava muito aos colegas. Relembrou momentos \u00e0 mesa em que o l\u00edder do plantel falava de vida, de livros e de assuntos variados fora do desporto, ajudando a descontrair e a aprender.<\/p>\n<p>Relatou ainda uma passagem numa sauna, em que Ronaldo brincou com o seu f\u00edsico e questionou se parecia ter 23 anos, causando ligeira vergonha pela aten\u00e7\u00e3o ao cuidado com a forma, mesmo perto dos 40. A hist\u00f3ria refor\u00e7a a imagem de Ronaldo como modelo de refer\u00eancia.<\/p>\n<h3>Atributos fora do campo<\/h3>\n<p>A entrevista destaca a perce\u00e7\u00e3o de Antony sobre Ronaldo como refer\u00eancia profissional para colegas de profiss\u00e3o. O relato surge num contexto em que o jogador continua ativo, mantendo visibilidade medi\u00e1tica sem coment\u00e1rios pol\u00edticos ou opinativos.<\/p>\n","protected":false},"excerpt":{"rendered":"<ul>\n<li>Antony, extremo do Betis, elogiou Cristiano Ronaldo e recordou a altura em que partilharam o balne\u00e1rio do Manchester United.<\/li>\n<li>Em entrevista ao GloboEsporte, o jogador brasileiro destacou que Ronaldo \u00e9 uma excelente pessoa e que falava de temas que n\u00e3o eram futebol.<\/li>\n<li>Contou que o portugu\u00eas abordava temas como vida, livros e outros assuntos para ajudar a descontrair, antes de treinar.<\/li>\n<li>Numa sauna, Ronaldo atreveu-se a mostrar o f\u00edsico e perguntou se parecia ter 23 anos, o que deixou Antony envergonhado pela longevidade de Cristiano.<\/li>\n<li>Antony considerou Ronaldo uma refer\u00eancia e frisou o cuidado e o exemplo que ele transmite, mesmo perto dos 40 anos.<\/li>\n<\/ul>\n","protected":false},"author":2,"featured_media":463520,"comment_status":"closed","ping_status":"closed","sticky":false,"template":"","format":"standard","meta":{"footnotes":""},"categories":[21,24],"tags":[1947,152,32,6802,40,5661],"class_list":["post-463516","post","type-post","status-publish","format-standard","has-post-thumbnail","hentry","category-desporto","category-futebol","tag-cristiano-ronaldo","tag-desporto","tag-futebol","tag-lideranca","tag-pessoas","tag-pessoas-publicas"],"yoast_head":"<!-- This site is optimized with the Yoast SEO plugin v27.2 - https:\/\/yoast.com\/product\/yoast-seo-wordpress\/ -->\n<title>Antony afirma que Ronaldo mostrou o f\u00edsico e questionou se parecia ter 23 anos - Portal Tela Portugal<\/title>\n<meta name=\"robots\" content=\"index, follow, max-snippet:-1, max-image-preview:large, max-video-preview:-1\" \/>\n<meta property=\"og:locale\" content=\"pt_PT\" \/>\n<meta property=\"og:type\" content=\"article\" \/>\n<meta property=\"og:title\" content=\"Antony afirma que Ronaldo mostrou o f\u00edsico e questionou se parecia ter 23 anos - Portal Tela Portugal\" \/>\n<meta property=\"og:description\" content=\"Antony, extremo do Betis, elogiou Cristiano Ronaldo e recordou a altura em que partilharam o balne\u00e1rio do Manchester United. Em entrevista ao GloboEsporte, o jogador brasileiro destacou que Ronaldo \u00e9 uma excelente pessoa e que falava de temas que n\u00e3o eram futebol. Contou que o portugu\u00eas abordava temas como vida, livros e outros assuntos para ajudar a descontrair, antes de treinar. Numa sauna, Ronaldo atreveu-se a mostrar o f\u00edsico e perguntou se parecia ter 23 anos, o que deixou Antony envergonhado pela longevidade de Cristiano. Antony considerou Ronaldo uma refer\u00eancia e frisou o cuidado e o exemplo que ele transmite, mesmo perto dos 40 anos.\" \/>\n<meta property=\"og:url\" content=\"https:\/\/portaltela.pt\/noticias\/2026\/05\/01\/antony-afirma-que-ronaldo-mostrou-o-fisico-e-questionou-se-parecia-ter-23-anos\/\" \/>\n<meta property=\"og:site_name\" content=\"Portal Tela Portugal\" \/>\n<meta property=\"article:published_time\" content=\"2026-05-01T08:17:55+00:00\" \/>\n<meta name=\"author\" content=\"Telinha\" \/>\n<meta name=\"twitter:card\" content=\"summary_large_image\" \/>\n<meta name=\"twitter:label1\" content=\"Escrito por\" \/>\n\t<meta name=\"twitter:data1\" content=\"Telinha\" \/>\n\t<meta name=\"twitter:label2\" content=\"Tempo estimado de leitura\" \/>\n\t<meta name=\"twitter:data2\" content=\"1 minuto\" \/>\n<script type=\"application\/ld+json\" class=\"yoast-schema-graph\">{\"@context\":\"https:\/\/schema.org\",\"@graph\":[{\"@type\":\"Article\",\"@id\":\"https:\/\/portaltela.pt\/noticias\/2026\/05\/01\/antony-afirma-que-ronaldo-mostrou-o-fisico-e-questionou-se-parecia-ter-23-anos\/#article\",\"isPartOf\":{\"@id\":\"https:\/\/portaltela.pt\/noticias\/2026\/05\/01\/antony-afirma-que-ronaldo-mostrou-o-fisico-e-questionou-se-parecia-ter-23-anos\/\"},\"author\":{\"name\":\"Telinha\",\"@id\":\"https:\/\/portaltela.pt\/#\/schema\/person\/c4278d4a6028830caff9ee44b42d32ed\"},\"headline\":\"Antony afirma que Ronaldo mostrou o f\u00edsico e questionou se parecia ter 23 anos\",\"datePublished\":\"2026-05-01T08:17:55+00:00\",\"mainEntityOfPage\":{\"@id\":\"https:\/\/portaltela.pt\/noticias\/2026\/05\/01\/antony-afirma-que-ronaldo-mostrou-o-fisico-e-questionou-se-parecia-ter-23-anos\/\"},\"wordCount\":196,\"image\":{\"@id\":\"https:\/\/portaltela.pt\/noticias\/2026\/05\/01\/antony-afirma-que-ronaldo-mostrou-o-fisico-e-questionou-se-parecia-ter-23-anos\/#primaryimage\"},\"thumbnailUrl\":\"https:\/\/portaltela.pt\/s.01k8rhncp4jt1\/2026\/05\/img_920x518uu2026-05-01-09-01-25-2436228.jpg\",\"keywords\":[\"Cristiano Ronaldo\",\"desporto\",\"futebol\",\"lideran\u00e7a\",\"pessoas\",\"pessoas p\u00fablicas\"],\"articleSection\":[\"Desporto\",\"Futebol\"],\"inLanguage\":\"pt-PT\"},{\"@type\":\"WebPage\",\"@id\":\"https:\/\/portaltela.pt\/noticias\/2026\/05\/01\/antony-afirma-que-ronaldo-mostrou-o-fisico-e-questionou-se-parecia-ter-23-anos\/\",\"url\":\"https:\/\/portaltela.pt\/noticias\/2026\/05\/01\/antony-afirma-que-ronaldo-mostrou-o-fisico-e-questionou-se-parecia-ter-23-anos\/\",\"name\":\"Antony afirma que Ronaldo mostrou o f\u00edsico e questionou se parecia ter 23 anos - Portal Tela Portugal\",\"isPartOf\":{\"@id\":\"https:\/\/portaltela.pt\/#website\"},\"primaryImageOfPage\":{\"@id\":\"https:\/\/portaltela.pt\/noticias\/2026\/05\/01\/antony-afirma-que-ronaldo-mostrou-o-fisico-e-questionou-se-parecia-ter-23-anos\/#primaryimage\"},\"image\":{\"@id\":\"https:\/\/portaltela.pt\/noticias\/2026\/05\/01\/antony-afirma-que-ronaldo-mostrou-o-fisico-e-questionou-se-parecia-ter-23-anos\/#primaryimage\"},\"thumbnailUrl\":\"https:\/\/portaltela.pt\/s.01k8rhncp4jt1\/2026\/05\/img_920x518uu2026-05-01-09-01-25-2436228.jpg\",\"datePublished\":\"2026-05-01T08:17:55+00:00\",\"author\":{\"@id\":\"https:\/\/portaltela.pt\/#\/schema\/person\/c4278d4a6028830caff9ee44b42d32ed\"},\"breadcrumb\":{\"@id\":\"https:\/\/portaltela.pt\/noticias\/2026\/05\/01\/antony-afirma-que-ronaldo-mostrou-o-fisico-e-questionou-se-parecia-ter-23-anos\/#breadcrumb\"},\"inLanguage\":\"pt-PT\",\"potentialAction\":[{\"@type\":\"ReadAction\",\"target\":[\"https:\/\/portaltela.pt\/noticias\/2026\/05\/01\/antony-afirma-que-ronaldo-mostrou-o-fisico-e-questionou-se-parecia-ter-23-anos\/\"]}]},{\"@type\":\"ImageObject\",\"inLanguage\":\"pt-PT\",\"@id\":\"https:\/\/portaltela.pt\/noticias\/2026\/05\/01\/antony-afirma-que-ronaldo-mostrou-o-fisico-e-questionou-se-parecia-ter-23-anos\/#primaryimage\",\"url\":\"https:\/\/portaltela.pt\/s.01k8rhncp4jt1\/2026\/05\/img_920x518uu2026-05-01-09-01-25-2436228.jpg\",\"contentUrl\":\"https:\/\/portaltela.pt\/s.01k8rhncp4jt1\/2026\/05\/img_920x518uu2026-05-01-09-01-25-2436228.jpg\",\"width\":796,\"height\":448,\"caption\":\"Cristiano Ronaldo e Antony\"},{\"@type\":\"BreadcrumbList\",\"@id\":\"https:\/\/portaltela.pt\/noticias\/2026\/05\/01\/antony-afirma-que-ronaldo-mostrou-o-fisico-e-questionou-se-parecia-ter-23-anos\/#breadcrumb\",\"itemListElement\":[{\"@type\":\"ListItem\",\"position\":1,\"name\":\"In\u00edcio\",\"item\":\"https:\/\/portaltela.pt\/\"},{\"@type\":\"ListItem\",\"position\":2,\"name\":\"Antony afirma que Ronaldo mostrou o f\u00edsico e questionou se parecia ter 23 anos\"}]},{\"@type\":\"WebSite\",\"@id\":\"https:\/\/portaltela.pt\/#website\",\"url\":\"https:\/\/portaltela.pt\/\",\"name\":\"Portal Tela Portugal\",\"description\":\"\",\"potentialAction\":[{\"@type\":\"SearchAction\",\"target\":{\"@type\":\"EntryPoint\",\"urlTemplate\":\"https:\/\/portaltela.pt\/?s={search_term_string}\"},\"query-input\":{\"@type\":\"PropertyValueSpecification\",\"valueRequired\":true,\"valueName\":\"search_term_string\"}}],\"inLanguage\":\"pt-PT\"},{\"@type\":\"Person\",\"@id\":\"https:\/\/portaltela.pt\/#\/schema\/person\/c4278d4a6028830caff9ee44b42d32ed\",\"name\":\"Telinha\",\"image\":{\"@type\":\"ImageObject\",\"inLanguage\":\"pt-PT\",\"@id\":\"https:\/\/portaltela.pt\/s.01k8rhncp4jt1\/2025\/11\/talking-bot-125x125.png\",\"url\":\"https:\/\/portaltela.pt\/s.01k8rhncp4jt1\/2025\/11\/talking-bot-125x125.png\",\"contentUrl\":\"https:\/\/portaltela.pt\/s.01k8rhncp4jt1\/2025\/11\/talking-bot-125x125.png\",\"caption\":\"Telinha\"},\"sameAs\":[\"https:\/\/portaltela.pt\/\"],\"url\":\"https:\/\/portaltela.pt\/por\/367410592786\/\"}]}<\/script>\n<!-- \/ Yoast SEO plugin. -->","yoast_head_json":{"title":"Antony afirma que Ronaldo mostrou o f\u00edsico e questionou se parecia ter 23 anos - Portal Tela Portugal","robots":{"index":"index","follow":"follow","max-snippet":"max-snippet:-1","max-image-preview":"max-image-preview:large","max-video-preview":"max-video-preview:-1"},"og_locale":"pt_PT","og_type":"article","og_title":"Antony afirma que Ronaldo mostrou o f\u00edsico e questionou se parecia ter 23 anos - Portal Tela Portugal","og_description":"Antony, extremo do Betis, elogiou Cristiano Ronaldo e recordou a altura em que partilharam o balne\u00e1rio do Manchester United. Em entrevista ao GloboEsporte, o jogador brasileiro destacou que Ronaldo \u00e9 uma excelente pessoa e que falava de temas que n\u00e3o eram futebol. Contou que o portugu\u00eas abordava temas como vida, livros e outros assuntos para ajudar a descontrair, antes de treinar. Numa sauna, Ronaldo atreveu-se a mostrar o f\u00edsico e perguntou se parecia ter 23 anos, o que deixou Antony envergonhado pela longevidade de Cristiano. Antony considerou Ronaldo uma refer\u00eancia e frisou o cuidado e o exemplo que ele transmite, mesmo perto dos 40 anos.","og_url":"https:\/\/portaltela.pt\/noticias\/2026\/05\/01\/antony-afirma-que-ronaldo-mostrou-o-fisico-e-questionou-se-parecia-ter-23-anos\/","og_site_name":"Portal Tela Portugal","article_published_time":"2026-05-01T08:17:55+00:00","author":"Telinha","twitter_card":"summary_large_image","twitter_misc":{"Escrito por":"Telinha","Tempo estimado de leitura":"1 minuto"},"schema":{"@context":"https:\/\/schema.org","@graph":[{"@type":"Article","@id":"https:\/\/portaltela.pt\/noticias\/2026\/05\/01\/antony-afirma-que-ronaldo-mostrou-o-fisico-e-questionou-se-parecia-ter-23-anos\/#article","isPartOf":{"@id":"https:\/\/portaltela.pt\/noticias\/2026\/05\/01\/antony-afirma-que-ronaldo-mostrou-o-fisico-e-questionou-se-parecia-ter-23-anos\/"},"author":{"name":"Telinha","@id":"https:\/\/portaltela.pt\/#\/schema\/person\/c4278d4a6028830caff9ee44b42d32ed"},"headline":"Antony afirma que Ronaldo mostrou o f\u00edsico e questionou se parecia ter 23 anos","datePublished":"2026-05-01T08:17:55+00:00","mainEntityOfPage":{"@id":"https:\/\/portaltela.pt\/noticias\/2026\/05\/01\/antony-afirma-que-ronaldo-mostrou-o-fisico-e-questionou-se-parecia-ter-23-anos\/"},"wordCount":196,"image":{"@id":"https:\/\/portaltela.pt\/noticias\/2026\/05\/01\/antony-afirma-que-ronaldo-mostrou-o-fisico-e-questionou-se-parecia-ter-23-anos\/#primaryimage"},"thumbnailUrl":"https:\/\/portaltela.pt\/s.01k8rhncp4jt1\/2026\/05\/img_920x518uu2026-05-01-09-01-25-2436228.jpg","keywords":["Cristiano Ronaldo","desporto","futebol","lideran\u00e7a","pessoas","pessoas p\u00fablicas"],"articleSection":["Desporto","Futebol"],"inLanguage":"pt-PT"},{"@type":"WebPage","@id":"https:\/\/portaltela.pt\/noticias\/2026\/05\/01\/antony-afirma-que-ronaldo-mostrou-o-fisico-e-questionou-se-parecia-ter-23-anos\/","url":"https:\/\/portaltela.pt\/noticias\/2026\/05\/01\/antony-afirma-que-ronaldo-mostrou-o-fisico-e-questionou-se-parecia-ter-23-anos\/","name":"Antony afirma que Ronaldo mostrou o f\u00edsico e questionou se parecia ter 23 anos - Portal Tela Portugal","isPartOf":{"@id":"https:\/\/portaltela.pt\/#website"},"primaryImageOfPage":{"@id":"https:\/\/portaltela.pt\/noticias\/2026\/05\/01\/antony-afirma-que-ronaldo-mostrou-o-fisico-e-questionou-se-parecia-ter-23-anos\/#primaryimage"},"image":{"@id":"https:\/\/portaltela.pt\/noticias\/2026\/05\/01\/antony-afirma-que-ronaldo-mostrou-o-fisico-e-questionou-se-parecia-ter-23-anos\/#primaryimage"},"thumbnailUrl":"https:\/\/portaltela.pt\/s.01k8rhncp4jt1\/2026\/05\/img_920x518uu2026-05-01-09-01-25-2436228.jpg","datePublished":"2026-05-01T08:17:55+00:00","author":{"@id":"https:\/\/portaltela.pt\/#\/schema\/person\/c4278d4a6028830caff9ee44b42d32ed"},"breadcrumb":{"@id":"https:\/\/portaltela.pt\/noticias\/2026\/05\/01\/antony-afirma-que-ronaldo-mostrou-o-fisico-e-questionou-se-parecia-ter-23-anos\/#breadcrumb"},"inLanguage":"pt-PT","potentialAction":[{"@type":"ReadAction","target":["https:\/\/portaltela.pt\/noticias\/2026\/05\/01\/antony-afirma-que-ronaldo-mostrou-o-fisico-e-questionou-se-parecia-ter-23-anos\/"]}]},{"@type":"ImageObject","inLanguage":"pt-PT","@id":"https:\/\/portaltela.pt\/noticias\/2026\/05\/01\/antony-afirma-que-ronaldo-mostrou-o-fisico-e-questionou-se-parecia-ter-23-anos\/#primaryimage","url":"https:\/\/portaltela.pt\/s.01k8rhncp4jt1\/2026\/05\/img_920x518uu2026-05-01-09-01-25-2436228.jpg","contentUrl":"https:\/\/portaltela.pt\/s.01k8rhncp4jt1\/2026\/05\/img_920x518uu2026-05-01-09-01-25-2436228.jpg","width":796,"height":448,"caption":"Cristiano Ronaldo e Antony"},{"@type":"BreadcrumbList","@id":"https:\/\/portaltela.pt\/noticias\/2026\/05\/01\/antony-afirma-que-ronaldo-mostrou-o-fisico-e-questionou-se-parecia-ter-23-anos\/#breadcrumb","itemListElement":[{"@type":"ListItem","position":1,"name":"In\u00edcio","item":"https:\/\/portaltela.pt\/"},{"@type":"ListItem","position":2,"name":"Antony afirma que Ronaldo mostrou o f\u00edsico e questionou se parecia ter 23 anos"}]},{"@type":"WebSite","@id":"https:\/\/portaltela.pt\/#website","url":"https:\/\/portaltela.pt\/","name":"Portal Tela Portugal","description":"","potentialAction":[{"@type":"SearchAction","target":{"@type":"EntryPoint","urlTemplate":"https:\/\/portaltela.pt\/?s={search_term_string}"},"query-input":{"@type":"PropertyValueSpecification","valueRequired":true,"valueName":"search_term_string"}}],"inLanguage":"pt-PT"},{"@type":"Person","@id":"https:\/\/portaltela.pt\/#\/schema\/person\/c4278d4a6028830caff9ee44b42d32ed","name":"Telinha","image":{"@type":"ImageObject","inLanguage":"pt-PT","@id":"https:\/\/portaltela.pt\/s.01k8rhncp4jt1\/2025\/11\/talking-bot-125x125.png","url":"https:\/\/portaltela.pt\/s.01k8rhncp4jt1\/2025\/11\/talking-bot-125x125.png","contentUrl":"https:\/\/portaltela.pt\/s.01k8rhncp4jt1\/2025\/11\/talking-bot-125x125.png","caption":"Telinha"},"sameAs":["https:\/\/portaltela.pt\/"],"url":"https:\/\/portaltela.pt\/por\/367410592786\/"}]}},"_links":{"self":[{"href":"https:\/\/portaltela.pt\/api\/wp\/v2\/posts\/463516","targetHints":{"allow":["GET"]}}],"collection":[{"href":"https:\/\/portaltela.pt\/api\/wp\/v2\/posts"}],"about":[{"href":"https:\/\/portaltela.pt\/api\/wp\/v2\/types\/post"}],"author":[{"embeddable":true,"href":"https:\/\/portaltela.pt\/api\/wp\/v2\/users\/2"}],"replies":[{"embeddable":true,"href":"https:\/\/portaltela.pt\/api\/wp\/v2\/comments?post=463516"}],"version-history":[{"count":0,"href":"https:\/\/portaltela.pt\/api\/wp\/v2\/posts\/463516\/revisions"}],"wp:featuredmedia":[{"embeddable":true,"href":"https:\/\/portaltela.pt\/api\/wp\/v2\/media\/463520"}],"wp:attachment":[{"href":"https:\/\/portaltela.pt\/api\/wp\/v2\/media?parent=463516"}],"wp:term":[{"taxonomy":"category","embeddable":true,"href":"https:\/\/portaltela.pt\/api\/wp\/v2\/categories?post=463516"},{"taxonomy":"post_tag","embeddable":true,"href":"https:\/\/portaltela.pt\/api\/wp\/v2\/tags?post=463516"}],"curies":[{"name":"wp","href":"https:\/\/api.w.org\/{rel}","templated":true}]}}