{"id":463491,"date":"2026-05-01T05:03:06","date_gmt":"2026-05-01T08:03:06","guid":{"rendered":"https:\/\/portaltela.pt\/noticias\/2026\/05\/01\/sergio-krithinas-diz-que-alguns-jogadores-do-sporting-podiam-ter-sido-poupados\/"},"modified":"2026-05-01T05:03:06","modified_gmt":"2026-05-01T08:03:06","slug":"sergio-krithinas-diz-que-alguns-jogadores-do-sporting-podiam-ter-sido-poupados","status":"publish","type":"post","link":"https:\/\/portaltela.pt\/desporto\/futebol\/2026\/05\/01\/sergio-krithinas-diz-que-alguns-jogadores-do-sporting-podiam-ter-sido-poupados\/","title":{"rendered":"S\u00e9rgio Krithinas diz que alguns jogadores do Sporting podiam ter sido poupados"},"content":{"rendered":"<p>O Sporting CP atravessou uma temporada marcada por les\u00f5es e per\u00edodos de instabilidade, conforme an\u00e1lise de S\u00e9rgio Krithinas, diretor executivo do Record. Em entrevista exclusiva, o dirigente avaliou o desempenho da equipa treinada por Rui Borges.<\/p>\n<p>Krithinas sustenta que, para al\u00e9m das les\u00f5es, houve jogadores que poderiam ter sido poupados ao longo da \u00e9poca, o que poderia ter influenciado o rendimento global. A gest\u00e3o do plantel e a rota\u00e7\u00e3o de atletas s\u00e3o apontadas como linhas de an\u00e1lise importantes.<\/p>\n<p>O tema da prepara\u00e7\u00e3o da equipa aparece ligado \u00e0 realidade atual do Sporting, com o reconhecimento de dificuldades quanto ao n\u00edvel de exig\u00eancia enfrentado. O presidente do clube, V\u00edtor Pinto, j\u00e1 indicou que a equipa n\u00e3o estava preparada para esse patamar, sinais que, na \u00f3tica do analista, merecem aten\u00e7\u00e3o na planifica\u00e7\u00e3o futura.<\/p>\n<h3>Gest\u00e3o de plantel e les\u00f5es<\/h3>\n<p>Krithinas refor\u00e7a a necessidade de uma an\u00e1lise cuidadosa do plantel e da prepara\u00e7\u00e3o f\u00edsica para evitar les\u00f5es recorrentes e melhorar o desempenho coletivo. Segundo o dirigente, ajustes no treino e na gest\u00e3o de minutos podem ser decisivos no pr\u00f3ximo ciclo.<\/p>\n<p>A avalia\u00e7\u00e3o do respons\u00e1vel do Record incide ainda na import\u00e2ncia de evitar cargas excessivas em momentos cr\u00edticos da \u00e9poca, equacionando per\u00edodos de descanso sem comprometer o rendimento. A revis\u00e3o de processos internos surge como prioridade para 2026.<\/p>\n<h3>Olhar para o futuro<\/h3>\n<p>O caminho indicado passa por uma reestrutura\u00e7\u00e3o organizacional e por uma gest\u00e3o mais eficiente do elenco, com foco em sustentabilidade a longo prazo. O objetivo \u00e9 evitar erros do passado e promover uma temporada mais s\u00f3lida e competitiva para o Sporting.<\/p>\n","protected":false},"excerpt":{"rendered":"<ul>\n<li>S\u00e9rgio Krithinas, diretor executivo do Record, analisa a temporada do Sporting, marcada por les\u00f5es e momentos de instabilidade.<\/li>\n<li>Alega que, para al\u00e9m das les\u00f5es, alguns jogadores podiam ter sido poupados ao longo da \u00e9poca, o que poderia ter melhorado o rendimento.<\/li>\n<li>Aponta a gest\u00e3o do plantel e a rota\u00e7\u00e3o como fatores que influenciaram a performance da equipa.<\/li>\n<li>O presidente do clube, V\u00edtor Pinto, afirmou que o Sporting n\u00e3o estava preparado para o n\u00edvel de exig\u00eancia, com o colapso vis\u00edvel.<\/li>\n<li>O futuro passa por uma reestrutura\u00e7\u00e3o e por uma gest\u00e3o mais eficiente do elenco para uma temporada mais s\u00f3lida.<\/li>\n<\/ul>\n","protected":false},"author":2,"featured_media":463493,"comment_status":"closed","ping_status":"closed","sticky":false,"template":"","format":"standard","meta":{"footnotes":""},"categories":[21,24],"tags":[206,32,7120,2538,1652,2477],"class_list":["post-463491","post","type-post","status-publish","format-standard","has-post-thumbnail","hentry","category-desporto","category-futebol","tag-analise","tag-futebol","tag-gestao-desportiva","tag-lesoes","tag-sporting","tag-treinadores"],"yoast_head":"<!-- This site is optimized with the Yoast SEO plugin v27.2 - https:\/\/yoast.com\/product\/yoast-seo-wordpress\/ -->\n<title>S\u00e9rgio Krithinas diz que alguns jogadores do Sporting podiam ter sido poupados - Portal Tela Portugal<\/title>\n<meta name=\"robots\" content=\"index, follow, max-snippet:-1, max-image-preview:large, max-video-preview:-1\" \/>\n<meta property=\"og:locale\" content=\"pt_PT\" \/>\n<meta property=\"og:type\" content=\"article\" \/>\n<meta property=\"og:title\" content=\"S\u00e9rgio Krithinas diz que alguns jogadores do Sporting podiam ter sido poupados - Portal Tela Portugal\" \/>\n<meta property=\"og:description\" content=\"S\u00e9rgio Krithinas, diretor executivo do Record, analisa a temporada do Sporting, marcada por les\u00f5es e momentos de instabilidade. Alega que, para al\u00e9m das les\u00f5es, alguns jogadores podiam ter sido poupados ao longo da \u00e9poca, o que poderia ter melhorado o rendimento. Aponta a gest\u00e3o do plantel e a rota\u00e7\u00e3o como fatores que influenciaram a performance da equipa. O presidente do clube, V\u00edtor Pinto, afirmou que o Sporting n\u00e3o estava preparado para o n\u00edvel de exig\u00eancia, com o colapso vis\u00edvel. O futuro passa por uma reestrutura\u00e7\u00e3o e por uma gest\u00e3o mais eficiente do elenco para uma temporada mais s\u00f3lida.\" \/>\n<meta property=\"og:url\" content=\"https:\/\/portaltela.pt\/noticias\/2026\/05\/01\/sergio-krithinas-diz-que-alguns-jogadores-do-sporting-podiam-ter-sido-poupados\/\" \/>\n<meta property=\"og:site_name\" content=\"Portal Tela Portugal\" \/>\n<meta property=\"article:published_time\" content=\"2026-05-01T08:03:06+00:00\" \/>\n<meta name=\"author\" content=\"Telinha\" \/>\n<meta name=\"twitter:card\" content=\"summary_large_image\" \/>\n<meta name=\"twitter:label1\" content=\"Escrito por\" \/>\n\t<meta name=\"twitter:data1\" content=\"Telinha\" \/>\n\t<meta name=\"twitter:label2\" content=\"Tempo estimado de leitura\" \/>\n\t<meta name=\"twitter:data2\" content=\"1 minuto\" \/>\n<script type=\"application\/ld+json\" class=\"yoast-schema-graph\">{\"@context\":\"https:\/\/schema.org\",\"@graph\":[{\"@type\":\"Article\",\"@id\":\"https:\/\/portaltela.pt\/noticias\/2026\/05\/01\/sergio-krithinas-diz-que-alguns-jogadores-do-sporting-podiam-ter-sido-poupados\/#article\",\"isPartOf\":{\"@id\":\"https:\/\/portaltela.pt\/noticias\/2026\/05\/01\/sergio-krithinas-diz-que-alguns-jogadores-do-sporting-podiam-ter-sido-poupados\/\"},\"author\":{\"name\":\"Telinha\",\"@id\":\"https:\/\/portaltela.pt\/#\/schema\/person\/c4278d4a6028830caff9ee44b42d32ed\"},\"headline\":\"S\u00e9rgio Krithinas diz que alguns jogadores do Sporting podiam ter sido poupados\",\"datePublished\":\"2026-05-01T08:03:06+00:00\",\"mainEntityOfPage\":{\"@id\":\"https:\/\/portaltela.pt\/noticias\/2026\/05\/01\/sergio-krithinas-diz-que-alguns-jogadores-do-sporting-podiam-ter-sido-poupados\/\"},\"wordCount\":302,\"image\":{\"@id\":\"https:\/\/portaltela.pt\/noticias\/2026\/05\/01\/sergio-krithinas-diz-que-alguns-jogadores-do-sporting-podiam-ter-sido-poupados\/#primaryimage\"},\"thumbnailUrl\":\"https:\/\/portaltela.pt\/s.01k8rhncp4jt1\/2026\/05\/img_80x100uu2026-05-01-01-05-13-2436221.jpg\",\"keywords\":[\"an\u00e1lise\",\"futebol\",\"gest\u00e3o desportiva\",\"les\u00f5es\",\"Sporting\",\"treinadores\"],\"articleSection\":[\"Desporto\",\"Futebol\"],\"inLanguage\":\"pt-PT\"},{\"@type\":\"WebPage\",\"@id\":\"https:\/\/portaltela.pt\/noticias\/2026\/05\/01\/sergio-krithinas-diz-que-alguns-jogadores-do-sporting-podiam-ter-sido-poupados\/\",\"url\":\"https:\/\/portaltela.pt\/noticias\/2026\/05\/01\/sergio-krithinas-diz-que-alguns-jogadores-do-sporting-podiam-ter-sido-poupados\/\",\"name\":\"S\u00e9rgio Krithinas diz que alguns jogadores do Sporting podiam ter sido poupados - Portal Tela Portugal\",\"isPartOf\":{\"@id\":\"https:\/\/portaltela.pt\/#website\"},\"primaryImageOfPage\":{\"@id\":\"https:\/\/portaltela.pt\/noticias\/2026\/05\/01\/sergio-krithinas-diz-que-alguns-jogadores-do-sporting-podiam-ter-sido-poupados\/#primaryimage\"},\"image\":{\"@id\":\"https:\/\/portaltela.pt\/noticias\/2026\/05\/01\/sergio-krithinas-diz-que-alguns-jogadores-do-sporting-podiam-ter-sido-poupados\/#primaryimage\"},\"thumbnailUrl\":\"https:\/\/portaltela.pt\/s.01k8rhncp4jt1\/2026\/05\/img_80x100uu2026-05-01-01-05-13-2436221.jpg\",\"datePublished\":\"2026-05-01T08:03:06+00:00\",\"author\":{\"@id\":\"https:\/\/portaltela.pt\/#\/schema\/person\/c4278d4a6028830caff9ee44b42d32ed\"},\"breadcrumb\":{\"@id\":\"https:\/\/portaltela.pt\/noticias\/2026\/05\/01\/sergio-krithinas-diz-que-alguns-jogadores-do-sporting-podiam-ter-sido-poupados\/#breadcrumb\"},\"inLanguage\":\"pt-PT\",\"potentialAction\":[{\"@type\":\"ReadAction\",\"target\":[\"https:\/\/portaltela.pt\/noticias\/2026\/05\/01\/sergio-krithinas-diz-que-alguns-jogadores-do-sporting-podiam-ter-sido-poupados\/\"]}]},{\"@type\":\"ImageObject\",\"inLanguage\":\"pt-PT\",\"@id\":\"https:\/\/portaltela.pt\/noticias\/2026\/05\/01\/sergio-krithinas-diz-que-alguns-jogadores-do-sporting-podiam-ter-sido-poupados\/#primaryimage\",\"url\":\"https:\/\/portaltela.pt\/s.01k8rhncp4jt1\/2026\/05\/img_80x100uu2026-05-01-01-05-13-2436221.jpg\",\"contentUrl\":\"https:\/\/portaltela.pt\/s.01k8rhncp4jt1\/2026\/05\/img_80x100uu2026-05-01-01-05-13-2436221.jpg\",\"width\":796,\"height\":448,\"caption\":\"Diretor executivo do Record comenta quebra de rendimento da equipa de Rui Borges\"},{\"@type\":\"BreadcrumbList\",\"@id\":\"https:\/\/portaltela.pt\/noticias\/2026\/05\/01\/sergio-krithinas-diz-que-alguns-jogadores-do-sporting-podiam-ter-sido-poupados\/#breadcrumb\",\"itemListElement\":[{\"@type\":\"ListItem\",\"position\":1,\"name\":\"In\u00edcio\",\"item\":\"https:\/\/portaltela.pt\/\"},{\"@type\":\"ListItem\",\"position\":2,\"name\":\"S\u00e9rgio Krithinas diz que alguns jogadores do Sporting podiam ter sido poupados\"}]},{\"@type\":\"WebSite\",\"@id\":\"https:\/\/portaltela.pt\/#website\",\"url\":\"https:\/\/portaltela.pt\/\",\"name\":\"Portal Tela Portugal\",\"description\":\"\",\"potentialAction\":[{\"@type\":\"SearchAction\",\"target\":{\"@type\":\"EntryPoint\",\"urlTemplate\":\"https:\/\/portaltela.pt\/?s={search_term_string}\"},\"query-input\":{\"@type\":\"PropertyValueSpecification\",\"valueRequired\":true,\"valueName\":\"search_term_string\"}}],\"inLanguage\":\"pt-PT\"},{\"@type\":\"Person\",\"@id\":\"https:\/\/portaltela.pt\/#\/schema\/person\/c4278d4a6028830caff9ee44b42d32ed\",\"name\":\"Telinha\",\"image\":{\"@type\":\"ImageObject\",\"inLanguage\":\"pt-PT\",\"@id\":\"https:\/\/portaltela.pt\/s.01k8rhncp4jt1\/2025\/11\/talking-bot-125x125.png\",\"url\":\"https:\/\/portaltela.pt\/s.01k8rhncp4jt1\/2025\/11\/talking-bot-125x125.png\",\"contentUrl\":\"https:\/\/portaltela.pt\/s.01k8rhncp4jt1\/2025\/11\/talking-bot-125x125.png\",\"caption\":\"Telinha\"},\"sameAs\":[\"https:\/\/portaltela.pt\/\"],\"url\":\"https:\/\/portaltela.pt\/por\/367410592786\/\"}]}<\/script>\n<!-- \/ Yoast SEO plugin. -->","yoast_head_json":{"title":"S\u00e9rgio Krithinas diz que alguns jogadores do Sporting podiam ter sido poupados - Portal Tela Portugal","robots":{"index":"index","follow":"follow","max-snippet":"max-snippet:-1","max-image-preview":"max-image-preview:large","max-video-preview":"max-video-preview:-1"},"og_locale":"pt_PT","og_type":"article","og_title":"S\u00e9rgio Krithinas diz que alguns jogadores do Sporting podiam ter sido poupados - Portal Tela Portugal","og_description":"S\u00e9rgio Krithinas, diretor executivo do Record, analisa a temporada do Sporting, marcada por les\u00f5es e momentos de instabilidade. Alega que, para al\u00e9m das les\u00f5es, alguns jogadores podiam ter sido poupados ao longo da \u00e9poca, o que poderia ter melhorado o rendimento. Aponta a gest\u00e3o do plantel e a rota\u00e7\u00e3o como fatores que influenciaram a performance da equipa. O presidente do clube, V\u00edtor Pinto, afirmou que o Sporting n\u00e3o estava preparado para o n\u00edvel de exig\u00eancia, com o colapso vis\u00edvel. O futuro passa por uma reestrutura\u00e7\u00e3o e por uma gest\u00e3o mais eficiente do elenco para uma temporada mais s\u00f3lida.","og_url":"https:\/\/portaltela.pt\/noticias\/2026\/05\/01\/sergio-krithinas-diz-que-alguns-jogadores-do-sporting-podiam-ter-sido-poupados\/","og_site_name":"Portal Tela Portugal","article_published_time":"2026-05-01T08:03:06+00:00","author":"Telinha","twitter_card":"summary_large_image","twitter_misc":{"Escrito por":"Telinha","Tempo estimado de leitura":"1 minuto"},"schema":{"@context":"https:\/\/schema.org","@graph":[{"@type":"Article","@id":"https:\/\/portaltela.pt\/noticias\/2026\/05\/01\/sergio-krithinas-diz-que-alguns-jogadores-do-sporting-podiam-ter-sido-poupados\/#article","isPartOf":{"@id":"https:\/\/portaltela.pt\/noticias\/2026\/05\/01\/sergio-krithinas-diz-que-alguns-jogadores-do-sporting-podiam-ter-sido-poupados\/"},"author":{"name":"Telinha","@id":"https:\/\/portaltela.pt\/#\/schema\/person\/c4278d4a6028830caff9ee44b42d32ed"},"headline":"S\u00e9rgio Krithinas diz que alguns jogadores do Sporting podiam ter sido poupados","datePublished":"2026-05-01T08:03:06+00:00","mainEntityOfPage":{"@id":"https:\/\/portaltela.pt\/noticias\/2026\/05\/01\/sergio-krithinas-diz-que-alguns-jogadores-do-sporting-podiam-ter-sido-poupados\/"},"wordCount":302,"image":{"@id":"https:\/\/portaltela.pt\/noticias\/2026\/05\/01\/sergio-krithinas-diz-que-alguns-jogadores-do-sporting-podiam-ter-sido-poupados\/#primaryimage"},"thumbnailUrl":"https:\/\/portaltela.pt\/s.01k8rhncp4jt1\/2026\/05\/img_80x100uu2026-05-01-01-05-13-2436221.jpg","keywords":["an\u00e1lise","futebol","gest\u00e3o desportiva","les\u00f5es","Sporting","treinadores"],"articleSection":["Desporto","Futebol"],"inLanguage":"pt-PT"},{"@type":"WebPage","@id":"https:\/\/portaltela.pt\/noticias\/2026\/05\/01\/sergio-krithinas-diz-que-alguns-jogadores-do-sporting-podiam-ter-sido-poupados\/","url":"https:\/\/portaltela.pt\/noticias\/2026\/05\/01\/sergio-krithinas-diz-que-alguns-jogadores-do-sporting-podiam-ter-sido-poupados\/","name":"S\u00e9rgio Krithinas diz que alguns jogadores do Sporting podiam ter sido poupados - Portal Tela Portugal","isPartOf":{"@id":"https:\/\/portaltela.pt\/#website"},"primaryImageOfPage":{"@id":"https:\/\/portaltela.pt\/noticias\/2026\/05\/01\/sergio-krithinas-diz-que-alguns-jogadores-do-sporting-podiam-ter-sido-poupados\/#primaryimage"},"image":{"@id":"https:\/\/portaltela.pt\/noticias\/2026\/05\/01\/sergio-krithinas-diz-que-alguns-jogadores-do-sporting-podiam-ter-sido-poupados\/#primaryimage"},"thumbnailUrl":"https:\/\/portaltela.pt\/s.01k8rhncp4jt1\/2026\/05\/img_80x100uu2026-05-01-01-05-13-2436221.jpg","datePublished":"2026-05-01T08:03:06+00:00","author":{"@id":"https:\/\/portaltela.pt\/#\/schema\/person\/c4278d4a6028830caff9ee44b42d32ed"},"breadcrumb":{"@id":"https:\/\/portaltela.pt\/noticias\/2026\/05\/01\/sergio-krithinas-diz-que-alguns-jogadores-do-sporting-podiam-ter-sido-poupados\/#breadcrumb"},"inLanguage":"pt-PT","potentialAction":[{"@type":"ReadAction","target":["https:\/\/portaltela.pt\/noticias\/2026\/05\/01\/sergio-krithinas-diz-que-alguns-jogadores-do-sporting-podiam-ter-sido-poupados\/"]}]},{"@type":"ImageObject","inLanguage":"pt-PT","@id":"https:\/\/portaltela.pt\/noticias\/2026\/05\/01\/sergio-krithinas-diz-que-alguns-jogadores-do-sporting-podiam-ter-sido-poupados\/#primaryimage","url":"https:\/\/portaltela.pt\/s.01k8rhncp4jt1\/2026\/05\/img_80x100uu2026-05-01-01-05-13-2436221.jpg","contentUrl":"https:\/\/portaltela.pt\/s.01k8rhncp4jt1\/2026\/05\/img_80x100uu2026-05-01-01-05-13-2436221.jpg","width":796,"height":448,"caption":"Diretor executivo do Record comenta quebra de rendimento da equipa de Rui Borges"},{"@type":"BreadcrumbList","@id":"https:\/\/portaltela.pt\/noticias\/2026\/05\/01\/sergio-krithinas-diz-que-alguns-jogadores-do-sporting-podiam-ter-sido-poupados\/#breadcrumb","itemListElement":[{"@type":"ListItem","position":1,"name":"In\u00edcio","item":"https:\/\/portaltela.pt\/"},{"@type":"ListItem","position":2,"name":"S\u00e9rgio Krithinas diz que alguns jogadores do Sporting podiam ter sido poupados"}]},{"@type":"WebSite","@id":"https:\/\/portaltela.pt\/#website","url":"https:\/\/portaltela.pt\/","name":"Portal Tela Portugal","description":"","potentialAction":[{"@type":"SearchAction","target":{"@type":"EntryPoint","urlTemplate":"https:\/\/portaltela.pt\/?s={search_term_string}"},"query-input":{"@type":"PropertyValueSpecification","valueRequired":true,"valueName":"search_term_string"}}],"inLanguage":"pt-PT"},{"@type":"Person","@id":"https:\/\/portaltela.pt\/#\/schema\/person\/c4278d4a6028830caff9ee44b42d32ed","name":"Telinha","image":{"@type":"ImageObject","inLanguage":"pt-PT","@id":"https:\/\/portaltela.pt\/s.01k8rhncp4jt1\/2025\/11\/talking-bot-125x125.png","url":"https:\/\/portaltela.pt\/s.01k8rhncp4jt1\/2025\/11\/talking-bot-125x125.png","contentUrl":"https:\/\/portaltela.pt\/s.01k8rhncp4jt1\/2025\/11\/talking-bot-125x125.png","caption":"Telinha"},"sameAs":["https:\/\/portaltela.pt\/"],"url":"https:\/\/portaltela.pt\/por\/367410592786\/"}]}},"_links":{"self":[{"href":"https:\/\/portaltela.pt\/api\/wp\/v2\/posts\/463491","targetHints":{"allow":["GET"]}}],"collection":[{"href":"https:\/\/portaltela.pt\/api\/wp\/v2\/posts"}],"about":[{"href":"https:\/\/portaltela.pt\/api\/wp\/v2\/types\/post"}],"author":[{"embeddable":true,"href":"https:\/\/portaltela.pt\/api\/wp\/v2\/users\/2"}],"replies":[{"embeddable":true,"href":"https:\/\/portaltela.pt\/api\/wp\/v2\/comments?post=463491"}],"version-history":[{"count":0,"href":"https:\/\/portaltela.pt\/api\/wp\/v2\/posts\/463491\/revisions"}],"wp:featuredmedia":[{"embeddable":true,"href":"https:\/\/portaltela.pt\/api\/wp\/v2\/media\/463493"}],"wp:attachment":[{"href":"https:\/\/portaltela.pt\/api\/wp\/v2\/media?parent=463491"}],"wp:term":[{"taxonomy":"category","embeddable":true,"href":"https:\/\/portaltela.pt\/api\/wp\/v2\/categories?post=463491"},{"taxonomy":"post_tag","embeddable":true,"href":"https:\/\/portaltela.pt\/api\/wp\/v2\/tags?post=463491"}],"curies":[{"name":"wp","href":"https:\/\/api.w.org\/{rel}","templated":true}]}}