{"id":463488,"date":"2026-05-01T05:02:55","date_gmt":"2026-05-01T08:02:55","guid":{"rendered":"https:\/\/portaltela.pt\/noticias\/2026\/05\/01\/autocarro-escolar-com-seis-menores-despista-se-em-mangualde\/"},"modified":"2026-05-01T05:02:55","modified_gmt":"2026-05-01T08:02:55","slug":"autocarro-escolar-com-seis-menores-despista-se-em-mangualde","status":"publish","type":"post","link":"https:\/\/portaltela.pt\/acidentes\/2026\/05\/01\/autocarro-escolar-com-seis-menores-despista-se-em-mangualde\/","title":{"rendered":"Autocarro escolar com seis menores despista-se em Mangualde"},"content":{"rendered":"<p>O autocarro de transporte escolar com seis menores despistou-se esta manh\u00e3 em Mangualde, levando dois alunos ao Hospital de Viseu. O acidente ocorreu na Rua do Lameiro.<\/p>\n<p>O ve\u00edculo tombou numa zona de relva ap\u00f3s abandonar a via, segundo o comando dos Bombeiros Volunt\u00e1rios de Mangualde. Dos seis menores a bordo, dois ficaram feridos de ferimentos ligeiros e foram encaminhados para o hospital.<\/p>\n<p>A GNR de Mangualde assegurou a ocorr\u00eancia, que ainda est\u00e1 a ser apurada. A escola respons\u00e1vel pelo servi\u00e7o de transporte est\u00e1 a acompanhar a situa\u00e7\u00e3o, enquanto o tr\u00e2nsito na \u00e1rea ficou condicionado por algumas horas.<\/p>\n","protected":false},"excerpt":{"rendered":"<ul>\n<li>Um autocarro de transporte escolar, com seis menores a bordo, despistou-se na Rua do Lameiro, Mangualde, na manh\u00e3 de segunda-feira.<\/li>\n<li>Dois estudantes foram encaminhados para o Hospital de Viseu com ferimentos ligeiros.<\/li>\n<li>O ve\u00edculo saiu da estrada e tombou numa zona de relva, ap\u00f3s tentar uma manobra na via.<\/li>\n<li>A GNR de Mangualde encontra-se a averiguar a ocorr\u00eancia, com a escola respons\u00e1vel a acompanhar a situa\u00e7\u00e3o.<\/li>\n<li>O tr\u00e2nsito esteve condicionado durante algumas horas na zona, j\u00e1 tendo sido normalizado.<\/li>\n<\/ul>\n","protected":false},"author":2,"featured_media":463490,"comment_status":"closed","ping_status":"closed","sticky":false,"template":"","format":"standard","meta":{"footnotes":""},"categories":[6849],"tags":[7958,7959,8696,8054,8227,8019],"class_list":["post-463488","post","type-post","status-publish","format-standard","has-post-thumbnail","hentry","category-acidentes","tag-_acidente-rodoviario","tag-_acidentes-rodoviarios","tag-_autocarros","tag-_bombeiros","tag-_gnr","tag-_menores"],"yoast_head":"<!-- This site is optimized with the Yoast SEO plugin v27.2 - https:\/\/yoast.com\/product\/yoast-seo-wordpress\/ -->\n<title>Autocarro escolar com seis menores despista-se em Mangualde - Portal Tela Portugal<\/title>\n<meta name=\"robots\" content=\"index, follow, max-snippet:-1, max-image-preview:large, max-video-preview:-1\" \/>\n<meta property=\"og:locale\" content=\"pt_PT\" \/>\n<meta property=\"og:type\" content=\"article\" \/>\n<meta property=\"og:title\" content=\"Autocarro escolar com seis menores despista-se em Mangualde - Portal Tela Portugal\" \/>\n<meta property=\"og:description\" content=\"Um autocarro de transporte escolar, com seis menores a bordo, despistou-se na Rua do Lameiro, Mangualde, na manh\u00e3 de segunda-feira. Dois estudantes foram encaminhados para o Hospital de Viseu com ferimentos ligeiros. O ve\u00edculo saiu da estrada e tombou numa zona de relva, ap\u00f3s tentar uma manobra na via. A GNR de Mangualde encontra-se a averiguar a ocorr\u00eancia, com a escola respons\u00e1vel a acompanhar a situa\u00e7\u00e3o. O tr\u00e2nsito esteve condicionado durante algumas horas na zona, j\u00e1 tendo sido normalizado.\" \/>\n<meta property=\"og:url\" content=\"https:\/\/portaltela.pt\/noticias\/2026\/05\/01\/autocarro-escolar-com-seis-menores-despista-se-em-mangualde\/\" \/>\n<meta property=\"og:site_name\" content=\"Portal Tela Portugal\" \/>\n<meta property=\"article:published_time\" content=\"2026-05-01T08:02:55+00:00\" \/>\n<meta name=\"author\" content=\"Telinha\" \/>\n<meta name=\"twitter:card\" content=\"summary_large_image\" \/>\n<meta name=\"twitter:label1\" content=\"Escrito por\" \/>\n\t<meta name=\"twitter:data1\" content=\"Telinha\" \/>\n\t<meta name=\"twitter:label2\" content=\"Tempo estimado de leitura\" \/>\n\t<meta name=\"twitter:data2\" content=\"1 minuto\" \/>\n<script type=\"application\/ld+json\" class=\"yoast-schema-graph\">{\"@context\":\"https:\/\/schema.org\",\"@graph\":[{\"@type\":\"Article\",\"@id\":\"https:\/\/portaltela.pt\/noticias\/2026\/05\/01\/autocarro-escolar-com-seis-menores-despista-se-em-mangualde\/#article\",\"isPartOf\":{\"@id\":\"https:\/\/portaltela.pt\/noticias\/2026\/05\/01\/autocarro-escolar-com-seis-menores-despista-se-em-mangualde\/\"},\"author\":{\"name\":\"Telinha\",\"@id\":\"https:\/\/portaltela.pt\/#\/schema\/person\/c4278d4a6028830caff9ee44b42d32ed\"},\"headline\":\"Autocarro escolar com seis menores despista-se em Mangualde\",\"datePublished\":\"2026-05-01T08:02:55+00:00\",\"mainEntityOfPage\":{\"@id\":\"https:\/\/portaltela.pt\/noticias\/2026\/05\/01\/autocarro-escolar-com-seis-menores-despista-se-em-mangualde\/\"},\"wordCount\":114,\"image\":{\"@id\":\"https:\/\/portaltela.pt\/noticias\/2026\/05\/01\/autocarro-escolar-com-seis-menores-despista-se-em-mangualde\/#primaryimage\"},\"thumbnailUrl\":\"https:\/\/portaltela.pt\/s.01k8rhncp4jt1\/2026\/05\/img_1280x722uu2026-05-01-08-46-40-2282162.jpg\",\"keywords\":[\"_acidente rodovi\u00e1rio\",\"_acidentes rodovi\u00e1rios\",\"_autocarros\",\"_Bombeiros\",\"_GNR\",\"_menores\"],\"articleSection\":[\"Acidentes\"],\"inLanguage\":\"pt-PT\"},{\"@type\":\"WebPage\",\"@id\":\"https:\/\/portaltela.pt\/noticias\/2026\/05\/01\/autocarro-escolar-com-seis-menores-despista-se-em-mangualde\/\",\"url\":\"https:\/\/portaltela.pt\/noticias\/2026\/05\/01\/autocarro-escolar-com-seis-menores-despista-se-em-mangualde\/\",\"name\":\"Autocarro escolar com seis menores despista-se em Mangualde - Portal Tela Portugal\",\"isPartOf\":{\"@id\":\"https:\/\/portaltela.pt\/#website\"},\"primaryImageOfPage\":{\"@id\":\"https:\/\/portaltela.pt\/noticias\/2026\/05\/01\/autocarro-escolar-com-seis-menores-despista-se-em-mangualde\/#primaryimage\"},\"image\":{\"@id\":\"https:\/\/portaltela.pt\/noticias\/2026\/05\/01\/autocarro-escolar-com-seis-menores-despista-se-em-mangualde\/#primaryimage\"},\"thumbnailUrl\":\"https:\/\/portaltela.pt\/s.01k8rhncp4jt1\/2026\/05\/img_1280x722uu2026-05-01-08-46-40-2282162.jpg\",\"datePublished\":\"2026-05-01T08:02:55+00:00\",\"author\":{\"@id\":\"https:\/\/portaltela.pt\/#\/schema\/person\/c4278d4a6028830caff9ee44b42d32ed\"},\"breadcrumb\":{\"@id\":\"https:\/\/portaltela.pt\/noticias\/2026\/05\/01\/autocarro-escolar-com-seis-menores-despista-se-em-mangualde\/#breadcrumb\"},\"inLanguage\":\"pt-PT\",\"potentialAction\":[{\"@type\":\"ReadAction\",\"target\":[\"https:\/\/portaltela.pt\/noticias\/2026\/05\/01\/autocarro-escolar-com-seis-menores-despista-se-em-mangualde\/\"]}]},{\"@type\":\"ImageObject\",\"inLanguage\":\"pt-PT\",\"@id\":\"https:\/\/portaltela.pt\/noticias\/2026\/05\/01\/autocarro-escolar-com-seis-menores-despista-se-em-mangualde\/#primaryimage\",\"url\":\"https:\/\/portaltela.pt\/s.01k8rhncp4jt1\/2026\/05\/img_1280x722uu2026-05-01-08-46-40-2282162.jpg\",\"contentUrl\":\"https:\/\/portaltela.pt\/s.01k8rhncp4jt1\/2026\/05\/img_1280x722uu2026-05-01-08-46-40-2282162.jpg\",\"width\":796,\"height\":448,\"caption\":\"Autocarro despistado em Mangualde\"},{\"@type\":\"BreadcrumbList\",\"@id\":\"https:\/\/portaltela.pt\/noticias\/2026\/05\/01\/autocarro-escolar-com-seis-menores-despista-se-em-mangualde\/#breadcrumb\",\"itemListElement\":[{\"@type\":\"ListItem\",\"position\":1,\"name\":\"In\u00edcio\",\"item\":\"https:\/\/portaltela.pt\/\"},{\"@type\":\"ListItem\",\"position\":2,\"name\":\"Autocarro escolar com seis menores despista-se em Mangualde\"}]},{\"@type\":\"WebSite\",\"@id\":\"https:\/\/portaltela.pt\/#website\",\"url\":\"https:\/\/portaltela.pt\/\",\"name\":\"Portal Tela Portugal\",\"description\":\"\",\"potentialAction\":[{\"@type\":\"SearchAction\",\"target\":{\"@type\":\"EntryPoint\",\"urlTemplate\":\"https:\/\/portaltela.pt\/?s={search_term_string}\"},\"query-input\":{\"@type\":\"PropertyValueSpecification\",\"valueRequired\":true,\"valueName\":\"search_term_string\"}}],\"inLanguage\":\"pt-PT\"},{\"@type\":\"Person\",\"@id\":\"https:\/\/portaltela.pt\/#\/schema\/person\/c4278d4a6028830caff9ee44b42d32ed\",\"name\":\"Telinha\",\"image\":{\"@type\":\"ImageObject\",\"inLanguage\":\"pt-PT\",\"@id\":\"https:\/\/portaltela.pt\/s.01k8rhncp4jt1\/2025\/11\/talking-bot-125x125.png\",\"url\":\"https:\/\/portaltela.pt\/s.01k8rhncp4jt1\/2025\/11\/talking-bot-125x125.png\",\"contentUrl\":\"https:\/\/portaltela.pt\/s.01k8rhncp4jt1\/2025\/11\/talking-bot-125x125.png\",\"caption\":\"Telinha\"},\"sameAs\":[\"https:\/\/portaltela.pt\/\"],\"url\":\"https:\/\/portaltela.pt\/por\/367410592786\/\"}]}<\/script>\n<!-- \/ Yoast SEO plugin. -->","yoast_head_json":{"title":"Autocarro escolar com seis menores despista-se em Mangualde - Portal Tela Portugal","robots":{"index":"index","follow":"follow","max-snippet":"max-snippet:-1","max-image-preview":"max-image-preview:large","max-video-preview":"max-video-preview:-1"},"og_locale":"pt_PT","og_type":"article","og_title":"Autocarro escolar com seis menores despista-se em Mangualde - Portal Tela Portugal","og_description":"Um autocarro de transporte escolar, com seis menores a bordo, despistou-se na Rua do Lameiro, Mangualde, na manh\u00e3 de segunda-feira. Dois estudantes foram encaminhados para o Hospital de Viseu com ferimentos ligeiros. O ve\u00edculo saiu da estrada e tombou numa zona de relva, ap\u00f3s tentar uma manobra na via. A GNR de Mangualde encontra-se a averiguar a ocorr\u00eancia, com a escola respons\u00e1vel a acompanhar a situa\u00e7\u00e3o. O tr\u00e2nsito esteve condicionado durante algumas horas na zona, j\u00e1 tendo sido normalizado.","og_url":"https:\/\/portaltela.pt\/noticias\/2026\/05\/01\/autocarro-escolar-com-seis-menores-despista-se-em-mangualde\/","og_site_name":"Portal Tela Portugal","article_published_time":"2026-05-01T08:02:55+00:00","author":"Telinha","twitter_card":"summary_large_image","twitter_misc":{"Escrito por":"Telinha","Tempo estimado de leitura":"1 minuto"},"schema":{"@context":"https:\/\/schema.org","@graph":[{"@type":"Article","@id":"https:\/\/portaltela.pt\/noticias\/2026\/05\/01\/autocarro-escolar-com-seis-menores-despista-se-em-mangualde\/#article","isPartOf":{"@id":"https:\/\/portaltela.pt\/noticias\/2026\/05\/01\/autocarro-escolar-com-seis-menores-despista-se-em-mangualde\/"},"author":{"name":"Telinha","@id":"https:\/\/portaltela.pt\/#\/schema\/person\/c4278d4a6028830caff9ee44b42d32ed"},"headline":"Autocarro escolar com seis menores despista-se em Mangualde","datePublished":"2026-05-01T08:02:55+00:00","mainEntityOfPage":{"@id":"https:\/\/portaltela.pt\/noticias\/2026\/05\/01\/autocarro-escolar-com-seis-menores-despista-se-em-mangualde\/"},"wordCount":114,"image":{"@id":"https:\/\/portaltela.pt\/noticias\/2026\/05\/01\/autocarro-escolar-com-seis-menores-despista-se-em-mangualde\/#primaryimage"},"thumbnailUrl":"https:\/\/portaltela.pt\/s.01k8rhncp4jt1\/2026\/05\/img_1280x722uu2026-05-01-08-46-40-2282162.jpg","keywords":["_acidente rodovi\u00e1rio","_acidentes rodovi\u00e1rios","_autocarros","_Bombeiros","_GNR","_menores"],"articleSection":["Acidentes"],"inLanguage":"pt-PT"},{"@type":"WebPage","@id":"https:\/\/portaltela.pt\/noticias\/2026\/05\/01\/autocarro-escolar-com-seis-menores-despista-se-em-mangualde\/","url":"https:\/\/portaltela.pt\/noticias\/2026\/05\/01\/autocarro-escolar-com-seis-menores-despista-se-em-mangualde\/","name":"Autocarro escolar com seis menores despista-se em Mangualde - Portal Tela Portugal","isPartOf":{"@id":"https:\/\/portaltela.pt\/#website"},"primaryImageOfPage":{"@id":"https:\/\/portaltela.pt\/noticias\/2026\/05\/01\/autocarro-escolar-com-seis-menores-despista-se-em-mangualde\/#primaryimage"},"image":{"@id":"https:\/\/portaltela.pt\/noticias\/2026\/05\/01\/autocarro-escolar-com-seis-menores-despista-se-em-mangualde\/#primaryimage"},"thumbnailUrl":"https:\/\/portaltela.pt\/s.01k8rhncp4jt1\/2026\/05\/img_1280x722uu2026-05-01-08-46-40-2282162.jpg","datePublished":"2026-05-01T08:02:55+00:00","author":{"@id":"https:\/\/portaltela.pt\/#\/schema\/person\/c4278d4a6028830caff9ee44b42d32ed"},"breadcrumb":{"@id":"https:\/\/portaltela.pt\/noticias\/2026\/05\/01\/autocarro-escolar-com-seis-menores-despista-se-em-mangualde\/#breadcrumb"},"inLanguage":"pt-PT","potentialAction":[{"@type":"ReadAction","target":["https:\/\/portaltela.pt\/noticias\/2026\/05\/01\/autocarro-escolar-com-seis-menores-despista-se-em-mangualde\/"]}]},{"@type":"ImageObject","inLanguage":"pt-PT","@id":"https:\/\/portaltela.pt\/noticias\/2026\/05\/01\/autocarro-escolar-com-seis-menores-despista-se-em-mangualde\/#primaryimage","url":"https:\/\/portaltela.pt\/s.01k8rhncp4jt1\/2026\/05\/img_1280x722uu2026-05-01-08-46-40-2282162.jpg","contentUrl":"https:\/\/portaltela.pt\/s.01k8rhncp4jt1\/2026\/05\/img_1280x722uu2026-05-01-08-46-40-2282162.jpg","width":796,"height":448,"caption":"Autocarro despistado em Mangualde"},{"@type":"BreadcrumbList","@id":"https:\/\/portaltela.pt\/noticias\/2026\/05\/01\/autocarro-escolar-com-seis-menores-despista-se-em-mangualde\/#breadcrumb","itemListElement":[{"@type":"ListItem","position":1,"name":"In\u00edcio","item":"https:\/\/portaltela.pt\/"},{"@type":"ListItem","position":2,"name":"Autocarro escolar com seis menores despista-se em Mangualde"}]},{"@type":"WebSite","@id":"https:\/\/portaltela.pt\/#website","url":"https:\/\/portaltela.pt\/","name":"Portal Tela Portugal","description":"","potentialAction":[{"@type":"SearchAction","target":{"@type":"EntryPoint","urlTemplate":"https:\/\/portaltela.pt\/?s={search_term_string}"},"query-input":{"@type":"PropertyValueSpecification","valueRequired":true,"valueName":"search_term_string"}}],"inLanguage":"pt-PT"},{"@type":"Person","@id":"https:\/\/portaltela.pt\/#\/schema\/person\/c4278d4a6028830caff9ee44b42d32ed","name":"Telinha","image":{"@type":"ImageObject","inLanguage":"pt-PT","@id":"https:\/\/portaltela.pt\/s.01k8rhncp4jt1\/2025\/11\/talking-bot-125x125.png","url":"https:\/\/portaltela.pt\/s.01k8rhncp4jt1\/2025\/11\/talking-bot-125x125.png","contentUrl":"https:\/\/portaltela.pt\/s.01k8rhncp4jt1\/2025\/11\/talking-bot-125x125.png","caption":"Telinha"},"sameAs":["https:\/\/portaltela.pt\/"],"url":"https:\/\/portaltela.pt\/por\/367410592786\/"}]}},"_links":{"self":[{"href":"https:\/\/portaltela.pt\/api\/wp\/v2\/posts\/463488","targetHints":{"allow":["GET"]}}],"collection":[{"href":"https:\/\/portaltela.pt\/api\/wp\/v2\/posts"}],"about":[{"href":"https:\/\/portaltela.pt\/api\/wp\/v2\/types\/post"}],"author":[{"embeddable":true,"href":"https:\/\/portaltela.pt\/api\/wp\/v2\/users\/2"}],"replies":[{"embeddable":true,"href":"https:\/\/portaltela.pt\/api\/wp\/v2\/comments?post=463488"}],"version-history":[{"count":0,"href":"https:\/\/portaltela.pt\/api\/wp\/v2\/posts\/463488\/revisions"}],"wp:featuredmedia":[{"embeddable":true,"href":"https:\/\/portaltela.pt\/api\/wp\/v2\/media\/463490"}],"wp:attachment":[{"href":"https:\/\/portaltela.pt\/api\/wp\/v2\/media?parent=463488"}],"wp:term":[{"taxonomy":"category","embeddable":true,"href":"https:\/\/portaltela.pt\/api\/wp\/v2\/categories?post=463488"},{"taxonomy":"post_tag","embeddable":true,"href":"https:\/\/portaltela.pt\/api\/wp\/v2\/tags?post=463488"}],"curies":[{"name":"wp","href":"https:\/\/api.w.org\/{rel}","templated":true}]}}