{"id":463473,"date":"2026-05-01T04:47:57","date_gmt":"2026-05-01T07:47:57","guid":{"rendered":"https:\/\/portaltela.pt\/noticias\/2026\/05\/01\/polemica-na-euroliga-policias-a-porta-do-balneario-para-deter-o-presidente\/"},"modified":"2026-05-01T04:47:57","modified_gmt":"2026-05-01T07:47:57","slug":"polemica-na-euroliga-policias-a-porta-do-balneario-para-deter-o-presidente","status":"publish","type":"post","link":"https:\/\/portaltela.pt\/desporto\/futebol\/2026\/05\/01\/polemica-na-euroliga-policias-a-porta-do-balneario-para-deter-o-presidente\/","title":{"rendered":"Pol\u00e9mica na Euroliga: pol\u00edcias \u00e0 porta do balne\u00e1rio para deter o presidente"},"content":{"rendered":"<p>O Panathinaikos venceu o Valencia por 105-107, nos quartos de final da Euroliga de basquetebol, em jogo marcado por uma pol\u00e9mica envolvendo o presidente grego do clube. A tens\u00e3o surgiu ap\u00f3s o Valencia alegar que Dimitris Giannakopoulos influenciou os \u00e1rbitros durante a partida.<\/p>\n<p>Na confer\u00eancia de imprensa p\u00f3s-jogo, o treinador do Valencia, Pedro Mart\u00ednez, criticou duramente a atua\u00e7\u00e3o do l\u00edder do Panathinaikos, considerando que algu\u00e9m que viola os princ\u00edpios do desporto n\u00e3o deve ter espa\u00e7o na competi\u00e7\u00e3o e sugerindo medidas da Euroliga para travar situa\u00e7\u00f5es semelhantes.<\/p>\n<p>Ergin Ataman, t\u00e9cnico do Panathinaikos, respondeu de forma contida aos jornalistas, referindo que nunca tinha visto algo assim: cerca de 10 pol\u00edcias \u00e0 porta do balne\u00e1rio \u00e0 sa\u00edda do encontro, numa tentativa de impedir a celebra\u00e7\u00e3o da equipa portuguesa de Atenas, o que gerou ainda mais controv\u00e9rsia.<\/p>\n<p>Mais tarde, o Valencia divulgou um comunicado no qual afirma apresentar uma queixa formal contra Dimitris Giannakopoulos, denunciando a aproxima\u00e7\u00e3o da mesa de oficiais com uma atitude considerada deplor\u00e1vel e o desrespeito \u00e0s instru\u00e7\u00f5es das for\u00e7as de seguran\u00e7a.<\/p>\n<p>O clube espanhol refor\u00e7ou que o objetivo \u00e9 que a Euroliga tome medidas severas, reconhecendo que se trata de uma pessoa com hist\u00f3rico de incidents, que mancha a imagem do desporto e do evento. A institui\u00e7\u00e3o adianta que a queixa \u00e9 fundamentada em factos ocorridos durante o jogo.<\/p>\n","protected":false},"excerpt":{"rendered":"<ul>\n<li>O Panathinaikos venceu o Valencia por 105-107 nos quartos de final da Euroliga de basquetebol, em jogo pol\u00e9mico e tenso.<\/li>\n<li>O Valencia acusa o presidente do Panathinaikos, Dimitris Giannakopoulos, de condicionar os \u00e1rbitros durante a partida.<\/li>\n<li>Ergun Ataman? O treinador do Panathinaikos disse que, ao final do jogo, houve \u201c10 pol\u00edcias \u00e0 porta do balne\u00e1rio para prender o meu presidente\u201d e que a celebra\u00e7\u00e3o foi interrompida pela pol\u00edcia.<\/li>\n<li>O Valencia anunciou que vai apresentar uma queixa formal contra Giannakopoulos, pedindo san\u00e7\u00f5es da Euroliga.<\/li>\n<li>A equipa espanhola acusa o dirigente de se aproximar da mesa de oficiais e de criar uma tens\u00e3o injustific\u00e1vel durante o encontro.<\/li>\n<\/ul>\n","protected":false},"author":2,"featured_media":463475,"comment_status":"closed","ping_status":"closed","sticky":false,"template":"","format":"standard","meta":{"footnotes":""},"categories":[21,24],"tags":[85,152,1944,3418,30],"class_list":["post-463473","post","type-post","status-publish","format-standard","has-post-thumbnail","hentry","category-desporto","category-futebol","tag-basquete","tag-desporto","tag-euroliga","tag-policia-de-seguranca-publica","tag-presidente"],"yoast_head":"<!-- This site is optimized with the Yoast SEO plugin v27.2 - https:\/\/yoast.com\/product\/yoast-seo-wordpress\/ -->\n<title>Pol\u00e9mica na Euroliga: pol\u00edcias \u00e0 porta do balne\u00e1rio para deter o presidente - Portal Tela Portugal<\/title>\n<meta name=\"robots\" content=\"index, follow, max-snippet:-1, max-image-preview:large, max-video-preview:-1\" \/>\n<meta property=\"og:locale\" content=\"pt_PT\" \/>\n<meta property=\"og:type\" content=\"article\" \/>\n<meta property=\"og:title\" content=\"Pol\u00e9mica na Euroliga: pol\u00edcias \u00e0 porta do balne\u00e1rio para deter o presidente - Portal Tela Portugal\" \/>\n<meta property=\"og:description\" content=\"O Panathinaikos venceu o Valencia por 105-107 nos quartos de final da Euroliga de basquetebol, em jogo pol\u00e9mico e tenso. O Valencia acusa o presidente do Panathinaikos, Dimitris Giannakopoulos, de condicionar os \u00e1rbitros durante a partida. Ergun Ataman? O treinador do Panathinaikos disse que, ao final do jogo, houve \u201c10 pol\u00edcias \u00e0 porta do balne\u00e1rio para prender o meu presidente\u201d e que a celebra\u00e7\u00e3o foi interrompida pela pol\u00edcia. O Valencia anunciou que vai apresentar uma queixa formal contra Giannakopoulos, pedindo san\u00e7\u00f5es da Euroliga. A equipa espanhola acusa o dirigente de se aproximar da mesa de oficiais e de criar uma tens\u00e3o injustific\u00e1vel durante o encontro.\" \/>\n<meta property=\"og:url\" content=\"https:\/\/portaltela.pt\/noticias\/2026\/05\/01\/polemica-na-euroliga-policias-a-porta-do-balneario-para-deter-o-presidente\/\" \/>\n<meta property=\"og:site_name\" content=\"Portal Tela Portugal\" \/>\n<meta property=\"article:published_time\" content=\"2026-05-01T07:47:57+00:00\" \/>\n<meta name=\"author\" content=\"Telinha\" \/>\n<meta name=\"twitter:card\" content=\"summary_large_image\" \/>\n<meta name=\"twitter:label1\" content=\"Escrito por\" \/>\n\t<meta name=\"twitter:data1\" content=\"Telinha\" \/>\n\t<meta name=\"twitter:label2\" content=\"Tempo estimado de leitura\" \/>\n\t<meta name=\"twitter:data2\" content=\"1 minuto\" \/>\n<script type=\"application\/ld+json\" class=\"yoast-schema-graph\">{\"@context\":\"https:\/\/schema.org\",\"@graph\":[{\"@type\":\"Article\",\"@id\":\"https:\/\/portaltela.pt\/noticias\/2026\/05\/01\/polemica-na-euroliga-policias-a-porta-do-balneario-para-deter-o-presidente\/#article\",\"isPartOf\":{\"@id\":\"https:\/\/portaltela.pt\/noticias\/2026\/05\/01\/polemica-na-euroliga-policias-a-porta-do-balneario-para-deter-o-presidente\/\"},\"author\":{\"name\":\"Telinha\",\"@id\":\"https:\/\/portaltela.pt\/#\/schema\/person\/c4278d4a6028830caff9ee44b42d32ed\"},\"headline\":\"Pol\u00e9mica na Euroliga: pol\u00edcias \u00e0 porta do balne\u00e1rio para deter o presidente\",\"datePublished\":\"2026-05-01T07:47:57+00:00\",\"mainEntityOfPage\":{\"@id\":\"https:\/\/portaltela.pt\/noticias\/2026\/05\/01\/polemica-na-euroliga-policias-a-porta-do-balneario-para-deter-o-presidente\/\"},\"wordCount\":256,\"image\":{\"@id\":\"https:\/\/portaltela.pt\/noticias\/2026\/05\/01\/polemica-na-euroliga-policias-a-porta-do-balneario-para-deter-o-presidente\/#primaryimage\"},\"thumbnailUrl\":\"https:\/\/portaltela.pt\/s.01k8rhncp4jt1\/2026\/05\/img_1200x721uu2026-05-01-08-33-10-2436223.jpg\",\"keywords\":[\"basquete\",\"desporto\",\"Euroliga\",\"Pol\u00edcia de Seguran\u00e7a P\u00fablica\",\"presidente\"],\"articleSection\":[\"Desporto\",\"Futebol\"],\"inLanguage\":\"pt-PT\"},{\"@type\":\"WebPage\",\"@id\":\"https:\/\/portaltela.pt\/noticias\/2026\/05\/01\/polemica-na-euroliga-policias-a-porta-do-balneario-para-deter-o-presidente\/\",\"url\":\"https:\/\/portaltela.pt\/noticias\/2026\/05\/01\/polemica-na-euroliga-policias-a-porta-do-balneario-para-deter-o-presidente\/\",\"name\":\"Pol\u00e9mica na Euroliga: pol\u00edcias \u00e0 porta do balne\u00e1rio para deter o presidente - Portal Tela Portugal\",\"isPartOf\":{\"@id\":\"https:\/\/portaltela.pt\/#website\"},\"primaryImageOfPage\":{\"@id\":\"https:\/\/portaltela.pt\/noticias\/2026\/05\/01\/polemica-na-euroliga-policias-a-porta-do-balneario-para-deter-o-presidente\/#primaryimage\"},\"image\":{\"@id\":\"https:\/\/portaltela.pt\/noticias\/2026\/05\/01\/polemica-na-euroliga-policias-a-porta-do-balneario-para-deter-o-presidente\/#primaryimage\"},\"thumbnailUrl\":\"https:\/\/portaltela.pt\/s.01k8rhncp4jt1\/2026\/05\/img_1200x721uu2026-05-01-08-33-10-2436223.jpg\",\"datePublished\":\"2026-05-01T07:47:57+00:00\",\"author\":{\"@id\":\"https:\/\/portaltela.pt\/#\/schema\/person\/c4278d4a6028830caff9ee44b42d32ed\"},\"breadcrumb\":{\"@id\":\"https:\/\/portaltela.pt\/noticias\/2026\/05\/01\/polemica-na-euroliga-policias-a-porta-do-balneario-para-deter-o-presidente\/#breadcrumb\"},\"inLanguage\":\"pt-PT\",\"potentialAction\":[{\"@type\":\"ReadAction\",\"target\":[\"https:\/\/portaltela.pt\/noticias\/2026\/05\/01\/polemica-na-euroliga-policias-a-porta-do-balneario-para-deter-o-presidente\/\"]}]},{\"@type\":\"ImageObject\",\"inLanguage\":\"pt-PT\",\"@id\":\"https:\/\/portaltela.pt\/noticias\/2026\/05\/01\/polemica-na-euroliga-policias-a-porta-do-balneario-para-deter-o-presidente\/#primaryimage\",\"url\":\"https:\/\/portaltela.pt\/s.01k8rhncp4jt1\/2026\/05\/img_1200x721uu2026-05-01-08-33-10-2436223.jpg\",\"contentUrl\":\"https:\/\/portaltela.pt\/s.01k8rhncp4jt1\/2026\/05\/img_1200x721uu2026-05-01-08-33-10-2436223.jpg\",\"width\":796,\"height\":448,\"caption\":\"Pol\u00e9mica na Euroliga: \u00ab\u00c9 a primeira vez que tenho 10 pol\u00edcias \u00e0 porta do balne\u00e1rio para prender o meu presidente\u00bb\"},{\"@type\":\"BreadcrumbList\",\"@id\":\"https:\/\/portaltela.pt\/noticias\/2026\/05\/01\/polemica-na-euroliga-policias-a-porta-do-balneario-para-deter-o-presidente\/#breadcrumb\",\"itemListElement\":[{\"@type\":\"ListItem\",\"position\":1,\"name\":\"In\u00edcio\",\"item\":\"https:\/\/portaltela.pt\/\"},{\"@type\":\"ListItem\",\"position\":2,\"name\":\"Pol\u00e9mica na Euroliga: pol\u00edcias \u00e0 porta do balne\u00e1rio para deter o presidente\"}]},{\"@type\":\"WebSite\",\"@id\":\"https:\/\/portaltela.pt\/#website\",\"url\":\"https:\/\/portaltela.pt\/\",\"name\":\"Portal Tela Portugal\",\"description\":\"\",\"potentialAction\":[{\"@type\":\"SearchAction\",\"target\":{\"@type\":\"EntryPoint\",\"urlTemplate\":\"https:\/\/portaltela.pt\/?s={search_term_string}\"},\"query-input\":{\"@type\":\"PropertyValueSpecification\",\"valueRequired\":true,\"valueName\":\"search_term_string\"}}],\"inLanguage\":\"pt-PT\"},{\"@type\":\"Person\",\"@id\":\"https:\/\/portaltela.pt\/#\/schema\/person\/c4278d4a6028830caff9ee44b42d32ed\",\"name\":\"Telinha\",\"image\":{\"@type\":\"ImageObject\",\"inLanguage\":\"pt-PT\",\"@id\":\"https:\/\/portaltela.pt\/s.01k8rhncp4jt1\/2025\/11\/talking-bot-125x125.png\",\"url\":\"https:\/\/portaltela.pt\/s.01k8rhncp4jt1\/2025\/11\/talking-bot-125x125.png\",\"contentUrl\":\"https:\/\/portaltela.pt\/s.01k8rhncp4jt1\/2025\/11\/talking-bot-125x125.png\",\"caption\":\"Telinha\"},\"sameAs\":[\"https:\/\/portaltela.pt\/\"],\"url\":\"https:\/\/portaltela.pt\/por\/367410592786\/\"}]}<\/script>\n<!-- \/ Yoast SEO plugin. -->","yoast_head_json":{"title":"Pol\u00e9mica na Euroliga: pol\u00edcias \u00e0 porta do balne\u00e1rio para deter o presidente - Portal Tela Portugal","robots":{"index":"index","follow":"follow","max-snippet":"max-snippet:-1","max-image-preview":"max-image-preview:large","max-video-preview":"max-video-preview:-1"},"og_locale":"pt_PT","og_type":"article","og_title":"Pol\u00e9mica na Euroliga: pol\u00edcias \u00e0 porta do balne\u00e1rio para deter o presidente - Portal Tela Portugal","og_description":"O Panathinaikos venceu o Valencia por 105-107 nos quartos de final da Euroliga de basquetebol, em jogo pol\u00e9mico e tenso. O Valencia acusa o presidente do Panathinaikos, Dimitris Giannakopoulos, de condicionar os \u00e1rbitros durante a partida. Ergun Ataman? O treinador do Panathinaikos disse que, ao final do jogo, houve \u201c10 pol\u00edcias \u00e0 porta do balne\u00e1rio para prender o meu presidente\u201d e que a celebra\u00e7\u00e3o foi interrompida pela pol\u00edcia. O Valencia anunciou que vai apresentar uma queixa formal contra Giannakopoulos, pedindo san\u00e7\u00f5es da Euroliga. A equipa espanhola acusa o dirigente de se aproximar da mesa de oficiais e de criar uma tens\u00e3o injustific\u00e1vel durante o encontro.","og_url":"https:\/\/portaltela.pt\/noticias\/2026\/05\/01\/polemica-na-euroliga-policias-a-porta-do-balneario-para-deter-o-presidente\/","og_site_name":"Portal Tela Portugal","article_published_time":"2026-05-01T07:47:57+00:00","author":"Telinha","twitter_card":"summary_large_image","twitter_misc":{"Escrito por":"Telinha","Tempo estimado de leitura":"1 minuto"},"schema":{"@context":"https:\/\/schema.org","@graph":[{"@type":"Article","@id":"https:\/\/portaltela.pt\/noticias\/2026\/05\/01\/polemica-na-euroliga-policias-a-porta-do-balneario-para-deter-o-presidente\/#article","isPartOf":{"@id":"https:\/\/portaltela.pt\/noticias\/2026\/05\/01\/polemica-na-euroliga-policias-a-porta-do-balneario-para-deter-o-presidente\/"},"author":{"name":"Telinha","@id":"https:\/\/portaltela.pt\/#\/schema\/person\/c4278d4a6028830caff9ee44b42d32ed"},"headline":"Pol\u00e9mica na Euroliga: pol\u00edcias \u00e0 porta do balne\u00e1rio para deter o presidente","datePublished":"2026-05-01T07:47:57+00:00","mainEntityOfPage":{"@id":"https:\/\/portaltela.pt\/noticias\/2026\/05\/01\/polemica-na-euroliga-policias-a-porta-do-balneario-para-deter-o-presidente\/"},"wordCount":256,"image":{"@id":"https:\/\/portaltela.pt\/noticias\/2026\/05\/01\/polemica-na-euroliga-policias-a-porta-do-balneario-para-deter-o-presidente\/#primaryimage"},"thumbnailUrl":"https:\/\/portaltela.pt\/s.01k8rhncp4jt1\/2026\/05\/img_1200x721uu2026-05-01-08-33-10-2436223.jpg","keywords":["basquete","desporto","Euroliga","Pol\u00edcia de Seguran\u00e7a P\u00fablica","presidente"],"articleSection":["Desporto","Futebol"],"inLanguage":"pt-PT"},{"@type":"WebPage","@id":"https:\/\/portaltela.pt\/noticias\/2026\/05\/01\/polemica-na-euroliga-policias-a-porta-do-balneario-para-deter-o-presidente\/","url":"https:\/\/portaltela.pt\/noticias\/2026\/05\/01\/polemica-na-euroliga-policias-a-porta-do-balneario-para-deter-o-presidente\/","name":"Pol\u00e9mica na Euroliga: pol\u00edcias \u00e0 porta do balne\u00e1rio para deter o presidente - Portal Tela Portugal","isPartOf":{"@id":"https:\/\/portaltela.pt\/#website"},"primaryImageOfPage":{"@id":"https:\/\/portaltela.pt\/noticias\/2026\/05\/01\/polemica-na-euroliga-policias-a-porta-do-balneario-para-deter-o-presidente\/#primaryimage"},"image":{"@id":"https:\/\/portaltela.pt\/noticias\/2026\/05\/01\/polemica-na-euroliga-policias-a-porta-do-balneario-para-deter-o-presidente\/#primaryimage"},"thumbnailUrl":"https:\/\/portaltela.pt\/s.01k8rhncp4jt1\/2026\/05\/img_1200x721uu2026-05-01-08-33-10-2436223.jpg","datePublished":"2026-05-01T07:47:57+00:00","author":{"@id":"https:\/\/portaltela.pt\/#\/schema\/person\/c4278d4a6028830caff9ee44b42d32ed"},"breadcrumb":{"@id":"https:\/\/portaltela.pt\/noticias\/2026\/05\/01\/polemica-na-euroliga-policias-a-porta-do-balneario-para-deter-o-presidente\/#breadcrumb"},"inLanguage":"pt-PT","potentialAction":[{"@type":"ReadAction","target":["https:\/\/portaltela.pt\/noticias\/2026\/05\/01\/polemica-na-euroliga-policias-a-porta-do-balneario-para-deter-o-presidente\/"]}]},{"@type":"ImageObject","inLanguage":"pt-PT","@id":"https:\/\/portaltela.pt\/noticias\/2026\/05\/01\/polemica-na-euroliga-policias-a-porta-do-balneario-para-deter-o-presidente\/#primaryimage","url":"https:\/\/portaltela.pt\/s.01k8rhncp4jt1\/2026\/05\/img_1200x721uu2026-05-01-08-33-10-2436223.jpg","contentUrl":"https:\/\/portaltela.pt\/s.01k8rhncp4jt1\/2026\/05\/img_1200x721uu2026-05-01-08-33-10-2436223.jpg","width":796,"height":448,"caption":"Pol\u00e9mica na Euroliga: \u00ab\u00c9 a primeira vez que tenho 10 pol\u00edcias \u00e0 porta do balne\u00e1rio para prender o meu presidente\u00bb"},{"@type":"BreadcrumbList","@id":"https:\/\/portaltela.pt\/noticias\/2026\/05\/01\/polemica-na-euroliga-policias-a-porta-do-balneario-para-deter-o-presidente\/#breadcrumb","itemListElement":[{"@type":"ListItem","position":1,"name":"In\u00edcio","item":"https:\/\/portaltela.pt\/"},{"@type":"ListItem","position":2,"name":"Pol\u00e9mica na Euroliga: pol\u00edcias \u00e0 porta do balne\u00e1rio para deter o presidente"}]},{"@type":"WebSite","@id":"https:\/\/portaltela.pt\/#website","url":"https:\/\/portaltela.pt\/","name":"Portal Tela Portugal","description":"","potentialAction":[{"@type":"SearchAction","target":{"@type":"EntryPoint","urlTemplate":"https:\/\/portaltela.pt\/?s={search_term_string}"},"query-input":{"@type":"PropertyValueSpecification","valueRequired":true,"valueName":"search_term_string"}}],"inLanguage":"pt-PT"},{"@type":"Person","@id":"https:\/\/portaltela.pt\/#\/schema\/person\/c4278d4a6028830caff9ee44b42d32ed","name":"Telinha","image":{"@type":"ImageObject","inLanguage":"pt-PT","@id":"https:\/\/portaltela.pt\/s.01k8rhncp4jt1\/2025\/11\/talking-bot-125x125.png","url":"https:\/\/portaltela.pt\/s.01k8rhncp4jt1\/2025\/11\/talking-bot-125x125.png","contentUrl":"https:\/\/portaltela.pt\/s.01k8rhncp4jt1\/2025\/11\/talking-bot-125x125.png","caption":"Telinha"},"sameAs":["https:\/\/portaltela.pt\/"],"url":"https:\/\/portaltela.pt\/por\/367410592786\/"}]}},"_links":{"self":[{"href":"https:\/\/portaltela.pt\/api\/wp\/v2\/posts\/463473","targetHints":{"allow":["GET"]}}],"collection":[{"href":"https:\/\/portaltela.pt\/api\/wp\/v2\/posts"}],"about":[{"href":"https:\/\/portaltela.pt\/api\/wp\/v2\/types\/post"}],"author":[{"embeddable":true,"href":"https:\/\/portaltela.pt\/api\/wp\/v2\/users\/2"}],"replies":[{"embeddable":true,"href":"https:\/\/portaltela.pt\/api\/wp\/v2\/comments?post=463473"}],"version-history":[{"count":0,"href":"https:\/\/portaltela.pt\/api\/wp\/v2\/posts\/463473\/revisions"}],"wp:featuredmedia":[{"embeddable":true,"href":"https:\/\/portaltela.pt\/api\/wp\/v2\/media\/463475"}],"wp:attachment":[{"href":"https:\/\/portaltela.pt\/api\/wp\/v2\/media?parent=463473"}],"wp:term":[{"taxonomy":"category","embeddable":true,"href":"https:\/\/portaltela.pt\/api\/wp\/v2\/categories?post=463473"},{"taxonomy":"post_tag","embeddable":true,"href":"https:\/\/portaltela.pt\/api\/wp\/v2\/tags?post=463473"}],"curies":[{"name":"wp","href":"https:\/\/api.w.org\/{rel}","templated":true}]}}