{"id":463472,"date":"2026-05-01T04:47:56","date_gmt":"2026-05-01T07:47:56","guid":{"rendered":"https:\/\/portaltela.pt\/noticias\/2026\/05\/01\/sns-24-emitiu-15-milhoes-de-autobaixas-em-tres-anos\/"},"modified":"2026-05-01T04:47:56","modified_gmt":"2026-05-01T07:47:56","slug":"sns-24-emitiu-15-milhoes-de-autobaixas-em-tres-anos","status":"publish","type":"post","link":"https:\/\/portaltela.pt\/saude\/2026\/05\/01\/sns-24-emitiu-15-milhoes-de-autobaixas-em-tres-anos\/","title":{"rendered":"SNS 24 emitiu 1,5 milh\u00f5es de autobaixas em tr\u00eas anos"},"content":{"rendered":"<p>O SNS 24 emitiu, entre 1 de maio de 2023 e 31 de mar\u00e7o de 2026, cerca de 1,425 milh\u00f5es de autodeclara\u00e7\u00f5es de doen\u00e7a (ADD). Multicanalidade marca as solicita\u00e7\u00f5es, com a App e o Portal a serem os meios preferenciais para pedir a declara\u00e7\u00e3o.<\/p>\n<p>Desde o in\u00edcio da medida, registou-se um crescimento constante. Em 2023 foram emitidas 264.039 ADD, em 2024 chegaram a 462.284 e em 2025 atingiram 539.251. At\u00e9 31 de mar\u00e7o de 2026, as ADD somavam 159.091, com uma m\u00e9dia di\u00e1ria de 1.790.<\/p>\n<p>A an\u00e1lise mensal revela maior procura no inverno, com janeiro de 2025 a alcan\u00e7ar 67.300 pedidos, seguido por dezembro de 2025 (65.919) e janeiro de 2026 (64.334). Os valores mais baixos ocorreram em junho de 2023 (25.365) e agosto de 2024 (27.463).<\/p>\n<h3>Doen\u00e7a ligeira<\/h3>\n<p>Os SMPS sublinham que a autodeclara\u00e7\u00e3o facilita a justifica\u00e7\u00e3o de aus\u00eancias por doen\u00e7a leve, reduzindo desloca\u00e7\u00f5es aos cuidados de sa\u00fade prim\u00e1rios e libertando recursos do SNS. A medida foi coordenada pela Dire\u00e7\u00e3o Executiva do SNS, em articula\u00e7\u00e3o com o Minist\u00e9rio do Trabalho, Solidariedade e Seguran\u00e7a Social, com apoio operacional dos SPMS.<\/p>\n<p>Nuno Jacinto, presidente da Associa\u00e7\u00e3o Portuguesa dos M\u00e9dicos de Medicina Geral e Familiar, destacou \u00e0 Lusa a import\u00e2ncia da medida, dizendo que refor\u00e7a a autonomia dos utentes na gest\u00e3o de situa\u00e7\u00f5es de doen\u00e7a ligeira. A autodeclara\u00e7\u00e3o tamb\u00e9m elimina procedimentos administrativos que, em muitos casos, eram feitos pelos cuidados de sa\u00fade prim\u00e1rios.<\/p>\n<p>Apesar de algumas situa\u00e7\u00f5es ainda ocorrerem \u2014 por j\u00e1 se ter atingido o limite, por esquecimento ou por n\u00e3o utiliza\u00e7\u00e3o do mecanismo \u2014 os profissionais indicam menor frequ\u00eancia. Cada consulta poupada permite atendimento a situa\u00e7\u00f5es agudas, vigil\u00e2ncia de doentes cr\u00f3nicos e outros servi\u00e7os m\u00e9dicos.<\/p>\n<p>Segundo o respons\u00e1vel, existem aspetos a melhorar, sobretudo um mecanismo de cruzamento de dados para evitar que o utente tenha de reiniciar o processo ap\u00f3s tr\u00eas dias, quando a baixa \u00e9 ainda necess\u00e1ria. Contudo, a avalia\u00e7\u00e3o geral permanece positiva e a medida \u00e9 defendida como v\u00e1lida e necess\u00e1ria.<\/p>\n","protected":false},"excerpt":{"rendered":"<ul>\n<li>Entre 1 de maio de 2023 e 31 de mar\u00e7o de 2026, o SNS 24 emitiu 1.424.665 autodeclara\u00e7\u00f5es de doen\u00e7a (ADD), com a App e o Portal a serem os canais preferenciais para as solicita\u00e7\u00f5es.<\/li>\n<li>Perto de 284 mil utentes atingiram o limite de duas baixas at\u00e9 tr\u00eas dias por ano desde o in\u00edcio da medida.<\/li>\n<li>Totais por ano: 2023 (1 de maio a 31 de dezembro) foram 264.039 ADD; 2024, 462.284; 2025, 539.251; at\u00e9 31 de mar\u00e7o de 2026 j\u00e1 v\u00e3o 159.091 neste ano.<\/li>\n<li>M\u00e9dia di\u00e1ria de ADD at\u00e9 31 de mar\u00e7o de 2026 \u00e9 de 1.790 pedidos; os meses de inverno registam mais pedidos, com janeiro de 2025 a contabilizar 67.300 e dezembro de 2025 a 65.919, seguidos de janeiro de 2026 com 64.334.<\/li>\n<li>A medida visa facilitar a justifica\u00e7\u00e3o de aus\u00eancia por doen\u00e7a ligeira, reduzindo desloca\u00e7\u00f5es aos cuidados de sa\u00fade prim\u00e1rios e libertando recursos do SNS; a associa\u00e7\u00e3o de m\u00e9dicos valoriza a autonomia dos utentes e sugere melhorias no cruzamento de dados para evitar reiniciar processos.<\/li>\n<\/ul>\n","protected":false},"author":2,"featured_media":463474,"comment_status":"closed","ping_status":"closed","sticky":false,"template":"","format":"standard","meta":{"footnotes":""},"categories":[1,6745],"tags":[8322,7954,7889,7895,8385,7930],"class_list":["post-463472","post","type-post","status-publish","format-standard","has-post-thumbnail","hentry","category-noticias","category-saude","tag-_assistencia-social","tag-_doenca","tag-_saude","tag-_seguranca-social","tag-_sns","tag-_trabalho"],"yoast_head":"<!-- This site is optimized with the Yoast SEO plugin v27.2 - https:\/\/yoast.com\/product\/yoast-seo-wordpress\/ -->\n<title>SNS 24 emitiu 1,5 milh\u00f5es de autobaixas em tr\u00eas anos - Portal Tela Portugal<\/title>\n<meta name=\"robots\" content=\"index, follow, max-snippet:-1, max-image-preview:large, max-video-preview:-1\" \/>\n<meta property=\"og:locale\" content=\"pt_PT\" \/>\n<meta property=\"og:type\" content=\"article\" \/>\n<meta property=\"og:title\" content=\"SNS 24 emitiu 1,5 milh\u00f5es de autobaixas em tr\u00eas anos - Portal Tela Portugal\" \/>\n<meta property=\"og:description\" content=\"Entre 1 de maio de 2023 e 31 de mar\u00e7o de 2026, o SNS 24 emitiu 1.424.665 autodeclara\u00e7\u00f5es de doen\u00e7a (ADD), com a App e o Portal a serem os canais preferenciais para as solicita\u00e7\u00f5es. Perto de 284 mil utentes atingiram o limite de duas baixas at\u00e9 tr\u00eas dias por ano desde o in\u00edcio da medida. Totais por ano: 2023 (1 de maio a 31 de dezembro) foram 264.039 ADD; 2024, 462.284; 2025, 539.251; at\u00e9 31 de mar\u00e7o de 2026 j\u00e1 v\u00e3o 159.091 neste ano. M\u00e9dia di\u00e1ria de ADD at\u00e9 31 de mar\u00e7o de 2026 \u00e9 de 1.790 pedidos; os meses de inverno registam mais pedidos, com janeiro de 2025 a contabilizar 67.300 e dezembro de 2025 a 65.919, seguidos de janeiro de 2026 com 64.334. A medida visa facilitar a justifica\u00e7\u00e3o de aus\u00eancia por doen\u00e7a ligeira, reduzindo desloca\u00e7\u00f5es aos cuidados de sa\u00fade prim\u00e1rios e libertando recursos do SNS; a associa\u00e7\u00e3o de m\u00e9dicos valoriza a autonomia dos utentes e sugere melhorias no cruzamento de dados para evitar reiniciar processos.\" \/>\n<meta property=\"og:url\" content=\"https:\/\/portaltela.pt\/noticias\/2026\/05\/01\/sns-24-emitiu-15-milhoes-de-autobaixas-em-tres-anos\/\" \/>\n<meta property=\"og:site_name\" content=\"Portal Tela Portugal\" \/>\n<meta property=\"article:published_time\" content=\"2026-05-01T07:47:56+00:00\" \/>\n<meta name=\"author\" content=\"Telinha\" \/>\n<meta name=\"twitter:card\" content=\"summary_large_image\" \/>\n<meta name=\"twitter:label1\" content=\"Escrito por\" \/>\n\t<meta name=\"twitter:data1\" content=\"Telinha\" \/>\n\t<meta name=\"twitter:label2\" content=\"Tempo estimado de leitura\" \/>\n\t<meta name=\"twitter:data2\" content=\"2 minutos\" \/>\n<script type=\"application\/ld+json\" class=\"yoast-schema-graph\">{\"@context\":\"https:\/\/schema.org\",\"@graph\":[{\"@type\":\"Article\",\"@id\":\"https:\/\/portaltela.pt\/noticias\/2026\/05\/01\/sns-24-emitiu-15-milhoes-de-autobaixas-em-tres-anos\/#article\",\"isPartOf\":{\"@id\":\"https:\/\/portaltela.pt\/noticias\/2026\/05\/01\/sns-24-emitiu-15-milhoes-de-autobaixas-em-tres-anos\/\"},\"author\":{\"name\":\"Telinha\",\"@id\":\"https:\/\/portaltela.pt\/#\/schema\/person\/c4278d4a6028830caff9ee44b42d32ed\"},\"headline\":\"SNS 24 emitiu 1,5 milh\u00f5es de autobaixas em tr\u00eas anos\",\"datePublished\":\"2026-05-01T07:47:56+00:00\",\"mainEntityOfPage\":{\"@id\":\"https:\/\/portaltela.pt\/noticias\/2026\/05\/01\/sns-24-emitiu-15-milhoes-de-autobaixas-em-tres-anos\/\"},\"wordCount\":353,\"image\":{\"@id\":\"https:\/\/portaltela.pt\/noticias\/2026\/05\/01\/sns-24-emitiu-15-milhoes-de-autobaixas-em-tres-anos\/#primaryimage\"},\"thumbnailUrl\":\"https:\/\/portaltela.pt\/s.01k8rhncp4jt1\/2026\/05\/image-4.jpg\",\"keywords\":[\"_assist\u00eancia social\",\"_doen\u00e7a\",\"_sa\u00fade\",\"_seguran\u00e7a social\",\"_SNS\",\"_trabalho\"],\"articleSection\":[\"Not\u00edcias\",\"Sa\u00fade\"],\"inLanguage\":\"pt-PT\"},{\"@type\":\"WebPage\",\"@id\":\"https:\/\/portaltela.pt\/noticias\/2026\/05\/01\/sns-24-emitiu-15-milhoes-de-autobaixas-em-tres-anos\/\",\"url\":\"https:\/\/portaltela.pt\/noticias\/2026\/05\/01\/sns-24-emitiu-15-milhoes-de-autobaixas-em-tres-anos\/\",\"name\":\"SNS 24 emitiu 1,5 milh\u00f5es de autobaixas em tr\u00eas anos - Portal Tela Portugal\",\"isPartOf\":{\"@id\":\"https:\/\/portaltela.pt\/#website\"},\"primaryImageOfPage\":{\"@id\":\"https:\/\/portaltela.pt\/noticias\/2026\/05\/01\/sns-24-emitiu-15-milhoes-de-autobaixas-em-tres-anos\/#primaryimage\"},\"image\":{\"@id\":\"https:\/\/portaltela.pt\/noticias\/2026\/05\/01\/sns-24-emitiu-15-milhoes-de-autobaixas-em-tres-anos\/#primaryimage\"},\"thumbnailUrl\":\"https:\/\/portaltela.pt\/s.01k8rhncp4jt1\/2026\/05\/image-4.jpg\",\"datePublished\":\"2026-05-01T07:47:56+00:00\",\"author\":{\"@id\":\"https:\/\/portaltela.pt\/#\/schema\/person\/c4278d4a6028830caff9ee44b42d32ed\"},\"breadcrumb\":{\"@id\":\"https:\/\/portaltela.pt\/noticias\/2026\/05\/01\/sns-24-emitiu-15-milhoes-de-autobaixas-em-tres-anos\/#breadcrumb\"},\"inLanguage\":\"pt-PT\",\"potentialAction\":[{\"@type\":\"ReadAction\",\"target\":[\"https:\/\/portaltela.pt\/noticias\/2026\/05\/01\/sns-24-emitiu-15-milhoes-de-autobaixas-em-tres-anos\/\"]}]},{\"@type\":\"ImageObject\",\"inLanguage\":\"pt-PT\",\"@id\":\"https:\/\/portaltela.pt\/noticias\/2026\/05\/01\/sns-24-emitiu-15-milhoes-de-autobaixas-em-tres-anos\/#primaryimage\",\"url\":\"https:\/\/portaltela.pt\/s.01k8rhncp4jt1\/2026\/05\/image-4.jpg\",\"contentUrl\":\"https:\/\/portaltela.pt\/s.01k8rhncp4jt1\/2026\/05\/image-4.jpg\",\"width\":796,\"height\":448,\"caption\":\"M\u00e9dia de 1790 declara\u00e7\u00f5es por dia este ano\"},{\"@type\":\"BreadcrumbList\",\"@id\":\"https:\/\/portaltela.pt\/noticias\/2026\/05\/01\/sns-24-emitiu-15-milhoes-de-autobaixas-em-tres-anos\/#breadcrumb\",\"itemListElement\":[{\"@type\":\"ListItem\",\"position\":1,\"name\":\"In\u00edcio\",\"item\":\"https:\/\/portaltela.pt\/\"},{\"@type\":\"ListItem\",\"position\":2,\"name\":\"SNS 24 emitiu 1,5 milh\u00f5es de autobaixas em tr\u00eas anos\"}]},{\"@type\":\"WebSite\",\"@id\":\"https:\/\/portaltela.pt\/#website\",\"url\":\"https:\/\/portaltela.pt\/\",\"name\":\"Portal Tela Portugal\",\"description\":\"\",\"potentialAction\":[{\"@type\":\"SearchAction\",\"target\":{\"@type\":\"EntryPoint\",\"urlTemplate\":\"https:\/\/portaltela.pt\/?s={search_term_string}\"},\"query-input\":{\"@type\":\"PropertyValueSpecification\",\"valueRequired\":true,\"valueName\":\"search_term_string\"}}],\"inLanguage\":\"pt-PT\"},{\"@type\":\"Person\",\"@id\":\"https:\/\/portaltela.pt\/#\/schema\/person\/c4278d4a6028830caff9ee44b42d32ed\",\"name\":\"Telinha\",\"image\":{\"@type\":\"ImageObject\",\"inLanguage\":\"pt-PT\",\"@id\":\"https:\/\/portaltela.pt\/s.01k8rhncp4jt1\/2025\/11\/talking-bot-125x125.png\",\"url\":\"https:\/\/portaltela.pt\/s.01k8rhncp4jt1\/2025\/11\/talking-bot-125x125.png\",\"contentUrl\":\"https:\/\/portaltela.pt\/s.01k8rhncp4jt1\/2025\/11\/talking-bot-125x125.png\",\"caption\":\"Telinha\"},\"sameAs\":[\"https:\/\/portaltela.pt\/\"],\"url\":\"https:\/\/portaltela.pt\/por\/367410592786\/\"}]}<\/script>\n<!-- \/ Yoast SEO plugin. -->","yoast_head_json":{"title":"SNS 24 emitiu 1,5 milh\u00f5es de autobaixas em tr\u00eas anos - Portal Tela Portugal","robots":{"index":"index","follow":"follow","max-snippet":"max-snippet:-1","max-image-preview":"max-image-preview:large","max-video-preview":"max-video-preview:-1"},"og_locale":"pt_PT","og_type":"article","og_title":"SNS 24 emitiu 1,5 milh\u00f5es de autobaixas em tr\u00eas anos - Portal Tela Portugal","og_description":"Entre 1 de maio de 2023 e 31 de mar\u00e7o de 2026, o SNS 24 emitiu 1.424.665 autodeclara\u00e7\u00f5es de doen\u00e7a (ADD), com a App e o Portal a serem os canais preferenciais para as solicita\u00e7\u00f5es. Perto de 284 mil utentes atingiram o limite de duas baixas at\u00e9 tr\u00eas dias por ano desde o in\u00edcio da medida. Totais por ano: 2023 (1 de maio a 31 de dezembro) foram 264.039 ADD; 2024, 462.284; 2025, 539.251; at\u00e9 31 de mar\u00e7o de 2026 j\u00e1 v\u00e3o 159.091 neste ano. M\u00e9dia di\u00e1ria de ADD at\u00e9 31 de mar\u00e7o de 2026 \u00e9 de 1.790 pedidos; os meses de inverno registam mais pedidos, com janeiro de 2025 a contabilizar 67.300 e dezembro de 2025 a 65.919, seguidos de janeiro de 2026 com 64.334. A medida visa facilitar a justifica\u00e7\u00e3o de aus\u00eancia por doen\u00e7a ligeira, reduzindo desloca\u00e7\u00f5es aos cuidados de sa\u00fade prim\u00e1rios e libertando recursos do SNS; a associa\u00e7\u00e3o de m\u00e9dicos valoriza a autonomia dos utentes e sugere melhorias no cruzamento de dados para evitar reiniciar processos.","og_url":"https:\/\/portaltela.pt\/noticias\/2026\/05\/01\/sns-24-emitiu-15-milhoes-de-autobaixas-em-tres-anos\/","og_site_name":"Portal Tela Portugal","article_published_time":"2026-05-01T07:47:56+00:00","author":"Telinha","twitter_card":"summary_large_image","twitter_misc":{"Escrito por":"Telinha","Tempo estimado de leitura":"2 minutos"},"schema":{"@context":"https:\/\/schema.org","@graph":[{"@type":"Article","@id":"https:\/\/portaltela.pt\/noticias\/2026\/05\/01\/sns-24-emitiu-15-milhoes-de-autobaixas-em-tres-anos\/#article","isPartOf":{"@id":"https:\/\/portaltela.pt\/noticias\/2026\/05\/01\/sns-24-emitiu-15-milhoes-de-autobaixas-em-tres-anos\/"},"author":{"name":"Telinha","@id":"https:\/\/portaltela.pt\/#\/schema\/person\/c4278d4a6028830caff9ee44b42d32ed"},"headline":"SNS 24 emitiu 1,5 milh\u00f5es de autobaixas em tr\u00eas anos","datePublished":"2026-05-01T07:47:56+00:00","mainEntityOfPage":{"@id":"https:\/\/portaltela.pt\/noticias\/2026\/05\/01\/sns-24-emitiu-15-milhoes-de-autobaixas-em-tres-anos\/"},"wordCount":353,"image":{"@id":"https:\/\/portaltela.pt\/noticias\/2026\/05\/01\/sns-24-emitiu-15-milhoes-de-autobaixas-em-tres-anos\/#primaryimage"},"thumbnailUrl":"https:\/\/portaltela.pt\/s.01k8rhncp4jt1\/2026\/05\/image-4.jpg","keywords":["_assist\u00eancia social","_doen\u00e7a","_sa\u00fade","_seguran\u00e7a social","_SNS","_trabalho"],"articleSection":["Not\u00edcias","Sa\u00fade"],"inLanguage":"pt-PT"},{"@type":"WebPage","@id":"https:\/\/portaltela.pt\/noticias\/2026\/05\/01\/sns-24-emitiu-15-milhoes-de-autobaixas-em-tres-anos\/","url":"https:\/\/portaltela.pt\/noticias\/2026\/05\/01\/sns-24-emitiu-15-milhoes-de-autobaixas-em-tres-anos\/","name":"SNS 24 emitiu 1,5 milh\u00f5es de autobaixas em tr\u00eas anos - Portal Tela Portugal","isPartOf":{"@id":"https:\/\/portaltela.pt\/#website"},"primaryImageOfPage":{"@id":"https:\/\/portaltela.pt\/noticias\/2026\/05\/01\/sns-24-emitiu-15-milhoes-de-autobaixas-em-tres-anos\/#primaryimage"},"image":{"@id":"https:\/\/portaltela.pt\/noticias\/2026\/05\/01\/sns-24-emitiu-15-milhoes-de-autobaixas-em-tres-anos\/#primaryimage"},"thumbnailUrl":"https:\/\/portaltela.pt\/s.01k8rhncp4jt1\/2026\/05\/image-4.jpg","datePublished":"2026-05-01T07:47:56+00:00","author":{"@id":"https:\/\/portaltela.pt\/#\/schema\/person\/c4278d4a6028830caff9ee44b42d32ed"},"breadcrumb":{"@id":"https:\/\/portaltela.pt\/noticias\/2026\/05\/01\/sns-24-emitiu-15-milhoes-de-autobaixas-em-tres-anos\/#breadcrumb"},"inLanguage":"pt-PT","potentialAction":[{"@type":"ReadAction","target":["https:\/\/portaltela.pt\/noticias\/2026\/05\/01\/sns-24-emitiu-15-milhoes-de-autobaixas-em-tres-anos\/"]}]},{"@type":"ImageObject","inLanguage":"pt-PT","@id":"https:\/\/portaltela.pt\/noticias\/2026\/05\/01\/sns-24-emitiu-15-milhoes-de-autobaixas-em-tres-anos\/#primaryimage","url":"https:\/\/portaltela.pt\/s.01k8rhncp4jt1\/2026\/05\/image-4.jpg","contentUrl":"https:\/\/portaltela.pt\/s.01k8rhncp4jt1\/2026\/05\/image-4.jpg","width":796,"height":448,"caption":"M\u00e9dia de 1790 declara\u00e7\u00f5es por dia este ano"},{"@type":"BreadcrumbList","@id":"https:\/\/portaltela.pt\/noticias\/2026\/05\/01\/sns-24-emitiu-15-milhoes-de-autobaixas-em-tres-anos\/#breadcrumb","itemListElement":[{"@type":"ListItem","position":1,"name":"In\u00edcio","item":"https:\/\/portaltela.pt\/"},{"@type":"ListItem","position":2,"name":"SNS 24 emitiu 1,5 milh\u00f5es de autobaixas em tr\u00eas anos"}]},{"@type":"WebSite","@id":"https:\/\/portaltela.pt\/#website","url":"https:\/\/portaltela.pt\/","name":"Portal Tela Portugal","description":"","potentialAction":[{"@type":"SearchAction","target":{"@type":"EntryPoint","urlTemplate":"https:\/\/portaltela.pt\/?s={search_term_string}"},"query-input":{"@type":"PropertyValueSpecification","valueRequired":true,"valueName":"search_term_string"}}],"inLanguage":"pt-PT"},{"@type":"Person","@id":"https:\/\/portaltela.pt\/#\/schema\/person\/c4278d4a6028830caff9ee44b42d32ed","name":"Telinha","image":{"@type":"ImageObject","inLanguage":"pt-PT","@id":"https:\/\/portaltela.pt\/s.01k8rhncp4jt1\/2025\/11\/talking-bot-125x125.png","url":"https:\/\/portaltela.pt\/s.01k8rhncp4jt1\/2025\/11\/talking-bot-125x125.png","contentUrl":"https:\/\/portaltela.pt\/s.01k8rhncp4jt1\/2025\/11\/talking-bot-125x125.png","caption":"Telinha"},"sameAs":["https:\/\/portaltela.pt\/"],"url":"https:\/\/portaltela.pt\/por\/367410592786\/"}]}},"_links":{"self":[{"href":"https:\/\/portaltela.pt\/api\/wp\/v2\/posts\/463472","targetHints":{"allow":["GET"]}}],"collection":[{"href":"https:\/\/portaltela.pt\/api\/wp\/v2\/posts"}],"about":[{"href":"https:\/\/portaltela.pt\/api\/wp\/v2\/types\/post"}],"author":[{"embeddable":true,"href":"https:\/\/portaltela.pt\/api\/wp\/v2\/users\/2"}],"replies":[{"embeddable":true,"href":"https:\/\/portaltela.pt\/api\/wp\/v2\/comments?post=463472"}],"version-history":[{"count":0,"href":"https:\/\/portaltela.pt\/api\/wp\/v2\/posts\/463472\/revisions"}],"wp:featuredmedia":[{"embeddable":true,"href":"https:\/\/portaltela.pt\/api\/wp\/v2\/media\/463474"}],"wp:attachment":[{"href":"https:\/\/portaltela.pt\/api\/wp\/v2\/media?parent=463472"}],"wp:term":[{"taxonomy":"category","embeddable":true,"href":"https:\/\/portaltela.pt\/api\/wp\/v2\/categories?post=463472"},{"taxonomy":"post_tag","embeddable":true,"href":"https:\/\/portaltela.pt\/api\/wp\/v2\/tags?post=463472"}],"curies":[{"name":"wp","href":"https:\/\/api.w.org\/{rel}","templated":true}]}}