{"id":463468,"date":"2026-05-01T04:47:53","date_gmt":"2026-05-01T07:47:53","guid":{"rendered":"https:\/\/portaltela.pt\/noticias\/2026\/05\/01\/dupla-detida-pela-psp-por-espalhar-terror-em-varios-assaltos-no-grande-porto\/"},"modified":"2026-05-01T04:47:53","modified_gmt":"2026-05-01T07:47:53","slug":"dupla-detida-pela-psp-por-espalhar-terror-em-varios-assaltos-no-grande-porto","status":"publish","type":"post","link":"https:\/\/portaltela.pt\/policia\/2026\/05\/01\/dupla-detida-pela-psp-por-espalhar-terror-em-varios-assaltos-no-grande-porto\/","title":{"rendered":"Dupla detida pela PSP por espalhar terror em v\u00e1rios assaltos no Grande Porto"},"content":{"rendered":"<p>A PSP deteve dois homens, com 32 e 41 anos, no Grande Porto, suspeitos de espalhar terror atrav\u00e9s de v\u00e1rios assaltos. Os indiv\u00edduos foram surpreendidos no interior de um ve\u00edculo que constava como furtado. Ficaram em pris\u00e3o preventiva.<\/p>\n<p>A opera\u00e7\u00e3o ocorreu no \u00e2mbito das dilig\u00eancias da PSP para apurar a sequ\u00eancia de crimes na regi\u00e3o. O ve\u00edculo foi apreendido e os dois suspeitos foram encaminhados \u00e0s autoridades competentes para os respetivos procedimentos legais.<\/p>\n<p>Segundo a PSP, as investiga\u00e7\u00f5es continuam para esclarecer a liga\u00e7\u00e3o entre os crimes e confirmar a eventual participa\u00e7\u00e3o dos detidos em outros incidentes. N\u00e3o foram avan\u00e7ados detalhes adicionais sobre as v\u00edtimas ou o montante financeiro.<\/p>\n<p>As autoridades reiteraram que o objetivo \u00e9 garantir a seguran\u00e7a da comunidade e colocar, de forma r\u00e1pida, os respons\u00e1veis perante a justi\u00e7a. Mais informa\u00e7\u00f5es devem ser divulgadas pela institui\u00e7\u00e3o \u00e0 medida que a investiga\u00e7\u00e3o evolua.<\/p>\n","protected":false},"excerpt":{"rendered":"<ul>\n<li>A PSP deteve uma dupla, de 32 e 41 anos, suspeita de realizar v\u00e1rios assaltos que espalharam medo no Grande Porto.<\/li>\n<li>Os suspeitos foram surpreendidos no interior de um carro que constava como furtado.<\/li>\n<li>Foram colocados em pris\u00e3o preventiva.<\/li>\n<\/ul>\n","protected":false},"author":2,"featured_media":463471,"comment_status":"closed","ping_status":"closed","sticky":false,"template":"","format":"standard","meta":{"footnotes":""},"categories":[6907,6781],"tags":[8024,7921,8408,8088,8041,7878],"class_list":["post-463468","post","type-post","status-publish","format-standard","has-post-thumbnail","hentry","category-crime","category-policia","tag-_assaltos","tag-_crime","tag-_grande-porto","tag-_porto","tag-_psp","tag-_seguranca-publica"],"yoast_head":"<!-- This site is optimized with the Yoast SEO plugin v27.2 - https:\/\/yoast.com\/product\/yoast-seo-wordpress\/ -->\n<title>Dupla detida pela PSP por espalhar terror em v\u00e1rios assaltos no Grande Porto - Portal Tela Portugal<\/title>\n<meta name=\"robots\" content=\"index, follow, max-snippet:-1, max-image-preview:large, max-video-preview:-1\" \/>\n<meta property=\"og:locale\" content=\"pt_PT\" \/>\n<meta property=\"og:type\" content=\"article\" \/>\n<meta property=\"og:title\" content=\"Dupla detida pela PSP por espalhar terror em v\u00e1rios assaltos no Grande Porto - Portal Tela Portugal\" \/>\n<meta property=\"og:description\" content=\"A PSP deteve uma dupla, de 32 e 41 anos, suspeita de realizar v\u00e1rios assaltos que espalharam medo no Grande Porto. Os suspeitos foram surpreendidos no interior de um carro que constava como furtado. Foram colocados em pris\u00e3o preventiva.\" \/>\n<meta property=\"og:url\" content=\"https:\/\/portaltela.pt\/noticias\/2026\/05\/01\/dupla-detida-pela-psp-por-espalhar-terror-em-varios-assaltos-no-grande-porto\/\" \/>\n<meta property=\"og:site_name\" content=\"Portal Tela Portugal\" \/>\n<meta property=\"article:published_time\" content=\"2026-05-01T07:47:53+00:00\" \/>\n<meta name=\"author\" content=\"Telinha\" \/>\n<meta name=\"twitter:card\" content=\"summary_large_image\" \/>\n<meta name=\"twitter:label1\" content=\"Escrito por\" \/>\n\t<meta name=\"twitter:data1\" content=\"Telinha\" \/>\n\t<meta name=\"twitter:label2\" content=\"Tempo estimado de leitura\" \/>\n\t<meta name=\"twitter:data2\" content=\"1 minuto\" \/>\n<script type=\"application\/ld+json\" class=\"yoast-schema-graph\">{\"@context\":\"https:\/\/schema.org\",\"@graph\":[{\"@type\":\"Article\",\"@id\":\"https:\/\/portaltela.pt\/noticias\/2026\/05\/01\/dupla-detida-pela-psp-por-espalhar-terror-em-varios-assaltos-no-grande-porto\/#article\",\"isPartOf\":{\"@id\":\"https:\/\/portaltela.pt\/noticias\/2026\/05\/01\/dupla-detida-pela-psp-por-espalhar-terror-em-varios-assaltos-no-grande-porto\/\"},\"author\":{\"name\":\"Telinha\",\"@id\":\"https:\/\/portaltela.pt\/#\/schema\/person\/c4278d4a6028830caff9ee44b42d32ed\"},\"headline\":\"Dupla detida pela PSP por espalhar terror em v\u00e1rios assaltos no Grande Porto\",\"datePublished\":\"2026-05-01T07:47:53+00:00\",\"mainEntityOfPage\":{\"@id\":\"https:\/\/portaltela.pt\/noticias\/2026\/05\/01\/dupla-detida-pela-psp-por-espalhar-terror-em-varios-assaltos-no-grande-porto\/\"},\"wordCount\":176,\"image\":{\"@id\":\"https:\/\/portaltela.pt\/noticias\/2026\/05\/01\/dupla-detida-pela-psp-por-espalhar-terror-em-varios-assaltos-no-grande-porto\/#primaryimage\"},\"thumbnailUrl\":\"https:\/\/portaltela.pt\/s.01k8rhncp4jt1\/2026\/05\/img_1280x722uu2026-05-01-08-38-00-2282160.jpg\",\"keywords\":[\"_assaltos\",\"_crime\",\"_Grande Porto\",\"_Porto\",\"_PSP\",\"_seguran\u00e7a p\u00fablica\"],\"articleSection\":[\"Crime\",\"Pol\u00edcia\"],\"inLanguage\":\"pt-PT\"},{\"@type\":\"WebPage\",\"@id\":\"https:\/\/portaltela.pt\/noticias\/2026\/05\/01\/dupla-detida-pela-psp-por-espalhar-terror-em-varios-assaltos-no-grande-porto\/\",\"url\":\"https:\/\/portaltela.pt\/noticias\/2026\/05\/01\/dupla-detida-pela-psp-por-espalhar-terror-em-varios-assaltos-no-grande-porto\/\",\"name\":\"Dupla detida pela PSP por espalhar terror em v\u00e1rios assaltos no Grande Porto - Portal Tela Portugal\",\"isPartOf\":{\"@id\":\"https:\/\/portaltela.pt\/#website\"},\"primaryImageOfPage\":{\"@id\":\"https:\/\/portaltela.pt\/noticias\/2026\/05\/01\/dupla-detida-pela-psp-por-espalhar-terror-em-varios-assaltos-no-grande-porto\/#primaryimage\"},\"image\":{\"@id\":\"https:\/\/portaltela.pt\/noticias\/2026\/05\/01\/dupla-detida-pela-psp-por-espalhar-terror-em-varios-assaltos-no-grande-porto\/#primaryimage\"},\"thumbnailUrl\":\"https:\/\/portaltela.pt\/s.01k8rhncp4jt1\/2026\/05\/img_1280x722uu2026-05-01-08-38-00-2282160.jpg\",\"datePublished\":\"2026-05-01T07:47:53+00:00\",\"author\":{\"@id\":\"https:\/\/portaltela.pt\/#\/schema\/person\/c4278d4a6028830caff9ee44b42d32ed\"},\"breadcrumb\":{\"@id\":\"https:\/\/portaltela.pt\/noticias\/2026\/05\/01\/dupla-detida-pela-psp-por-espalhar-terror-em-varios-assaltos-no-grande-porto\/#breadcrumb\"},\"inLanguage\":\"pt-PT\",\"potentialAction\":[{\"@type\":\"ReadAction\",\"target\":[\"https:\/\/portaltela.pt\/noticias\/2026\/05\/01\/dupla-detida-pela-psp-por-espalhar-terror-em-varios-assaltos-no-grande-porto\/\"]}]},{\"@type\":\"ImageObject\",\"inLanguage\":\"pt-PT\",\"@id\":\"https:\/\/portaltela.pt\/noticias\/2026\/05\/01\/dupla-detida-pela-psp-por-espalhar-terror-em-varios-assaltos-no-grande-porto\/#primaryimage\",\"url\":\"https:\/\/portaltela.pt\/s.01k8rhncp4jt1\/2026\/05\/img_1280x722uu2026-05-01-08-38-00-2282160.jpg\",\"contentUrl\":\"https:\/\/portaltela.pt\/s.01k8rhncp4jt1\/2026\/05\/img_1280x722uu2026-05-01-08-38-00-2282160.jpg\",\"width\":796,\"height\":448,\"caption\":\"Photo\"},{\"@type\":\"BreadcrumbList\",\"@id\":\"https:\/\/portaltela.pt\/noticias\/2026\/05\/01\/dupla-detida-pela-psp-por-espalhar-terror-em-varios-assaltos-no-grande-porto\/#breadcrumb\",\"itemListElement\":[{\"@type\":\"ListItem\",\"position\":1,\"name\":\"In\u00edcio\",\"item\":\"https:\/\/portaltela.pt\/\"},{\"@type\":\"ListItem\",\"position\":2,\"name\":\"Dupla detida pela PSP por espalhar terror em v\u00e1rios assaltos no Grande Porto\"}]},{\"@type\":\"WebSite\",\"@id\":\"https:\/\/portaltela.pt\/#website\",\"url\":\"https:\/\/portaltela.pt\/\",\"name\":\"Portal Tela Portugal\",\"description\":\"\",\"potentialAction\":[{\"@type\":\"SearchAction\",\"target\":{\"@type\":\"EntryPoint\",\"urlTemplate\":\"https:\/\/portaltela.pt\/?s={search_term_string}\"},\"query-input\":{\"@type\":\"PropertyValueSpecification\",\"valueRequired\":true,\"valueName\":\"search_term_string\"}}],\"inLanguage\":\"pt-PT\"},{\"@type\":\"Person\",\"@id\":\"https:\/\/portaltela.pt\/#\/schema\/person\/c4278d4a6028830caff9ee44b42d32ed\",\"name\":\"Telinha\",\"image\":{\"@type\":\"ImageObject\",\"inLanguage\":\"pt-PT\",\"@id\":\"https:\/\/portaltela.pt\/s.01k8rhncp4jt1\/2025\/11\/talking-bot-125x125.png\",\"url\":\"https:\/\/portaltela.pt\/s.01k8rhncp4jt1\/2025\/11\/talking-bot-125x125.png\",\"contentUrl\":\"https:\/\/portaltela.pt\/s.01k8rhncp4jt1\/2025\/11\/talking-bot-125x125.png\",\"caption\":\"Telinha\"},\"sameAs\":[\"https:\/\/portaltela.pt\/\"],\"url\":\"https:\/\/portaltela.pt\/por\/367410592786\/\"}]}<\/script>\n<!-- \/ Yoast SEO plugin. -->","yoast_head_json":{"title":"Dupla detida pela PSP por espalhar terror em v\u00e1rios assaltos no Grande Porto - Portal Tela Portugal","robots":{"index":"index","follow":"follow","max-snippet":"max-snippet:-1","max-image-preview":"max-image-preview:large","max-video-preview":"max-video-preview:-1"},"og_locale":"pt_PT","og_type":"article","og_title":"Dupla detida pela PSP por espalhar terror em v\u00e1rios assaltos no Grande Porto - Portal Tela Portugal","og_description":"A PSP deteve uma dupla, de 32 e 41 anos, suspeita de realizar v\u00e1rios assaltos que espalharam medo no Grande Porto. Os suspeitos foram surpreendidos no interior de um carro que constava como furtado. Foram colocados em pris\u00e3o preventiva.","og_url":"https:\/\/portaltela.pt\/noticias\/2026\/05\/01\/dupla-detida-pela-psp-por-espalhar-terror-em-varios-assaltos-no-grande-porto\/","og_site_name":"Portal Tela Portugal","article_published_time":"2026-05-01T07:47:53+00:00","author":"Telinha","twitter_card":"summary_large_image","twitter_misc":{"Escrito por":"Telinha","Tempo estimado de leitura":"1 minuto"},"schema":{"@context":"https:\/\/schema.org","@graph":[{"@type":"Article","@id":"https:\/\/portaltela.pt\/noticias\/2026\/05\/01\/dupla-detida-pela-psp-por-espalhar-terror-em-varios-assaltos-no-grande-porto\/#article","isPartOf":{"@id":"https:\/\/portaltela.pt\/noticias\/2026\/05\/01\/dupla-detida-pela-psp-por-espalhar-terror-em-varios-assaltos-no-grande-porto\/"},"author":{"name":"Telinha","@id":"https:\/\/portaltela.pt\/#\/schema\/person\/c4278d4a6028830caff9ee44b42d32ed"},"headline":"Dupla detida pela PSP por espalhar terror em v\u00e1rios assaltos no Grande Porto","datePublished":"2026-05-01T07:47:53+00:00","mainEntityOfPage":{"@id":"https:\/\/portaltela.pt\/noticias\/2026\/05\/01\/dupla-detida-pela-psp-por-espalhar-terror-em-varios-assaltos-no-grande-porto\/"},"wordCount":176,"image":{"@id":"https:\/\/portaltela.pt\/noticias\/2026\/05\/01\/dupla-detida-pela-psp-por-espalhar-terror-em-varios-assaltos-no-grande-porto\/#primaryimage"},"thumbnailUrl":"https:\/\/portaltela.pt\/s.01k8rhncp4jt1\/2026\/05\/img_1280x722uu2026-05-01-08-38-00-2282160.jpg","keywords":["_assaltos","_crime","_Grande Porto","_Porto","_PSP","_seguran\u00e7a p\u00fablica"],"articleSection":["Crime","Pol\u00edcia"],"inLanguage":"pt-PT"},{"@type":"WebPage","@id":"https:\/\/portaltela.pt\/noticias\/2026\/05\/01\/dupla-detida-pela-psp-por-espalhar-terror-em-varios-assaltos-no-grande-porto\/","url":"https:\/\/portaltela.pt\/noticias\/2026\/05\/01\/dupla-detida-pela-psp-por-espalhar-terror-em-varios-assaltos-no-grande-porto\/","name":"Dupla detida pela PSP por espalhar terror em v\u00e1rios assaltos no Grande Porto - Portal Tela Portugal","isPartOf":{"@id":"https:\/\/portaltela.pt\/#website"},"primaryImageOfPage":{"@id":"https:\/\/portaltela.pt\/noticias\/2026\/05\/01\/dupla-detida-pela-psp-por-espalhar-terror-em-varios-assaltos-no-grande-porto\/#primaryimage"},"image":{"@id":"https:\/\/portaltela.pt\/noticias\/2026\/05\/01\/dupla-detida-pela-psp-por-espalhar-terror-em-varios-assaltos-no-grande-porto\/#primaryimage"},"thumbnailUrl":"https:\/\/portaltela.pt\/s.01k8rhncp4jt1\/2026\/05\/img_1280x722uu2026-05-01-08-38-00-2282160.jpg","datePublished":"2026-05-01T07:47:53+00:00","author":{"@id":"https:\/\/portaltela.pt\/#\/schema\/person\/c4278d4a6028830caff9ee44b42d32ed"},"breadcrumb":{"@id":"https:\/\/portaltela.pt\/noticias\/2026\/05\/01\/dupla-detida-pela-psp-por-espalhar-terror-em-varios-assaltos-no-grande-porto\/#breadcrumb"},"inLanguage":"pt-PT","potentialAction":[{"@type":"ReadAction","target":["https:\/\/portaltela.pt\/noticias\/2026\/05\/01\/dupla-detida-pela-psp-por-espalhar-terror-em-varios-assaltos-no-grande-porto\/"]}]},{"@type":"ImageObject","inLanguage":"pt-PT","@id":"https:\/\/portaltela.pt\/noticias\/2026\/05\/01\/dupla-detida-pela-psp-por-espalhar-terror-em-varios-assaltos-no-grande-porto\/#primaryimage","url":"https:\/\/portaltela.pt\/s.01k8rhncp4jt1\/2026\/05\/img_1280x722uu2026-05-01-08-38-00-2282160.jpg","contentUrl":"https:\/\/portaltela.pt\/s.01k8rhncp4jt1\/2026\/05\/img_1280x722uu2026-05-01-08-38-00-2282160.jpg","width":796,"height":448,"caption":"Photo"},{"@type":"BreadcrumbList","@id":"https:\/\/portaltela.pt\/noticias\/2026\/05\/01\/dupla-detida-pela-psp-por-espalhar-terror-em-varios-assaltos-no-grande-porto\/#breadcrumb","itemListElement":[{"@type":"ListItem","position":1,"name":"In\u00edcio","item":"https:\/\/portaltela.pt\/"},{"@type":"ListItem","position":2,"name":"Dupla detida pela PSP por espalhar terror em v\u00e1rios assaltos no Grande Porto"}]},{"@type":"WebSite","@id":"https:\/\/portaltela.pt\/#website","url":"https:\/\/portaltela.pt\/","name":"Portal Tela Portugal","description":"","potentialAction":[{"@type":"SearchAction","target":{"@type":"EntryPoint","urlTemplate":"https:\/\/portaltela.pt\/?s={search_term_string}"},"query-input":{"@type":"PropertyValueSpecification","valueRequired":true,"valueName":"search_term_string"}}],"inLanguage":"pt-PT"},{"@type":"Person","@id":"https:\/\/portaltela.pt\/#\/schema\/person\/c4278d4a6028830caff9ee44b42d32ed","name":"Telinha","image":{"@type":"ImageObject","inLanguage":"pt-PT","@id":"https:\/\/portaltela.pt\/s.01k8rhncp4jt1\/2025\/11\/talking-bot-125x125.png","url":"https:\/\/portaltela.pt\/s.01k8rhncp4jt1\/2025\/11\/talking-bot-125x125.png","contentUrl":"https:\/\/portaltela.pt\/s.01k8rhncp4jt1\/2025\/11\/talking-bot-125x125.png","caption":"Telinha"},"sameAs":["https:\/\/portaltela.pt\/"],"url":"https:\/\/portaltela.pt\/por\/367410592786\/"}]}},"_links":{"self":[{"href":"https:\/\/portaltela.pt\/api\/wp\/v2\/posts\/463468","targetHints":{"allow":["GET"]}}],"collection":[{"href":"https:\/\/portaltela.pt\/api\/wp\/v2\/posts"}],"about":[{"href":"https:\/\/portaltela.pt\/api\/wp\/v2\/types\/post"}],"author":[{"embeddable":true,"href":"https:\/\/portaltela.pt\/api\/wp\/v2\/users\/2"}],"replies":[{"embeddable":true,"href":"https:\/\/portaltela.pt\/api\/wp\/v2\/comments?post=463468"}],"version-history":[{"count":0,"href":"https:\/\/portaltela.pt\/api\/wp\/v2\/posts\/463468\/revisions"}],"wp:featuredmedia":[{"embeddable":true,"href":"https:\/\/portaltela.pt\/api\/wp\/v2\/media\/463471"}],"wp:attachment":[{"href":"https:\/\/portaltela.pt\/api\/wp\/v2\/media?parent=463468"}],"wp:term":[{"taxonomy":"category","embeddable":true,"href":"https:\/\/portaltela.pt\/api\/wp\/v2\/categories?post=463468"},{"taxonomy":"post_tag","embeddable":true,"href":"https:\/\/portaltela.pt\/api\/wp\/v2\/tags?post=463468"}],"curies":[{"name":"wp","href":"https:\/\/api.w.org\/{rel}","templated":true}]}}