{"id":463467,"date":"2026-05-01T04:47:52","date_gmt":"2026-05-01T07:47:52","guid":{"rendered":"https:\/\/portaltela.pt\/noticias\/2026\/05\/01\/congresso-aprova-projeto-de-lei-que-reduz-pena-de-27-anos-de-prisao-de-ex-presidente-jair-bolsonaro\/"},"modified":"2026-05-01T04:47:52","modified_gmt":"2026-05-01T07:47:52","slug":"congresso-aprova-projeto-de-lei-que-reduz-pena-de-27-anos-de-prisao-de-ex-presidente-jair-bolsonaro","status":"publish","type":"post","link":"https:\/\/portaltela.pt\/noticias\/politica\/2026\/05\/01\/congresso-aprova-projeto-de-lei-que-reduz-pena-de-27-anos-de-prisao-de-ex-presidente-jair-bolsonaro\/","title":{"rendered":"Congresso aprova projeto de lei que reduz pena de 27 anos de pris\u00e3o de ex-presidente Jair Bolsonaro"},"content":{"rendered":"<p>O Congresso do Brasil aprovou um projeto de lei que reduz a pena de 27 anos de pris\u00e3o do ex-presidente Jair Bolsonaro por ter planeado um golpe de Estado ap\u00f3s a derrota nas elei\u00e7\u00f5es de outubro de 2022. A medida anula o veto do presidente Lula da Silva e pode beneficiar at\u00e9 280 pessoas envolvidas em crimes ligados aos ataques de 8 de janeiro de 2023.<\/p>\n<p>A aprova\u00e7\u00e3o ocorreu ap\u00f3s oposi\u00e7\u00e3o tentar, com apoio de senadores centristas, anular o veto presidencial. A legisla\u00e7\u00e3o emitiu uma redu\u00e7\u00e3o de penas para diversos crimes, incluindo atentado ao estado democr\u00e1tico de direito, com base na condena\u00e7\u00e3o mais alta.<\/p>\n<p>A quem pertence a decis\u00e3o, o que muda e quando ocorreu. Bolsonaro foi condenado a 27 anos e come\u00e7ou a cumprir a pena em novembro, em regime de pris\u00e3o domicili\u00e1ria. Analistas apontam que a pena pode ser reduzida em cerca de 20 anos.<\/p>\n<h3>Como fica a situa\u00e7\u00e3o jur\u00eddica<\/h3>\n<p>Antes da vota\u00e7\u00e3o, o presidente do Senado indicou que apenas casos semelhantes \u00e0 condena\u00e7\u00e3o de Bolsonaro seriam eleg\u00edveis para as penas mais brandas. Especialistas jur\u00eddicos afirmam que a afirma\u00e7\u00e3o pode ser contestada no tribunal.<\/p>\n<p>L\u00edder do PT, Pedro Uczai, afirmou que vai recorrer ao Supremo Tribunal para anular a legisla\u00e7\u00e3o, alegando inconstitucionalidade. O recurso ainda n\u00e3o foi apresentado.<\/p>\n<h3>Rea\u00e7\u00f5es no Congresso<\/h3>\n<p>Aliados de Bolsonaro defenderam que a medida beneficia tamb\u00e9m apoiadores condenados por danos a pr\u00e9dios em Bras\u00edlia. A vota\u00e7\u00e3o intensificou o embate pol\u00edtico entre apoiadores de Bolsonaro e o governo de Lula.<\/p>\n<p>Os apoiadores de Lula destacaram que a decis\u00e3o pode enfraquecer a posi\u00e7\u00e3o do atual governo no \u00e2mbito legislativo, principalmente antes da pr\u00f3xima candidatura \u00e0 reelei\u00e7\u00e3o. O processo segue em tramita\u00e7\u00e3o.<\/p>\n","protected":false},"excerpt":{"rendered":"<ul>\n<li>O Congresso anulou o veto de Lula e aprovou um projeto de lei que pode reduzir drasticamente a pena de 27 anos de Jair Bolsonaro por ter planeado um golpe de Estado ap\u00f3s a derrota de 2022.<\/li>\n<li>A legisla\u00e7\u00e3o reduz as penas para crimes, incluindo golpe de Estado, e estabelece que a pena seja baseada na condena\u00e7\u00e3o mais alta; pode beneficiar cerca de 280 pessoas, incluindo Bolsonaro, com uma redu\u00e7\u00e3o estimada em torno de 20 anos.<\/li>\n<li>A aprova\u00e7\u00e3o ocorreu com apoio da oposi\u00e7\u00e3o conservadora, que j\u00e1 sinalizou confian\u00e7a no resultado, enquanto aliados de Bolsonaro veem o passo como parte de um eventual caminho para amnistias.<\/li>\n<li>O l\u00edder do Partido dos Trabalhadores, Pedro Uczai, anunciou que recorrer\u00e1 ao Supremo Tribunal para tentar anular a lei, argumentando inconstitucionalidade; o recurso ainda n\u00e3o foi apresentado.<\/li>\n<li>A medida ocorre meses antes das elei\u00e7\u00f5es de outubro, aumentando as desaven\u00e7as pol\u00edticas entre Lula e o Congresso e mantendo em aberto o futuro jur\u00eddico de Bolsonaro.<\/li>\n<\/ul>\n","protected":false},"author":2,"featured_media":463470,"comment_status":"closed","ping_status":"closed","sticky":false,"template":"","format":"standard","meta":{"footnotes":""},"categories":[1,5],"tags":[2547,6543,42,147,6337,2832],"class_list":["post-463467","post","type-post","status-publish","format-standard","has-post-thumbnail","hentry","category-noticias","category-politica","tag-brasil","tag-condenacao","tag-congresso","tag-crime","tag-direito","tag-politica"],"yoast_head":"<!-- This site is optimized with the Yoast SEO plugin v27.2 - https:\/\/yoast.com\/product\/yoast-seo-wordpress\/ -->\n<title>Congresso aprova projeto de lei que reduz pena de 27 anos de pris\u00e3o de ex-presidente Jair Bolsonaro - Portal Tela Portugal<\/title>\n<meta name=\"robots\" content=\"index, follow, max-snippet:-1, max-image-preview:large, max-video-preview:-1\" \/>\n<meta property=\"og:locale\" content=\"pt_PT\" \/>\n<meta property=\"og:type\" content=\"article\" \/>\n<meta property=\"og:title\" content=\"Congresso aprova projeto de lei que reduz pena de 27 anos de pris\u00e3o de ex-presidente Jair Bolsonaro - Portal Tela Portugal\" \/>\n<meta property=\"og:description\" content=\"O Congresso anulou o veto de Lula e aprovou um projeto de lei que pode reduzir drasticamente a pena de 27 anos de Jair Bolsonaro por ter planeado um golpe de Estado ap\u00f3s a derrota de 2022. A legisla\u00e7\u00e3o reduz as penas para crimes, incluindo golpe de Estado, e estabelece que a pena seja baseada na condena\u00e7\u00e3o mais alta; pode beneficiar cerca de 280 pessoas, incluindo Bolsonaro, com uma redu\u00e7\u00e3o estimada em torno de 20 anos. A aprova\u00e7\u00e3o ocorreu com apoio da oposi\u00e7\u00e3o conservadora, que j\u00e1 sinalizou confian\u00e7a no resultado, enquanto aliados de Bolsonaro veem o passo como parte de um eventual caminho para amnistias. O l\u00edder do Partido dos Trabalhadores, Pedro Uczai, anunciou que recorrer\u00e1 ao Supremo Tribunal para tentar anular a lei, argumentando inconstitucionalidade; o recurso ainda n\u00e3o foi apresentado. A medida ocorre meses antes das elei\u00e7\u00f5es de outubro, aumentando as desaven\u00e7as pol\u00edticas entre Lula e o Congresso e mantendo em aberto o futuro jur\u00eddico de Bolsonaro.\" \/>\n<meta property=\"og:url\" content=\"https:\/\/portaltela.pt\/noticias\/2026\/05\/01\/congresso-aprova-projeto-de-lei-que-reduz-pena-de-27-anos-de-prisao-de-ex-presidente-jair-bolsonaro\/\" \/>\n<meta property=\"og:site_name\" content=\"Portal Tela Portugal\" \/>\n<meta property=\"article:published_time\" content=\"2026-05-01T07:47:52+00:00\" \/>\n<meta name=\"author\" content=\"Telinha\" \/>\n<meta name=\"twitter:card\" content=\"summary_large_image\" \/>\n<meta name=\"twitter:label1\" content=\"Escrito por\" \/>\n\t<meta name=\"twitter:data1\" content=\"Telinha\" \/>\n\t<meta name=\"twitter:label2\" content=\"Tempo estimado de leitura\" \/>\n\t<meta name=\"twitter:data2\" content=\"2 minutos\" \/>\n<script type=\"application\/ld+json\" class=\"yoast-schema-graph\">{\"@context\":\"https:\/\/schema.org\",\"@graph\":[{\"@type\":\"Article\",\"@id\":\"https:\/\/portaltela.pt\/noticias\/2026\/05\/01\/congresso-aprova-projeto-de-lei-que-reduz-pena-de-27-anos-de-prisao-de-ex-presidente-jair-bolsonaro\/#article\",\"isPartOf\":{\"@id\":\"https:\/\/portaltela.pt\/noticias\/2026\/05\/01\/congresso-aprova-projeto-de-lei-que-reduz-pena-de-27-anos-de-prisao-de-ex-presidente-jair-bolsonaro\/\"},\"author\":{\"name\":\"Telinha\",\"@id\":\"https:\/\/portaltela.pt\/#\/schema\/person\/c4278d4a6028830caff9ee44b42d32ed\"},\"headline\":\"Congresso aprova projeto de lei que reduz pena de 27 anos de pris\u00e3o de ex-presidente Jair Bolsonaro\",\"datePublished\":\"2026-05-01T07:47:52+00:00\",\"mainEntityOfPage\":{\"@id\":\"https:\/\/portaltela.pt\/noticias\/2026\/05\/01\/congresso-aprova-projeto-de-lei-que-reduz-pena-de-27-anos-de-prisao-de-ex-presidente-jair-bolsonaro\/\"},\"wordCount\":318,\"image\":{\"@id\":\"https:\/\/portaltela.pt\/noticias\/2026\/05\/01\/congresso-aprova-projeto-de-lei-que-reduz-pena-de-27-anos-de-prisao-de-ex-presidente-jair-bolsonaro\/#primaryimage\"},\"thumbnailUrl\":\"https:\/\/portaltela.pt\/s.01k8rhncp4jt1\/2026\/05\/1536x864_cmsv2_fbcb7078-e48a-53c2-9488-ef4daf2637d0-9742863.jpg\",\"keywords\":[\"Brasil\",\"condena\u00e7\u00e3o\",\"congresso\",\"crime\",\"direito\",\"pol\u00edtica\"],\"articleSection\":[\"Not\u00edcias\",\"Pol\u00edtica\"],\"inLanguage\":\"pt-PT\"},{\"@type\":\"WebPage\",\"@id\":\"https:\/\/portaltela.pt\/noticias\/2026\/05\/01\/congresso-aprova-projeto-de-lei-que-reduz-pena-de-27-anos-de-prisao-de-ex-presidente-jair-bolsonaro\/\",\"url\":\"https:\/\/portaltela.pt\/noticias\/2026\/05\/01\/congresso-aprova-projeto-de-lei-que-reduz-pena-de-27-anos-de-prisao-de-ex-presidente-jair-bolsonaro\/\",\"name\":\"Congresso aprova projeto de lei que reduz pena de 27 anos de pris\u00e3o de ex-presidente Jair Bolsonaro - Portal Tela Portugal\",\"isPartOf\":{\"@id\":\"https:\/\/portaltela.pt\/#website\"},\"primaryImageOfPage\":{\"@id\":\"https:\/\/portaltela.pt\/noticias\/2026\/05\/01\/congresso-aprova-projeto-de-lei-que-reduz-pena-de-27-anos-de-prisao-de-ex-presidente-jair-bolsonaro\/#primaryimage\"},\"image\":{\"@id\":\"https:\/\/portaltela.pt\/noticias\/2026\/05\/01\/congresso-aprova-projeto-de-lei-que-reduz-pena-de-27-anos-de-prisao-de-ex-presidente-jair-bolsonaro\/#primaryimage\"},\"thumbnailUrl\":\"https:\/\/portaltela.pt\/s.01k8rhncp4jt1\/2026\/05\/1536x864_cmsv2_fbcb7078-e48a-53c2-9488-ef4daf2637d0-9742863.jpg\",\"datePublished\":\"2026-05-01T07:47:52+00:00\",\"author\":{\"@id\":\"https:\/\/portaltela.pt\/#\/schema\/person\/c4278d4a6028830caff9ee44b42d32ed\"},\"breadcrumb\":{\"@id\":\"https:\/\/portaltela.pt\/noticias\/2026\/05\/01\/congresso-aprova-projeto-de-lei-que-reduz-pena-de-27-anos-de-prisao-de-ex-presidente-jair-bolsonaro\/#breadcrumb\"},\"inLanguage\":\"pt-PT\",\"potentialAction\":[{\"@type\":\"ReadAction\",\"target\":[\"https:\/\/portaltela.pt\/noticias\/2026\/05\/01\/congresso-aprova-projeto-de-lei-que-reduz-pena-de-27-anos-de-prisao-de-ex-presidente-jair-bolsonaro\/\"]}]},{\"@type\":\"ImageObject\",\"inLanguage\":\"pt-PT\",\"@id\":\"https:\/\/portaltela.pt\/noticias\/2026\/05\/01\/congresso-aprova-projeto-de-lei-que-reduz-pena-de-27-anos-de-prisao-de-ex-presidente-jair-bolsonaro\/#primaryimage\",\"url\":\"https:\/\/portaltela.pt\/s.01k8rhncp4jt1\/2026\/05\/1536x864_cmsv2_fbcb7078-e48a-53c2-9488-ef4daf2637d0-9742863.jpg\",\"contentUrl\":\"https:\/\/portaltela.pt\/s.01k8rhncp4jt1\/2026\/05\/1536x864_cmsv2_fbcb7078-e48a-53c2-9488-ef4daf2637d0-9742863.jpg\",\"width\":796,\"height\":448,\"caption\":\"O ex-presidente do Brasil Jair Bolsonaro, centro, temporariamente autorizado a sair da pris\u00e3o domiciliar para exames m\u00e9dicos, sai de um hospital em Bras\u00edlia, Brasil, s\u00e1bado, 16 de agosto de 2025\"},{\"@type\":\"BreadcrumbList\",\"@id\":\"https:\/\/portaltela.pt\/noticias\/2026\/05\/01\/congresso-aprova-projeto-de-lei-que-reduz-pena-de-27-anos-de-prisao-de-ex-presidente-jair-bolsonaro\/#breadcrumb\",\"itemListElement\":[{\"@type\":\"ListItem\",\"position\":1,\"name\":\"In\u00edcio\",\"item\":\"https:\/\/portaltela.pt\/\"},{\"@type\":\"ListItem\",\"position\":2,\"name\":\"Congresso aprova projeto de lei que reduz pena de 27 anos de pris\u00e3o de ex-presidente Jair Bolsonaro\"}]},{\"@type\":\"WebSite\",\"@id\":\"https:\/\/portaltela.pt\/#website\",\"url\":\"https:\/\/portaltela.pt\/\",\"name\":\"Portal Tela Portugal\",\"description\":\"\",\"potentialAction\":[{\"@type\":\"SearchAction\",\"target\":{\"@type\":\"EntryPoint\",\"urlTemplate\":\"https:\/\/portaltela.pt\/?s={search_term_string}\"},\"query-input\":{\"@type\":\"PropertyValueSpecification\",\"valueRequired\":true,\"valueName\":\"search_term_string\"}}],\"inLanguage\":\"pt-PT\"},{\"@type\":\"Person\",\"@id\":\"https:\/\/portaltela.pt\/#\/schema\/person\/c4278d4a6028830caff9ee44b42d32ed\",\"name\":\"Telinha\",\"image\":{\"@type\":\"ImageObject\",\"inLanguage\":\"pt-PT\",\"@id\":\"https:\/\/portaltela.pt\/s.01k8rhncp4jt1\/2025\/11\/talking-bot-125x125.png\",\"url\":\"https:\/\/portaltela.pt\/s.01k8rhncp4jt1\/2025\/11\/talking-bot-125x125.png\",\"contentUrl\":\"https:\/\/portaltela.pt\/s.01k8rhncp4jt1\/2025\/11\/talking-bot-125x125.png\",\"caption\":\"Telinha\"},\"sameAs\":[\"https:\/\/portaltela.pt\/\"],\"url\":\"https:\/\/portaltela.pt\/por\/367410592786\/\"}]}<\/script>\n<!-- \/ Yoast SEO plugin. -->","yoast_head_json":{"title":"Congresso aprova projeto de lei que reduz pena de 27 anos de pris\u00e3o de ex-presidente Jair Bolsonaro - Portal Tela Portugal","robots":{"index":"index","follow":"follow","max-snippet":"max-snippet:-1","max-image-preview":"max-image-preview:large","max-video-preview":"max-video-preview:-1"},"og_locale":"pt_PT","og_type":"article","og_title":"Congresso aprova projeto de lei que reduz pena de 27 anos de pris\u00e3o de ex-presidente Jair Bolsonaro - Portal Tela Portugal","og_description":"O Congresso anulou o veto de Lula e aprovou um projeto de lei que pode reduzir drasticamente a pena de 27 anos de Jair Bolsonaro por ter planeado um golpe de Estado ap\u00f3s a derrota de 2022. A legisla\u00e7\u00e3o reduz as penas para crimes, incluindo golpe de Estado, e estabelece que a pena seja baseada na condena\u00e7\u00e3o mais alta; pode beneficiar cerca de 280 pessoas, incluindo Bolsonaro, com uma redu\u00e7\u00e3o estimada em torno de 20 anos. A aprova\u00e7\u00e3o ocorreu com apoio da oposi\u00e7\u00e3o conservadora, que j\u00e1 sinalizou confian\u00e7a no resultado, enquanto aliados de Bolsonaro veem o passo como parte de um eventual caminho para amnistias. O l\u00edder do Partido dos Trabalhadores, Pedro Uczai, anunciou que recorrer\u00e1 ao Supremo Tribunal para tentar anular a lei, argumentando inconstitucionalidade; o recurso ainda n\u00e3o foi apresentado. A medida ocorre meses antes das elei\u00e7\u00f5es de outubro, aumentando as desaven\u00e7as pol\u00edticas entre Lula e o Congresso e mantendo em aberto o futuro jur\u00eddico de Bolsonaro.","og_url":"https:\/\/portaltela.pt\/noticias\/2026\/05\/01\/congresso-aprova-projeto-de-lei-que-reduz-pena-de-27-anos-de-prisao-de-ex-presidente-jair-bolsonaro\/","og_site_name":"Portal Tela Portugal","article_published_time":"2026-05-01T07:47:52+00:00","author":"Telinha","twitter_card":"summary_large_image","twitter_misc":{"Escrito por":"Telinha","Tempo estimado de leitura":"2 minutos"},"schema":{"@context":"https:\/\/schema.org","@graph":[{"@type":"Article","@id":"https:\/\/portaltela.pt\/noticias\/2026\/05\/01\/congresso-aprova-projeto-de-lei-que-reduz-pena-de-27-anos-de-prisao-de-ex-presidente-jair-bolsonaro\/#article","isPartOf":{"@id":"https:\/\/portaltela.pt\/noticias\/2026\/05\/01\/congresso-aprova-projeto-de-lei-que-reduz-pena-de-27-anos-de-prisao-de-ex-presidente-jair-bolsonaro\/"},"author":{"name":"Telinha","@id":"https:\/\/portaltela.pt\/#\/schema\/person\/c4278d4a6028830caff9ee44b42d32ed"},"headline":"Congresso aprova projeto de lei que reduz pena de 27 anos de pris\u00e3o de ex-presidente Jair Bolsonaro","datePublished":"2026-05-01T07:47:52+00:00","mainEntityOfPage":{"@id":"https:\/\/portaltela.pt\/noticias\/2026\/05\/01\/congresso-aprova-projeto-de-lei-que-reduz-pena-de-27-anos-de-prisao-de-ex-presidente-jair-bolsonaro\/"},"wordCount":318,"image":{"@id":"https:\/\/portaltela.pt\/noticias\/2026\/05\/01\/congresso-aprova-projeto-de-lei-que-reduz-pena-de-27-anos-de-prisao-de-ex-presidente-jair-bolsonaro\/#primaryimage"},"thumbnailUrl":"https:\/\/portaltela.pt\/s.01k8rhncp4jt1\/2026\/05\/1536x864_cmsv2_fbcb7078-e48a-53c2-9488-ef4daf2637d0-9742863.jpg","keywords":["Brasil","condena\u00e7\u00e3o","congresso","crime","direito","pol\u00edtica"],"articleSection":["Not\u00edcias","Pol\u00edtica"],"inLanguage":"pt-PT"},{"@type":"WebPage","@id":"https:\/\/portaltela.pt\/noticias\/2026\/05\/01\/congresso-aprova-projeto-de-lei-que-reduz-pena-de-27-anos-de-prisao-de-ex-presidente-jair-bolsonaro\/","url":"https:\/\/portaltela.pt\/noticias\/2026\/05\/01\/congresso-aprova-projeto-de-lei-que-reduz-pena-de-27-anos-de-prisao-de-ex-presidente-jair-bolsonaro\/","name":"Congresso aprova projeto de lei que reduz pena de 27 anos de pris\u00e3o de ex-presidente Jair Bolsonaro - Portal Tela Portugal","isPartOf":{"@id":"https:\/\/portaltela.pt\/#website"},"primaryImageOfPage":{"@id":"https:\/\/portaltela.pt\/noticias\/2026\/05\/01\/congresso-aprova-projeto-de-lei-que-reduz-pena-de-27-anos-de-prisao-de-ex-presidente-jair-bolsonaro\/#primaryimage"},"image":{"@id":"https:\/\/portaltela.pt\/noticias\/2026\/05\/01\/congresso-aprova-projeto-de-lei-que-reduz-pena-de-27-anos-de-prisao-de-ex-presidente-jair-bolsonaro\/#primaryimage"},"thumbnailUrl":"https:\/\/portaltela.pt\/s.01k8rhncp4jt1\/2026\/05\/1536x864_cmsv2_fbcb7078-e48a-53c2-9488-ef4daf2637d0-9742863.jpg","datePublished":"2026-05-01T07:47:52+00:00","author":{"@id":"https:\/\/portaltela.pt\/#\/schema\/person\/c4278d4a6028830caff9ee44b42d32ed"},"breadcrumb":{"@id":"https:\/\/portaltela.pt\/noticias\/2026\/05\/01\/congresso-aprova-projeto-de-lei-que-reduz-pena-de-27-anos-de-prisao-de-ex-presidente-jair-bolsonaro\/#breadcrumb"},"inLanguage":"pt-PT","potentialAction":[{"@type":"ReadAction","target":["https:\/\/portaltela.pt\/noticias\/2026\/05\/01\/congresso-aprova-projeto-de-lei-que-reduz-pena-de-27-anos-de-prisao-de-ex-presidente-jair-bolsonaro\/"]}]},{"@type":"ImageObject","inLanguage":"pt-PT","@id":"https:\/\/portaltela.pt\/noticias\/2026\/05\/01\/congresso-aprova-projeto-de-lei-que-reduz-pena-de-27-anos-de-prisao-de-ex-presidente-jair-bolsonaro\/#primaryimage","url":"https:\/\/portaltela.pt\/s.01k8rhncp4jt1\/2026\/05\/1536x864_cmsv2_fbcb7078-e48a-53c2-9488-ef4daf2637d0-9742863.jpg","contentUrl":"https:\/\/portaltela.pt\/s.01k8rhncp4jt1\/2026\/05\/1536x864_cmsv2_fbcb7078-e48a-53c2-9488-ef4daf2637d0-9742863.jpg","width":796,"height":448,"caption":"O ex-presidente do Brasil Jair Bolsonaro, centro, temporariamente autorizado a sair da pris\u00e3o domiciliar para exames m\u00e9dicos, sai de um hospital em Bras\u00edlia, Brasil, s\u00e1bado, 16 de agosto de 2025"},{"@type":"BreadcrumbList","@id":"https:\/\/portaltela.pt\/noticias\/2026\/05\/01\/congresso-aprova-projeto-de-lei-que-reduz-pena-de-27-anos-de-prisao-de-ex-presidente-jair-bolsonaro\/#breadcrumb","itemListElement":[{"@type":"ListItem","position":1,"name":"In\u00edcio","item":"https:\/\/portaltela.pt\/"},{"@type":"ListItem","position":2,"name":"Congresso aprova projeto de lei que reduz pena de 27 anos de pris\u00e3o de ex-presidente Jair Bolsonaro"}]},{"@type":"WebSite","@id":"https:\/\/portaltela.pt\/#website","url":"https:\/\/portaltela.pt\/","name":"Portal Tela Portugal","description":"","potentialAction":[{"@type":"SearchAction","target":{"@type":"EntryPoint","urlTemplate":"https:\/\/portaltela.pt\/?s={search_term_string}"},"query-input":{"@type":"PropertyValueSpecification","valueRequired":true,"valueName":"search_term_string"}}],"inLanguage":"pt-PT"},{"@type":"Person","@id":"https:\/\/portaltela.pt\/#\/schema\/person\/c4278d4a6028830caff9ee44b42d32ed","name":"Telinha","image":{"@type":"ImageObject","inLanguage":"pt-PT","@id":"https:\/\/portaltela.pt\/s.01k8rhncp4jt1\/2025\/11\/talking-bot-125x125.png","url":"https:\/\/portaltela.pt\/s.01k8rhncp4jt1\/2025\/11\/talking-bot-125x125.png","contentUrl":"https:\/\/portaltela.pt\/s.01k8rhncp4jt1\/2025\/11\/talking-bot-125x125.png","caption":"Telinha"},"sameAs":["https:\/\/portaltela.pt\/"],"url":"https:\/\/portaltela.pt\/por\/367410592786\/"}]}},"_links":{"self":[{"href":"https:\/\/portaltela.pt\/api\/wp\/v2\/posts\/463467","targetHints":{"allow":["GET"]}}],"collection":[{"href":"https:\/\/portaltela.pt\/api\/wp\/v2\/posts"}],"about":[{"href":"https:\/\/portaltela.pt\/api\/wp\/v2\/types\/post"}],"author":[{"embeddable":true,"href":"https:\/\/portaltela.pt\/api\/wp\/v2\/users\/2"}],"replies":[{"embeddable":true,"href":"https:\/\/portaltela.pt\/api\/wp\/v2\/comments?post=463467"}],"version-history":[{"count":0,"href":"https:\/\/portaltela.pt\/api\/wp\/v2\/posts\/463467\/revisions"}],"wp:featuredmedia":[{"embeddable":true,"href":"https:\/\/portaltela.pt\/api\/wp\/v2\/media\/463470"}],"wp:attachment":[{"href":"https:\/\/portaltela.pt\/api\/wp\/v2\/media?parent=463467"}],"wp:term":[{"taxonomy":"category","embeddable":true,"href":"https:\/\/portaltela.pt\/api\/wp\/v2\/categories?post=463467"},{"taxonomy":"post_tag","embeddable":true,"href":"https:\/\/portaltela.pt\/api\/wp\/v2\/tags?post=463467"}],"curies":[{"name":"wp","href":"https:\/\/api.w.org\/{rel}","templated":true}]}}