{"id":463466,"date":"2026-05-01T04:47:51","date_gmt":"2026-05-01T07:47:51","guid":{"rendered":"https:\/\/portaltela.pt\/noticias\/2026\/05\/01\/cinco-jovens-detidos-no-porto-por-tentativa-de-homicidio-e-roubo\/"},"modified":"2026-05-01T04:47:51","modified_gmt":"2026-05-01T07:47:51","slug":"cinco-jovens-detidos-no-porto-por-tentativa-de-homicidio-e-roubo","status":"publish","type":"post","link":"https:\/\/portaltela.pt\/policia\/2026\/05\/01\/cinco-jovens-detidos-no-porto-por-tentativa-de-homicidio-e-roubo\/","title":{"rendered":"Cinco jovens detidos no Porto por tentativa de homic\u00eddio e roubo"},"content":{"rendered":"<p>Cinco jovens foram detidos pela Pol\u00edcia Judici\u00e1ria no Porto, sob suspeita de participa\u00e7\u00e3o numa tentativa de homic\u00eddio e num roubo. A opera\u00e7\u00e3o decorre no \u00e2mbito de uma investiga\u00e7\u00e3o em curso, que envolve atua\u00e7\u00e3o grupal previamente organizada.<\/p>\n<p>Os suspeitos possuem antecedentes policiais pela pr\u00e1tica de crimes violentos contra pessoas e patrim\u00f3nio. A investiga\u00e7\u00e3o analisa, ainda, a eventual liga\u00e7\u00e3o dos indiv\u00edduos a outras ocorr\u00eancias na cidade.<\/p>\n<p>A PJ n\u00e3o tornou p\u00fablicas informa\u00e7\u00f5es adicionais sobre detalhes operacionais, datas espec\u00edficas ou eventuais implica\u00e7\u00f5es de outras pessoas. As averigua\u00e7\u00f5es prosseguem para confirmar o envolvimento em crimes conexos e identificar poss\u00edveis c\u00famplices.<\/p>\n<h3>Antecedentes dos suspeitos<\/h3>\n<ul>\n<li>A deten\u00e7\u00e3o enquadra-se num conjunto de dilig\u00eancias realizadas pela PJ no Porto, com o objetivo de desmantelar redes associadas a viol\u00eancia e ao roubo.<\/li>\n<\/ul>\n","protected":false},"excerpt":{"rendered":"<ul>\n<li>A Pol\u00edcia Judici\u00e1ria deteve, no Porto, cinco jovens por tentativa de homic\u00eddio e por roubo.<\/li>\n<li>Os suspeitos possuem antecedentes policiais por crimes violentos contra pessoas e contra o patrim\u00f3nio, em contexto de atua\u00e7\u00e3o grupal previamente organizada.<\/li>\n<li>A opera\u00e7\u00e3o ocorreu no Porto, com investiga\u00e7\u00e3o associada a crimes graves.<\/li>\n<li>A not\u00edcia foi publicada pela CMTV a 1 de maio de 2026.<\/li>\n<\/ul>\n","protected":false},"author":2,"featured_media":463469,"comment_status":"closed","ping_status":"closed","sticky":false,"template":"","format":"standard","meta":{"footnotes":""},"categories":[6907,6781],"tags":[7921,8075,8162,8088,8066,9083],"class_list":["post-463466","post","type-post","status-publish","format-standard","has-post-thumbnail","hentry","category-crime","category-policia","tag-_crime","tag-_homicidio","tag-_policia-judiciaria","tag-_porto","tag-_roubo","tag-_tentativa-de-homicidio"],"yoast_head":"<!-- This site is optimized with the Yoast SEO plugin v27.2 - https:\/\/yoast.com\/product\/yoast-seo-wordpress\/ -->\n<title>Cinco jovens detidos no Porto por tentativa de homic\u00eddio e roubo - Portal Tela Portugal<\/title>\n<meta name=\"robots\" content=\"index, follow, max-snippet:-1, max-image-preview:large, max-video-preview:-1\" \/>\n<meta property=\"og:locale\" content=\"pt_PT\" \/>\n<meta property=\"og:type\" content=\"article\" \/>\n<meta property=\"og:title\" content=\"Cinco jovens detidos no Porto por tentativa de homic\u00eddio e roubo - Portal Tela Portugal\" \/>\n<meta property=\"og:description\" content=\"A Pol\u00edcia Judici\u00e1ria deteve, no Porto, cinco jovens por tentativa de homic\u00eddio e por roubo. Os suspeitos possuem antecedentes policiais por crimes violentos contra pessoas e contra o patrim\u00f3nio, em contexto de atua\u00e7\u00e3o grupal previamente organizada. A opera\u00e7\u00e3o ocorreu no Porto, com investiga\u00e7\u00e3o associada a crimes graves. A not\u00edcia foi publicada pela CMTV a 1 de maio de 2026.\" \/>\n<meta property=\"og:url\" content=\"https:\/\/portaltela.pt\/noticias\/2026\/05\/01\/cinco-jovens-detidos-no-porto-por-tentativa-de-homicidio-e-roubo\/\" \/>\n<meta property=\"og:site_name\" content=\"Portal Tela Portugal\" \/>\n<meta property=\"article:published_time\" content=\"2026-05-01T07:47:51+00:00\" \/>\n<meta name=\"author\" content=\"Telinha\" \/>\n<meta name=\"twitter:card\" content=\"summary_large_image\" \/>\n<meta name=\"twitter:label1\" content=\"Escrito por\" \/>\n\t<meta name=\"twitter:data1\" content=\"Telinha\" \/>\n\t<meta name=\"twitter:label2\" content=\"Tempo estimado de leitura\" \/>\n\t<meta name=\"twitter:data2\" content=\"1 minuto\" \/>\n<script type=\"application\/ld+json\" class=\"yoast-schema-graph\">{\"@context\":\"https:\/\/schema.org\",\"@graph\":[{\"@type\":\"Article\",\"@id\":\"https:\/\/portaltela.pt\/noticias\/2026\/05\/01\/cinco-jovens-detidos-no-porto-por-tentativa-de-homicidio-e-roubo\/#article\",\"isPartOf\":{\"@id\":\"https:\/\/portaltela.pt\/noticias\/2026\/05\/01\/cinco-jovens-detidos-no-porto-por-tentativa-de-homicidio-e-roubo\/\"},\"author\":{\"name\":\"Telinha\",\"@id\":\"https:\/\/portaltela.pt\/#\/schema\/person\/c4278d4a6028830caff9ee44b42d32ed\"},\"headline\":\"Cinco jovens detidos no Porto por tentativa de homic\u00eddio e roubo\",\"datePublished\":\"2026-05-01T07:47:51+00:00\",\"mainEntityOfPage\":{\"@id\":\"https:\/\/portaltela.pt\/noticias\/2026\/05\/01\/cinco-jovens-detidos-no-porto-por-tentativa-de-homicidio-e-roubo\/\"},\"wordCount\":159,\"image\":{\"@id\":\"https:\/\/portaltela.pt\/noticias\/2026\/05\/01\/cinco-jovens-detidos-no-porto-por-tentativa-de-homicidio-e-roubo\/#primaryimage\"},\"thumbnailUrl\":\"https:\/\/portaltela.pt\/s.01k8rhncp4jt1\/2026\/05\/img_1280x722uu2026-05-01-08-45-09-2282161.jpg\",\"keywords\":[\"_crime\",\"_homic\u00eddio\",\"_Pol\u00edcia Judici\u00e1ria\",\"_Porto\",\"_roubo\",\"_tentativa de homic\u00eddio\"],\"articleSection\":[\"Crime\",\"Pol\u00edcia\"],\"inLanguage\":\"pt-PT\"},{\"@type\":\"WebPage\",\"@id\":\"https:\/\/portaltela.pt\/noticias\/2026\/05\/01\/cinco-jovens-detidos-no-porto-por-tentativa-de-homicidio-e-roubo\/\",\"url\":\"https:\/\/portaltela.pt\/noticias\/2026\/05\/01\/cinco-jovens-detidos-no-porto-por-tentativa-de-homicidio-e-roubo\/\",\"name\":\"Cinco jovens detidos no Porto por tentativa de homic\u00eddio e roubo - Portal Tela Portugal\",\"isPartOf\":{\"@id\":\"https:\/\/portaltela.pt\/#website\"},\"primaryImageOfPage\":{\"@id\":\"https:\/\/portaltela.pt\/noticias\/2026\/05\/01\/cinco-jovens-detidos-no-porto-por-tentativa-de-homicidio-e-roubo\/#primaryimage\"},\"image\":{\"@id\":\"https:\/\/portaltela.pt\/noticias\/2026\/05\/01\/cinco-jovens-detidos-no-porto-por-tentativa-de-homicidio-e-roubo\/#primaryimage\"},\"thumbnailUrl\":\"https:\/\/portaltela.pt\/s.01k8rhncp4jt1\/2026\/05\/img_1280x722uu2026-05-01-08-45-09-2282161.jpg\",\"datePublished\":\"2026-05-01T07:47:51+00:00\",\"author\":{\"@id\":\"https:\/\/portaltela.pt\/#\/schema\/person\/c4278d4a6028830caff9ee44b42d32ed\"},\"breadcrumb\":{\"@id\":\"https:\/\/portaltela.pt\/noticias\/2026\/05\/01\/cinco-jovens-detidos-no-porto-por-tentativa-de-homicidio-e-roubo\/#breadcrumb\"},\"inLanguage\":\"pt-PT\",\"potentialAction\":[{\"@type\":\"ReadAction\",\"target\":[\"https:\/\/portaltela.pt\/noticias\/2026\/05\/01\/cinco-jovens-detidos-no-porto-por-tentativa-de-homicidio-e-roubo\/\"]}]},{\"@type\":\"ImageObject\",\"inLanguage\":\"pt-PT\",\"@id\":\"https:\/\/portaltela.pt\/noticias\/2026\/05\/01\/cinco-jovens-detidos-no-porto-por-tentativa-de-homicidio-e-roubo\/#primaryimage\",\"url\":\"https:\/\/portaltela.pt\/s.01k8rhncp4jt1\/2026\/05\/img_1280x722uu2026-05-01-08-45-09-2282161.jpg\",\"contentUrl\":\"https:\/\/portaltela.pt\/s.01k8rhncp4jt1\/2026\/05\/img_1280x722uu2026-05-01-08-45-09-2282161.jpg\",\"width\":796,\"height\":448,\"caption\":\"Photo\"},{\"@type\":\"BreadcrumbList\",\"@id\":\"https:\/\/portaltela.pt\/noticias\/2026\/05\/01\/cinco-jovens-detidos-no-porto-por-tentativa-de-homicidio-e-roubo\/#breadcrumb\",\"itemListElement\":[{\"@type\":\"ListItem\",\"position\":1,\"name\":\"In\u00edcio\",\"item\":\"https:\/\/portaltela.pt\/\"},{\"@type\":\"ListItem\",\"position\":2,\"name\":\"Cinco jovens detidos no Porto por tentativa de homic\u00eddio e roubo\"}]},{\"@type\":\"WebSite\",\"@id\":\"https:\/\/portaltela.pt\/#website\",\"url\":\"https:\/\/portaltela.pt\/\",\"name\":\"Portal Tela Portugal\",\"description\":\"\",\"potentialAction\":[{\"@type\":\"SearchAction\",\"target\":{\"@type\":\"EntryPoint\",\"urlTemplate\":\"https:\/\/portaltela.pt\/?s={search_term_string}\"},\"query-input\":{\"@type\":\"PropertyValueSpecification\",\"valueRequired\":true,\"valueName\":\"search_term_string\"}}],\"inLanguage\":\"pt-PT\"},{\"@type\":\"Person\",\"@id\":\"https:\/\/portaltela.pt\/#\/schema\/person\/c4278d4a6028830caff9ee44b42d32ed\",\"name\":\"Telinha\",\"image\":{\"@type\":\"ImageObject\",\"inLanguage\":\"pt-PT\",\"@id\":\"https:\/\/portaltela.pt\/s.01k8rhncp4jt1\/2025\/11\/talking-bot-125x125.png\",\"url\":\"https:\/\/portaltela.pt\/s.01k8rhncp4jt1\/2025\/11\/talking-bot-125x125.png\",\"contentUrl\":\"https:\/\/portaltela.pt\/s.01k8rhncp4jt1\/2025\/11\/talking-bot-125x125.png\",\"caption\":\"Telinha\"},\"sameAs\":[\"https:\/\/portaltela.pt\/\"],\"url\":\"https:\/\/portaltela.pt\/por\/367410592786\/\"}]}<\/script>\n<!-- \/ Yoast SEO plugin. -->","yoast_head_json":{"title":"Cinco jovens detidos no Porto por tentativa de homic\u00eddio e roubo - Portal Tela Portugal","robots":{"index":"index","follow":"follow","max-snippet":"max-snippet:-1","max-image-preview":"max-image-preview:large","max-video-preview":"max-video-preview:-1"},"og_locale":"pt_PT","og_type":"article","og_title":"Cinco jovens detidos no Porto por tentativa de homic\u00eddio e roubo - Portal Tela Portugal","og_description":"A Pol\u00edcia Judici\u00e1ria deteve, no Porto, cinco jovens por tentativa de homic\u00eddio e por roubo. Os suspeitos possuem antecedentes policiais por crimes violentos contra pessoas e contra o patrim\u00f3nio, em contexto de atua\u00e7\u00e3o grupal previamente organizada. A opera\u00e7\u00e3o ocorreu no Porto, com investiga\u00e7\u00e3o associada a crimes graves. A not\u00edcia foi publicada pela CMTV a 1 de maio de 2026.","og_url":"https:\/\/portaltela.pt\/noticias\/2026\/05\/01\/cinco-jovens-detidos-no-porto-por-tentativa-de-homicidio-e-roubo\/","og_site_name":"Portal Tela Portugal","article_published_time":"2026-05-01T07:47:51+00:00","author":"Telinha","twitter_card":"summary_large_image","twitter_misc":{"Escrito por":"Telinha","Tempo estimado de leitura":"1 minuto"},"schema":{"@context":"https:\/\/schema.org","@graph":[{"@type":"Article","@id":"https:\/\/portaltela.pt\/noticias\/2026\/05\/01\/cinco-jovens-detidos-no-porto-por-tentativa-de-homicidio-e-roubo\/#article","isPartOf":{"@id":"https:\/\/portaltela.pt\/noticias\/2026\/05\/01\/cinco-jovens-detidos-no-porto-por-tentativa-de-homicidio-e-roubo\/"},"author":{"name":"Telinha","@id":"https:\/\/portaltela.pt\/#\/schema\/person\/c4278d4a6028830caff9ee44b42d32ed"},"headline":"Cinco jovens detidos no Porto por tentativa de homic\u00eddio e roubo","datePublished":"2026-05-01T07:47:51+00:00","mainEntityOfPage":{"@id":"https:\/\/portaltela.pt\/noticias\/2026\/05\/01\/cinco-jovens-detidos-no-porto-por-tentativa-de-homicidio-e-roubo\/"},"wordCount":159,"image":{"@id":"https:\/\/portaltela.pt\/noticias\/2026\/05\/01\/cinco-jovens-detidos-no-porto-por-tentativa-de-homicidio-e-roubo\/#primaryimage"},"thumbnailUrl":"https:\/\/portaltela.pt\/s.01k8rhncp4jt1\/2026\/05\/img_1280x722uu2026-05-01-08-45-09-2282161.jpg","keywords":["_crime","_homic\u00eddio","_Pol\u00edcia Judici\u00e1ria","_Porto","_roubo","_tentativa de homic\u00eddio"],"articleSection":["Crime","Pol\u00edcia"],"inLanguage":"pt-PT"},{"@type":"WebPage","@id":"https:\/\/portaltela.pt\/noticias\/2026\/05\/01\/cinco-jovens-detidos-no-porto-por-tentativa-de-homicidio-e-roubo\/","url":"https:\/\/portaltela.pt\/noticias\/2026\/05\/01\/cinco-jovens-detidos-no-porto-por-tentativa-de-homicidio-e-roubo\/","name":"Cinco jovens detidos no Porto por tentativa de homic\u00eddio e roubo - Portal Tela Portugal","isPartOf":{"@id":"https:\/\/portaltela.pt\/#website"},"primaryImageOfPage":{"@id":"https:\/\/portaltela.pt\/noticias\/2026\/05\/01\/cinco-jovens-detidos-no-porto-por-tentativa-de-homicidio-e-roubo\/#primaryimage"},"image":{"@id":"https:\/\/portaltela.pt\/noticias\/2026\/05\/01\/cinco-jovens-detidos-no-porto-por-tentativa-de-homicidio-e-roubo\/#primaryimage"},"thumbnailUrl":"https:\/\/portaltela.pt\/s.01k8rhncp4jt1\/2026\/05\/img_1280x722uu2026-05-01-08-45-09-2282161.jpg","datePublished":"2026-05-01T07:47:51+00:00","author":{"@id":"https:\/\/portaltela.pt\/#\/schema\/person\/c4278d4a6028830caff9ee44b42d32ed"},"breadcrumb":{"@id":"https:\/\/portaltela.pt\/noticias\/2026\/05\/01\/cinco-jovens-detidos-no-porto-por-tentativa-de-homicidio-e-roubo\/#breadcrumb"},"inLanguage":"pt-PT","potentialAction":[{"@type":"ReadAction","target":["https:\/\/portaltela.pt\/noticias\/2026\/05\/01\/cinco-jovens-detidos-no-porto-por-tentativa-de-homicidio-e-roubo\/"]}]},{"@type":"ImageObject","inLanguage":"pt-PT","@id":"https:\/\/portaltela.pt\/noticias\/2026\/05\/01\/cinco-jovens-detidos-no-porto-por-tentativa-de-homicidio-e-roubo\/#primaryimage","url":"https:\/\/portaltela.pt\/s.01k8rhncp4jt1\/2026\/05\/img_1280x722uu2026-05-01-08-45-09-2282161.jpg","contentUrl":"https:\/\/portaltela.pt\/s.01k8rhncp4jt1\/2026\/05\/img_1280x722uu2026-05-01-08-45-09-2282161.jpg","width":796,"height":448,"caption":"Photo"},{"@type":"BreadcrumbList","@id":"https:\/\/portaltela.pt\/noticias\/2026\/05\/01\/cinco-jovens-detidos-no-porto-por-tentativa-de-homicidio-e-roubo\/#breadcrumb","itemListElement":[{"@type":"ListItem","position":1,"name":"In\u00edcio","item":"https:\/\/portaltela.pt\/"},{"@type":"ListItem","position":2,"name":"Cinco jovens detidos no Porto por tentativa de homic\u00eddio e roubo"}]},{"@type":"WebSite","@id":"https:\/\/portaltela.pt\/#website","url":"https:\/\/portaltela.pt\/","name":"Portal Tela Portugal","description":"","potentialAction":[{"@type":"SearchAction","target":{"@type":"EntryPoint","urlTemplate":"https:\/\/portaltela.pt\/?s={search_term_string}"},"query-input":{"@type":"PropertyValueSpecification","valueRequired":true,"valueName":"search_term_string"}}],"inLanguage":"pt-PT"},{"@type":"Person","@id":"https:\/\/portaltela.pt\/#\/schema\/person\/c4278d4a6028830caff9ee44b42d32ed","name":"Telinha","image":{"@type":"ImageObject","inLanguage":"pt-PT","@id":"https:\/\/portaltela.pt\/s.01k8rhncp4jt1\/2025\/11\/talking-bot-125x125.png","url":"https:\/\/portaltela.pt\/s.01k8rhncp4jt1\/2025\/11\/talking-bot-125x125.png","contentUrl":"https:\/\/portaltela.pt\/s.01k8rhncp4jt1\/2025\/11\/talking-bot-125x125.png","caption":"Telinha"},"sameAs":["https:\/\/portaltela.pt\/"],"url":"https:\/\/portaltela.pt\/por\/367410592786\/"}]}},"_links":{"self":[{"href":"https:\/\/portaltela.pt\/api\/wp\/v2\/posts\/463466","targetHints":{"allow":["GET"]}}],"collection":[{"href":"https:\/\/portaltela.pt\/api\/wp\/v2\/posts"}],"about":[{"href":"https:\/\/portaltela.pt\/api\/wp\/v2\/types\/post"}],"author":[{"embeddable":true,"href":"https:\/\/portaltela.pt\/api\/wp\/v2\/users\/2"}],"replies":[{"embeddable":true,"href":"https:\/\/portaltela.pt\/api\/wp\/v2\/comments?post=463466"}],"version-history":[{"count":0,"href":"https:\/\/portaltela.pt\/api\/wp\/v2\/posts\/463466\/revisions"}],"wp:featuredmedia":[{"embeddable":true,"href":"https:\/\/portaltela.pt\/api\/wp\/v2\/media\/463469"}],"wp:attachment":[{"href":"https:\/\/portaltela.pt\/api\/wp\/v2\/media?parent=463466"}],"wp:term":[{"taxonomy":"category","embeddable":true,"href":"https:\/\/portaltela.pt\/api\/wp\/v2\/categories?post=463466"},{"taxonomy":"post_tag","embeddable":true,"href":"https:\/\/portaltela.pt\/api\/wp\/v2\/tags?post=463466"}],"curies":[{"name":"wp","href":"https:\/\/api.w.org\/{rel}","templated":true}]}}