{"id":463456,"date":"2026-05-01T04:33:00","date_gmt":"2026-05-01T07:33:00","guid":{"rendered":"https:\/\/portaltela.pt\/noticias\/2026\/05\/01\/uniao-europeia-reforca-regras-sobre-criacao-de-caes-e-gatos\/"},"modified":"2026-05-01T04:33:00","modified_gmt":"2026-05-01T07:33:00","slug":"uniao-europeia-reforca-regras-sobre-criacao-de-caes-e-gatos","status":"publish","type":"post","link":"https:\/\/portaltela.pt\/sociedade\/2026\/05\/01\/uniao-europeia-reforca-regras-sobre-criacao-de-caes-e-gatos\/","title":{"rendered":"Uni\u00e3o Europeia refor\u00e7a regras sobre cria\u00e7\u00e3o de c\u00e3es e gatos"},"content":{"rendered":"<p>O Parlamento Europeu aprovou as primeiras regras comunit\u00e1rias para a cria\u00e7\u00e3o, cuidados, identifica\u00e7\u00e3o, importa\u00e7\u00e3o e com\u00e9rcio de c\u00e3es e gatos. 558 eurodeputados votaram a favor, 35 contra e 52 abstiveram-se.<\/p>\n<p>As novas regras visam reduzir abusos, eliminar pr\u00e1ticas comerciais desumanas e proteger a sa\u00fade dos animais de companhia. Tamb\u00e9m procuram ordenar um mercado em r\u00e1pido crescimento que ainda \u00e9 pouco regulamentado.<\/p>\n<p>Entre os elementos-chave est\u00e1 a introdu\u00e7\u00e3o de microchips obrigat\u00f3rios para c\u00e3es e gatos, com registo em bases de dados nacionais compat\u00edveis. A medida pretende aumentar a rastreabilidade e facilitar os controlos de antecedentes.<\/p>\n<h3>Per\u00edodo de transi\u00e7\u00e3o<\/h3>\n<p>Criadores, comerciantes e abrigos ter\u00e3o quatro anos para cumprir as novas regras. Para propriet\u00e1rios privados, a obriga\u00e7\u00e3o come\u00e7a mais tarde: dez anos para c\u00e3es e quinze para gatos.<\/p>\n<h3>Proibi\u00e7\u00f5es e restri\u00e7\u00f5es<\/h3>\n<p>A reforma impede atividades prejudiciais \u00e0 sa\u00fade animal, proibindo a reprodu\u00e7\u00e3o entre indiv\u00edduos estreitamente relacionados e a cria\u00e7\u00e3o que fixe caracter\u00edsticas gen\u00e9ticas problem\u00e1ticas. A mutila\u00e7\u00e3o de c\u00e3es e gatos para exposi\u00e7\u00f5es passa a ser proibida.<\/p>\n<p>Al\u00e9m disso, a utiliza\u00e7\u00e3o de acess\u00f3rios perigosos fica restringida, como coleiras com espig\u00f5es e coleiras sem amarras adequadas, bem como a amarra\u00e7\u00e3o de animais, salvo em situa\u00e7\u00f5es m\u00e9dicas justificadas.<\/p>\n<h3>Controlo das importa\u00e7\u00f5es e com\u00e9rcio externo<\/h3>\n<p>As regras abrangem igualmente a importa\u00e7\u00e3o de animais de fora da UE. C\u00e3es e gatos para fins comerciais devem ter microchip e registo numa base de dados nacional antes de entrarem na UE.<\/p>\n<p>Quem importa a t\u00edtulo privado deve registar com anteced\u00eancia no sistema, pelo menos cinco dias \u00fateis antes da chegada, salvo se o animal j\u00e1 estiver na base de dados da UE. O objetivo \u00e9 tornar o sistema mais rigoroso e fechar lacunas que permitiam importa\u00e7\u00f5es como privados para venda.<\/p>\n<p>Um eurodeputado comentou as altera\u00e7\u00f5es num post no X, destacando o foco em bem-estar e concorr\u00eancia leal.<\/p>\n<h3>Impacto no mercado e bem-estar animal<\/h3>\n<p>A Comiss\u00e3o Europeia indica que cerca de 44% da popula\u00e7\u00e3o da UE tem um animal de estima\u00e7\u00e3o e 74% apoia melhor prote\u00e7\u00e3o do bem-estar. O mercado de c\u00e3es e gatos tem valor anual estimado em 1,3 mil milh\u00f5es de euros.<\/p>\n<p>Cerca de 60% dos donos adquirem os animais online, o que dificulta o controlo da proveni\u00eancia. As novas regras visam refor\u00e7ar a prote\u00e7\u00e3o animal e assegurar condi\u00e7\u00f5es de concorr\u00eancia \u00e9quit\u00e1veis para criadores em toda a UE.<\/p>\n","protected":false},"excerpt":{"rendered":"<ul>\n<li>O Parlamento Europeu aprovou o regulamento comunit\u00e1rio sobre cria\u00e7\u00e3o, cuidados, identifica\u00e7\u00e3o, importa\u00e7\u00e3o e com\u00e9rcio de c\u00e3es e gatos, com 558 votos a favor, 35 contra e 52 absten\u00e7\u00f5es.<\/li>\n<li>Regra principal: microchips obrigat\u00f3rios e registo em bases de dados nacionais, para aumentar rastreabilidade e facilitar controlo de antecedentes; criadores, comerciantes e abrigos t\u00eam quatro anos para cumprir, enquanto propriet\u00e1rios privados entram em vigor aos dez anos para c\u00e3es e quinze anos para gatos.<\/li>\n<li>Proibi\u00e7\u00e3o de pr\u00e1ticas prejudiciais \u00e0 sa\u00fade animal, incluindo reprodu\u00e7\u00e3o de parentes pr\u00f3ximos, fixa\u00e7\u00e3o de caracter\u00edsticas que prejudiquem a sa\u00fade e mutila\u00e7\u00e3o para exposi\u00e7\u00f5es; limita-se ainda o uso de acess\u00f3rios perigosos e a amarra\u00e7\u00e3o de animais, salvo por motivos m\u00e9dicos.<\/li>\n<li>Controlo de importa\u00e7\u00f5es e com\u00e9rcio externo: c\u00e3es e gatos trazidos para fins comerciais devem ter microchip e registo numa base de dados nacional; importa\u00e7\u00e3o privada exige registo pr\u00e9vio com pelo menos cinco dias \u00fateis antes da chegada, se o animal n\u00e3o estiver j\u00e1 na base da UE.<\/li>\n<li>Mercado e bem-estar: 44 por cento da popula\u00e7\u00e3o da UE tem animal de estima\u00e7\u00e3o; 74 por cento defendem melhor prote\u00e7\u00e3o do bem-estar; o mercado dos c\u00e3es e gatos vale cerca de 1,3 mil milh\u00f5es de euros por ano, com cerca de 60 por cento dos donos a comprar online.<\/li>\n<\/ul>\n","protected":false},"author":2,"featured_media":463457,"comment_status":"closed","ping_status":"closed","sticky":false,"template":"","format":"standard","meta":{"footnotes":""},"categories":[6745,6871],"tags":[8131,8274,8004,8823,8053,8056],"class_list":["post-463456","post","type-post","status-publish","format-standard","has-post-thumbnail","hentry","category-saude","category-sociedade","tag-_animais","tag-_animais-de-companhia","tag-_europa","tag-_importacoes-internacionais","tag-_leis","tag-_uniao-europeia"],"yoast_head":"<!-- This site is optimized with the Yoast SEO plugin v27.2 - https:\/\/yoast.com\/product\/yoast-seo-wordpress\/ -->\n<title>Uni\u00e3o Europeia refor\u00e7a regras sobre cria\u00e7\u00e3o de c\u00e3es e gatos - Portal Tela Portugal<\/title>\n<meta name=\"robots\" content=\"index, follow, max-snippet:-1, max-image-preview:large, max-video-preview:-1\" \/>\n<meta property=\"og:locale\" content=\"pt_PT\" \/>\n<meta property=\"og:type\" content=\"article\" \/>\n<meta property=\"og:title\" content=\"Uni\u00e3o Europeia refor\u00e7a regras sobre cria\u00e7\u00e3o de c\u00e3es e gatos - Portal Tela Portugal\" \/>\n<meta property=\"og:description\" content=\"O Parlamento Europeu aprovou o regulamento comunit\u00e1rio sobre cria\u00e7\u00e3o, cuidados, identifica\u00e7\u00e3o, importa\u00e7\u00e3o e com\u00e9rcio de c\u00e3es e gatos, com 558 votos a favor, 35 contra e 52 absten\u00e7\u00f5es. Regra principal: microchips obrigat\u00f3rios e registo em bases de dados nacionais, para aumentar rastreabilidade e facilitar controlo de antecedentes; criadores, comerciantes e abrigos t\u00eam quatro anos para cumprir, enquanto propriet\u00e1rios privados entram em vigor aos dez anos para c\u00e3es e quinze anos para gatos. Proibi\u00e7\u00e3o de pr\u00e1ticas prejudiciais \u00e0 sa\u00fade animal, incluindo reprodu\u00e7\u00e3o de parentes pr\u00f3ximos, fixa\u00e7\u00e3o de caracter\u00edsticas que prejudiquem a sa\u00fade e mutila\u00e7\u00e3o para exposi\u00e7\u00f5es; limita-se ainda o uso de acess\u00f3rios perigosos e a amarra\u00e7\u00e3o de animais, salvo por motivos m\u00e9dicos. Controlo de importa\u00e7\u00f5es e com\u00e9rcio externo: c\u00e3es e gatos trazidos para fins comerciais devem ter microchip e registo numa base de dados nacional; importa\u00e7\u00e3o privada exige registo pr\u00e9vio com pelo menos cinco dias \u00fateis antes da chegada, se o animal n\u00e3o estiver j\u00e1 na base da UE. Mercado e bem-estar: 44 por cento da popula\u00e7\u00e3o da UE tem animal de estima\u00e7\u00e3o; 74 por cento defendem melhor prote\u00e7\u00e3o do bem-estar; o mercado dos c\u00e3es e gatos vale cerca de 1,3 mil milh\u00f5es de euros por ano, com cerca de 60 por cento dos donos a comprar online.\" \/>\n<meta property=\"og:url\" content=\"https:\/\/portaltela.pt\/noticias\/2026\/05\/01\/uniao-europeia-reforca-regras-sobre-criacao-de-caes-e-gatos\/\" \/>\n<meta property=\"og:site_name\" content=\"Portal Tela Portugal\" \/>\n<meta property=\"article:published_time\" content=\"2026-05-01T07:33:00+00:00\" \/>\n<meta name=\"author\" content=\"Telinha\" \/>\n<meta name=\"twitter:card\" content=\"summary_large_image\" \/>\n<meta name=\"twitter:label1\" content=\"Escrito por\" \/>\n\t<meta name=\"twitter:data1\" content=\"Telinha\" \/>\n\t<meta name=\"twitter:label2\" content=\"Tempo estimado de leitura\" \/>\n\t<meta name=\"twitter:data2\" content=\"2 minutos\" \/>\n<script type=\"application\/ld+json\" class=\"yoast-schema-graph\">{\"@context\":\"https:\/\/schema.org\",\"@graph\":[{\"@type\":\"Article\",\"@id\":\"https:\/\/portaltela.pt\/noticias\/2026\/05\/01\/uniao-europeia-reforca-regras-sobre-criacao-de-caes-e-gatos\/#article\",\"isPartOf\":{\"@id\":\"https:\/\/portaltela.pt\/noticias\/2026\/05\/01\/uniao-europeia-reforca-regras-sobre-criacao-de-caes-e-gatos\/\"},\"author\":{\"name\":\"Telinha\",\"@id\":\"https:\/\/portaltela.pt\/#\/schema\/person\/c4278d4a6028830caff9ee44b42d32ed\"},\"headline\":\"Uni\u00e3o Europeia refor\u00e7a regras sobre cria\u00e7\u00e3o de c\u00e3es e gatos\",\"datePublished\":\"2026-05-01T07:33:00+00:00\",\"mainEntityOfPage\":{\"@id\":\"https:\/\/portaltela.pt\/noticias\/2026\/05\/01\/uniao-europeia-reforca-regras-sobre-criacao-de-caes-e-gatos\/\"},\"wordCount\":444,\"image\":{\"@id\":\"https:\/\/portaltela.pt\/noticias\/2026\/05\/01\/uniao-europeia-reforca-regras-sobre-criacao-de-caes-e-gatos\/#primaryimage\"},\"thumbnailUrl\":\"https:\/\/portaltela.pt\/s.01k8rhncp4jt1\/2026\/05\/1536x864_cmsv2_6fe987b4-5534-5789-86a3-9f0e82111eb1-9742582.jpg\",\"keywords\":[\"_animais\",\"_animais de companhia\",\"_Europa\",\"_importa\u00e7\u00f5es internacionais\",\"_leis\",\"_Uni\u00e3o Europeia\"],\"articleSection\":[\"Sa\u00fade\",\"Sociedade\"],\"inLanguage\":\"pt-PT\"},{\"@type\":\"WebPage\",\"@id\":\"https:\/\/portaltela.pt\/noticias\/2026\/05\/01\/uniao-europeia-reforca-regras-sobre-criacao-de-caes-e-gatos\/\",\"url\":\"https:\/\/portaltela.pt\/noticias\/2026\/05\/01\/uniao-europeia-reforca-regras-sobre-criacao-de-caes-e-gatos\/\",\"name\":\"Uni\u00e3o Europeia refor\u00e7a regras sobre cria\u00e7\u00e3o de c\u00e3es e gatos - Portal Tela Portugal\",\"isPartOf\":{\"@id\":\"https:\/\/portaltela.pt\/#website\"},\"primaryImageOfPage\":{\"@id\":\"https:\/\/portaltela.pt\/noticias\/2026\/05\/01\/uniao-europeia-reforca-regras-sobre-criacao-de-caes-e-gatos\/#primaryimage\"},\"image\":{\"@id\":\"https:\/\/portaltela.pt\/noticias\/2026\/05\/01\/uniao-europeia-reforca-regras-sobre-criacao-de-caes-e-gatos\/#primaryimage\"},\"thumbnailUrl\":\"https:\/\/portaltela.pt\/s.01k8rhncp4jt1\/2026\/05\/1536x864_cmsv2_6fe987b4-5534-5789-86a3-9f0e82111eb1-9742582.jpg\",\"datePublished\":\"2026-05-01T07:33:00+00:00\",\"author\":{\"@id\":\"https:\/\/portaltela.pt\/#\/schema\/person\/c4278d4a6028830caff9ee44b42d32ed\"},\"breadcrumb\":{\"@id\":\"https:\/\/portaltela.pt\/noticias\/2026\/05\/01\/uniao-europeia-reforca-regras-sobre-criacao-de-caes-e-gatos\/#breadcrumb\"},\"inLanguage\":\"pt-PT\",\"potentialAction\":[{\"@type\":\"ReadAction\",\"target\":[\"https:\/\/portaltela.pt\/noticias\/2026\/05\/01\/uniao-europeia-reforca-regras-sobre-criacao-de-caes-e-gatos\/\"]}]},{\"@type\":\"ImageObject\",\"inLanguage\":\"pt-PT\",\"@id\":\"https:\/\/portaltela.pt\/noticias\/2026\/05\/01\/uniao-europeia-reforca-regras-sobre-criacao-de-caes-e-gatos\/#primaryimage\",\"url\":\"https:\/\/portaltela.pt\/s.01k8rhncp4jt1\/2026\/05\/1536x864_cmsv2_6fe987b4-5534-5789-86a3-9f0e82111eb1-9742582.jpg\",\"contentUrl\":\"https:\/\/portaltela.pt\/s.01k8rhncp4jt1\/2026\/05\/1536x864_cmsv2_6fe987b4-5534-5789-86a3-9f0e82111eb1-9742582.jpg\",\"width\":796,\"height\":448,\"caption\":\"Um gato olha para fora do seu esconderijo durante um concurso internacional de beleza felina, apelidado de \\\"\u00d3scares felinos\\\", com mais de 200 gatos, em Bucareste, Rom\u00e9nia, 21.03.2026\"},{\"@type\":\"BreadcrumbList\",\"@id\":\"https:\/\/portaltela.pt\/noticias\/2026\/05\/01\/uniao-europeia-reforca-regras-sobre-criacao-de-caes-e-gatos\/#breadcrumb\",\"itemListElement\":[{\"@type\":\"ListItem\",\"position\":1,\"name\":\"In\u00edcio\",\"item\":\"https:\/\/portaltela.pt\/\"},{\"@type\":\"ListItem\",\"position\":2,\"name\":\"Uni\u00e3o Europeia refor\u00e7a regras sobre cria\u00e7\u00e3o de c\u00e3es e gatos\"}]},{\"@type\":\"WebSite\",\"@id\":\"https:\/\/portaltela.pt\/#website\",\"url\":\"https:\/\/portaltela.pt\/\",\"name\":\"Portal Tela Portugal\",\"description\":\"\",\"potentialAction\":[{\"@type\":\"SearchAction\",\"target\":{\"@type\":\"EntryPoint\",\"urlTemplate\":\"https:\/\/portaltela.pt\/?s={search_term_string}\"},\"query-input\":{\"@type\":\"PropertyValueSpecification\",\"valueRequired\":true,\"valueName\":\"search_term_string\"}}],\"inLanguage\":\"pt-PT\"},{\"@type\":\"Person\",\"@id\":\"https:\/\/portaltela.pt\/#\/schema\/person\/c4278d4a6028830caff9ee44b42d32ed\",\"name\":\"Telinha\",\"image\":{\"@type\":\"ImageObject\",\"inLanguage\":\"pt-PT\",\"@id\":\"https:\/\/portaltela.pt\/s.01k8rhncp4jt1\/2025\/11\/talking-bot-125x125.png\",\"url\":\"https:\/\/portaltela.pt\/s.01k8rhncp4jt1\/2025\/11\/talking-bot-125x125.png\",\"contentUrl\":\"https:\/\/portaltela.pt\/s.01k8rhncp4jt1\/2025\/11\/talking-bot-125x125.png\",\"caption\":\"Telinha\"},\"sameAs\":[\"https:\/\/portaltela.pt\/\"],\"url\":\"https:\/\/portaltela.pt\/por\/367410592786\/\"}]}<\/script>\n<!-- \/ Yoast SEO plugin. -->","yoast_head_json":{"title":"Uni\u00e3o Europeia refor\u00e7a regras sobre cria\u00e7\u00e3o de c\u00e3es e gatos - Portal Tela Portugal","robots":{"index":"index","follow":"follow","max-snippet":"max-snippet:-1","max-image-preview":"max-image-preview:large","max-video-preview":"max-video-preview:-1"},"og_locale":"pt_PT","og_type":"article","og_title":"Uni\u00e3o Europeia refor\u00e7a regras sobre cria\u00e7\u00e3o de c\u00e3es e gatos - Portal Tela Portugal","og_description":"O Parlamento Europeu aprovou o regulamento comunit\u00e1rio sobre cria\u00e7\u00e3o, cuidados, identifica\u00e7\u00e3o, importa\u00e7\u00e3o e com\u00e9rcio de c\u00e3es e gatos, com 558 votos a favor, 35 contra e 52 absten\u00e7\u00f5es. Regra principal: microchips obrigat\u00f3rios e registo em bases de dados nacionais, para aumentar rastreabilidade e facilitar controlo de antecedentes; criadores, comerciantes e abrigos t\u00eam quatro anos para cumprir, enquanto propriet\u00e1rios privados entram em vigor aos dez anos para c\u00e3es e quinze anos para gatos. Proibi\u00e7\u00e3o de pr\u00e1ticas prejudiciais \u00e0 sa\u00fade animal, incluindo reprodu\u00e7\u00e3o de parentes pr\u00f3ximos, fixa\u00e7\u00e3o de caracter\u00edsticas que prejudiquem a sa\u00fade e mutila\u00e7\u00e3o para exposi\u00e7\u00f5es; limita-se ainda o uso de acess\u00f3rios perigosos e a amarra\u00e7\u00e3o de animais, salvo por motivos m\u00e9dicos. Controlo de importa\u00e7\u00f5es e com\u00e9rcio externo: c\u00e3es e gatos trazidos para fins comerciais devem ter microchip e registo numa base de dados nacional; importa\u00e7\u00e3o privada exige registo pr\u00e9vio com pelo menos cinco dias \u00fateis antes da chegada, se o animal n\u00e3o estiver j\u00e1 na base da UE. Mercado e bem-estar: 44 por cento da popula\u00e7\u00e3o da UE tem animal de estima\u00e7\u00e3o; 74 por cento defendem melhor prote\u00e7\u00e3o do bem-estar; o mercado dos c\u00e3es e gatos vale cerca de 1,3 mil milh\u00f5es de euros por ano, com cerca de 60 por cento dos donos a comprar online.","og_url":"https:\/\/portaltela.pt\/noticias\/2026\/05\/01\/uniao-europeia-reforca-regras-sobre-criacao-de-caes-e-gatos\/","og_site_name":"Portal Tela Portugal","article_published_time":"2026-05-01T07:33:00+00:00","author":"Telinha","twitter_card":"summary_large_image","twitter_misc":{"Escrito por":"Telinha","Tempo estimado de leitura":"2 minutos"},"schema":{"@context":"https:\/\/schema.org","@graph":[{"@type":"Article","@id":"https:\/\/portaltela.pt\/noticias\/2026\/05\/01\/uniao-europeia-reforca-regras-sobre-criacao-de-caes-e-gatos\/#article","isPartOf":{"@id":"https:\/\/portaltela.pt\/noticias\/2026\/05\/01\/uniao-europeia-reforca-regras-sobre-criacao-de-caes-e-gatos\/"},"author":{"name":"Telinha","@id":"https:\/\/portaltela.pt\/#\/schema\/person\/c4278d4a6028830caff9ee44b42d32ed"},"headline":"Uni\u00e3o Europeia refor\u00e7a regras sobre cria\u00e7\u00e3o de c\u00e3es e gatos","datePublished":"2026-05-01T07:33:00+00:00","mainEntityOfPage":{"@id":"https:\/\/portaltela.pt\/noticias\/2026\/05\/01\/uniao-europeia-reforca-regras-sobre-criacao-de-caes-e-gatos\/"},"wordCount":444,"image":{"@id":"https:\/\/portaltela.pt\/noticias\/2026\/05\/01\/uniao-europeia-reforca-regras-sobre-criacao-de-caes-e-gatos\/#primaryimage"},"thumbnailUrl":"https:\/\/portaltela.pt\/s.01k8rhncp4jt1\/2026\/05\/1536x864_cmsv2_6fe987b4-5534-5789-86a3-9f0e82111eb1-9742582.jpg","keywords":["_animais","_animais de companhia","_Europa","_importa\u00e7\u00f5es internacionais","_leis","_Uni\u00e3o Europeia"],"articleSection":["Sa\u00fade","Sociedade"],"inLanguage":"pt-PT"},{"@type":"WebPage","@id":"https:\/\/portaltela.pt\/noticias\/2026\/05\/01\/uniao-europeia-reforca-regras-sobre-criacao-de-caes-e-gatos\/","url":"https:\/\/portaltela.pt\/noticias\/2026\/05\/01\/uniao-europeia-reforca-regras-sobre-criacao-de-caes-e-gatos\/","name":"Uni\u00e3o Europeia refor\u00e7a regras sobre cria\u00e7\u00e3o de c\u00e3es e gatos - Portal Tela Portugal","isPartOf":{"@id":"https:\/\/portaltela.pt\/#website"},"primaryImageOfPage":{"@id":"https:\/\/portaltela.pt\/noticias\/2026\/05\/01\/uniao-europeia-reforca-regras-sobre-criacao-de-caes-e-gatos\/#primaryimage"},"image":{"@id":"https:\/\/portaltela.pt\/noticias\/2026\/05\/01\/uniao-europeia-reforca-regras-sobre-criacao-de-caes-e-gatos\/#primaryimage"},"thumbnailUrl":"https:\/\/portaltela.pt\/s.01k8rhncp4jt1\/2026\/05\/1536x864_cmsv2_6fe987b4-5534-5789-86a3-9f0e82111eb1-9742582.jpg","datePublished":"2026-05-01T07:33:00+00:00","author":{"@id":"https:\/\/portaltela.pt\/#\/schema\/person\/c4278d4a6028830caff9ee44b42d32ed"},"breadcrumb":{"@id":"https:\/\/portaltela.pt\/noticias\/2026\/05\/01\/uniao-europeia-reforca-regras-sobre-criacao-de-caes-e-gatos\/#breadcrumb"},"inLanguage":"pt-PT","potentialAction":[{"@type":"ReadAction","target":["https:\/\/portaltela.pt\/noticias\/2026\/05\/01\/uniao-europeia-reforca-regras-sobre-criacao-de-caes-e-gatos\/"]}]},{"@type":"ImageObject","inLanguage":"pt-PT","@id":"https:\/\/portaltela.pt\/noticias\/2026\/05\/01\/uniao-europeia-reforca-regras-sobre-criacao-de-caes-e-gatos\/#primaryimage","url":"https:\/\/portaltela.pt\/s.01k8rhncp4jt1\/2026\/05\/1536x864_cmsv2_6fe987b4-5534-5789-86a3-9f0e82111eb1-9742582.jpg","contentUrl":"https:\/\/portaltela.pt\/s.01k8rhncp4jt1\/2026\/05\/1536x864_cmsv2_6fe987b4-5534-5789-86a3-9f0e82111eb1-9742582.jpg","width":796,"height":448,"caption":"Um gato olha para fora do seu esconderijo durante um concurso internacional de beleza felina, apelidado de \"\u00d3scares felinos\", com mais de 200 gatos, em Bucareste, Rom\u00e9nia, 21.03.2026"},{"@type":"BreadcrumbList","@id":"https:\/\/portaltela.pt\/noticias\/2026\/05\/01\/uniao-europeia-reforca-regras-sobre-criacao-de-caes-e-gatos\/#breadcrumb","itemListElement":[{"@type":"ListItem","position":1,"name":"In\u00edcio","item":"https:\/\/portaltela.pt\/"},{"@type":"ListItem","position":2,"name":"Uni\u00e3o Europeia refor\u00e7a regras sobre cria\u00e7\u00e3o de c\u00e3es e gatos"}]},{"@type":"WebSite","@id":"https:\/\/portaltela.pt\/#website","url":"https:\/\/portaltela.pt\/","name":"Portal Tela Portugal","description":"","potentialAction":[{"@type":"SearchAction","target":{"@type":"EntryPoint","urlTemplate":"https:\/\/portaltela.pt\/?s={search_term_string}"},"query-input":{"@type":"PropertyValueSpecification","valueRequired":true,"valueName":"search_term_string"}}],"inLanguage":"pt-PT"},{"@type":"Person","@id":"https:\/\/portaltela.pt\/#\/schema\/person\/c4278d4a6028830caff9ee44b42d32ed","name":"Telinha","image":{"@type":"ImageObject","inLanguage":"pt-PT","@id":"https:\/\/portaltela.pt\/s.01k8rhncp4jt1\/2025\/11\/talking-bot-125x125.png","url":"https:\/\/portaltela.pt\/s.01k8rhncp4jt1\/2025\/11\/talking-bot-125x125.png","contentUrl":"https:\/\/portaltela.pt\/s.01k8rhncp4jt1\/2025\/11\/talking-bot-125x125.png","caption":"Telinha"},"sameAs":["https:\/\/portaltela.pt\/"],"url":"https:\/\/portaltela.pt\/por\/367410592786\/"}]}},"_links":{"self":[{"href":"https:\/\/portaltela.pt\/api\/wp\/v2\/posts\/463456","targetHints":{"allow":["GET"]}}],"collection":[{"href":"https:\/\/portaltela.pt\/api\/wp\/v2\/posts"}],"about":[{"href":"https:\/\/portaltela.pt\/api\/wp\/v2\/types\/post"}],"author":[{"embeddable":true,"href":"https:\/\/portaltela.pt\/api\/wp\/v2\/users\/2"}],"replies":[{"embeddable":true,"href":"https:\/\/portaltela.pt\/api\/wp\/v2\/comments?post=463456"}],"version-history":[{"count":0,"href":"https:\/\/portaltela.pt\/api\/wp\/v2\/posts\/463456\/revisions"}],"wp:featuredmedia":[{"embeddable":true,"href":"https:\/\/portaltela.pt\/api\/wp\/v2\/media\/463457"}],"wp:attachment":[{"href":"https:\/\/portaltela.pt\/api\/wp\/v2\/media?parent=463456"}],"wp:term":[{"taxonomy":"category","embeddable":true,"href":"https:\/\/portaltela.pt\/api\/wp\/v2\/categories?post=463456"},{"taxonomy":"post_tag","embeddable":true,"href":"https:\/\/portaltela.pt\/api\/wp\/v2\/tags?post=463456"}],"curies":[{"name":"wp","href":"https:\/\/api.w.org\/{rel}","templated":true}]}}