{"id":463418,"date":"2026-05-01T04:03:03","date_gmt":"2026-05-01T07:03:03","guid":{"rendered":"https:\/\/portaltela.pt\/noticias\/2026\/05\/01\/governo-enfrenta-atmosfera-politica-semelhante-a-de-trump\/"},"modified":"2026-05-01T04:03:03","modified_gmt":"2026-05-01T07:03:03","slug":"governo-enfrenta-atmosfera-politica-semelhante-a-de-trump","status":"publish","type":"post","link":"https:\/\/portaltela.pt\/meio-ambiente\/2026\/05\/01\/governo-enfrenta-atmosfera-politica-semelhante-a-de-trump\/","title":{"rendered":"Governo enfrenta atmosfera pol\u00edtica semelhante \u00e0 de Trump"},"content":{"rendered":"<p>Donald Trump \u00e9 descrito como negacionista das altera\u00e7\u00f5es clim\u00e1ticas, tendo publicado mensagens que confundem meteorologia com clima. A not\u00edcia destaca esse posicionamento num momento de tens\u00e3o geopol\u00edtica com o Ir\u00e3o.<\/p>\n<p>O texto indica que o negacionismo clim\u00e1tico persiste para l\u00e1 das quest\u00f5es imediatas de pol\u00edtica externa, com impactos globais. A relev\u00e2ncia dos EUA para o clima \u00e9 destacada pela massa de emiss\u00f5es de di\u00f3xido de carbono.<\/p>\n<p>S\u00e3o apresentados dados: os EUA s\u00e3o o segundo maior emissor mundial de CO2 e, em termos de emiss\u00f5es por habitante, est\u00e3o entre os mais elevados. O relat\u00f3rio aponta ainda para a relut\u00e2ncia em assumir compromissos de redu\u00e7\u00e3o de emiss\u00f5es de gases com efeito de estufa.<\/p>\n","protected":false},"excerpt":{"rendered":"<ul>\n<li>Donald Trump \u00e9 apresentado como negacionista das altera\u00e7\u00f5es clim\u00e1ticas, confundindo meteorologia com clima.<\/li>\n<li>O texto alerta para uma batalha menos vis\u00edvel, mas de impacto prolongado, contra a ci\u00eancia do clima, al\u00e9m da crise no M\u00e9dio Oriente.<\/li>\n<li>Os Estados Unidos s\u00e3o o segundo maior emissor de di\u00f3xido de carbono a n\u00edvel mundial e, por pessoa, entre os que mais emitem.<\/li>\n<li>O pa\u00eds tem sido relutante em assumir compromissos de redu\u00e7\u00e3o de emiss\u00f5es de gases com efeito de estufa.<\/li>\n<li>O negacionismo clim\u00e1tico por parte de alguns l\u00edderes dos EUA \u00e9 destacado como uma caracter\u00edstica marcante.<\/li>\n<\/ul>\n","protected":false},"author":2,"featured_media":463422,"comment_status":"closed","ping_status":"closed","sticky":false,"template":"","format":"standard","meta":{"footnotes":""},"categories":[7380,6725],"tags":[8291,8959,8897,10083,7986,8193],"class_list":["post-463418","post","type-post","status-publish","format-standard","has-post-thumbnail","hentry","category-clima","category-meio-ambiente","tag-_alteracoes-climaticas","tag-_diplomacia-internacional","tag-_emissoes","tag-_emissoes-de-gases-com-efeito-de-estufa","tag-_estados-unidos","tag-_ira"],"yoast_head":"<!-- This site is optimized with the Yoast SEO plugin v27.2 - https:\/\/yoast.com\/product\/yoast-seo-wordpress\/ -->\n<title>Governo enfrenta atmosfera pol\u00edtica semelhante \u00e0 de Trump - Portal Tela Portugal<\/title>\n<meta name=\"robots\" content=\"index, follow, max-snippet:-1, max-image-preview:large, max-video-preview:-1\" \/>\n<meta property=\"og:locale\" content=\"pt_PT\" \/>\n<meta property=\"og:type\" content=\"article\" \/>\n<meta property=\"og:title\" content=\"Governo enfrenta atmosfera pol\u00edtica semelhante \u00e0 de Trump - Portal Tela Portugal\" \/>\n<meta property=\"og:description\" content=\"Donald Trump \u00e9 apresentado como negacionista das altera\u00e7\u00f5es clim\u00e1ticas, confundindo meteorologia com clima. O texto alerta para uma batalha menos vis\u00edvel, mas de impacto prolongado, contra a ci\u00eancia do clima, al\u00e9m da crise no M\u00e9dio Oriente. Os Estados Unidos s\u00e3o o segundo maior emissor de di\u00f3xido de carbono a n\u00edvel mundial e, por pessoa, entre os que mais emitem. O pa\u00eds tem sido relutante em assumir compromissos de redu\u00e7\u00e3o de emiss\u00f5es de gases com efeito de estufa. O negacionismo clim\u00e1tico por parte de alguns l\u00edderes dos EUA \u00e9 destacado como uma caracter\u00edstica marcante.\" \/>\n<meta property=\"og:url\" content=\"https:\/\/portaltela.pt\/noticias\/2026\/05\/01\/governo-enfrenta-atmosfera-politica-semelhante-a-de-trump\/\" \/>\n<meta property=\"og:site_name\" content=\"Portal Tela Portugal\" \/>\n<meta property=\"article:published_time\" content=\"2026-05-01T07:03:03+00:00\" \/>\n<meta name=\"author\" content=\"Telinha\" \/>\n<meta name=\"twitter:card\" content=\"summary_large_image\" \/>\n<meta name=\"twitter:label1\" content=\"Escrito por\" \/>\n\t<meta name=\"twitter:data1\" content=\"Telinha\" \/>\n\t<meta name=\"twitter:label2\" content=\"Tempo estimado de leitura\" \/>\n\t<meta name=\"twitter:data2\" content=\"1 minuto\" \/>\n<script type=\"application\/ld+json\" class=\"yoast-schema-graph\">{\"@context\":\"https:\/\/schema.org\",\"@graph\":[{\"@type\":\"Article\",\"@id\":\"https:\/\/portaltela.pt\/noticias\/2026\/05\/01\/governo-enfrenta-atmosfera-politica-semelhante-a-de-trump\/#article\",\"isPartOf\":{\"@id\":\"https:\/\/portaltela.pt\/noticias\/2026\/05\/01\/governo-enfrenta-atmosfera-politica-semelhante-a-de-trump\/\"},\"author\":{\"name\":\"Telinha\",\"@id\":\"https:\/\/portaltela.pt\/#\/schema\/person\/c4278d4a6028830caff9ee44b42d32ed\"},\"headline\":\"Governo enfrenta atmosfera pol\u00edtica semelhante \u00e0 de Trump\",\"datePublished\":\"2026-05-01T07:03:03+00:00\",\"mainEntityOfPage\":{\"@id\":\"https:\/\/portaltela.pt\/noticias\/2026\/05\/01\/governo-enfrenta-atmosfera-politica-semelhante-a-de-trump\/\"},\"wordCount\":137,\"image\":{\"@id\":\"https:\/\/portaltela.pt\/noticias\/2026\/05\/01\/governo-enfrenta-atmosfera-politica-semelhante-a-de-trump\/#primaryimage\"},\"thumbnailUrl\":\"https:\/\/portaltela.pt\/s.01k8rhncp4jt1\/2026\/05\/2084460.jpg\",\"keywords\":[\"_Altera\u00e7\u00f5es Clim\u00e1ticas\",\"_diplomacia internacional\",\"_emiss\u00f5es\",\"_emiss\u00f5es de gases com efeito de estufa\",\"_Estados Unidos\",\"_Ir\u00e3\"],\"articleSection\":[\"Clima\",\"Meio Ambiente\"],\"inLanguage\":\"pt-PT\"},{\"@type\":\"WebPage\",\"@id\":\"https:\/\/portaltela.pt\/noticias\/2026\/05\/01\/governo-enfrenta-atmosfera-politica-semelhante-a-de-trump\/\",\"url\":\"https:\/\/portaltela.pt\/noticias\/2026\/05\/01\/governo-enfrenta-atmosfera-politica-semelhante-a-de-trump\/\",\"name\":\"Governo enfrenta atmosfera pol\u00edtica semelhante \u00e0 de Trump - Portal Tela Portugal\",\"isPartOf\":{\"@id\":\"https:\/\/portaltela.pt\/#website\"},\"primaryImageOfPage\":{\"@id\":\"https:\/\/portaltela.pt\/noticias\/2026\/05\/01\/governo-enfrenta-atmosfera-politica-semelhante-a-de-trump\/#primaryimage\"},\"image\":{\"@id\":\"https:\/\/portaltela.pt\/noticias\/2026\/05\/01\/governo-enfrenta-atmosfera-politica-semelhante-a-de-trump\/#primaryimage\"},\"thumbnailUrl\":\"https:\/\/portaltela.pt\/s.01k8rhncp4jt1\/2026\/05\/2084460.jpg\",\"datePublished\":\"2026-05-01T07:03:03+00:00\",\"author\":{\"@id\":\"https:\/\/portaltela.pt\/#\/schema\/person\/c4278d4a6028830caff9ee44b42d32ed\"},\"breadcrumb\":{\"@id\":\"https:\/\/portaltela.pt\/noticias\/2026\/05\/01\/governo-enfrenta-atmosfera-politica-semelhante-a-de-trump\/#breadcrumb\"},\"inLanguage\":\"pt-PT\",\"potentialAction\":[{\"@type\":\"ReadAction\",\"target\":[\"https:\/\/portaltela.pt\/noticias\/2026\/05\/01\/governo-enfrenta-atmosfera-politica-semelhante-a-de-trump\/\"]}]},{\"@type\":\"ImageObject\",\"inLanguage\":\"pt-PT\",\"@id\":\"https:\/\/portaltela.pt\/noticias\/2026\/05\/01\/governo-enfrenta-atmosfera-politica-semelhante-a-de-trump\/#primaryimage\",\"url\":\"https:\/\/portaltela.pt\/s.01k8rhncp4jt1\/2026\/05\/2084460.jpg\",\"contentUrl\":\"https:\/\/portaltela.pt\/s.01k8rhncp4jt1\/2026\/05\/2084460.jpg\",\"width\":796,\"height\":448,\"caption\":\"O Presidente dos Estados Unidos, Donald Trump, \u00e9 negacionista das altera\u00e7\u00f5es clim\u00e1ticas de origem humana\"},{\"@type\":\"BreadcrumbList\",\"@id\":\"https:\/\/portaltela.pt\/noticias\/2026\/05\/01\/governo-enfrenta-atmosfera-politica-semelhante-a-de-trump\/#breadcrumb\",\"itemListElement\":[{\"@type\":\"ListItem\",\"position\":1,\"name\":\"In\u00edcio\",\"item\":\"https:\/\/portaltela.pt\/\"},{\"@type\":\"ListItem\",\"position\":2,\"name\":\"Governo enfrenta atmosfera pol\u00edtica semelhante \u00e0 de Trump\"}]},{\"@type\":\"WebSite\",\"@id\":\"https:\/\/portaltela.pt\/#website\",\"url\":\"https:\/\/portaltela.pt\/\",\"name\":\"Portal Tela Portugal\",\"description\":\"\",\"potentialAction\":[{\"@type\":\"SearchAction\",\"target\":{\"@type\":\"EntryPoint\",\"urlTemplate\":\"https:\/\/portaltela.pt\/?s={search_term_string}\"},\"query-input\":{\"@type\":\"PropertyValueSpecification\",\"valueRequired\":true,\"valueName\":\"search_term_string\"}}],\"inLanguage\":\"pt-PT\"},{\"@type\":\"Person\",\"@id\":\"https:\/\/portaltela.pt\/#\/schema\/person\/c4278d4a6028830caff9ee44b42d32ed\",\"name\":\"Telinha\",\"image\":{\"@type\":\"ImageObject\",\"inLanguage\":\"pt-PT\",\"@id\":\"https:\/\/portaltela.pt\/s.01k8rhncp4jt1\/2025\/11\/talking-bot-125x125.png\",\"url\":\"https:\/\/portaltela.pt\/s.01k8rhncp4jt1\/2025\/11\/talking-bot-125x125.png\",\"contentUrl\":\"https:\/\/portaltela.pt\/s.01k8rhncp4jt1\/2025\/11\/talking-bot-125x125.png\",\"caption\":\"Telinha\"},\"sameAs\":[\"https:\/\/portaltela.pt\/\"],\"url\":\"https:\/\/portaltela.pt\/por\/367410592786\/\"}]}<\/script>\n<!-- \/ Yoast SEO plugin. -->","yoast_head_json":{"title":"Governo enfrenta atmosfera pol\u00edtica semelhante \u00e0 de Trump - Portal Tela Portugal","robots":{"index":"index","follow":"follow","max-snippet":"max-snippet:-1","max-image-preview":"max-image-preview:large","max-video-preview":"max-video-preview:-1"},"og_locale":"pt_PT","og_type":"article","og_title":"Governo enfrenta atmosfera pol\u00edtica semelhante \u00e0 de Trump - Portal Tela Portugal","og_description":"Donald Trump \u00e9 apresentado como negacionista das altera\u00e7\u00f5es clim\u00e1ticas, confundindo meteorologia com clima. O texto alerta para uma batalha menos vis\u00edvel, mas de impacto prolongado, contra a ci\u00eancia do clima, al\u00e9m da crise no M\u00e9dio Oriente. Os Estados Unidos s\u00e3o o segundo maior emissor de di\u00f3xido de carbono a n\u00edvel mundial e, por pessoa, entre os que mais emitem. O pa\u00eds tem sido relutante em assumir compromissos de redu\u00e7\u00e3o de emiss\u00f5es de gases com efeito de estufa. O negacionismo clim\u00e1tico por parte de alguns l\u00edderes dos EUA \u00e9 destacado como uma caracter\u00edstica marcante.","og_url":"https:\/\/portaltela.pt\/noticias\/2026\/05\/01\/governo-enfrenta-atmosfera-politica-semelhante-a-de-trump\/","og_site_name":"Portal Tela Portugal","article_published_time":"2026-05-01T07:03:03+00:00","author":"Telinha","twitter_card":"summary_large_image","twitter_misc":{"Escrito por":"Telinha","Tempo estimado de leitura":"1 minuto"},"schema":{"@context":"https:\/\/schema.org","@graph":[{"@type":"Article","@id":"https:\/\/portaltela.pt\/noticias\/2026\/05\/01\/governo-enfrenta-atmosfera-politica-semelhante-a-de-trump\/#article","isPartOf":{"@id":"https:\/\/portaltela.pt\/noticias\/2026\/05\/01\/governo-enfrenta-atmosfera-politica-semelhante-a-de-trump\/"},"author":{"name":"Telinha","@id":"https:\/\/portaltela.pt\/#\/schema\/person\/c4278d4a6028830caff9ee44b42d32ed"},"headline":"Governo enfrenta atmosfera pol\u00edtica semelhante \u00e0 de Trump","datePublished":"2026-05-01T07:03:03+00:00","mainEntityOfPage":{"@id":"https:\/\/portaltela.pt\/noticias\/2026\/05\/01\/governo-enfrenta-atmosfera-politica-semelhante-a-de-trump\/"},"wordCount":137,"image":{"@id":"https:\/\/portaltela.pt\/noticias\/2026\/05\/01\/governo-enfrenta-atmosfera-politica-semelhante-a-de-trump\/#primaryimage"},"thumbnailUrl":"https:\/\/portaltela.pt\/s.01k8rhncp4jt1\/2026\/05\/2084460.jpg","keywords":["_Altera\u00e7\u00f5es Clim\u00e1ticas","_diplomacia internacional","_emiss\u00f5es","_emiss\u00f5es de gases com efeito de estufa","_Estados Unidos","_Ir\u00e3"],"articleSection":["Clima","Meio Ambiente"],"inLanguage":"pt-PT"},{"@type":"WebPage","@id":"https:\/\/portaltela.pt\/noticias\/2026\/05\/01\/governo-enfrenta-atmosfera-politica-semelhante-a-de-trump\/","url":"https:\/\/portaltela.pt\/noticias\/2026\/05\/01\/governo-enfrenta-atmosfera-politica-semelhante-a-de-trump\/","name":"Governo enfrenta atmosfera pol\u00edtica semelhante \u00e0 de Trump - Portal Tela Portugal","isPartOf":{"@id":"https:\/\/portaltela.pt\/#website"},"primaryImageOfPage":{"@id":"https:\/\/portaltela.pt\/noticias\/2026\/05\/01\/governo-enfrenta-atmosfera-politica-semelhante-a-de-trump\/#primaryimage"},"image":{"@id":"https:\/\/portaltela.pt\/noticias\/2026\/05\/01\/governo-enfrenta-atmosfera-politica-semelhante-a-de-trump\/#primaryimage"},"thumbnailUrl":"https:\/\/portaltela.pt\/s.01k8rhncp4jt1\/2026\/05\/2084460.jpg","datePublished":"2026-05-01T07:03:03+00:00","author":{"@id":"https:\/\/portaltela.pt\/#\/schema\/person\/c4278d4a6028830caff9ee44b42d32ed"},"breadcrumb":{"@id":"https:\/\/portaltela.pt\/noticias\/2026\/05\/01\/governo-enfrenta-atmosfera-politica-semelhante-a-de-trump\/#breadcrumb"},"inLanguage":"pt-PT","potentialAction":[{"@type":"ReadAction","target":["https:\/\/portaltela.pt\/noticias\/2026\/05\/01\/governo-enfrenta-atmosfera-politica-semelhante-a-de-trump\/"]}]},{"@type":"ImageObject","inLanguage":"pt-PT","@id":"https:\/\/portaltela.pt\/noticias\/2026\/05\/01\/governo-enfrenta-atmosfera-politica-semelhante-a-de-trump\/#primaryimage","url":"https:\/\/portaltela.pt\/s.01k8rhncp4jt1\/2026\/05\/2084460.jpg","contentUrl":"https:\/\/portaltela.pt\/s.01k8rhncp4jt1\/2026\/05\/2084460.jpg","width":796,"height":448,"caption":"O Presidente dos Estados Unidos, Donald Trump, \u00e9 negacionista das altera\u00e7\u00f5es clim\u00e1ticas de origem humana"},{"@type":"BreadcrumbList","@id":"https:\/\/portaltela.pt\/noticias\/2026\/05\/01\/governo-enfrenta-atmosfera-politica-semelhante-a-de-trump\/#breadcrumb","itemListElement":[{"@type":"ListItem","position":1,"name":"In\u00edcio","item":"https:\/\/portaltela.pt\/"},{"@type":"ListItem","position":2,"name":"Governo enfrenta atmosfera pol\u00edtica semelhante \u00e0 de Trump"}]},{"@type":"WebSite","@id":"https:\/\/portaltela.pt\/#website","url":"https:\/\/portaltela.pt\/","name":"Portal Tela Portugal","description":"","potentialAction":[{"@type":"SearchAction","target":{"@type":"EntryPoint","urlTemplate":"https:\/\/portaltela.pt\/?s={search_term_string}"},"query-input":{"@type":"PropertyValueSpecification","valueRequired":true,"valueName":"search_term_string"}}],"inLanguage":"pt-PT"},{"@type":"Person","@id":"https:\/\/portaltela.pt\/#\/schema\/person\/c4278d4a6028830caff9ee44b42d32ed","name":"Telinha","image":{"@type":"ImageObject","inLanguage":"pt-PT","@id":"https:\/\/portaltela.pt\/s.01k8rhncp4jt1\/2025\/11\/talking-bot-125x125.png","url":"https:\/\/portaltela.pt\/s.01k8rhncp4jt1\/2025\/11\/talking-bot-125x125.png","contentUrl":"https:\/\/portaltela.pt\/s.01k8rhncp4jt1\/2025\/11\/talking-bot-125x125.png","caption":"Telinha"},"sameAs":["https:\/\/portaltela.pt\/"],"url":"https:\/\/portaltela.pt\/por\/367410592786\/"}]}},"_links":{"self":[{"href":"https:\/\/portaltela.pt\/api\/wp\/v2\/posts\/463418","targetHints":{"allow":["GET"]}}],"collection":[{"href":"https:\/\/portaltela.pt\/api\/wp\/v2\/posts"}],"about":[{"href":"https:\/\/portaltela.pt\/api\/wp\/v2\/types\/post"}],"author":[{"embeddable":true,"href":"https:\/\/portaltela.pt\/api\/wp\/v2\/users\/2"}],"replies":[{"embeddable":true,"href":"https:\/\/portaltela.pt\/api\/wp\/v2\/comments?post=463418"}],"version-history":[{"count":0,"href":"https:\/\/portaltela.pt\/api\/wp\/v2\/posts\/463418\/revisions"}],"wp:featuredmedia":[{"embeddable":true,"href":"https:\/\/portaltela.pt\/api\/wp\/v2\/media\/463422"}],"wp:attachment":[{"href":"https:\/\/portaltela.pt\/api\/wp\/v2\/media?parent=463418"}],"wp:term":[{"taxonomy":"category","embeddable":true,"href":"https:\/\/portaltela.pt\/api\/wp\/v2\/categories?post=463418"},{"taxonomy":"post_tag","embeddable":true,"href":"https:\/\/portaltela.pt\/api\/wp\/v2\/tags?post=463418"}],"curies":[{"name":"wp","href":"https:\/\/api.w.org\/{rel}","templated":true}]}}