{"id":463380,"date":"2026-05-01T03:18:01","date_gmt":"2026-05-01T06:18:01","guid":{"rendered":"https:\/\/portaltela.pt\/noticias\/2026\/05\/01\/assimetria-regional-limita-a-resposta-dos-cuidados-de-saude-primarios\/"},"modified":"2026-05-01T03:18:01","modified_gmt":"2026-05-01T06:18:01","slug":"assimetria-regional-limita-a-resposta-dos-cuidados-de-saude-primarios","status":"publish","type":"post","link":"https:\/\/portaltela.pt\/saude\/2026\/05\/01\/assimetria-regional-limita-a-resposta-dos-cuidados-de-saude-primarios\/","title":{"rendered":"Assimetria regional limita a resposta dos cuidados de sa\u00fade prim\u00e1rios"},"content":{"rendered":"<p>A assimetria regional na disponibilidade de m\u00e9dicos de fam\u00edlia continua a limitar a resposta dos cuidados de sa\u00fade prim\u00e1rios. O n\u00famero de utentes inscritos nesses cuidados aumentou cerca de 680 mil nos \u00faltimos 10 anos, ultrapassando os 10,7 milh\u00f5es no final de fevereiro, aponta a Seguran\u00e7a Social e a Associa\u00e7\u00e3o Portuguesa de Medicina Geral e Familiar.<\/p>\n<p>Atrav\u00e9s da ag\u00eancia Lusa, o presidente da associa\u00e7\u00e3o, Nuno Jacinto, recordou que o SNS 24 encaminha cada vez mais utentes para os cuidados de sa\u00fade prim\u00e1rios, algo visto como positivo. Contudo, sublinhou os entraves provocados pela falta de m\u00e9dicos de fam\u00edlia em diversas regi\u00f5es do pa\u00eds.<\/p>\n<p>Para Jacinto, os cuidados de sa\u00fade prim\u00e1rios devem conseguir resolver a esmagadora maioria das situa\u00e7\u00f5es de doen\u00e7a aguda e das agudiza\u00e7\u00f5es de doen\u00e7as cr\u00f3nicas. O principal problema, explicou, \u00e9 a assimetria gigante no territ\u00f3rio em termos de resposta devido \u00e0 escassez de profissionais.<\/p>\n<p>Em zonas com cobertura de m\u00e9dicos de fam\u00edlia quase total, o sistema funciona com relativa facilidade, incluindo refer\u00eancias do SNS 24. J\u00e1 em \u00e1reas sem m\u00e9dicos de fam\u00edlia a resposta fica comprometida, afirmou o presidente da Associa\u00e7\u00e3o Portuguesa de Medicina Geral e Familiar.<\/p>\n<p>O respons\u00e1vel destacou que n\u00e3o basta referenciar para os cuidados de sa\u00fade prim\u00e1rios se n\u00e3o houver m\u00e9dico dispon\u00edvel para a consulta, se o utente n\u00e3o tiver m\u00e9dico atribu\u00eddo ou se a unidade n\u00e3o funcionar por falta de profissionais.<\/p>\n<p>Para al\u00e9m disso, a quest\u00e3o n\u00e3o est\u00e1 apenas na organiza\u00e7\u00e3o, mas sobretudo na disponibilidade de recursos humanos. A escassez de profissionais mant\u00e9m-se como o grande desafio que persiste sem solu\u00e7\u00e3o.<\/p>\n<p>Jacinto apontou que o aumento de utentes inscritos no SNS n\u00e3o tem sido acompanhado por um crescimento proporcional de m\u00e9dicos, o que considera uma situa\u00e7\u00e3o preocupante e de maior dificuldade de acesso aos servi\u00e7os.<\/p>\n<p>Sobre a recente comunica\u00e7\u00e3o da ministra da Sa\u00fade, Ana Paula Martins, quanto \u00e0 abertura de vagas onde forem necess\u00e1rias, o presidente da associa\u00e7\u00e3o disse que a medida \u00e9 positiva e tem sido pedida h\u00e1 muito por sindicatos, pela Ordem dos M\u00e9dicos e pela pr\u00f3pria APFM.<\/p>\n<p>Afirmou que todas as vagas devem ficar dispon\u00edveis para facilitar a escolha dos m\u00e9dicos, reconhecendo a dificuldade antiga na fixa\u00e7\u00e3o de m\u00e9dicos de medicina geral e familiar. A aposta \u00e9 por mais contrata\u00e7\u00f5es, sem pretender atingir n\u00fameros inexequ\u00edveis de imediato.<\/p>\n<p>Dados oficiais indicam que, entre os utentes inscritos, 1.592.778 n\u00e3o tinham m\u00e9dico de fam\u00edlia. O conjunto destas informa\u00e7\u00f5es refor\u00e7a a necessidade de uma resposta mais r\u00e1pida e igualit\u00e1ria nos cuidados de sa\u00fade prim\u00e1rios.<\/p>\n","protected":false},"excerpt":{"rendered":"<ul>\n<li>O n\u00famero de utentes inscritos nos cuidados de sa\u00fade prim\u00e1rios ultrapassou os 10,7 milh\u00f5es no final de fevereiro, com um aumento de cerca de 680 mil nos \u00faltimos dez anos.<\/li>\n<li>Desses utentes, 1.592.778 n\u00e3o tinham m\u00e9dico de fam\u00edlia atribu\u00eddo.<\/li>\n<li>A assimetria territorial persiste: \u00e1reas com cobertura quase total conseguem responder a pedidos do SNS 24, mas zonas sem m\u00e9dicos de fam\u00edlia ficam sem resposta adequada.<\/li>\n<li>O presidente da Associa\u00e7\u00e3o Portuguesa de Medicina Geral e Familiar pediu que n\u00e3o se referenciem utentes para cuidados de sa\u00fade prim\u00e1rios sem haver m\u00e9dico dispon\u00edvel.<\/li>\n<li>A ministra da Sa\u00fade anunciou abertura de vagas em todas as zonas onde s\u00e3o necess\u00e1rias; a posi\u00e7\u00e3o \u00e9 que mais vagas podem melhorar o recrutamento, embora reconhe\u00e7a o desafio de captar milhares de m\u00e9dicos.<\/li>\n<\/ul>\n","protected":false},"author":2,"featured_media":463383,"comment_status":"closed","ping_status":"closed","sticky":false,"template":"","format":"standard","meta":{"footnotes":""},"categories":[1,6745],"tags":[10080,8458,9455,7895,8385,9413],"class_list":["post-463380","post","type-post","status-publish","format-standard","has-post-thumbnail","hentry","category-noticias","category-saude","tag-_apfm","tag-_cuidados-de-saude","tag-_medicina-geral-e-familiar","tag-_seguranca-social","tag-_sns","tag-_sns24"],"yoast_head":"<!-- This site is optimized with the Yoast SEO plugin v27.2 - https:\/\/yoast.com\/product\/yoast-seo-wordpress\/ -->\n<title>Assimetria regional limita a resposta dos cuidados de sa\u00fade prim\u00e1rios - Portal Tela Portugal<\/title>\n<meta name=\"robots\" content=\"index, follow, max-snippet:-1, max-image-preview:large, max-video-preview:-1\" \/>\n<meta property=\"og:locale\" content=\"pt_PT\" \/>\n<meta property=\"og:type\" content=\"article\" \/>\n<meta property=\"og:title\" content=\"Assimetria regional limita a resposta dos cuidados de sa\u00fade prim\u00e1rios - Portal Tela Portugal\" \/>\n<meta property=\"og:description\" content=\"O n\u00famero de utentes inscritos nos cuidados de sa\u00fade prim\u00e1rios ultrapassou os 10,7 milh\u00f5es no final de fevereiro, com um aumento de cerca de 680 mil nos \u00faltimos dez anos. Desses utentes, 1.592.778 n\u00e3o tinham m\u00e9dico de fam\u00edlia atribu\u00eddo. A assimetria territorial persiste: \u00e1reas com cobertura quase total conseguem responder a pedidos do SNS 24, mas zonas sem m\u00e9dicos de fam\u00edlia ficam sem resposta adequada. O presidente da Associa\u00e7\u00e3o Portuguesa de Medicina Geral e Familiar pediu que n\u00e3o se referenciem utentes para cuidados de sa\u00fade prim\u00e1rios sem haver m\u00e9dico dispon\u00edvel. A ministra da Sa\u00fade anunciou abertura de vagas em todas as zonas onde s\u00e3o necess\u00e1rias; a posi\u00e7\u00e3o \u00e9 que mais vagas podem melhorar o recrutamento, embora reconhe\u00e7a o desafio de captar milhares de m\u00e9dicos.\" \/>\n<meta property=\"og:url\" content=\"https:\/\/portaltela.pt\/noticias\/2026\/05\/01\/assimetria-regional-limita-a-resposta-dos-cuidados-de-saude-primarios\/\" \/>\n<meta property=\"og:site_name\" content=\"Portal Tela Portugal\" \/>\n<meta property=\"article:published_time\" content=\"2026-05-01T06:18:01+00:00\" \/>\n<meta name=\"author\" content=\"Telinha\" \/>\n<meta name=\"twitter:card\" content=\"summary_large_image\" \/>\n<meta name=\"twitter:label1\" content=\"Escrito por\" \/>\n\t<meta name=\"twitter:data1\" content=\"Telinha\" \/>\n\t<meta name=\"twitter:label2\" content=\"Tempo estimado de leitura\" \/>\n\t<meta name=\"twitter:data2\" content=\"2 minutos\" \/>\n<script type=\"application\/ld+json\" class=\"yoast-schema-graph\">{\"@context\":\"https:\/\/schema.org\",\"@graph\":[{\"@type\":\"Article\",\"@id\":\"https:\/\/portaltela.pt\/noticias\/2026\/05\/01\/assimetria-regional-limita-a-resposta-dos-cuidados-de-saude-primarios\/#article\",\"isPartOf\":{\"@id\":\"https:\/\/portaltela.pt\/noticias\/2026\/05\/01\/assimetria-regional-limita-a-resposta-dos-cuidados-de-saude-primarios\/\"},\"author\":{\"name\":\"Telinha\",\"@id\":\"https:\/\/portaltela.pt\/#\/schema\/person\/c4278d4a6028830caff9ee44b42d32ed\"},\"headline\":\"Assimetria regional limita a resposta dos cuidados de sa\u00fade prim\u00e1rios\",\"datePublished\":\"2026-05-01T06:18:01+00:00\",\"mainEntityOfPage\":{\"@id\":\"https:\/\/portaltela.pt\/noticias\/2026\/05\/01\/assimetria-regional-limita-a-resposta-dos-cuidados-de-saude-primarios\/\"},\"wordCount\":483,\"image\":{\"@id\":\"https:\/\/portaltela.pt\/noticias\/2026\/05\/01\/assimetria-regional-limita-a-resposta-dos-cuidados-de-saude-primarios\/#primaryimage\"},\"thumbnailUrl\":\"https:\/\/portaltela.pt\/s.01k8rhncp4jt1\/2026\/05\/img_1500x1000uu2017-09-03-00-22-00-664113.jpg\",\"keywords\":[\"_APFM\",\"_cuidados de sa\u00fade\",\"_Medicina Geral e Familiar\",\"_seguran\u00e7a social\",\"_SNS\",\"_SNS24\"],\"articleSection\":[\"Not\u00edcias\",\"Sa\u00fade\"],\"inLanguage\":\"pt-PT\"},{\"@type\":\"WebPage\",\"@id\":\"https:\/\/portaltela.pt\/noticias\/2026\/05\/01\/assimetria-regional-limita-a-resposta-dos-cuidados-de-saude-primarios\/\",\"url\":\"https:\/\/portaltela.pt\/noticias\/2026\/05\/01\/assimetria-regional-limita-a-resposta-dos-cuidados-de-saude-primarios\/\",\"name\":\"Assimetria regional limita a resposta dos cuidados de sa\u00fade prim\u00e1rios - Portal Tela Portugal\",\"isPartOf\":{\"@id\":\"https:\/\/portaltela.pt\/#website\"},\"primaryImageOfPage\":{\"@id\":\"https:\/\/portaltela.pt\/noticias\/2026\/05\/01\/assimetria-regional-limita-a-resposta-dos-cuidados-de-saude-primarios\/#primaryimage\"},\"image\":{\"@id\":\"https:\/\/portaltela.pt\/noticias\/2026\/05\/01\/assimetria-regional-limita-a-resposta-dos-cuidados-de-saude-primarios\/#primaryimage\"},\"thumbnailUrl\":\"https:\/\/portaltela.pt\/s.01k8rhncp4jt1\/2026\/05\/img_1500x1000uu2017-09-03-00-22-00-664113.jpg\",\"datePublished\":\"2026-05-01T06:18:01+00:00\",\"author\":{\"@id\":\"https:\/\/portaltela.pt\/#\/schema\/person\/c4278d4a6028830caff9ee44b42d32ed\"},\"breadcrumb\":{\"@id\":\"https:\/\/portaltela.pt\/noticias\/2026\/05\/01\/assimetria-regional-limita-a-resposta-dos-cuidados-de-saude-primarios\/#breadcrumb\"},\"inLanguage\":\"pt-PT\",\"potentialAction\":[{\"@type\":\"ReadAction\",\"target\":[\"https:\/\/portaltela.pt\/noticias\/2026\/05\/01\/assimetria-regional-limita-a-resposta-dos-cuidados-de-saude-primarios\/\"]}]},{\"@type\":\"ImageObject\",\"inLanguage\":\"pt-PT\",\"@id\":\"https:\/\/portaltela.pt\/noticias\/2026\/05\/01\/assimetria-regional-limita-a-resposta-dos-cuidados-de-saude-primarios\/#primaryimage\",\"url\":\"https:\/\/portaltela.pt\/s.01k8rhncp4jt1\/2026\/05\/img_1500x1000uu2017-09-03-00-22-00-664113.jpg\",\"contentUrl\":\"https:\/\/portaltela.pt\/s.01k8rhncp4jt1\/2026\/05\/img_1500x1000uu2017-09-03-00-22-00-664113.jpg\",\"width\":796,\"height\":448,\"caption\":\"M\u00e9dicos de fam\u00edlia\"},{\"@type\":\"BreadcrumbList\",\"@id\":\"https:\/\/portaltela.pt\/noticias\/2026\/05\/01\/assimetria-regional-limita-a-resposta-dos-cuidados-de-saude-primarios\/#breadcrumb\",\"itemListElement\":[{\"@type\":\"ListItem\",\"position\":1,\"name\":\"In\u00edcio\",\"item\":\"https:\/\/portaltela.pt\/\"},{\"@type\":\"ListItem\",\"position\":2,\"name\":\"Assimetria regional limita a resposta dos cuidados de sa\u00fade prim\u00e1rios\"}]},{\"@type\":\"WebSite\",\"@id\":\"https:\/\/portaltela.pt\/#website\",\"url\":\"https:\/\/portaltela.pt\/\",\"name\":\"Portal Tela Portugal\",\"description\":\"\",\"potentialAction\":[{\"@type\":\"SearchAction\",\"target\":{\"@type\":\"EntryPoint\",\"urlTemplate\":\"https:\/\/portaltela.pt\/?s={search_term_string}\"},\"query-input\":{\"@type\":\"PropertyValueSpecification\",\"valueRequired\":true,\"valueName\":\"search_term_string\"}}],\"inLanguage\":\"pt-PT\"},{\"@type\":\"Person\",\"@id\":\"https:\/\/portaltela.pt\/#\/schema\/person\/c4278d4a6028830caff9ee44b42d32ed\",\"name\":\"Telinha\",\"image\":{\"@type\":\"ImageObject\",\"inLanguage\":\"pt-PT\",\"@id\":\"https:\/\/portaltela.pt\/s.01k8rhncp4jt1\/2025\/11\/talking-bot-125x125.png\",\"url\":\"https:\/\/portaltela.pt\/s.01k8rhncp4jt1\/2025\/11\/talking-bot-125x125.png\",\"contentUrl\":\"https:\/\/portaltela.pt\/s.01k8rhncp4jt1\/2025\/11\/talking-bot-125x125.png\",\"caption\":\"Telinha\"},\"sameAs\":[\"https:\/\/portaltela.pt\/\"],\"url\":\"https:\/\/portaltela.pt\/por\/367410592786\/\"}]}<\/script>\n<!-- \/ Yoast SEO plugin. -->","yoast_head_json":{"title":"Assimetria regional limita a resposta dos cuidados de sa\u00fade prim\u00e1rios - Portal Tela Portugal","robots":{"index":"index","follow":"follow","max-snippet":"max-snippet:-1","max-image-preview":"max-image-preview:large","max-video-preview":"max-video-preview:-1"},"og_locale":"pt_PT","og_type":"article","og_title":"Assimetria regional limita a resposta dos cuidados de sa\u00fade prim\u00e1rios - Portal Tela Portugal","og_description":"O n\u00famero de utentes inscritos nos cuidados de sa\u00fade prim\u00e1rios ultrapassou os 10,7 milh\u00f5es no final de fevereiro, com um aumento de cerca de 680 mil nos \u00faltimos dez anos. Desses utentes, 1.592.778 n\u00e3o tinham m\u00e9dico de fam\u00edlia atribu\u00eddo. A assimetria territorial persiste: \u00e1reas com cobertura quase total conseguem responder a pedidos do SNS 24, mas zonas sem m\u00e9dicos de fam\u00edlia ficam sem resposta adequada. O presidente da Associa\u00e7\u00e3o Portuguesa de Medicina Geral e Familiar pediu que n\u00e3o se referenciem utentes para cuidados de sa\u00fade prim\u00e1rios sem haver m\u00e9dico dispon\u00edvel. A ministra da Sa\u00fade anunciou abertura de vagas em todas as zonas onde s\u00e3o necess\u00e1rias; a posi\u00e7\u00e3o \u00e9 que mais vagas podem melhorar o recrutamento, embora reconhe\u00e7a o desafio de captar milhares de m\u00e9dicos.","og_url":"https:\/\/portaltela.pt\/noticias\/2026\/05\/01\/assimetria-regional-limita-a-resposta-dos-cuidados-de-saude-primarios\/","og_site_name":"Portal Tela Portugal","article_published_time":"2026-05-01T06:18:01+00:00","author":"Telinha","twitter_card":"summary_large_image","twitter_misc":{"Escrito por":"Telinha","Tempo estimado de leitura":"2 minutos"},"schema":{"@context":"https:\/\/schema.org","@graph":[{"@type":"Article","@id":"https:\/\/portaltela.pt\/noticias\/2026\/05\/01\/assimetria-regional-limita-a-resposta-dos-cuidados-de-saude-primarios\/#article","isPartOf":{"@id":"https:\/\/portaltela.pt\/noticias\/2026\/05\/01\/assimetria-regional-limita-a-resposta-dos-cuidados-de-saude-primarios\/"},"author":{"name":"Telinha","@id":"https:\/\/portaltela.pt\/#\/schema\/person\/c4278d4a6028830caff9ee44b42d32ed"},"headline":"Assimetria regional limita a resposta dos cuidados de sa\u00fade prim\u00e1rios","datePublished":"2026-05-01T06:18:01+00:00","mainEntityOfPage":{"@id":"https:\/\/portaltela.pt\/noticias\/2026\/05\/01\/assimetria-regional-limita-a-resposta-dos-cuidados-de-saude-primarios\/"},"wordCount":483,"image":{"@id":"https:\/\/portaltela.pt\/noticias\/2026\/05\/01\/assimetria-regional-limita-a-resposta-dos-cuidados-de-saude-primarios\/#primaryimage"},"thumbnailUrl":"https:\/\/portaltela.pt\/s.01k8rhncp4jt1\/2026\/05\/img_1500x1000uu2017-09-03-00-22-00-664113.jpg","keywords":["_APFM","_cuidados de sa\u00fade","_Medicina Geral e Familiar","_seguran\u00e7a social","_SNS","_SNS24"],"articleSection":["Not\u00edcias","Sa\u00fade"],"inLanguage":"pt-PT"},{"@type":"WebPage","@id":"https:\/\/portaltela.pt\/noticias\/2026\/05\/01\/assimetria-regional-limita-a-resposta-dos-cuidados-de-saude-primarios\/","url":"https:\/\/portaltela.pt\/noticias\/2026\/05\/01\/assimetria-regional-limita-a-resposta-dos-cuidados-de-saude-primarios\/","name":"Assimetria regional limita a resposta dos cuidados de sa\u00fade prim\u00e1rios - Portal Tela Portugal","isPartOf":{"@id":"https:\/\/portaltela.pt\/#website"},"primaryImageOfPage":{"@id":"https:\/\/portaltela.pt\/noticias\/2026\/05\/01\/assimetria-regional-limita-a-resposta-dos-cuidados-de-saude-primarios\/#primaryimage"},"image":{"@id":"https:\/\/portaltela.pt\/noticias\/2026\/05\/01\/assimetria-regional-limita-a-resposta-dos-cuidados-de-saude-primarios\/#primaryimage"},"thumbnailUrl":"https:\/\/portaltela.pt\/s.01k8rhncp4jt1\/2026\/05\/img_1500x1000uu2017-09-03-00-22-00-664113.jpg","datePublished":"2026-05-01T06:18:01+00:00","author":{"@id":"https:\/\/portaltela.pt\/#\/schema\/person\/c4278d4a6028830caff9ee44b42d32ed"},"breadcrumb":{"@id":"https:\/\/portaltela.pt\/noticias\/2026\/05\/01\/assimetria-regional-limita-a-resposta-dos-cuidados-de-saude-primarios\/#breadcrumb"},"inLanguage":"pt-PT","potentialAction":[{"@type":"ReadAction","target":["https:\/\/portaltela.pt\/noticias\/2026\/05\/01\/assimetria-regional-limita-a-resposta-dos-cuidados-de-saude-primarios\/"]}]},{"@type":"ImageObject","inLanguage":"pt-PT","@id":"https:\/\/portaltela.pt\/noticias\/2026\/05\/01\/assimetria-regional-limita-a-resposta-dos-cuidados-de-saude-primarios\/#primaryimage","url":"https:\/\/portaltela.pt\/s.01k8rhncp4jt1\/2026\/05\/img_1500x1000uu2017-09-03-00-22-00-664113.jpg","contentUrl":"https:\/\/portaltela.pt\/s.01k8rhncp4jt1\/2026\/05\/img_1500x1000uu2017-09-03-00-22-00-664113.jpg","width":796,"height":448,"caption":"M\u00e9dicos de fam\u00edlia"},{"@type":"BreadcrumbList","@id":"https:\/\/portaltela.pt\/noticias\/2026\/05\/01\/assimetria-regional-limita-a-resposta-dos-cuidados-de-saude-primarios\/#breadcrumb","itemListElement":[{"@type":"ListItem","position":1,"name":"In\u00edcio","item":"https:\/\/portaltela.pt\/"},{"@type":"ListItem","position":2,"name":"Assimetria regional limita a resposta dos cuidados de sa\u00fade prim\u00e1rios"}]},{"@type":"WebSite","@id":"https:\/\/portaltela.pt\/#website","url":"https:\/\/portaltela.pt\/","name":"Portal Tela Portugal","description":"","potentialAction":[{"@type":"SearchAction","target":{"@type":"EntryPoint","urlTemplate":"https:\/\/portaltela.pt\/?s={search_term_string}"},"query-input":{"@type":"PropertyValueSpecification","valueRequired":true,"valueName":"search_term_string"}}],"inLanguage":"pt-PT"},{"@type":"Person","@id":"https:\/\/portaltela.pt\/#\/schema\/person\/c4278d4a6028830caff9ee44b42d32ed","name":"Telinha","image":{"@type":"ImageObject","inLanguage":"pt-PT","@id":"https:\/\/portaltela.pt\/s.01k8rhncp4jt1\/2025\/11\/talking-bot-125x125.png","url":"https:\/\/portaltela.pt\/s.01k8rhncp4jt1\/2025\/11\/talking-bot-125x125.png","contentUrl":"https:\/\/portaltela.pt\/s.01k8rhncp4jt1\/2025\/11\/talking-bot-125x125.png","caption":"Telinha"},"sameAs":["https:\/\/portaltela.pt\/"],"url":"https:\/\/portaltela.pt\/por\/367410592786\/"}]}},"_links":{"self":[{"href":"https:\/\/portaltela.pt\/api\/wp\/v2\/posts\/463380","targetHints":{"allow":["GET"]}}],"collection":[{"href":"https:\/\/portaltela.pt\/api\/wp\/v2\/posts"}],"about":[{"href":"https:\/\/portaltela.pt\/api\/wp\/v2\/types\/post"}],"author":[{"embeddable":true,"href":"https:\/\/portaltela.pt\/api\/wp\/v2\/users\/2"}],"replies":[{"embeddable":true,"href":"https:\/\/portaltela.pt\/api\/wp\/v2\/comments?post=463380"}],"version-history":[{"count":0,"href":"https:\/\/portaltela.pt\/api\/wp\/v2\/posts\/463380\/revisions"}],"wp:featuredmedia":[{"embeddable":true,"href":"https:\/\/portaltela.pt\/api\/wp\/v2\/media\/463383"}],"wp:attachment":[{"href":"https:\/\/portaltela.pt\/api\/wp\/v2\/media?parent=463380"}],"wp:term":[{"taxonomy":"category","embeddable":true,"href":"https:\/\/portaltela.pt\/api\/wp\/v2\/categories?post=463380"},{"taxonomy":"post_tag","embeddable":true,"href":"https:\/\/portaltela.pt\/api\/wp\/v2\/tags?post=463380"}],"curies":[{"name":"wp","href":"https:\/\/api.w.org\/{rel}","templated":true}]}}