{"id":463368,"date":"2026-05-01T03:03:10","date_gmt":"2026-05-01T06:03:10","guid":{"rendered":"https:\/\/portaltela.pt\/noticias\/2026\/05\/01\/continuidade-de-otamendi-no-benfica-implica-reducao-salarial\/"},"modified":"2026-05-01T03:03:10","modified_gmt":"2026-05-01T06:03:10","slug":"continuidade-de-otamendi-no-benfica-implica-reducao-salarial","status":"publish","type":"post","link":"https:\/\/portaltela.pt\/desporto\/futebol\/2026\/05\/01\/continuidade-de-otamendi-no-benfica-implica-reducao-salarial\/","title":{"rendered":"Continuidade de Otamendi no Benfica implica redu\u00e7\u00e3o salarial"},"content":{"rendered":"<p>O Benfica mant\u00e9m em aberto o futuro de Otamendi, com sinais de que poder\u00e1 permanecer, apesar de d\u00favidas anteriores. Caso decida ficar, o defesa-central ser\u00e1 alvo de uma redu\u00e7\u00e3o salarial.<\/p>\n<p>O jogador, com 38 anos, planeava regressar \u00e0 Argentina ap\u00f3s o Mundial 2026, mas pode adiar essa op\u00e7\u00e3o. Ainda assim, acredita manter a forma para competir na pr\u00f3xima \u00e9poca na equipa da Luz.<\/p>\n<p>A direc\u00e7\u00e3o do Benfica n\u00e3o est\u00e1 disposta a manter o defesa no teto salarial do plantel, caso decida renovar. A decis\u00e3o final cabe ao pr\u00f3prio Otamendi.<\/p>\n<h3>Poss\u00edvel continuidade e cen\u00e1rios<\/h3>\n<p>O River Plate \u00e9 apontado como op\u00e7\u00e3o para o jogador, que j\u00e1 demonstrou disponibilidade para regressar ao clube do cora\u00e7\u00e3o. O Benfica mant\u00e9m a posi\u00e7\u00e3o de poder continuar, mediante condi\u00e7\u00f5es salariais ajustadas.<\/p>\n","protected":false},"excerpt":{"rendered":"<ul>\n<li>Otamendi, capit\u00e3o do Benfica, pode manter-se na equipa para a pr\u00f3xima temporada, apesar de sinais de sa\u00edda no ver\u00e3o.<\/li>\n<li>Se renovar, ficar\u00e1 sujeito a uma redu\u00e7\u00e3o salarial acordada pela dire\u00e7\u00e3o encarnada.<\/li>\n<li>O jogador, com 38 anos, planeava regressar \u00e0 Argentina ap\u00f3s o Mundial de 2026, mas pode adiar esse regresso.<\/li>\n<li>Mant\u00e9m-se a possibilidade de continuar a atuar na Europa e ajudar o Benfica na pr\u00f3xima \u00e9poca, com condi\u00e7\u00f5es salariais diferentes.<\/li>\n<li>A decis\u00e3o final cabe ao jogador; o River Plate j\u00e1 mostrou disponibilidade para o receber, a partir do ver\u00e3o, mas o Benfica n\u00e3o fecha a porta \u00e0 continuidade.<\/li>\n<\/ul>\n","protected":false},"author":2,"featured_media":463369,"comment_status":"closed","ping_status":"closed","sticky":false,"template":"","format":"standard","meta":{"footnotes":""},"categories":[21,24],"tags":[1946,3972,32,981,50,6645],"class_list":["post-463368","post","type-post","status-publish","format-standard","has-post-thumbnail","hentry","category-desporto","category-futebol","tag-benfica","tag-benfica-sad","tag-futebol","tag-lisboa","tag-mercado-da-bola","tag-salarios"],"yoast_head":"<!-- This site is optimized with the Yoast SEO plugin v27.2 - https:\/\/yoast.com\/product\/yoast-seo-wordpress\/ -->\n<title>Continuidade de Otamendi no Benfica implica redu\u00e7\u00e3o salarial - Portal Tela Portugal<\/title>\n<meta name=\"robots\" content=\"index, follow, max-snippet:-1, max-image-preview:large, max-video-preview:-1\" \/>\n<meta property=\"og:locale\" content=\"pt_PT\" \/>\n<meta property=\"og:type\" content=\"article\" \/>\n<meta property=\"og:title\" content=\"Continuidade de Otamendi no Benfica implica redu\u00e7\u00e3o salarial - Portal Tela Portugal\" \/>\n<meta property=\"og:description\" content=\"Otamendi, capit\u00e3o do Benfica, pode manter-se na equipa para a pr\u00f3xima temporada, apesar de sinais de sa\u00edda no ver\u00e3o. Se renovar, ficar\u00e1 sujeito a uma redu\u00e7\u00e3o salarial acordada pela dire\u00e7\u00e3o encarnada. O jogador, com 38 anos, planeava regressar \u00e0 Argentina ap\u00f3s o Mundial de 2026, mas pode adiar esse regresso. Mant\u00e9m-se a possibilidade de continuar a atuar na Europa e ajudar o Benfica na pr\u00f3xima \u00e9poca, com condi\u00e7\u00f5es salariais diferentes. A decis\u00e3o final cabe ao jogador; o River Plate j\u00e1 mostrou disponibilidade para o receber, a partir do ver\u00e3o, mas o Benfica n\u00e3o fecha a porta \u00e0 continuidade.\" \/>\n<meta property=\"og:url\" content=\"https:\/\/portaltela.pt\/noticias\/2026\/05\/01\/continuidade-de-otamendi-no-benfica-implica-reducao-salarial\/\" \/>\n<meta property=\"og:site_name\" content=\"Portal Tela Portugal\" \/>\n<meta property=\"article:published_time\" content=\"2026-05-01T06:03:10+00:00\" \/>\n<meta name=\"author\" content=\"Telinha\" \/>\n<meta name=\"twitter:card\" content=\"summary_large_image\" \/>\n<meta name=\"twitter:label1\" content=\"Escrito por\" \/>\n\t<meta name=\"twitter:data1\" content=\"Telinha\" \/>\n\t<meta name=\"twitter:label2\" content=\"Tempo estimado de leitura\" \/>\n\t<meta name=\"twitter:data2\" content=\"1 minuto\" \/>\n<script type=\"application\/ld+json\" class=\"yoast-schema-graph\">{\"@context\":\"https:\/\/schema.org\",\"@graph\":[{\"@type\":\"Article\",\"@id\":\"https:\/\/portaltela.pt\/noticias\/2026\/05\/01\/continuidade-de-otamendi-no-benfica-implica-reducao-salarial\/#article\",\"isPartOf\":{\"@id\":\"https:\/\/portaltela.pt\/noticias\/2026\/05\/01\/continuidade-de-otamendi-no-benfica-implica-reducao-salarial\/\"},\"author\":{\"name\":\"Telinha\",\"@id\":\"https:\/\/portaltela.pt\/#\/schema\/person\/c4278d4a6028830caff9ee44b42d32ed\"},\"headline\":\"Continuidade de Otamendi no Benfica implica redu\u00e7\u00e3o salarial\",\"datePublished\":\"2026-05-01T06:03:10+00:00\",\"mainEntityOfPage\":{\"@id\":\"https:\/\/portaltela.pt\/noticias\/2026\/05\/01\/continuidade-de-otamendi-no-benfica-implica-reducao-salarial\/\"},\"wordCount\":147,\"image\":{\"@id\":\"https:\/\/portaltela.pt\/noticias\/2026\/05\/01\/continuidade-de-otamendi-no-benfica-implica-reducao-salarial\/#primaryimage\"},\"thumbnailUrl\":\"https:\/\/portaltela.pt\/s.01k8rhncp4jt1\/2026\/05\/img_920x518uu2026-04-19-13-13-00-2400814.jpg\",\"keywords\":[\"Benfica\",\"Benfica SAD\",\"futebol\",\"Lisboa\",\"mercado da bola\",\"sal\u00e1rios\"],\"articleSection\":[\"Desporto\",\"Futebol\"],\"inLanguage\":\"pt-PT\"},{\"@type\":\"WebPage\",\"@id\":\"https:\/\/portaltela.pt\/noticias\/2026\/05\/01\/continuidade-de-otamendi-no-benfica-implica-reducao-salarial\/\",\"url\":\"https:\/\/portaltela.pt\/noticias\/2026\/05\/01\/continuidade-de-otamendi-no-benfica-implica-reducao-salarial\/\",\"name\":\"Continuidade de Otamendi no Benfica implica redu\u00e7\u00e3o salarial - Portal Tela Portugal\",\"isPartOf\":{\"@id\":\"https:\/\/portaltela.pt\/#website\"},\"primaryImageOfPage\":{\"@id\":\"https:\/\/portaltela.pt\/noticias\/2026\/05\/01\/continuidade-de-otamendi-no-benfica-implica-reducao-salarial\/#primaryimage\"},\"image\":{\"@id\":\"https:\/\/portaltela.pt\/noticias\/2026\/05\/01\/continuidade-de-otamendi-no-benfica-implica-reducao-salarial\/#primaryimage\"},\"thumbnailUrl\":\"https:\/\/portaltela.pt\/s.01k8rhncp4jt1\/2026\/05\/img_920x518uu2026-04-19-13-13-00-2400814.jpg\",\"datePublished\":\"2026-05-01T06:03:10+00:00\",\"author\":{\"@id\":\"https:\/\/portaltela.pt\/#\/schema\/person\/c4278d4a6028830caff9ee44b42d32ed\"},\"breadcrumb\":{\"@id\":\"https:\/\/portaltela.pt\/noticias\/2026\/05\/01\/continuidade-de-otamendi-no-benfica-implica-reducao-salarial\/#breadcrumb\"},\"inLanguage\":\"pt-PT\",\"potentialAction\":[{\"@type\":\"ReadAction\",\"target\":[\"https:\/\/portaltela.pt\/noticias\/2026\/05\/01\/continuidade-de-otamendi-no-benfica-implica-reducao-salarial\/\"]}]},{\"@type\":\"ImageObject\",\"inLanguage\":\"pt-PT\",\"@id\":\"https:\/\/portaltela.pt\/noticias\/2026\/05\/01\/continuidade-de-otamendi-no-benfica-implica-reducao-salarial\/#primaryimage\",\"url\":\"https:\/\/portaltela.pt\/s.01k8rhncp4jt1\/2026\/05\/img_920x518uu2026-04-19-13-13-00-2400814.jpg\",\"contentUrl\":\"https:\/\/portaltela.pt\/s.01k8rhncp4jt1\/2026\/05\/img_920x518uu2026-04-19-13-13-00-2400814.jpg\",\"width\":796,\"height\":448,\"caption\":\"Otamendi\"},{\"@type\":\"BreadcrumbList\",\"@id\":\"https:\/\/portaltela.pt\/noticias\/2026\/05\/01\/continuidade-de-otamendi-no-benfica-implica-reducao-salarial\/#breadcrumb\",\"itemListElement\":[{\"@type\":\"ListItem\",\"position\":1,\"name\":\"In\u00edcio\",\"item\":\"https:\/\/portaltela.pt\/\"},{\"@type\":\"ListItem\",\"position\":2,\"name\":\"Continuidade de Otamendi no Benfica implica redu\u00e7\u00e3o salarial\"}]},{\"@type\":\"WebSite\",\"@id\":\"https:\/\/portaltela.pt\/#website\",\"url\":\"https:\/\/portaltela.pt\/\",\"name\":\"Portal Tela Portugal\",\"description\":\"\",\"potentialAction\":[{\"@type\":\"SearchAction\",\"target\":{\"@type\":\"EntryPoint\",\"urlTemplate\":\"https:\/\/portaltela.pt\/?s={search_term_string}\"},\"query-input\":{\"@type\":\"PropertyValueSpecification\",\"valueRequired\":true,\"valueName\":\"search_term_string\"}}],\"inLanguage\":\"pt-PT\"},{\"@type\":\"Person\",\"@id\":\"https:\/\/portaltela.pt\/#\/schema\/person\/c4278d4a6028830caff9ee44b42d32ed\",\"name\":\"Telinha\",\"image\":{\"@type\":\"ImageObject\",\"inLanguage\":\"pt-PT\",\"@id\":\"https:\/\/portaltela.pt\/s.01k8rhncp4jt1\/2025\/11\/talking-bot-125x125.png\",\"url\":\"https:\/\/portaltela.pt\/s.01k8rhncp4jt1\/2025\/11\/talking-bot-125x125.png\",\"contentUrl\":\"https:\/\/portaltela.pt\/s.01k8rhncp4jt1\/2025\/11\/talking-bot-125x125.png\",\"caption\":\"Telinha\"},\"sameAs\":[\"https:\/\/portaltela.pt\/\"],\"url\":\"https:\/\/portaltela.pt\/por\/367410592786\/\"}]}<\/script>\n<!-- \/ Yoast SEO plugin. -->","yoast_head_json":{"title":"Continuidade de Otamendi no Benfica implica redu\u00e7\u00e3o salarial - Portal Tela Portugal","robots":{"index":"index","follow":"follow","max-snippet":"max-snippet:-1","max-image-preview":"max-image-preview:large","max-video-preview":"max-video-preview:-1"},"og_locale":"pt_PT","og_type":"article","og_title":"Continuidade de Otamendi no Benfica implica redu\u00e7\u00e3o salarial - Portal Tela Portugal","og_description":"Otamendi, capit\u00e3o do Benfica, pode manter-se na equipa para a pr\u00f3xima temporada, apesar de sinais de sa\u00edda no ver\u00e3o. Se renovar, ficar\u00e1 sujeito a uma redu\u00e7\u00e3o salarial acordada pela dire\u00e7\u00e3o encarnada. O jogador, com 38 anos, planeava regressar \u00e0 Argentina ap\u00f3s o Mundial de 2026, mas pode adiar esse regresso. Mant\u00e9m-se a possibilidade de continuar a atuar na Europa e ajudar o Benfica na pr\u00f3xima \u00e9poca, com condi\u00e7\u00f5es salariais diferentes. A decis\u00e3o final cabe ao jogador; o River Plate j\u00e1 mostrou disponibilidade para o receber, a partir do ver\u00e3o, mas o Benfica n\u00e3o fecha a porta \u00e0 continuidade.","og_url":"https:\/\/portaltela.pt\/noticias\/2026\/05\/01\/continuidade-de-otamendi-no-benfica-implica-reducao-salarial\/","og_site_name":"Portal Tela Portugal","article_published_time":"2026-05-01T06:03:10+00:00","author":"Telinha","twitter_card":"summary_large_image","twitter_misc":{"Escrito por":"Telinha","Tempo estimado de leitura":"1 minuto"},"schema":{"@context":"https:\/\/schema.org","@graph":[{"@type":"Article","@id":"https:\/\/portaltela.pt\/noticias\/2026\/05\/01\/continuidade-de-otamendi-no-benfica-implica-reducao-salarial\/#article","isPartOf":{"@id":"https:\/\/portaltela.pt\/noticias\/2026\/05\/01\/continuidade-de-otamendi-no-benfica-implica-reducao-salarial\/"},"author":{"name":"Telinha","@id":"https:\/\/portaltela.pt\/#\/schema\/person\/c4278d4a6028830caff9ee44b42d32ed"},"headline":"Continuidade de Otamendi no Benfica implica redu\u00e7\u00e3o salarial","datePublished":"2026-05-01T06:03:10+00:00","mainEntityOfPage":{"@id":"https:\/\/portaltela.pt\/noticias\/2026\/05\/01\/continuidade-de-otamendi-no-benfica-implica-reducao-salarial\/"},"wordCount":147,"image":{"@id":"https:\/\/portaltela.pt\/noticias\/2026\/05\/01\/continuidade-de-otamendi-no-benfica-implica-reducao-salarial\/#primaryimage"},"thumbnailUrl":"https:\/\/portaltela.pt\/s.01k8rhncp4jt1\/2026\/05\/img_920x518uu2026-04-19-13-13-00-2400814.jpg","keywords":["Benfica","Benfica SAD","futebol","Lisboa","mercado da bola","sal\u00e1rios"],"articleSection":["Desporto","Futebol"],"inLanguage":"pt-PT"},{"@type":"WebPage","@id":"https:\/\/portaltela.pt\/noticias\/2026\/05\/01\/continuidade-de-otamendi-no-benfica-implica-reducao-salarial\/","url":"https:\/\/portaltela.pt\/noticias\/2026\/05\/01\/continuidade-de-otamendi-no-benfica-implica-reducao-salarial\/","name":"Continuidade de Otamendi no Benfica implica redu\u00e7\u00e3o salarial - Portal Tela Portugal","isPartOf":{"@id":"https:\/\/portaltela.pt\/#website"},"primaryImageOfPage":{"@id":"https:\/\/portaltela.pt\/noticias\/2026\/05\/01\/continuidade-de-otamendi-no-benfica-implica-reducao-salarial\/#primaryimage"},"image":{"@id":"https:\/\/portaltela.pt\/noticias\/2026\/05\/01\/continuidade-de-otamendi-no-benfica-implica-reducao-salarial\/#primaryimage"},"thumbnailUrl":"https:\/\/portaltela.pt\/s.01k8rhncp4jt1\/2026\/05\/img_920x518uu2026-04-19-13-13-00-2400814.jpg","datePublished":"2026-05-01T06:03:10+00:00","author":{"@id":"https:\/\/portaltela.pt\/#\/schema\/person\/c4278d4a6028830caff9ee44b42d32ed"},"breadcrumb":{"@id":"https:\/\/portaltela.pt\/noticias\/2026\/05\/01\/continuidade-de-otamendi-no-benfica-implica-reducao-salarial\/#breadcrumb"},"inLanguage":"pt-PT","potentialAction":[{"@type":"ReadAction","target":["https:\/\/portaltela.pt\/noticias\/2026\/05\/01\/continuidade-de-otamendi-no-benfica-implica-reducao-salarial\/"]}]},{"@type":"ImageObject","inLanguage":"pt-PT","@id":"https:\/\/portaltela.pt\/noticias\/2026\/05\/01\/continuidade-de-otamendi-no-benfica-implica-reducao-salarial\/#primaryimage","url":"https:\/\/portaltela.pt\/s.01k8rhncp4jt1\/2026\/05\/img_920x518uu2026-04-19-13-13-00-2400814.jpg","contentUrl":"https:\/\/portaltela.pt\/s.01k8rhncp4jt1\/2026\/05\/img_920x518uu2026-04-19-13-13-00-2400814.jpg","width":796,"height":448,"caption":"Otamendi"},{"@type":"BreadcrumbList","@id":"https:\/\/portaltela.pt\/noticias\/2026\/05\/01\/continuidade-de-otamendi-no-benfica-implica-reducao-salarial\/#breadcrumb","itemListElement":[{"@type":"ListItem","position":1,"name":"In\u00edcio","item":"https:\/\/portaltela.pt\/"},{"@type":"ListItem","position":2,"name":"Continuidade de Otamendi no Benfica implica redu\u00e7\u00e3o salarial"}]},{"@type":"WebSite","@id":"https:\/\/portaltela.pt\/#website","url":"https:\/\/portaltela.pt\/","name":"Portal Tela Portugal","description":"","potentialAction":[{"@type":"SearchAction","target":{"@type":"EntryPoint","urlTemplate":"https:\/\/portaltela.pt\/?s={search_term_string}"},"query-input":{"@type":"PropertyValueSpecification","valueRequired":true,"valueName":"search_term_string"}}],"inLanguage":"pt-PT"},{"@type":"Person","@id":"https:\/\/portaltela.pt\/#\/schema\/person\/c4278d4a6028830caff9ee44b42d32ed","name":"Telinha","image":{"@type":"ImageObject","inLanguage":"pt-PT","@id":"https:\/\/portaltela.pt\/s.01k8rhncp4jt1\/2025\/11\/talking-bot-125x125.png","url":"https:\/\/portaltela.pt\/s.01k8rhncp4jt1\/2025\/11\/talking-bot-125x125.png","contentUrl":"https:\/\/portaltela.pt\/s.01k8rhncp4jt1\/2025\/11\/talking-bot-125x125.png","caption":"Telinha"},"sameAs":["https:\/\/portaltela.pt\/"],"url":"https:\/\/portaltela.pt\/por\/367410592786\/"}]}},"_links":{"self":[{"href":"https:\/\/portaltela.pt\/api\/wp\/v2\/posts\/463368","targetHints":{"allow":["GET"]}}],"collection":[{"href":"https:\/\/portaltela.pt\/api\/wp\/v2\/posts"}],"about":[{"href":"https:\/\/portaltela.pt\/api\/wp\/v2\/types\/post"}],"author":[{"embeddable":true,"href":"https:\/\/portaltela.pt\/api\/wp\/v2\/users\/2"}],"replies":[{"embeddable":true,"href":"https:\/\/portaltela.pt\/api\/wp\/v2\/comments?post=463368"}],"version-history":[{"count":0,"href":"https:\/\/portaltela.pt\/api\/wp\/v2\/posts\/463368\/revisions"}],"wp:featuredmedia":[{"embeddable":true,"href":"https:\/\/portaltela.pt\/api\/wp\/v2\/media\/463369"}],"wp:attachment":[{"href":"https:\/\/portaltela.pt\/api\/wp\/v2\/media?parent=463368"}],"wp:term":[{"taxonomy":"category","embeddable":true,"href":"https:\/\/portaltela.pt\/api\/wp\/v2\/categories?post=463368"},{"taxonomy":"post_tag","embeddable":true,"href":"https:\/\/portaltela.pt\/api\/wp\/v2\/tags?post=463368"}],"curies":[{"name":"wp","href":"https:\/\/api.w.org\/{rel}","templated":true}]}}