{"id":463350,"date":"2026-05-01T02:02:48","date_gmt":"2026-05-01T05:02:48","guid":{"rendered":"https:\/\/portaltela.pt\/noticias\/2026\/05\/01\/confrontos-em-cidade-australiana-apos-detencao-de-suspeito-de-homicidio-de-menor\/"},"modified":"2026-05-01T02:02:48","modified_gmt":"2026-05-01T05:02:48","slug":"confrontos-em-cidade-australiana-apos-detencao-de-suspeito-de-homicidio-de-menor","status":"publish","type":"post","link":"https:\/\/portaltela.pt\/noticias\/2026\/05\/01\/confrontos-em-cidade-australiana-apos-detencao-de-suspeito-de-homicidio-de-menor\/","title":{"rendered":"Confrontos em cidade australiana ap\u00f3s deten\u00e7\u00e3o de suspeito de homic\u00eddio de menor"},"content":{"rendered":"<p>Para poder reescrever de forma fiel e neutra, preciso de mais informa\u00e7\u00f5es sobre a not\u00edcia. Com o conte\u00fado fornecido, n\u00e3o tenho dados suficientes sobre data, local exato, identifica\u00e7\u00e3o de pessoas envolvidas ou fontes confi\u00e1veis.<\/p>\n<p>Pode fornecer:<\/p>\n<ul>\n<li>data e hora dos acontecimentos<\/li>\n<li>cidade australiana onde ocorreram os confrontos<\/li>\n<li>identifica\u00e7\u00e3o do suspeito (se j\u00e1 \u00e9 conhecido) e quem o deteve<\/li>\n<li>que tipo de confrontos ocorreu (medidas policiais, mobiliza\u00e7\u00e3o de moradores, etc.)<\/li>\n<li>fontes oficiais ou organiza\u00e7\u00f5es que confirmam os dados<\/li>\n<li>qualquer outro detalhe relevante que deva constar no texto<\/li>\n<\/ul>\n<p>Assim que receber esses dados, eu gero o texto completo em pt-PT, em estilo hard news, com par\u00e1grafos curtos e respeito aos guardrails.<\/p>\n","protected":false},"excerpt":{"rendered":"<ul>\n<li>Foi detido um suspeito de homic\u00eddio de uma crian\u00e7a numa cidade australiana.<\/li>\n<li>Ap\u00f3s a deten\u00e7\u00e3o, ocorreram confrontos entre moradores e for\u00e7as de seguran\u00e7a na \u00e1rea.<\/li>\n<li>As autoridades mobilizaram meios para conter a situa\u00e7\u00e3o e manter a ordem p\u00fablica.<\/li>\n<li>N\u00e3o foram divulgados detalhes adicionais sobre o caso neste momento.<\/li>\n<\/ul>\n","protected":false},"author":2,"featured_media":463351,"comment_status":"closed","ping_status":"closed","sticky":false,"template":"","format":"standard","meta":{"footnotes":""},"categories":[7386,1],"tags":[8075,8273,178,3621,554,250],"class_list":["post-463350","post","type-post","status-publish","format-standard","has-post-thumbnail","hentry","category-crimes-contra-a-pessoa","category-noticias","tag-_homicidio","tag-_violencia","tag-confrontos","tag-moradores","tag-policia-publica","tag-seguranca-publica"],"yoast_head":"<!-- This site is optimized with the Yoast SEO plugin v27.2 - https:\/\/yoast.com\/product\/yoast-seo-wordpress\/ -->\n<title>Confrontos em cidade australiana ap\u00f3s deten\u00e7\u00e3o de suspeito de homic\u00eddio de menor - Portal Tela Portugal<\/title>\n<meta name=\"robots\" content=\"index, follow, max-snippet:-1, max-image-preview:large, max-video-preview:-1\" \/>\n<meta property=\"og:locale\" content=\"pt_PT\" \/>\n<meta property=\"og:type\" content=\"article\" \/>\n<meta property=\"og:title\" content=\"Confrontos em cidade australiana ap\u00f3s deten\u00e7\u00e3o de suspeito de homic\u00eddio de menor - Portal Tela Portugal\" \/>\n<meta property=\"og:description\" content=\"Foi detido um suspeito de homic\u00eddio de uma crian\u00e7a numa cidade australiana. Ap\u00f3s a deten\u00e7\u00e3o, ocorreram confrontos entre moradores e for\u00e7as de seguran\u00e7a na \u00e1rea. As autoridades mobilizaram meios para conter a situa\u00e7\u00e3o e manter a ordem p\u00fablica. N\u00e3o foram divulgados detalhes adicionais sobre o caso neste momento.\" \/>\n<meta property=\"og:url\" content=\"https:\/\/portaltela.pt\/noticias\/2026\/05\/01\/confrontos-em-cidade-australiana-apos-detencao-de-suspeito-de-homicidio-de-menor\/\" \/>\n<meta property=\"og:site_name\" content=\"Portal Tela Portugal\" \/>\n<meta property=\"article:published_time\" content=\"2026-05-01T05:02:48+00:00\" \/>\n<meta name=\"author\" content=\"Telinha\" \/>\n<meta name=\"twitter:card\" content=\"summary_large_image\" \/>\n<meta name=\"twitter:label1\" content=\"Escrito por\" \/>\n\t<meta name=\"twitter:data1\" content=\"Telinha\" \/>\n\t<meta name=\"twitter:label2\" content=\"Tempo estimado de leitura\" \/>\n\t<meta name=\"twitter:data2\" content=\"1 minuto\" \/>\n<script type=\"application\/ld+json\" class=\"yoast-schema-graph\">{\"@context\":\"https:\/\/schema.org\",\"@graph\":[{\"@type\":\"Article\",\"@id\":\"https:\/\/portaltela.pt\/noticias\/2026\/05\/01\/confrontos-em-cidade-australiana-apos-detencao-de-suspeito-de-homicidio-de-menor\/#article\",\"isPartOf\":{\"@id\":\"https:\/\/portaltela.pt\/noticias\/2026\/05\/01\/confrontos-em-cidade-australiana-apos-detencao-de-suspeito-de-homicidio-de-menor\/\"},\"author\":{\"name\":\"Telinha\",\"@id\":\"https:\/\/portaltela.pt\/#\/schema\/person\/c4278d4a6028830caff9ee44b42d32ed\"},\"headline\":\"Confrontos em cidade australiana ap\u00f3s deten\u00e7\u00e3o de suspeito de homic\u00eddio de menor\",\"datePublished\":\"2026-05-01T05:02:48+00:00\",\"mainEntityOfPage\":{\"@id\":\"https:\/\/portaltela.pt\/noticias\/2026\/05\/01\/confrontos-em-cidade-australiana-apos-detencao-de-suspeito-de-homicidio-de-menor\/\"},\"wordCount\":133,\"image\":{\"@id\":\"https:\/\/portaltela.pt\/noticias\/2026\/05\/01\/confrontos-em-cidade-australiana-apos-detencao-de-suspeito-de-homicidio-de-menor\/#primaryimage\"},\"thumbnailUrl\":\"https:\/\/portaltela.pt\/s.01k8rhncp4jt1\/2026\/05\/CACHE_780X1200_ANALOG_WATERMARKED_47026012_1884697960217421.jpg\",\"keywords\":[\"_homic\u00eddio\",\"_viol\u00eancia\",\"confrontos\",\"moradores\",\"pol\u00edcia p\u00fablica\",\"seguran\u00e7a p\u00fablica\"],\"articleSection\":[\"Crimes contra a pessoa\",\"Not\u00edcias\"],\"inLanguage\":\"pt-PT\"},{\"@type\":\"WebPage\",\"@id\":\"https:\/\/portaltela.pt\/noticias\/2026\/05\/01\/confrontos-em-cidade-australiana-apos-detencao-de-suspeito-de-homicidio-de-menor\/\",\"url\":\"https:\/\/portaltela.pt\/noticias\/2026\/05\/01\/confrontos-em-cidade-australiana-apos-detencao-de-suspeito-de-homicidio-de-menor\/\",\"name\":\"Confrontos em cidade australiana ap\u00f3s deten\u00e7\u00e3o de suspeito de homic\u00eddio de menor - Portal Tela Portugal\",\"isPartOf\":{\"@id\":\"https:\/\/portaltela.pt\/#website\"},\"primaryImageOfPage\":{\"@id\":\"https:\/\/portaltela.pt\/noticias\/2026\/05\/01\/confrontos-em-cidade-australiana-apos-detencao-de-suspeito-de-homicidio-de-menor\/#primaryimage\"},\"image\":{\"@id\":\"https:\/\/portaltela.pt\/noticias\/2026\/05\/01\/confrontos-em-cidade-australiana-apos-detencao-de-suspeito-de-homicidio-de-menor\/#primaryimage\"},\"thumbnailUrl\":\"https:\/\/portaltela.pt\/s.01k8rhncp4jt1\/2026\/05\/CACHE_780X1200_ANALOG_WATERMARKED_47026012_1884697960217421.jpg\",\"datePublished\":\"2026-05-01T05:02:48+00:00\",\"author\":{\"@id\":\"https:\/\/portaltela.pt\/#\/schema\/person\/c4278d4a6028830caff9ee44b42d32ed\"},\"breadcrumb\":{\"@id\":\"https:\/\/portaltela.pt\/noticias\/2026\/05\/01\/confrontos-em-cidade-australiana-apos-detencao-de-suspeito-de-homicidio-de-menor\/#breadcrumb\"},\"inLanguage\":\"pt-PT\",\"potentialAction\":[{\"@type\":\"ReadAction\",\"target\":[\"https:\/\/portaltela.pt\/noticias\/2026\/05\/01\/confrontos-em-cidade-australiana-apos-detencao-de-suspeito-de-homicidio-de-menor\/\"]}]},{\"@type\":\"ImageObject\",\"inLanguage\":\"pt-PT\",\"@id\":\"https:\/\/portaltela.pt\/noticias\/2026\/05\/01\/confrontos-em-cidade-australiana-apos-detencao-de-suspeito-de-homicidio-de-menor\/#primaryimage\",\"url\":\"https:\/\/portaltela.pt\/s.01k8rhncp4jt1\/2026\/05\/CACHE_780X1200_ANALOG_WATERMARKED_47026012_1884697960217421.jpg\",\"contentUrl\":\"https:\/\/portaltela.pt\/s.01k8rhncp4jt1\/2026\/05\/CACHE_780X1200_ANALOG_WATERMARKED_47026012_1884697960217421.jpg\",\"width\":796,\"height\":448,\"caption\":\"Confrontos em cidade australiana ap\u00f3s deten\u00e7\u00e3o de suspeito de homic\u00eddio de crian\u00e7a\"},{\"@type\":\"BreadcrumbList\",\"@id\":\"https:\/\/portaltela.pt\/noticias\/2026\/05\/01\/confrontos-em-cidade-australiana-apos-detencao-de-suspeito-de-homicidio-de-menor\/#breadcrumb\",\"itemListElement\":[{\"@type\":\"ListItem\",\"position\":1,\"name\":\"In\u00edcio\",\"item\":\"https:\/\/portaltela.pt\/\"},{\"@type\":\"ListItem\",\"position\":2,\"name\":\"Confrontos em cidade australiana ap\u00f3s deten\u00e7\u00e3o de suspeito de homic\u00eddio de menor\"}]},{\"@type\":\"WebSite\",\"@id\":\"https:\/\/portaltela.pt\/#website\",\"url\":\"https:\/\/portaltela.pt\/\",\"name\":\"Portal Tela Portugal\",\"description\":\"\",\"potentialAction\":[{\"@type\":\"SearchAction\",\"target\":{\"@type\":\"EntryPoint\",\"urlTemplate\":\"https:\/\/portaltela.pt\/?s={search_term_string}\"},\"query-input\":{\"@type\":\"PropertyValueSpecification\",\"valueRequired\":true,\"valueName\":\"search_term_string\"}}],\"inLanguage\":\"pt-PT\"},{\"@type\":\"Person\",\"@id\":\"https:\/\/portaltela.pt\/#\/schema\/person\/c4278d4a6028830caff9ee44b42d32ed\",\"name\":\"Telinha\",\"image\":{\"@type\":\"ImageObject\",\"inLanguage\":\"pt-PT\",\"@id\":\"https:\/\/portaltela.pt\/s.01k8rhncp4jt1\/2025\/11\/talking-bot-125x125.png\",\"url\":\"https:\/\/portaltela.pt\/s.01k8rhncp4jt1\/2025\/11\/talking-bot-125x125.png\",\"contentUrl\":\"https:\/\/portaltela.pt\/s.01k8rhncp4jt1\/2025\/11\/talking-bot-125x125.png\",\"caption\":\"Telinha\"},\"sameAs\":[\"https:\/\/portaltela.pt\/\"],\"url\":\"https:\/\/portaltela.pt\/por\/367410592786\/\"}]}<\/script>\n<!-- \/ Yoast SEO plugin. -->","yoast_head_json":{"title":"Confrontos em cidade australiana ap\u00f3s deten\u00e7\u00e3o de suspeito de homic\u00eddio de menor - Portal Tela Portugal","robots":{"index":"index","follow":"follow","max-snippet":"max-snippet:-1","max-image-preview":"max-image-preview:large","max-video-preview":"max-video-preview:-1"},"og_locale":"pt_PT","og_type":"article","og_title":"Confrontos em cidade australiana ap\u00f3s deten\u00e7\u00e3o de suspeito de homic\u00eddio de menor - Portal Tela Portugal","og_description":"Foi detido um suspeito de homic\u00eddio de uma crian\u00e7a numa cidade australiana. Ap\u00f3s a deten\u00e7\u00e3o, ocorreram confrontos entre moradores e for\u00e7as de seguran\u00e7a na \u00e1rea. As autoridades mobilizaram meios para conter a situa\u00e7\u00e3o e manter a ordem p\u00fablica. N\u00e3o foram divulgados detalhes adicionais sobre o caso neste momento.","og_url":"https:\/\/portaltela.pt\/noticias\/2026\/05\/01\/confrontos-em-cidade-australiana-apos-detencao-de-suspeito-de-homicidio-de-menor\/","og_site_name":"Portal Tela Portugal","article_published_time":"2026-05-01T05:02:48+00:00","author":"Telinha","twitter_card":"summary_large_image","twitter_misc":{"Escrito por":"Telinha","Tempo estimado de leitura":"1 minuto"},"schema":{"@context":"https:\/\/schema.org","@graph":[{"@type":"Article","@id":"https:\/\/portaltela.pt\/noticias\/2026\/05\/01\/confrontos-em-cidade-australiana-apos-detencao-de-suspeito-de-homicidio-de-menor\/#article","isPartOf":{"@id":"https:\/\/portaltela.pt\/noticias\/2026\/05\/01\/confrontos-em-cidade-australiana-apos-detencao-de-suspeito-de-homicidio-de-menor\/"},"author":{"name":"Telinha","@id":"https:\/\/portaltela.pt\/#\/schema\/person\/c4278d4a6028830caff9ee44b42d32ed"},"headline":"Confrontos em cidade australiana ap\u00f3s deten\u00e7\u00e3o de suspeito de homic\u00eddio de menor","datePublished":"2026-05-01T05:02:48+00:00","mainEntityOfPage":{"@id":"https:\/\/portaltela.pt\/noticias\/2026\/05\/01\/confrontos-em-cidade-australiana-apos-detencao-de-suspeito-de-homicidio-de-menor\/"},"wordCount":133,"image":{"@id":"https:\/\/portaltela.pt\/noticias\/2026\/05\/01\/confrontos-em-cidade-australiana-apos-detencao-de-suspeito-de-homicidio-de-menor\/#primaryimage"},"thumbnailUrl":"https:\/\/portaltela.pt\/s.01k8rhncp4jt1\/2026\/05\/CACHE_780X1200_ANALOG_WATERMARKED_47026012_1884697960217421.jpg","keywords":["_homic\u00eddio","_viol\u00eancia","confrontos","moradores","pol\u00edcia p\u00fablica","seguran\u00e7a p\u00fablica"],"articleSection":["Crimes contra a pessoa","Not\u00edcias"],"inLanguage":"pt-PT"},{"@type":"WebPage","@id":"https:\/\/portaltela.pt\/noticias\/2026\/05\/01\/confrontos-em-cidade-australiana-apos-detencao-de-suspeito-de-homicidio-de-menor\/","url":"https:\/\/portaltela.pt\/noticias\/2026\/05\/01\/confrontos-em-cidade-australiana-apos-detencao-de-suspeito-de-homicidio-de-menor\/","name":"Confrontos em cidade australiana ap\u00f3s deten\u00e7\u00e3o de suspeito de homic\u00eddio de menor - Portal Tela Portugal","isPartOf":{"@id":"https:\/\/portaltela.pt\/#website"},"primaryImageOfPage":{"@id":"https:\/\/portaltela.pt\/noticias\/2026\/05\/01\/confrontos-em-cidade-australiana-apos-detencao-de-suspeito-de-homicidio-de-menor\/#primaryimage"},"image":{"@id":"https:\/\/portaltela.pt\/noticias\/2026\/05\/01\/confrontos-em-cidade-australiana-apos-detencao-de-suspeito-de-homicidio-de-menor\/#primaryimage"},"thumbnailUrl":"https:\/\/portaltela.pt\/s.01k8rhncp4jt1\/2026\/05\/CACHE_780X1200_ANALOG_WATERMARKED_47026012_1884697960217421.jpg","datePublished":"2026-05-01T05:02:48+00:00","author":{"@id":"https:\/\/portaltela.pt\/#\/schema\/person\/c4278d4a6028830caff9ee44b42d32ed"},"breadcrumb":{"@id":"https:\/\/portaltela.pt\/noticias\/2026\/05\/01\/confrontos-em-cidade-australiana-apos-detencao-de-suspeito-de-homicidio-de-menor\/#breadcrumb"},"inLanguage":"pt-PT","potentialAction":[{"@type":"ReadAction","target":["https:\/\/portaltela.pt\/noticias\/2026\/05\/01\/confrontos-em-cidade-australiana-apos-detencao-de-suspeito-de-homicidio-de-menor\/"]}]},{"@type":"ImageObject","inLanguage":"pt-PT","@id":"https:\/\/portaltela.pt\/noticias\/2026\/05\/01\/confrontos-em-cidade-australiana-apos-detencao-de-suspeito-de-homicidio-de-menor\/#primaryimage","url":"https:\/\/portaltela.pt\/s.01k8rhncp4jt1\/2026\/05\/CACHE_780X1200_ANALOG_WATERMARKED_47026012_1884697960217421.jpg","contentUrl":"https:\/\/portaltela.pt\/s.01k8rhncp4jt1\/2026\/05\/CACHE_780X1200_ANALOG_WATERMARKED_47026012_1884697960217421.jpg","width":796,"height":448,"caption":"Confrontos em cidade australiana ap\u00f3s deten\u00e7\u00e3o de suspeito de homic\u00eddio de crian\u00e7a"},{"@type":"BreadcrumbList","@id":"https:\/\/portaltela.pt\/noticias\/2026\/05\/01\/confrontos-em-cidade-australiana-apos-detencao-de-suspeito-de-homicidio-de-menor\/#breadcrumb","itemListElement":[{"@type":"ListItem","position":1,"name":"In\u00edcio","item":"https:\/\/portaltela.pt\/"},{"@type":"ListItem","position":2,"name":"Confrontos em cidade australiana ap\u00f3s deten\u00e7\u00e3o de suspeito de homic\u00eddio de menor"}]},{"@type":"WebSite","@id":"https:\/\/portaltela.pt\/#website","url":"https:\/\/portaltela.pt\/","name":"Portal Tela Portugal","description":"","potentialAction":[{"@type":"SearchAction","target":{"@type":"EntryPoint","urlTemplate":"https:\/\/portaltela.pt\/?s={search_term_string}"},"query-input":{"@type":"PropertyValueSpecification","valueRequired":true,"valueName":"search_term_string"}}],"inLanguage":"pt-PT"},{"@type":"Person","@id":"https:\/\/portaltela.pt\/#\/schema\/person\/c4278d4a6028830caff9ee44b42d32ed","name":"Telinha","image":{"@type":"ImageObject","inLanguage":"pt-PT","@id":"https:\/\/portaltela.pt\/s.01k8rhncp4jt1\/2025\/11\/talking-bot-125x125.png","url":"https:\/\/portaltela.pt\/s.01k8rhncp4jt1\/2025\/11\/talking-bot-125x125.png","contentUrl":"https:\/\/portaltela.pt\/s.01k8rhncp4jt1\/2025\/11\/talking-bot-125x125.png","caption":"Telinha"},"sameAs":["https:\/\/portaltela.pt\/"],"url":"https:\/\/portaltela.pt\/por\/367410592786\/"}]}},"_links":{"self":[{"href":"https:\/\/portaltela.pt\/api\/wp\/v2\/posts\/463350","targetHints":{"allow":["GET"]}}],"collection":[{"href":"https:\/\/portaltela.pt\/api\/wp\/v2\/posts"}],"about":[{"href":"https:\/\/portaltela.pt\/api\/wp\/v2\/types\/post"}],"author":[{"embeddable":true,"href":"https:\/\/portaltela.pt\/api\/wp\/v2\/users\/2"}],"replies":[{"embeddable":true,"href":"https:\/\/portaltela.pt\/api\/wp\/v2\/comments?post=463350"}],"version-history":[{"count":0,"href":"https:\/\/portaltela.pt\/api\/wp\/v2\/posts\/463350\/revisions"}],"wp:featuredmedia":[{"embeddable":true,"href":"https:\/\/portaltela.pt\/api\/wp\/v2\/media\/463351"}],"wp:attachment":[{"href":"https:\/\/portaltela.pt\/api\/wp\/v2\/media?parent=463350"}],"wp:term":[{"taxonomy":"category","embeddable":true,"href":"https:\/\/portaltela.pt\/api\/wp\/v2\/categories?post=463350"},{"taxonomy":"post_tag","embeddable":true,"href":"https:\/\/portaltela.pt\/api\/wp\/v2\/tags?post=463350"}],"curies":[{"name":"wp","href":"https:\/\/api.w.org\/{rel}","templated":true}]}}