{"id":463340,"date":"2026-05-01T00:00:00","date_gmt":"2026-05-01T03:00:00","guid":{"rendered":"https:\/\/portaltela.pt\/noticias\/2026\/05\/01\/helena-propoe-alianca-com-alex-em-paginas-da-vida\/"},"modified":"2026-05-01T00:00:00","modified_gmt":"2026-05-01T03:00:00","slug":"helena-propoe-alianca-com-alex-em-paginas-da-vida","status":"publish","type":"post","link":"https:\/\/portaltela.pt\/series-e-filmes\/2026\/05\/01\/helena-propoe-alianca-com-alex-em-paginas-da-vida\/","title":{"rendered":"Helena prop\u00f5e alian\u00e7a com Alex em P\u00e1ginas da Vida"},"content":{"rendered":"<p>A novela P\u00e1ginas da Vida mostra uma reuni\u00e3o entre personagens centrais da trama. A m\u00e9dica Helena prop\u00f5e uma alian\u00e7a a Alex para enfrentar Leo, apontando uma mudan\u00e7a de estrat\u00e9gia na hist\u00f3ria. A solu\u00e7\u00e3o sugerida visa unir esfor\u00e7os para lidar com o antagonista da narrativa.<\/p>\n<p>Acontece quando Alex leva o neto \u00e0 escola, encontrando Helena e Clarinha no caminho. O encontro \u00e9 breve, mas carregado de emo\u00e7\u00e3o, j\u00e1 que Helena faz uma refer\u00eancia ao av\u00f4 de Kiko ao pedir \u00e0 filha que o abrace. O momento revela tens\u00f5es familiares e o impacto pessoal da situa\u00e7\u00e3o.<\/p>\n<p>Helena e Alex acabam por demonstrar emo\u00e7\u00e3o, chorando juntos diante da cena. A sequ\u00eancia refor\u00e7a a tens\u00e3o emocional entre os personagens e marca um ponto de inflex\u00e3o na forma como enfrentam os conflitos apresentados na trama.<\/p>\n<p>A cena ocorre em um contexto dom\u00e9stico, com foco nas rela\u00e7\u00f5es entre adultos e crian\u00e7as. A proposta de alian\u00e7a de Helena \u00e9 apresentada como uma estrat\u00e9gia para fortalecer a atua\u00e7\u00e3o frente a Leo, conforme o desenvolvimento da narrativa.<\/p>\n<p>O enredo continua a explorar as consequ\u00eancias desse encontro, sem indicar conclus\u00f5es, mantendo o suspense sobre desfechos futuros. A progress\u00e3o depende das decis\u00f5es dos personagens e das din\u00e2micas entre fam\u00edlia e aliados.<\/p>\n","protected":false},"excerpt":{"rendered":"<ul>\n<li>Alex leva o neto \u00e0 escola e cruza-se com Helena e Clarinha.<\/li>\n<li>Helena, m\u00e9dica, prop\u00f5e uma alian\u00e7a a Alex para enfrentar Leo.<\/li>\n<li>Ao ver a neta, Alex luta para controlar as emo\u00e7\u00f5es durante o momento indicado por Helena.<\/li>\n<li>O gesto de pedir \u00e0 filha que abrace o av\u00f4 de Kiko provoca uma emo\u00e7\u00e3o intensa, levando ambos a chorarem.<\/li>\n<\/ul>\n","protected":false},"author":2,"featured_media":463341,"comment_status":"closed","ping_status":"closed","sticky":false,"template":"","format":"standard","meta":{"footnotes":""},"categories":[7368],"tags":[8894,9068,7925,7924,8206,8276],"class_list":["post-463340","post","type-post","status-publish","format-standard","has-post-thumbnail","hentry","category-series-e-filmes","tag-_acoes-sociais","tag-_conflitos","tag-_criancas","tag-_familia","tag-_familias","tag-_pessoas"],"yoast_head":"<!-- This site is optimized with the Yoast SEO plugin v27.2 - https:\/\/yoast.com\/product\/yoast-seo-wordpress\/ -->\n<title>Helena prop\u00f5e alian\u00e7a com Alex em P\u00e1ginas da Vida - Portal Tela Portugal<\/title>\n<meta name=\"robots\" content=\"index, follow, max-snippet:-1, max-image-preview:large, max-video-preview:-1\" \/>\n<meta property=\"og:locale\" content=\"pt_PT\" \/>\n<meta property=\"og:type\" content=\"article\" \/>\n<meta property=\"og:title\" content=\"Helena prop\u00f5e alian\u00e7a com Alex em P\u00e1ginas da Vida - Portal Tela Portugal\" \/>\n<meta property=\"og:description\" content=\"Alex leva o neto \u00e0 escola e cruza-se com Helena e Clarinha. Helena, m\u00e9dica, prop\u00f5e uma alian\u00e7a a Alex para enfrentar Leo. Ao ver a neta, Alex luta para controlar as emo\u00e7\u00f5es durante o momento indicado por Helena. O gesto de pedir \u00e0 filha que abrace o av\u00f4 de Kiko provoca uma emo\u00e7\u00e3o intensa, levando ambos a chorarem.\" \/>\n<meta property=\"og:url\" content=\"https:\/\/portaltela.pt\/noticias\/2026\/05\/01\/helena-propoe-alianca-com-alex-em-paginas-da-vida\/\" \/>\n<meta property=\"og:site_name\" content=\"Portal Tela Portugal\" \/>\n<meta property=\"article:published_time\" content=\"2026-05-01T03:00:00+00:00\" \/>\n<meta name=\"author\" content=\"Telinha\" \/>\n<meta name=\"twitter:card\" content=\"summary_large_image\" \/>\n<meta name=\"twitter:label1\" content=\"Escrito por\" \/>\n\t<meta name=\"twitter:data1\" content=\"Telinha\" \/>\n\t<meta name=\"twitter:label2\" content=\"Tempo estimado de leitura\" \/>\n\t<meta name=\"twitter:data2\" content=\"1 minuto\" \/>\n<script type=\"application\/ld+json\" class=\"yoast-schema-graph\">{\"@context\":\"https:\/\/schema.org\",\"@graph\":[{\"@type\":\"Article\",\"@id\":\"https:\/\/portaltela.pt\/noticias\/2026\/05\/01\/helena-propoe-alianca-com-alex-em-paginas-da-vida\/#article\",\"isPartOf\":{\"@id\":\"https:\/\/portaltela.pt\/noticias\/2026\/05\/01\/helena-propoe-alianca-com-alex-em-paginas-da-vida\/\"},\"author\":{\"name\":\"Telinha\",\"@id\":\"https:\/\/portaltela.pt\/#\/schema\/person\/c4278d4a6028830caff9ee44b42d32ed\"},\"headline\":\"Helena prop\u00f5e alian\u00e7a com Alex em P\u00e1ginas da Vida\",\"datePublished\":\"2026-05-01T03:00:00+00:00\",\"mainEntityOfPage\":{\"@id\":\"https:\/\/portaltela.pt\/noticias\/2026\/05\/01\/helena-propoe-alianca-com-alex-em-paginas-da-vida\/\"},\"wordCount\":239,\"image\":{\"@id\":\"https:\/\/portaltela.pt\/noticias\/2026\/05\/01\/helena-propoe-alianca-com-alex-em-paginas-da-vida\/#primaryimage\"},\"thumbnailUrl\":\"https:\/\/portaltela.pt\/s.01k8rhncp4jt1\/2026\/05\/img_1280x721uu2026-04-28-15-37-38-2281594-im-639129875999972613.jpg\",\"keywords\":[\"_a\u00e7\u00f5es sociais\",\"_conflitos\",\"_crian\u00e7as\",\"_fam\u00edlia\",\"_fam\u00edlias\",\"_pessoas\"],\"articleSection\":[\"S\u00e9ries e filmes\"],\"inLanguage\":\"pt-PT\"},{\"@type\":\"WebPage\",\"@id\":\"https:\/\/portaltela.pt\/noticias\/2026\/05\/01\/helena-propoe-alianca-com-alex-em-paginas-da-vida\/\",\"url\":\"https:\/\/portaltela.pt\/noticias\/2026\/05\/01\/helena-propoe-alianca-com-alex-em-paginas-da-vida\/\",\"name\":\"Helena prop\u00f5e alian\u00e7a com Alex em P\u00e1ginas da Vida - Portal Tela Portugal\",\"isPartOf\":{\"@id\":\"https:\/\/portaltela.pt\/#website\"},\"primaryImageOfPage\":{\"@id\":\"https:\/\/portaltela.pt\/noticias\/2026\/05\/01\/helena-propoe-alianca-com-alex-em-paginas-da-vida\/#primaryimage\"},\"image\":{\"@id\":\"https:\/\/portaltela.pt\/noticias\/2026\/05\/01\/helena-propoe-alianca-com-alex-em-paginas-da-vida\/#primaryimage\"},\"thumbnailUrl\":\"https:\/\/portaltela.pt\/s.01k8rhncp4jt1\/2026\/05\/img_1280x721uu2026-04-28-15-37-38-2281594-im-639129875999972613.jpg\",\"datePublished\":\"2026-05-01T03:00:00+00:00\",\"author\":{\"@id\":\"https:\/\/portaltela.pt\/#\/schema\/person\/c4278d4a6028830caff9ee44b42d32ed\"},\"breadcrumb\":{\"@id\":\"https:\/\/portaltela.pt\/noticias\/2026\/05\/01\/helena-propoe-alianca-com-alex-em-paginas-da-vida\/#breadcrumb\"},\"inLanguage\":\"pt-PT\",\"potentialAction\":[{\"@type\":\"ReadAction\",\"target\":[\"https:\/\/portaltela.pt\/noticias\/2026\/05\/01\/helena-propoe-alianca-com-alex-em-paginas-da-vida\/\"]}]},{\"@type\":\"ImageObject\",\"inLanguage\":\"pt-PT\",\"@id\":\"https:\/\/portaltela.pt\/noticias\/2026\/05\/01\/helena-propoe-alianca-com-alex-em-paginas-da-vida\/#primaryimage\",\"url\":\"https:\/\/portaltela.pt\/s.01k8rhncp4jt1\/2026\/05\/img_1280x721uu2026-04-28-15-37-38-2281594-im-639129875999972613.jpg\",\"contentUrl\":\"https:\/\/portaltela.pt\/s.01k8rhncp4jt1\/2026\/05\/img_1280x721uu2026-04-28-15-37-38-2281594-im-639129875999972613.jpg\",\"width\":796,\"height\":448,\"caption\":\"Helena (Sofia Alves) pede apoio a Alex (Filipe Vargas) para lidar com Leo (Louren\u00e7o Ortig\u00e3o) em 'P\u00e1ginas da Vida'\"},{\"@type\":\"BreadcrumbList\",\"@id\":\"https:\/\/portaltela.pt\/noticias\/2026\/05\/01\/helena-propoe-alianca-com-alex-em-paginas-da-vida\/#breadcrumb\",\"itemListElement\":[{\"@type\":\"ListItem\",\"position\":1,\"name\":\"In\u00edcio\",\"item\":\"https:\/\/portaltela.pt\/\"},{\"@type\":\"ListItem\",\"position\":2,\"name\":\"Helena prop\u00f5e alian\u00e7a com Alex em P\u00e1ginas da Vida\"}]},{\"@type\":\"WebSite\",\"@id\":\"https:\/\/portaltela.pt\/#website\",\"url\":\"https:\/\/portaltela.pt\/\",\"name\":\"Portal Tela Portugal\",\"description\":\"\",\"potentialAction\":[{\"@type\":\"SearchAction\",\"target\":{\"@type\":\"EntryPoint\",\"urlTemplate\":\"https:\/\/portaltela.pt\/?s={search_term_string}\"},\"query-input\":{\"@type\":\"PropertyValueSpecification\",\"valueRequired\":true,\"valueName\":\"search_term_string\"}}],\"inLanguage\":\"pt-PT\"},{\"@type\":\"Person\",\"@id\":\"https:\/\/portaltela.pt\/#\/schema\/person\/c4278d4a6028830caff9ee44b42d32ed\",\"name\":\"Telinha\",\"image\":{\"@type\":\"ImageObject\",\"inLanguage\":\"pt-PT\",\"@id\":\"https:\/\/portaltela.pt\/s.01k8rhncp4jt1\/2025\/11\/talking-bot-125x125.png\",\"url\":\"https:\/\/portaltela.pt\/s.01k8rhncp4jt1\/2025\/11\/talking-bot-125x125.png\",\"contentUrl\":\"https:\/\/portaltela.pt\/s.01k8rhncp4jt1\/2025\/11\/talking-bot-125x125.png\",\"caption\":\"Telinha\"},\"sameAs\":[\"https:\/\/portaltela.pt\/\"],\"url\":\"https:\/\/portaltela.pt\/por\/367410592786\/\"}]}<\/script>\n<!-- \/ Yoast SEO plugin. -->","yoast_head_json":{"title":"Helena prop\u00f5e alian\u00e7a com Alex em P\u00e1ginas da Vida - Portal Tela Portugal","robots":{"index":"index","follow":"follow","max-snippet":"max-snippet:-1","max-image-preview":"max-image-preview:large","max-video-preview":"max-video-preview:-1"},"og_locale":"pt_PT","og_type":"article","og_title":"Helena prop\u00f5e alian\u00e7a com Alex em P\u00e1ginas da Vida - Portal Tela Portugal","og_description":"Alex leva o neto \u00e0 escola e cruza-se com Helena e Clarinha. Helena, m\u00e9dica, prop\u00f5e uma alian\u00e7a a Alex para enfrentar Leo. Ao ver a neta, Alex luta para controlar as emo\u00e7\u00f5es durante o momento indicado por Helena. O gesto de pedir \u00e0 filha que abrace o av\u00f4 de Kiko provoca uma emo\u00e7\u00e3o intensa, levando ambos a chorarem.","og_url":"https:\/\/portaltela.pt\/noticias\/2026\/05\/01\/helena-propoe-alianca-com-alex-em-paginas-da-vida\/","og_site_name":"Portal Tela Portugal","article_published_time":"2026-05-01T03:00:00+00:00","author":"Telinha","twitter_card":"summary_large_image","twitter_misc":{"Escrito por":"Telinha","Tempo estimado de leitura":"1 minuto"},"schema":{"@context":"https:\/\/schema.org","@graph":[{"@type":"Article","@id":"https:\/\/portaltela.pt\/noticias\/2026\/05\/01\/helena-propoe-alianca-com-alex-em-paginas-da-vida\/#article","isPartOf":{"@id":"https:\/\/portaltela.pt\/noticias\/2026\/05\/01\/helena-propoe-alianca-com-alex-em-paginas-da-vida\/"},"author":{"name":"Telinha","@id":"https:\/\/portaltela.pt\/#\/schema\/person\/c4278d4a6028830caff9ee44b42d32ed"},"headline":"Helena prop\u00f5e alian\u00e7a com Alex em P\u00e1ginas da Vida","datePublished":"2026-05-01T03:00:00+00:00","mainEntityOfPage":{"@id":"https:\/\/portaltela.pt\/noticias\/2026\/05\/01\/helena-propoe-alianca-com-alex-em-paginas-da-vida\/"},"wordCount":239,"image":{"@id":"https:\/\/portaltela.pt\/noticias\/2026\/05\/01\/helena-propoe-alianca-com-alex-em-paginas-da-vida\/#primaryimage"},"thumbnailUrl":"https:\/\/portaltela.pt\/s.01k8rhncp4jt1\/2026\/05\/img_1280x721uu2026-04-28-15-37-38-2281594-im-639129875999972613.jpg","keywords":["_a\u00e7\u00f5es sociais","_conflitos","_crian\u00e7as","_fam\u00edlia","_fam\u00edlias","_pessoas"],"articleSection":["S\u00e9ries e filmes"],"inLanguage":"pt-PT"},{"@type":"WebPage","@id":"https:\/\/portaltela.pt\/noticias\/2026\/05\/01\/helena-propoe-alianca-com-alex-em-paginas-da-vida\/","url":"https:\/\/portaltela.pt\/noticias\/2026\/05\/01\/helena-propoe-alianca-com-alex-em-paginas-da-vida\/","name":"Helena prop\u00f5e alian\u00e7a com Alex em P\u00e1ginas da Vida - Portal Tela Portugal","isPartOf":{"@id":"https:\/\/portaltela.pt\/#website"},"primaryImageOfPage":{"@id":"https:\/\/portaltela.pt\/noticias\/2026\/05\/01\/helena-propoe-alianca-com-alex-em-paginas-da-vida\/#primaryimage"},"image":{"@id":"https:\/\/portaltela.pt\/noticias\/2026\/05\/01\/helena-propoe-alianca-com-alex-em-paginas-da-vida\/#primaryimage"},"thumbnailUrl":"https:\/\/portaltela.pt\/s.01k8rhncp4jt1\/2026\/05\/img_1280x721uu2026-04-28-15-37-38-2281594-im-639129875999972613.jpg","datePublished":"2026-05-01T03:00:00+00:00","author":{"@id":"https:\/\/portaltela.pt\/#\/schema\/person\/c4278d4a6028830caff9ee44b42d32ed"},"breadcrumb":{"@id":"https:\/\/portaltela.pt\/noticias\/2026\/05\/01\/helena-propoe-alianca-com-alex-em-paginas-da-vida\/#breadcrumb"},"inLanguage":"pt-PT","potentialAction":[{"@type":"ReadAction","target":["https:\/\/portaltela.pt\/noticias\/2026\/05\/01\/helena-propoe-alianca-com-alex-em-paginas-da-vida\/"]}]},{"@type":"ImageObject","inLanguage":"pt-PT","@id":"https:\/\/portaltela.pt\/noticias\/2026\/05\/01\/helena-propoe-alianca-com-alex-em-paginas-da-vida\/#primaryimage","url":"https:\/\/portaltela.pt\/s.01k8rhncp4jt1\/2026\/05\/img_1280x721uu2026-04-28-15-37-38-2281594-im-639129875999972613.jpg","contentUrl":"https:\/\/portaltela.pt\/s.01k8rhncp4jt1\/2026\/05\/img_1280x721uu2026-04-28-15-37-38-2281594-im-639129875999972613.jpg","width":796,"height":448,"caption":"Helena (Sofia Alves) pede apoio a Alex (Filipe Vargas) para lidar com Leo (Louren\u00e7o Ortig\u00e3o) em 'P\u00e1ginas da Vida'"},{"@type":"BreadcrumbList","@id":"https:\/\/portaltela.pt\/noticias\/2026\/05\/01\/helena-propoe-alianca-com-alex-em-paginas-da-vida\/#breadcrumb","itemListElement":[{"@type":"ListItem","position":1,"name":"In\u00edcio","item":"https:\/\/portaltela.pt\/"},{"@type":"ListItem","position":2,"name":"Helena prop\u00f5e alian\u00e7a com Alex em P\u00e1ginas da Vida"}]},{"@type":"WebSite","@id":"https:\/\/portaltela.pt\/#website","url":"https:\/\/portaltela.pt\/","name":"Portal Tela Portugal","description":"","potentialAction":[{"@type":"SearchAction","target":{"@type":"EntryPoint","urlTemplate":"https:\/\/portaltela.pt\/?s={search_term_string}"},"query-input":{"@type":"PropertyValueSpecification","valueRequired":true,"valueName":"search_term_string"}}],"inLanguage":"pt-PT"},{"@type":"Person","@id":"https:\/\/portaltela.pt\/#\/schema\/person\/c4278d4a6028830caff9ee44b42d32ed","name":"Telinha","image":{"@type":"ImageObject","inLanguage":"pt-PT","@id":"https:\/\/portaltela.pt\/s.01k8rhncp4jt1\/2025\/11\/talking-bot-125x125.png","url":"https:\/\/portaltela.pt\/s.01k8rhncp4jt1\/2025\/11\/talking-bot-125x125.png","contentUrl":"https:\/\/portaltela.pt\/s.01k8rhncp4jt1\/2025\/11\/talking-bot-125x125.png","caption":"Telinha"},"sameAs":["https:\/\/portaltela.pt\/"],"url":"https:\/\/portaltela.pt\/por\/367410592786\/"}]}},"_links":{"self":[{"href":"https:\/\/portaltela.pt\/api\/wp\/v2\/posts\/463340","targetHints":{"allow":["GET"]}}],"collection":[{"href":"https:\/\/portaltela.pt\/api\/wp\/v2\/posts"}],"about":[{"href":"https:\/\/portaltela.pt\/api\/wp\/v2\/types\/post"}],"author":[{"embeddable":true,"href":"https:\/\/portaltela.pt\/api\/wp\/v2\/users\/2"}],"replies":[{"embeddable":true,"href":"https:\/\/portaltela.pt\/api\/wp\/v2\/comments?post=463340"}],"version-history":[{"count":0,"href":"https:\/\/portaltela.pt\/api\/wp\/v2\/posts\/463340\/revisions"}],"wp:featuredmedia":[{"embeddable":true,"href":"https:\/\/portaltela.pt\/api\/wp\/v2\/media\/463341"}],"wp:attachment":[{"href":"https:\/\/portaltela.pt\/api\/wp\/v2\/media?parent=463340"}],"wp:term":[{"taxonomy":"category","embeddable":true,"href":"https:\/\/portaltela.pt\/api\/wp\/v2\/categories?post=463340"},{"taxonomy":"post_tag","embeddable":true,"href":"https:\/\/portaltela.pt\/api\/wp\/v2\/tags?post=463340"}],"curies":[{"name":"wp","href":"https:\/\/api.w.org\/{rel}","templated":true}]}}