{"id":463330,"date":"2026-04-30T23:33:20","date_gmt":"2026-05-01T02:33:20","guid":{"rendered":"https:\/\/portaltela.pt\/noticias\/2026\/04\/30\/flor-e-sammy-casam-se-no-terra-forte\/"},"modified":"2026-04-30T23:33:20","modified_gmt":"2026-05-01T02:33:20","slug":"flor-e-sammy-casam-se-no-terra-forte","status":"publish","type":"post","link":"https:\/\/portaltela.pt\/series-e-filmes\/2026\/04\/30\/flor-e-sammy-casam-se-no-terra-forte\/","title":{"rendered":"Flor e Sammy casam-se no Terra Forte"},"content":{"rendered":"<p>Terra Forte: Flor e Sammy preparam o casamento tr\u00eas anos depois, numa cerim\u00f3nia que v\u00ea Rufino sair da pris\u00e3o e surgir no local. O regresso \u00e9 marcado por um momento de viol\u00eancia, quando \u00c1lvaro esmurra o jovem, sem antes explicar o motivo.<\/p>\n<p>No cora\u00e7\u00e3o da narrativa, Flor \u00e9 apresentada a poucos minutos de subir ao altar, rodeada pela fam\u00edlia e pelos amigos. Rosa Maria e Rosinha afirmam que a noiva merece ser feliz, enquanto Armando e \u00c1lvaro aguardam \u00e0 porta da igreja, com este a defender a realiza\u00e7\u00e3o de um casamento conjunto.<\/p>\n<p>\u00c1lvaro mostra o anel que comprou para pedir Rosa Maria em casamento, numa tentativa de mudar o rumo dos acontecimentos. Flor chega \u00e0 cerim\u00f3nia acompanhada pela fam\u00edlia, mas demonstra hesita\u00e7\u00e3o vis\u00edvel sobre o que est\u00e1 por vir.<\/p>\n","protected":false},"excerpt":{"rendered":"<ul>\n<li>O casamento de Flor e Sammy \u00e9 o foco, com a hist\u00f3ria a passar tr\u00eas anos adiante e Flor a caminho de casar.<\/li>\n<li>Rufino sai da pris\u00e3o e aparece no casamento, acabando por ser esmurrado por \u00c1lvaro.<\/li>\n<li>Rosa Maria e Rosinha afirmam que Flor merece ser feliz.<\/li>\n<li>Armando e \u00c1lvaro est\u00e3o \u00e0 porta da igreja; \u00c1lvaro sugere um casamento conjunto, apesar de Armando j\u00e1 ter casado civilmente com Vivi.<\/li>\n<li>\u00c1lvaro mostra o anel que comprou para pedir Rosa Maria em casamento; Flor chega com a fam\u00edlia e mostra-se hesitante.<\/li>\n<\/ul>\n","protected":false},"author":2,"featured_media":463331,"comment_status":"closed","ping_status":"closed","sticky":false,"template":"","format":"standard","meta":{"footnotes":""},"categories":[7368],"tags":[87,2717,64,5375,939],"class_list":["post-463330","post","type-post","status-publish","format-standard","has-post-thumbnail","hentry","category-series-e-filmes","tag-casamento","tag-casamentos","tag-familia","tag-terra","tag-violencia"],"yoast_head":"<!-- This site is optimized with the Yoast SEO plugin v27.2 - https:\/\/yoast.com\/product\/yoast-seo-wordpress\/ -->\n<title>Flor e Sammy casam-se no Terra Forte - Portal Tela Portugal<\/title>\n<meta name=\"robots\" content=\"index, follow, max-snippet:-1, max-image-preview:large, max-video-preview:-1\" \/>\n<meta property=\"og:locale\" content=\"pt_PT\" \/>\n<meta property=\"og:type\" content=\"article\" \/>\n<meta property=\"og:title\" content=\"Flor e Sammy casam-se no Terra Forte - Portal Tela Portugal\" \/>\n<meta property=\"og:description\" content=\"O casamento de Flor e Sammy \u00e9 o foco, com a hist\u00f3ria a passar tr\u00eas anos adiante e Flor a caminho de casar. Rufino sai da pris\u00e3o e aparece no casamento, acabando por ser esmurrado por \u00c1lvaro. Rosa Maria e Rosinha afirmam que Flor merece ser feliz. Armando e \u00c1lvaro est\u00e3o \u00e0 porta da igreja; \u00c1lvaro sugere um casamento conjunto, apesar de Armando j\u00e1 ter casado civilmente com Vivi. \u00c1lvaro mostra o anel que comprou para pedir Rosa Maria em casamento; Flor chega com a fam\u00edlia e mostra-se hesitante.\" \/>\n<meta property=\"og:url\" content=\"https:\/\/portaltela.pt\/noticias\/2026\/04\/30\/flor-e-sammy-casam-se-no-terra-forte\/\" \/>\n<meta property=\"og:site_name\" content=\"Portal Tela Portugal\" \/>\n<meta property=\"article:published_time\" content=\"2026-05-01T02:33:20+00:00\" \/>\n<meta name=\"author\" content=\"Telinha\" \/>\n<meta name=\"twitter:card\" content=\"summary_large_image\" \/>\n<meta name=\"twitter:label1\" content=\"Escrito por\" \/>\n\t<meta name=\"twitter:data1\" content=\"Telinha\" \/>\n\t<meta name=\"twitter:label2\" content=\"Tempo estimado de leitura\" \/>\n\t<meta name=\"twitter:data2\" content=\"1 minuto\" \/>\n<script type=\"application\/ld+json\" class=\"yoast-schema-graph\">{\"@context\":\"https:\/\/schema.org\",\"@graph\":[{\"@type\":\"Article\",\"@id\":\"https:\/\/portaltela.pt\/noticias\/2026\/04\/30\/flor-e-sammy-casam-se-no-terra-forte\/#article\",\"isPartOf\":{\"@id\":\"https:\/\/portaltela.pt\/noticias\/2026\/04\/30\/flor-e-sammy-casam-se-no-terra-forte\/\"},\"author\":{\"name\":\"Telinha\",\"@id\":\"https:\/\/portaltela.pt\/#\/schema\/person\/c4278d4a6028830caff9ee44b42d32ed\"},\"headline\":\"Flor e Sammy casam-se no Terra Forte\",\"datePublished\":\"2026-05-01T02:33:20+00:00\",\"mainEntityOfPage\":{\"@id\":\"https:\/\/portaltela.pt\/noticias\/2026\/04\/30\/flor-e-sammy-casam-se-no-terra-forte\/\"},\"wordCount\":143,\"image\":{\"@id\":\"https:\/\/portaltela.pt\/noticias\/2026\/04\/30\/flor-e-sammy-casam-se-no-terra-forte\/#primaryimage\"},\"thumbnailUrl\":\"https:\/\/portaltela.pt\/s.01k8rhncp4jt1\/2026\/04\/img_1280x721uu2026-04-22-16-19-55-2280345-im-639125472015838086.jpg\",\"keywords\":[\"casamento\",\"casamentos\",\"fam\u00edlia\",\"Terra\",\"viol\u00eancia\"],\"articleSection\":[\"S\u00e9ries e filmes\"],\"inLanguage\":\"pt-PT\"},{\"@type\":\"WebPage\",\"@id\":\"https:\/\/portaltela.pt\/noticias\/2026\/04\/30\/flor-e-sammy-casam-se-no-terra-forte\/\",\"url\":\"https:\/\/portaltela.pt\/noticias\/2026\/04\/30\/flor-e-sammy-casam-se-no-terra-forte\/\",\"name\":\"Flor e Sammy casam-se no Terra Forte - Portal Tela Portugal\",\"isPartOf\":{\"@id\":\"https:\/\/portaltela.pt\/#website\"},\"primaryImageOfPage\":{\"@id\":\"https:\/\/portaltela.pt\/noticias\/2026\/04\/30\/flor-e-sammy-casam-se-no-terra-forte\/#primaryimage\"},\"image\":{\"@id\":\"https:\/\/portaltela.pt\/noticias\/2026\/04\/30\/flor-e-sammy-casam-se-no-terra-forte\/#primaryimage\"},\"thumbnailUrl\":\"https:\/\/portaltela.pt\/s.01k8rhncp4jt1\/2026\/04\/img_1280x721uu2026-04-22-16-19-55-2280345-im-639125472015838086.jpg\",\"datePublished\":\"2026-05-01T02:33:20+00:00\",\"author\":{\"@id\":\"https:\/\/portaltela.pt\/#\/schema\/person\/c4278d4a6028830caff9ee44b42d32ed\"},\"breadcrumb\":{\"@id\":\"https:\/\/portaltela.pt\/noticias\/2026\/04\/30\/flor-e-sammy-casam-se-no-terra-forte\/#breadcrumb\"},\"inLanguage\":\"pt-PT\",\"potentialAction\":[{\"@type\":\"ReadAction\",\"target\":[\"https:\/\/portaltela.pt\/noticias\/2026\/04\/30\/flor-e-sammy-casam-se-no-terra-forte\/\"]}]},{\"@type\":\"ImageObject\",\"inLanguage\":\"pt-PT\",\"@id\":\"https:\/\/portaltela.pt\/noticias\/2026\/04\/30\/flor-e-sammy-casam-se-no-terra-forte\/#primaryimage\",\"url\":\"https:\/\/portaltela.pt\/s.01k8rhncp4jt1\/2026\/04\/img_1280x721uu2026-04-22-16-19-55-2280345-im-639125472015838086.jpg\",\"contentUrl\":\"https:\/\/portaltela.pt\/s.01k8rhncp4jt1\/2026\/04\/img_1280x721uu2026-04-22-16-19-55-2280345-im-639125472015838086.jpg\",\"width\":1280,\"height\":721,\"caption\":\"Cerim\u00f3nia de casamento de Flor (Benedita Pereira) e Sammy (Jos\u00e9 Fidalgo) em 'Terra Forte'\"},{\"@type\":\"BreadcrumbList\",\"@id\":\"https:\/\/portaltela.pt\/noticias\/2026\/04\/30\/flor-e-sammy-casam-se-no-terra-forte\/#breadcrumb\",\"itemListElement\":[{\"@type\":\"ListItem\",\"position\":1,\"name\":\"In\u00edcio\",\"item\":\"https:\/\/portaltela.pt\/\"},{\"@type\":\"ListItem\",\"position\":2,\"name\":\"Flor e Sammy casam-se no Terra Forte\"}]},{\"@type\":\"WebSite\",\"@id\":\"https:\/\/portaltela.pt\/#website\",\"url\":\"https:\/\/portaltela.pt\/\",\"name\":\"Portal Tela Portugal\",\"description\":\"\",\"potentialAction\":[{\"@type\":\"SearchAction\",\"target\":{\"@type\":\"EntryPoint\",\"urlTemplate\":\"https:\/\/portaltela.pt\/?s={search_term_string}\"},\"query-input\":{\"@type\":\"PropertyValueSpecification\",\"valueRequired\":true,\"valueName\":\"search_term_string\"}}],\"inLanguage\":\"pt-PT\"},{\"@type\":\"Person\",\"@id\":\"https:\/\/portaltela.pt\/#\/schema\/person\/c4278d4a6028830caff9ee44b42d32ed\",\"name\":\"Telinha\",\"image\":{\"@type\":\"ImageObject\",\"inLanguage\":\"pt-PT\",\"@id\":\"https:\/\/portaltela.pt\/s.01k8rhncp4jt1\/2025\/11\/talking-bot-125x125.png\",\"url\":\"https:\/\/portaltela.pt\/s.01k8rhncp4jt1\/2025\/11\/talking-bot-125x125.png\",\"contentUrl\":\"https:\/\/portaltela.pt\/s.01k8rhncp4jt1\/2025\/11\/talking-bot-125x125.png\",\"caption\":\"Telinha\"},\"sameAs\":[\"https:\/\/portaltela.pt\/\"],\"url\":\"https:\/\/portaltela.pt\/por\/367410592786\/\"}]}<\/script>\n<!-- \/ Yoast SEO plugin. -->","yoast_head_json":{"title":"Flor e Sammy casam-se no Terra Forte - Portal Tela Portugal","robots":{"index":"index","follow":"follow","max-snippet":"max-snippet:-1","max-image-preview":"max-image-preview:large","max-video-preview":"max-video-preview:-1"},"og_locale":"pt_PT","og_type":"article","og_title":"Flor e Sammy casam-se no Terra Forte - Portal Tela Portugal","og_description":"O casamento de Flor e Sammy \u00e9 o foco, com a hist\u00f3ria a passar tr\u00eas anos adiante e Flor a caminho de casar. Rufino sai da pris\u00e3o e aparece no casamento, acabando por ser esmurrado por \u00c1lvaro. Rosa Maria e Rosinha afirmam que Flor merece ser feliz. Armando e \u00c1lvaro est\u00e3o \u00e0 porta da igreja; \u00c1lvaro sugere um casamento conjunto, apesar de Armando j\u00e1 ter casado civilmente com Vivi. \u00c1lvaro mostra o anel que comprou para pedir Rosa Maria em casamento; Flor chega com a fam\u00edlia e mostra-se hesitante.","og_url":"https:\/\/portaltela.pt\/noticias\/2026\/04\/30\/flor-e-sammy-casam-se-no-terra-forte\/","og_site_name":"Portal Tela Portugal","article_published_time":"2026-05-01T02:33:20+00:00","author":"Telinha","twitter_card":"summary_large_image","twitter_misc":{"Escrito por":"Telinha","Tempo estimado de leitura":"1 minuto"},"schema":{"@context":"https:\/\/schema.org","@graph":[{"@type":"Article","@id":"https:\/\/portaltela.pt\/noticias\/2026\/04\/30\/flor-e-sammy-casam-se-no-terra-forte\/#article","isPartOf":{"@id":"https:\/\/portaltela.pt\/noticias\/2026\/04\/30\/flor-e-sammy-casam-se-no-terra-forte\/"},"author":{"name":"Telinha","@id":"https:\/\/portaltela.pt\/#\/schema\/person\/c4278d4a6028830caff9ee44b42d32ed"},"headline":"Flor e Sammy casam-se no Terra Forte","datePublished":"2026-05-01T02:33:20+00:00","mainEntityOfPage":{"@id":"https:\/\/portaltela.pt\/noticias\/2026\/04\/30\/flor-e-sammy-casam-se-no-terra-forte\/"},"wordCount":143,"image":{"@id":"https:\/\/portaltela.pt\/noticias\/2026\/04\/30\/flor-e-sammy-casam-se-no-terra-forte\/#primaryimage"},"thumbnailUrl":"https:\/\/portaltela.pt\/s.01k8rhncp4jt1\/2026\/04\/img_1280x721uu2026-04-22-16-19-55-2280345-im-639125472015838086.jpg","keywords":["casamento","casamentos","fam\u00edlia","Terra","viol\u00eancia"],"articleSection":["S\u00e9ries e filmes"],"inLanguage":"pt-PT"},{"@type":"WebPage","@id":"https:\/\/portaltela.pt\/noticias\/2026\/04\/30\/flor-e-sammy-casam-se-no-terra-forte\/","url":"https:\/\/portaltela.pt\/noticias\/2026\/04\/30\/flor-e-sammy-casam-se-no-terra-forte\/","name":"Flor e Sammy casam-se no Terra Forte - Portal Tela Portugal","isPartOf":{"@id":"https:\/\/portaltela.pt\/#website"},"primaryImageOfPage":{"@id":"https:\/\/portaltela.pt\/noticias\/2026\/04\/30\/flor-e-sammy-casam-se-no-terra-forte\/#primaryimage"},"image":{"@id":"https:\/\/portaltela.pt\/noticias\/2026\/04\/30\/flor-e-sammy-casam-se-no-terra-forte\/#primaryimage"},"thumbnailUrl":"https:\/\/portaltela.pt\/s.01k8rhncp4jt1\/2026\/04\/img_1280x721uu2026-04-22-16-19-55-2280345-im-639125472015838086.jpg","datePublished":"2026-05-01T02:33:20+00:00","author":{"@id":"https:\/\/portaltela.pt\/#\/schema\/person\/c4278d4a6028830caff9ee44b42d32ed"},"breadcrumb":{"@id":"https:\/\/portaltela.pt\/noticias\/2026\/04\/30\/flor-e-sammy-casam-se-no-terra-forte\/#breadcrumb"},"inLanguage":"pt-PT","potentialAction":[{"@type":"ReadAction","target":["https:\/\/portaltela.pt\/noticias\/2026\/04\/30\/flor-e-sammy-casam-se-no-terra-forte\/"]}]},{"@type":"ImageObject","inLanguage":"pt-PT","@id":"https:\/\/portaltela.pt\/noticias\/2026\/04\/30\/flor-e-sammy-casam-se-no-terra-forte\/#primaryimage","url":"https:\/\/portaltela.pt\/s.01k8rhncp4jt1\/2026\/04\/img_1280x721uu2026-04-22-16-19-55-2280345-im-639125472015838086.jpg","contentUrl":"https:\/\/portaltela.pt\/s.01k8rhncp4jt1\/2026\/04\/img_1280x721uu2026-04-22-16-19-55-2280345-im-639125472015838086.jpg","width":1280,"height":721,"caption":"Cerim\u00f3nia de casamento de Flor (Benedita Pereira) e Sammy (Jos\u00e9 Fidalgo) em 'Terra Forte'"},{"@type":"BreadcrumbList","@id":"https:\/\/portaltela.pt\/noticias\/2026\/04\/30\/flor-e-sammy-casam-se-no-terra-forte\/#breadcrumb","itemListElement":[{"@type":"ListItem","position":1,"name":"In\u00edcio","item":"https:\/\/portaltela.pt\/"},{"@type":"ListItem","position":2,"name":"Flor e Sammy casam-se no Terra Forte"}]},{"@type":"WebSite","@id":"https:\/\/portaltela.pt\/#website","url":"https:\/\/portaltela.pt\/","name":"Portal Tela Portugal","description":"","potentialAction":[{"@type":"SearchAction","target":{"@type":"EntryPoint","urlTemplate":"https:\/\/portaltela.pt\/?s={search_term_string}"},"query-input":{"@type":"PropertyValueSpecification","valueRequired":true,"valueName":"search_term_string"}}],"inLanguage":"pt-PT"},{"@type":"Person","@id":"https:\/\/portaltela.pt\/#\/schema\/person\/c4278d4a6028830caff9ee44b42d32ed","name":"Telinha","image":{"@type":"ImageObject","inLanguage":"pt-PT","@id":"https:\/\/portaltela.pt\/s.01k8rhncp4jt1\/2025\/11\/talking-bot-125x125.png","url":"https:\/\/portaltela.pt\/s.01k8rhncp4jt1\/2025\/11\/talking-bot-125x125.png","contentUrl":"https:\/\/portaltela.pt\/s.01k8rhncp4jt1\/2025\/11\/talking-bot-125x125.png","caption":"Telinha"},"sameAs":["https:\/\/portaltela.pt\/"],"url":"https:\/\/portaltela.pt\/por\/367410592786\/"}]}},"_links":{"self":[{"href":"https:\/\/portaltela.pt\/api\/wp\/v2\/posts\/463330","targetHints":{"allow":["GET"]}}],"collection":[{"href":"https:\/\/portaltela.pt\/api\/wp\/v2\/posts"}],"about":[{"href":"https:\/\/portaltela.pt\/api\/wp\/v2\/types\/post"}],"author":[{"embeddable":true,"href":"https:\/\/portaltela.pt\/api\/wp\/v2\/users\/2"}],"replies":[{"embeddable":true,"href":"https:\/\/portaltela.pt\/api\/wp\/v2\/comments?post=463330"}],"version-history":[{"count":0,"href":"https:\/\/portaltela.pt\/api\/wp\/v2\/posts\/463330\/revisions"}],"wp:featuredmedia":[{"embeddable":true,"href":"https:\/\/portaltela.pt\/api\/wp\/v2\/media\/463331"}],"wp:attachment":[{"href":"https:\/\/portaltela.pt\/api\/wp\/v2\/media?parent=463330"}],"wp:term":[{"taxonomy":"category","embeddable":true,"href":"https:\/\/portaltela.pt\/api\/wp\/v2\/categories?post=463330"},{"taxonomy":"post_tag","embeddable":true,"href":"https:\/\/portaltela.pt\/api\/wp\/v2\/tags?post=463330"}],"curies":[{"name":"wp","href":"https:\/\/api.w.org\/{rel}","templated":true}]}}