{"id":463305,"date":"2026-04-30T21:34:16","date_gmt":"2026-05-01T00:34:16","guid":{"rendered":"https:\/\/portaltela.pt\/noticias\/2026\/04\/30\/montenegro-quer-ligar-todas-as-capitais-de-distrito-por-autoestradas\/"},"modified":"2026-04-30T21:34:16","modified_gmt":"2026-05-01T00:34:16","slug":"montenegro-quer-ligar-todas-as-capitais-de-distrito-por-autoestradas","status":"publish","type":"post","link":"https:\/\/portaltela.pt\/noticias\/politica\/2026\/04\/30\/montenegro-quer-ligar-todas-as-capitais-de-distrito-por-autoestradas\/","title":{"rendered":"Montenegro quer ligar todas as capitais de distrito por autoestradas"},"content":{"rendered":"<p>O Primeiro-Ministro Lu\u00eds Montenegro anunciou, em Portalegre, o objetivo de ligar todas as capitais de distrito por autoestrada. A medida visa aproximar o territ\u00f3rio e impulsionar a economia regional, com Beja, \u00c9vora e Portalegre como pontos de refer\u00eancia.<\/p>\n<p>O posicionamento foi refor\u00e7ado durante a visita \u00e0 Delta Caf\u00e9s, com o ministro da Economia e Coes\u00e3o Territorial, Manuel Castro Almeida, a acompanhar. Est\u00e3o em estudo liga\u00e7\u00f5es da autoestrada a Portalegre e a Norte e Sul, bem como a liga\u00e7\u00e3o de Portalegre \u00e0 A6 e \u00e0 A23, e a obra que liga a A2 a Beja j\u00e1 est\u00e1 em execu\u00e7\u00e3o.<\/p>\n<p>A Delta Caf\u00e9s apresentou ao chefe do Governo um investimento de 20 milh\u00f5es de euros para modernizar a NOVADELTA, visando dobrar a produ\u00e7\u00e3o para 100 toneladas por dia e fortalecer a posi\u00e7\u00e3o ib\u00e9rica no setor. Montenegro enfatizou o potencial de exemplo para o pa\u00eds.<\/p>\n<h3>Novos apoios para a agricultura<\/h3>\n<p>O Conselho de Ministros descentralizado aprovou medidas para agricultura, pecu\u00e1ria e ambiente, considerados estrat\u00e9gicos. Fornecer\u00e3o 20 milh\u00f5es de euros para fertilizantes e 60 milh\u00f5es para reabilitar infraestruturas agr\u00edcolas afetadas por fen\u00f3menos meteorol\u00f3gicos.<\/p>\n<p>Mac\u00e1rio Correia foi anunciado como coordenador da estrutura que liderar\u00e1 a estrat\u00e9gia \u00c1gua que Une, destinada a gerir a capacidade h\u00eddrica no pa\u00eds. Paralelamente, foi prolongada por 12 meses a morat\u00f3ria de cr\u00e9dito para empresas, institui\u00e7\u00f5es sociais e fam\u00edlias.<\/p>\n","protected":false},"excerpt":{"rendered":"<ul>\n<li>O primeiro-ministro Lu\u00eds Montenegro disse que todas as capitais de distrito ficar\u00e3o ligadas por autoestrada, com Portalegre ligada \u00e0 A6 e \u00e0 A23 e a obra que liga a A2 a Beja, de modo a aproximar o territ\u00f3rio.<\/li>\n<li>O grupo Delta Caf\u00e9s anunciou um investimento de 20 milh\u00f5es de euros para modernizar a f\u00e1brica Novadelta, que vai duplicar a produ\u00e7\u00e3o para 100 toneladas por dia e tornar-se a maior torrefadora da Pen\u00ednsula Ib\u00e9rica.<\/li>\n<li>O novo Conselho de Ministros aprovou medidas para agricultura, pecu\u00e1ria e ambiente, incluindo 20 milh\u00f5es de euros para apoiar custos de fertilizantes e 60 milh\u00f5es para reabilitar infraestruturas agr\u00edcolas afetadas por fen\u00f3menos meteorol\u00f3gicos.<\/li>\n<li>Mac\u00e1rio Correia foi nomeado coordenador da estrutura que vai liderar a estrat\u00e9gia de gest\u00e3o de \u00e1gua, intitulada \u201c\u00c1gua que une\u201d.<\/li>\n<li>O Governo prorrogou por 12 meses as morat\u00f3rias de cr\u00e9dito atribu\u00eddas a empresas, institui\u00e7\u00f5es sociais e fam\u00edlias.<\/li>\n<\/ul>\n","protected":false},"author":2,"featured_media":463307,"comment_status":"closed","ping_status":"closed","sticky":false,"template":"","format":"standard","meta":{"footnotes":""},"categories":[1,5],"tags":[8768,8069,8790,8077,8313,8886],"class_list":["post-463305","post","type-post","status-publish","format-standard","has-post-thumbnail","hentry","category-noticias","category-politica","tag-_beja","tag-_coesao-territorial","tag-_estradas","tag-_evora","tag-_infraestruturas","tag-_portalegre"],"yoast_head":"<!-- This site is optimized with the Yoast SEO plugin v27.2 - https:\/\/yoast.com\/product\/yoast-seo-wordpress\/ -->\n<title>Montenegro quer ligar todas as capitais de distrito por autoestradas - Portal Tela Portugal<\/title>\n<meta name=\"robots\" content=\"index, follow, max-snippet:-1, max-image-preview:large, max-video-preview:-1\" \/>\n<meta property=\"og:locale\" content=\"pt_PT\" \/>\n<meta property=\"og:type\" content=\"article\" \/>\n<meta property=\"og:title\" content=\"Montenegro quer ligar todas as capitais de distrito por autoestradas - Portal Tela Portugal\" \/>\n<meta property=\"og:description\" content=\"O primeiro-ministro Lu\u00eds Montenegro disse que todas as capitais de distrito ficar\u00e3o ligadas por autoestrada, com Portalegre ligada \u00e0 A6 e \u00e0 A23 e a obra que liga a A2 a Beja, de modo a aproximar o territ\u00f3rio. O grupo Delta Caf\u00e9s anunciou um investimento de 20 milh\u00f5es de euros para modernizar a f\u00e1brica Novadelta, que vai duplicar a produ\u00e7\u00e3o para 100 toneladas por dia e tornar-se a maior torrefadora da Pen\u00ednsula Ib\u00e9rica. O novo Conselho de Ministros aprovou medidas para agricultura, pecu\u00e1ria e ambiente, incluindo 20 milh\u00f5es de euros para apoiar custos de fertilizantes e 60 milh\u00f5es para reabilitar infraestruturas agr\u00edcolas afetadas por fen\u00f3menos meteorol\u00f3gicos. Mac\u00e1rio Correia foi nomeado coordenador da estrutura que vai liderar a estrat\u00e9gia de gest\u00e3o de \u00e1gua, intitulada \u201c\u00c1gua que une\u201d. O Governo prorrogou por 12 meses as morat\u00f3rias de cr\u00e9dito atribu\u00eddas a empresas, institui\u00e7\u00f5es sociais e fam\u00edlias.\" \/>\n<meta property=\"og:url\" content=\"https:\/\/portaltela.pt\/noticias\/2026\/04\/30\/montenegro-quer-ligar-todas-as-capitais-de-distrito-por-autoestradas\/\" \/>\n<meta property=\"og:site_name\" content=\"Portal Tela Portugal\" \/>\n<meta property=\"article:published_time\" content=\"2026-05-01T00:34:16+00:00\" \/>\n<meta name=\"author\" content=\"Telinha\" \/>\n<meta name=\"twitter:card\" content=\"summary_large_image\" \/>\n<meta name=\"twitter:label1\" content=\"Escrito por\" \/>\n\t<meta name=\"twitter:data1\" content=\"Telinha\" \/>\n\t<meta name=\"twitter:label2\" content=\"Tempo estimado de leitura\" \/>\n\t<meta name=\"twitter:data2\" content=\"1 minuto\" \/>\n<script type=\"application\/ld+json\" class=\"yoast-schema-graph\">{\"@context\":\"https:\/\/schema.org\",\"@graph\":[{\"@type\":\"Article\",\"@id\":\"https:\/\/portaltela.pt\/noticias\/2026\/04\/30\/montenegro-quer-ligar-todas-as-capitais-de-distrito-por-autoestradas\/#article\",\"isPartOf\":{\"@id\":\"https:\/\/portaltela.pt\/noticias\/2026\/04\/30\/montenegro-quer-ligar-todas-as-capitais-de-distrito-por-autoestradas\/\"},\"author\":{\"name\":\"Telinha\",\"@id\":\"https:\/\/portaltela.pt\/#\/schema\/person\/c4278d4a6028830caff9ee44b42d32ed\"},\"headline\":\"Montenegro quer ligar todas as capitais de distrito por autoestradas\",\"datePublished\":\"2026-05-01T00:34:16+00:00\",\"mainEntityOfPage\":{\"@id\":\"https:\/\/portaltela.pt\/noticias\/2026\/04\/30\/montenegro-quer-ligar-todas-as-capitais-de-distrito-por-autoestradas\/\"},\"wordCount\":252,\"image\":{\"@id\":\"https:\/\/portaltela.pt\/noticias\/2026\/04\/30\/montenegro-quer-ligar-todas-as-capitais-de-distrito-por-autoestradas\/#primaryimage\"},\"thumbnailUrl\":\"https:\/\/portaltela.pt\/s.01k8rhncp4jt1\/2026\/04\/img_1500x1000uu2026-04-30-19-29-05-2282078.jpg\",\"keywords\":[\"_Beja\",\"_Coes\u00e3o Territorial\",\"_estradas\",\"_\u00c9vora\",\"_infraestruturas\",\"_Portalegre\"],\"articleSection\":[\"Not\u00edcias\",\"Pol\u00edtica\"],\"inLanguage\":\"pt-PT\"},{\"@type\":\"WebPage\",\"@id\":\"https:\/\/portaltela.pt\/noticias\/2026\/04\/30\/montenegro-quer-ligar-todas-as-capitais-de-distrito-por-autoestradas\/\",\"url\":\"https:\/\/portaltela.pt\/noticias\/2026\/04\/30\/montenegro-quer-ligar-todas-as-capitais-de-distrito-por-autoestradas\/\",\"name\":\"Montenegro quer ligar todas as capitais de distrito por autoestradas - Portal Tela Portugal\",\"isPartOf\":{\"@id\":\"https:\/\/portaltela.pt\/#website\"},\"primaryImageOfPage\":{\"@id\":\"https:\/\/portaltela.pt\/noticias\/2026\/04\/30\/montenegro-quer-ligar-todas-as-capitais-de-distrito-por-autoestradas\/#primaryimage\"},\"image\":{\"@id\":\"https:\/\/portaltela.pt\/noticias\/2026\/04\/30\/montenegro-quer-ligar-todas-as-capitais-de-distrito-por-autoestradas\/#primaryimage\"},\"thumbnailUrl\":\"https:\/\/portaltela.pt\/s.01k8rhncp4jt1\/2026\/04\/img_1500x1000uu2026-04-30-19-29-05-2282078.jpg\",\"datePublished\":\"2026-05-01T00:34:16+00:00\",\"author\":{\"@id\":\"https:\/\/portaltela.pt\/#\/schema\/person\/c4278d4a6028830caff9ee44b42d32ed\"},\"breadcrumb\":{\"@id\":\"https:\/\/portaltela.pt\/noticias\/2026\/04\/30\/montenegro-quer-ligar-todas-as-capitais-de-distrito-por-autoestradas\/#breadcrumb\"},\"inLanguage\":\"pt-PT\",\"potentialAction\":[{\"@type\":\"ReadAction\",\"target\":[\"https:\/\/portaltela.pt\/noticias\/2026\/04\/30\/montenegro-quer-ligar-todas-as-capitais-de-distrito-por-autoestradas\/\"]}]},{\"@type\":\"ImageObject\",\"inLanguage\":\"pt-PT\",\"@id\":\"https:\/\/portaltela.pt\/noticias\/2026\/04\/30\/montenegro-quer-ligar-todas-as-capitais-de-distrito-por-autoestradas\/#primaryimage\",\"url\":\"https:\/\/portaltela.pt\/s.01k8rhncp4jt1\/2026\/04\/img_1500x1000uu2026-04-30-19-29-05-2282078.jpg\",\"contentUrl\":\"https:\/\/portaltela.pt\/s.01k8rhncp4jt1\/2026\/04\/img_1500x1000uu2026-04-30-19-29-05-2282078.jpg\",\"width\":1500,\"height\":1000,\"caption\":\"O primeiro-ministro, Lu\u00eds Montenegro, acompanhado por Castro Almeida, ministro da Economia e da Coes\u00e3o Territorial, na visita \u00e0 f\u00e1brica do Grupo Nabeiro\"},{\"@type\":\"BreadcrumbList\",\"@id\":\"https:\/\/portaltela.pt\/noticias\/2026\/04\/30\/montenegro-quer-ligar-todas-as-capitais-de-distrito-por-autoestradas\/#breadcrumb\",\"itemListElement\":[{\"@type\":\"ListItem\",\"position\":1,\"name\":\"In\u00edcio\",\"item\":\"https:\/\/portaltela.pt\/\"},{\"@type\":\"ListItem\",\"position\":2,\"name\":\"Montenegro quer ligar todas as capitais de distrito por autoestradas\"}]},{\"@type\":\"WebSite\",\"@id\":\"https:\/\/portaltela.pt\/#website\",\"url\":\"https:\/\/portaltela.pt\/\",\"name\":\"Portal Tela Portugal\",\"description\":\"\",\"potentialAction\":[{\"@type\":\"SearchAction\",\"target\":{\"@type\":\"EntryPoint\",\"urlTemplate\":\"https:\/\/portaltela.pt\/?s={search_term_string}\"},\"query-input\":{\"@type\":\"PropertyValueSpecification\",\"valueRequired\":true,\"valueName\":\"search_term_string\"}}],\"inLanguage\":\"pt-PT\"},{\"@type\":\"Person\",\"@id\":\"https:\/\/portaltela.pt\/#\/schema\/person\/c4278d4a6028830caff9ee44b42d32ed\",\"name\":\"Telinha\",\"image\":{\"@type\":\"ImageObject\",\"inLanguage\":\"pt-PT\",\"@id\":\"https:\/\/portaltela.pt\/s.01k8rhncp4jt1\/2025\/11\/talking-bot-125x125.png\",\"url\":\"https:\/\/portaltela.pt\/s.01k8rhncp4jt1\/2025\/11\/talking-bot-125x125.png\",\"contentUrl\":\"https:\/\/portaltela.pt\/s.01k8rhncp4jt1\/2025\/11\/talking-bot-125x125.png\",\"caption\":\"Telinha\"},\"sameAs\":[\"https:\/\/portaltela.pt\/\"],\"url\":\"https:\/\/portaltela.pt\/por\/367410592786\/\"}]}<\/script>\n<!-- \/ Yoast SEO plugin. -->","yoast_head_json":{"title":"Montenegro quer ligar todas as capitais de distrito por autoestradas - Portal Tela Portugal","robots":{"index":"index","follow":"follow","max-snippet":"max-snippet:-1","max-image-preview":"max-image-preview:large","max-video-preview":"max-video-preview:-1"},"og_locale":"pt_PT","og_type":"article","og_title":"Montenegro quer ligar todas as capitais de distrito por autoestradas - Portal Tela Portugal","og_description":"O primeiro-ministro Lu\u00eds Montenegro disse que todas as capitais de distrito ficar\u00e3o ligadas por autoestrada, com Portalegre ligada \u00e0 A6 e \u00e0 A23 e a obra que liga a A2 a Beja, de modo a aproximar o territ\u00f3rio. O grupo Delta Caf\u00e9s anunciou um investimento de 20 milh\u00f5es de euros para modernizar a f\u00e1brica Novadelta, que vai duplicar a produ\u00e7\u00e3o para 100 toneladas por dia e tornar-se a maior torrefadora da Pen\u00ednsula Ib\u00e9rica. O novo Conselho de Ministros aprovou medidas para agricultura, pecu\u00e1ria e ambiente, incluindo 20 milh\u00f5es de euros para apoiar custos de fertilizantes e 60 milh\u00f5es para reabilitar infraestruturas agr\u00edcolas afetadas por fen\u00f3menos meteorol\u00f3gicos. Mac\u00e1rio Correia foi nomeado coordenador da estrutura que vai liderar a estrat\u00e9gia de gest\u00e3o de \u00e1gua, intitulada \u201c\u00c1gua que une\u201d. O Governo prorrogou por 12 meses as morat\u00f3rias de cr\u00e9dito atribu\u00eddas a empresas, institui\u00e7\u00f5es sociais e fam\u00edlias.","og_url":"https:\/\/portaltela.pt\/noticias\/2026\/04\/30\/montenegro-quer-ligar-todas-as-capitais-de-distrito-por-autoestradas\/","og_site_name":"Portal Tela Portugal","article_published_time":"2026-05-01T00:34:16+00:00","author":"Telinha","twitter_card":"summary_large_image","twitter_misc":{"Escrito por":"Telinha","Tempo estimado de leitura":"1 minuto"},"schema":{"@context":"https:\/\/schema.org","@graph":[{"@type":"Article","@id":"https:\/\/portaltela.pt\/noticias\/2026\/04\/30\/montenegro-quer-ligar-todas-as-capitais-de-distrito-por-autoestradas\/#article","isPartOf":{"@id":"https:\/\/portaltela.pt\/noticias\/2026\/04\/30\/montenegro-quer-ligar-todas-as-capitais-de-distrito-por-autoestradas\/"},"author":{"name":"Telinha","@id":"https:\/\/portaltela.pt\/#\/schema\/person\/c4278d4a6028830caff9ee44b42d32ed"},"headline":"Montenegro quer ligar todas as capitais de distrito por autoestradas","datePublished":"2026-05-01T00:34:16+00:00","mainEntityOfPage":{"@id":"https:\/\/portaltela.pt\/noticias\/2026\/04\/30\/montenegro-quer-ligar-todas-as-capitais-de-distrito-por-autoestradas\/"},"wordCount":252,"image":{"@id":"https:\/\/portaltela.pt\/noticias\/2026\/04\/30\/montenegro-quer-ligar-todas-as-capitais-de-distrito-por-autoestradas\/#primaryimage"},"thumbnailUrl":"https:\/\/portaltela.pt\/s.01k8rhncp4jt1\/2026\/04\/img_1500x1000uu2026-04-30-19-29-05-2282078.jpg","keywords":["_Beja","_Coes\u00e3o Territorial","_estradas","_\u00c9vora","_infraestruturas","_Portalegre"],"articleSection":["Not\u00edcias","Pol\u00edtica"],"inLanguage":"pt-PT"},{"@type":"WebPage","@id":"https:\/\/portaltela.pt\/noticias\/2026\/04\/30\/montenegro-quer-ligar-todas-as-capitais-de-distrito-por-autoestradas\/","url":"https:\/\/portaltela.pt\/noticias\/2026\/04\/30\/montenegro-quer-ligar-todas-as-capitais-de-distrito-por-autoestradas\/","name":"Montenegro quer ligar todas as capitais de distrito por autoestradas - Portal Tela Portugal","isPartOf":{"@id":"https:\/\/portaltela.pt\/#website"},"primaryImageOfPage":{"@id":"https:\/\/portaltela.pt\/noticias\/2026\/04\/30\/montenegro-quer-ligar-todas-as-capitais-de-distrito-por-autoestradas\/#primaryimage"},"image":{"@id":"https:\/\/portaltela.pt\/noticias\/2026\/04\/30\/montenegro-quer-ligar-todas-as-capitais-de-distrito-por-autoestradas\/#primaryimage"},"thumbnailUrl":"https:\/\/portaltela.pt\/s.01k8rhncp4jt1\/2026\/04\/img_1500x1000uu2026-04-30-19-29-05-2282078.jpg","datePublished":"2026-05-01T00:34:16+00:00","author":{"@id":"https:\/\/portaltela.pt\/#\/schema\/person\/c4278d4a6028830caff9ee44b42d32ed"},"breadcrumb":{"@id":"https:\/\/portaltela.pt\/noticias\/2026\/04\/30\/montenegro-quer-ligar-todas-as-capitais-de-distrito-por-autoestradas\/#breadcrumb"},"inLanguage":"pt-PT","potentialAction":[{"@type":"ReadAction","target":["https:\/\/portaltela.pt\/noticias\/2026\/04\/30\/montenegro-quer-ligar-todas-as-capitais-de-distrito-por-autoestradas\/"]}]},{"@type":"ImageObject","inLanguage":"pt-PT","@id":"https:\/\/portaltela.pt\/noticias\/2026\/04\/30\/montenegro-quer-ligar-todas-as-capitais-de-distrito-por-autoestradas\/#primaryimage","url":"https:\/\/portaltela.pt\/s.01k8rhncp4jt1\/2026\/04\/img_1500x1000uu2026-04-30-19-29-05-2282078.jpg","contentUrl":"https:\/\/portaltela.pt\/s.01k8rhncp4jt1\/2026\/04\/img_1500x1000uu2026-04-30-19-29-05-2282078.jpg","width":1500,"height":1000,"caption":"O primeiro-ministro, Lu\u00eds Montenegro, acompanhado por Castro Almeida, ministro da Economia e da Coes\u00e3o Territorial, na visita \u00e0 f\u00e1brica do Grupo Nabeiro"},{"@type":"BreadcrumbList","@id":"https:\/\/portaltela.pt\/noticias\/2026\/04\/30\/montenegro-quer-ligar-todas-as-capitais-de-distrito-por-autoestradas\/#breadcrumb","itemListElement":[{"@type":"ListItem","position":1,"name":"In\u00edcio","item":"https:\/\/portaltela.pt\/"},{"@type":"ListItem","position":2,"name":"Montenegro quer ligar todas as capitais de distrito por autoestradas"}]},{"@type":"WebSite","@id":"https:\/\/portaltela.pt\/#website","url":"https:\/\/portaltela.pt\/","name":"Portal Tela Portugal","description":"","potentialAction":[{"@type":"SearchAction","target":{"@type":"EntryPoint","urlTemplate":"https:\/\/portaltela.pt\/?s={search_term_string}"},"query-input":{"@type":"PropertyValueSpecification","valueRequired":true,"valueName":"search_term_string"}}],"inLanguage":"pt-PT"},{"@type":"Person","@id":"https:\/\/portaltela.pt\/#\/schema\/person\/c4278d4a6028830caff9ee44b42d32ed","name":"Telinha","image":{"@type":"ImageObject","inLanguage":"pt-PT","@id":"https:\/\/portaltela.pt\/s.01k8rhncp4jt1\/2025\/11\/talking-bot-125x125.png","url":"https:\/\/portaltela.pt\/s.01k8rhncp4jt1\/2025\/11\/talking-bot-125x125.png","contentUrl":"https:\/\/portaltela.pt\/s.01k8rhncp4jt1\/2025\/11\/talking-bot-125x125.png","caption":"Telinha"},"sameAs":["https:\/\/portaltela.pt\/"],"url":"https:\/\/portaltela.pt\/por\/367410592786\/"}]}},"_links":{"self":[{"href":"https:\/\/portaltela.pt\/api\/wp\/v2\/posts\/463305","targetHints":{"allow":["GET"]}}],"collection":[{"href":"https:\/\/portaltela.pt\/api\/wp\/v2\/posts"}],"about":[{"href":"https:\/\/portaltela.pt\/api\/wp\/v2\/types\/post"}],"author":[{"embeddable":true,"href":"https:\/\/portaltela.pt\/api\/wp\/v2\/users\/2"}],"replies":[{"embeddable":true,"href":"https:\/\/portaltela.pt\/api\/wp\/v2\/comments?post=463305"}],"version-history":[{"count":0,"href":"https:\/\/portaltela.pt\/api\/wp\/v2\/posts\/463305\/revisions"}],"wp:featuredmedia":[{"embeddable":true,"href":"https:\/\/portaltela.pt\/api\/wp\/v2\/media\/463307"}],"wp:attachment":[{"href":"https:\/\/portaltela.pt\/api\/wp\/v2\/media?parent=463305"}],"wp:term":[{"taxonomy":"category","embeddable":true,"href":"https:\/\/portaltela.pt\/api\/wp\/v2\/categories?post=463305"},{"taxonomy":"post_tag","embeddable":true,"href":"https:\/\/portaltela.pt\/api\/wp\/v2\/tags?post=463305"}],"curies":[{"name":"wp","href":"https:\/\/api.w.org\/{rel}","templated":true}]}}