{"id":463303,"date":"2026-04-30T21:34:13","date_gmt":"2026-05-01T00:34:13","guid":{"rendered":"https:\/\/portaltela.pt\/noticias\/2026\/04\/30\/jose-cid-recebe-o-premio-lingua-mae\/"},"modified":"2026-04-30T21:34:13","modified_gmt":"2026-05-01T00:34:13","slug":"jose-cid-recebe-o-premio-lingua-mae","status":"publish","type":"post","link":"https:\/\/portaltela.pt\/musica\/2026\/04\/30\/jose-cid-recebe-o-premio-lingua-mae\/","title":{"rendered":"Jos\u00e9 Cid recebe o Pr\u00e9mio L\u00edngua M\u00e3e"},"content":{"rendered":"<p>A Sociedade Portuguesa de Autores (SPA), em parceria com a CMTV, anunciou este ano o Pr\u00e9mio L\u00edngua M\u00e3e ao m\u00fasico Jos\u00e9 Cid. A escolha reconhece a carreira de d\u00e9cadas e a relev\u00e2ncia de can\u00e7\u00f5es associadas \u00e0 l\u00edngua portuguesa.<\/p>\n<p>O galard\u00e3o insere-se no palmar\u00e9s da iniciativa, que j\u00e1 distinguiu nomes como Fernando Tordo, Paulo de Carvalho, Jorge Palma, S\u00e9rgio Godinho e Toz\u00e9 Brito. O pr\u00e9mio celebra a import\u00e2ncia da obra de autores lus\u00f3fonos.<\/p>\n<p>A cerim\u00f3nia de entrega decorre num programa da s\u00e9rie L\u00edngua M\u00e3e, emitido pela CMTV, que destaca a poesia e a m\u00fasica de Jos\u00e9 Cid, fundador do Quarteto 1111. A decis\u00e3o foi tomada por unanimidade pela SPA.<\/p>\n<p>Jos\u00e9 Cid, de 84 anos, nasceu em Coimbra e tem uma carreira marcada por bandas, solista e por receber o RTP Festival da Can\u00e7\u00e3o. O artista expressou satisfa\u00e7\u00e3o pela distin\u00e7\u00e3o, destacando a poesia na m\u00fasica nacional.<\/p>\n<h3>Reconhecimento e contexto<\/h3>\n<p>Jos\u00e9 Jorge Letria, presidente da SPA, sublinhou a import\u00e2ncia de Cid na m\u00fasica portuguesa, referindo d\u00e9cadas de cria\u00e7\u00e3o e o estatuto de um dos m\u00fasicos mais vers\u00e1teis do pa\u00eds. O galard\u00e3o reflecte 70 anos de carreira.<\/p>\n<p>O cantor comemora a ocasi\u00e3o com o espet\u00e1culo O Outro Lado de Jos\u00e9 Cid, em Coimbra, na Pra\u00e7a da Can\u00e7\u00e3o, marcando os 70 anos de can\u00e7\u00f5es. A apresenta\u00e7\u00e3o acontece numa data associada \u00e0 celebra\u00e7\u00e3o do artista.<\/p>\n<h3>Sobre o Pr\u00e9mio L\u00edngua M\u00e3e<\/h3>\n<p>O Pr\u00e9mio L\u00edngua M\u00e3e surgiu em 2021, criado pela SPA e pela CMTV para distinguir, anualmente, um artista de relevo na lusofonia. A iniciativa j\u00e1 premiou nomes da m\u00fasica portuguesa de grande proje\u00e7\u00e3o.<\/p>\n","protected":false},"excerpt":{"rendered":"<ul>\n<li>A SPA, em parceria com a CMTV, atribuiu este ano ao m\u00fasico Jos\u00e9 Cid o Pr\u00e9mio L\u00edngua M\u00e3e.<\/li>\n<li>Jos\u00e9 Cid, de 84 anos, \u00e9 fundador do Quarteto 1111 e soma uma carreira de cerca de setenta anos.<\/li>\n<li>O galard\u00e3o ser\u00e1 entregue num epis\u00f3dio da s\u00e9rie L\u00edngua M\u00e3e, da SPA para a divulga\u00e7\u00e3o da obra dos autores na CMTV.<\/li>\n<li>O presidente da SPA, Jos\u00e9 Jorge Letria, disse que a decis\u00e3o foi un\u00e2nime e destaca a import\u00e2ncia de Jos\u00e9 Cid na m\u00fasica portuguesa.<\/li>\n<li>Hoje, o cantor atua em Coimbra com o espect\u00e1culo O Outro Lado de Jos\u00e9 Cid, marcando 70 anos de can\u00e7\u00f5es na Pra\u00e7a da Can\u00e7\u00e3o.<\/li>\n<\/ul>\n","protected":false},"author":2,"featured_media":463306,"comment_status":"closed","ping_status":"closed","sticky":false,"template":"","format":"standard","meta":{"footnotes":""},"categories":[6676],"tags":[7756,8457,8233,9586,8062],"class_list":["post-463303","post","type-post","status-publish","format-standard","has-post-thumbnail","hentry","category-musica","tag-_cultura","tag-_lingua","tag-_musica","tag-_poesia","tag-_portugal"],"yoast_head":"<!-- This site is optimized with the Yoast SEO plugin v27.2 - https:\/\/yoast.com\/product\/yoast-seo-wordpress\/ -->\n<title>Jos\u00e9 Cid recebe o Pr\u00e9mio L\u00edngua M\u00e3e - Portal Tela Portugal<\/title>\n<meta name=\"robots\" content=\"index, follow, max-snippet:-1, max-image-preview:large, max-video-preview:-1\" \/>\n<meta property=\"og:locale\" content=\"pt_PT\" \/>\n<meta property=\"og:type\" content=\"article\" \/>\n<meta property=\"og:title\" content=\"Jos\u00e9 Cid recebe o Pr\u00e9mio L\u00edngua M\u00e3e - Portal Tela Portugal\" \/>\n<meta property=\"og:description\" content=\"A SPA, em parceria com a CMTV, atribuiu este ano ao m\u00fasico Jos\u00e9 Cid o Pr\u00e9mio L\u00edngua M\u00e3e. Jos\u00e9 Cid, de 84 anos, \u00e9 fundador do Quarteto 1111 e soma uma carreira de cerca de setenta anos. O galard\u00e3o ser\u00e1 entregue num epis\u00f3dio da s\u00e9rie L\u00edngua M\u00e3e, da SPA para a divulga\u00e7\u00e3o da obra dos autores na CMTV. O presidente da SPA, Jos\u00e9 Jorge Letria, disse que a decis\u00e3o foi un\u00e2nime e destaca a import\u00e2ncia de Jos\u00e9 Cid na m\u00fasica portuguesa. Hoje, o cantor atua em Coimbra com o espect\u00e1culo O Outro Lado de Jos\u00e9 Cid, marcando 70 anos de can\u00e7\u00f5es na Pra\u00e7a da Can\u00e7\u00e3o.\" \/>\n<meta property=\"og:url\" content=\"https:\/\/portaltela.pt\/noticias\/2026\/04\/30\/jose-cid-recebe-o-premio-lingua-mae\/\" \/>\n<meta property=\"og:site_name\" content=\"Portal Tela Portugal\" \/>\n<meta property=\"article:published_time\" content=\"2026-05-01T00:34:13+00:00\" \/>\n<meta name=\"author\" content=\"Telinha\" \/>\n<meta name=\"twitter:card\" content=\"summary_large_image\" \/>\n<meta name=\"twitter:label1\" content=\"Escrito por\" \/>\n\t<meta name=\"twitter:data1\" content=\"Telinha\" \/>\n\t<meta name=\"twitter:label2\" content=\"Tempo estimado de leitura\" \/>\n\t<meta name=\"twitter:data2\" content=\"1 minuto\" \/>\n<script type=\"application\/ld+json\" class=\"yoast-schema-graph\">{\"@context\":\"https:\/\/schema.org\",\"@graph\":[{\"@type\":\"Article\",\"@id\":\"https:\/\/portaltela.pt\/noticias\/2026\/04\/30\/jose-cid-recebe-o-premio-lingua-mae\/#article\",\"isPartOf\":{\"@id\":\"https:\/\/portaltela.pt\/noticias\/2026\/04\/30\/jose-cid-recebe-o-premio-lingua-mae\/\"},\"author\":{\"name\":\"Telinha\",\"@id\":\"https:\/\/portaltela.pt\/#\/schema\/person\/c4278d4a6028830caff9ee44b42d32ed\"},\"headline\":\"Jos\u00e9 Cid recebe o Pr\u00e9mio L\u00edngua M\u00e3e\",\"datePublished\":\"2026-05-01T00:34:13+00:00\",\"mainEntityOfPage\":{\"@id\":\"https:\/\/portaltela.pt\/noticias\/2026\/04\/30\/jose-cid-recebe-o-premio-lingua-mae\/\"},\"wordCount\":307,\"image\":{\"@id\":\"https:\/\/portaltela.pt\/noticias\/2026\/04\/30\/jose-cid-recebe-o-premio-lingua-mae\/#primaryimage\"},\"thumbnailUrl\":\"https:\/\/portaltela.pt\/s.01k8rhncp4jt1\/2026\/04\/img_1500x1000uu2026-04-24-19-55-08-2280815.jpg\",\"keywords\":[\"_cultura\",\"_l\u00edngua\",\"_m\u00fasica\",\"_poesia\",\"_Portugal\"],\"articleSection\":[\"M\u00fasica\"],\"inLanguage\":\"pt-PT\"},{\"@type\":\"WebPage\",\"@id\":\"https:\/\/portaltela.pt\/noticias\/2026\/04\/30\/jose-cid-recebe-o-premio-lingua-mae\/\",\"url\":\"https:\/\/portaltela.pt\/noticias\/2026\/04\/30\/jose-cid-recebe-o-premio-lingua-mae\/\",\"name\":\"Jos\u00e9 Cid recebe o Pr\u00e9mio L\u00edngua M\u00e3e - Portal Tela Portugal\",\"isPartOf\":{\"@id\":\"https:\/\/portaltela.pt\/#website\"},\"primaryImageOfPage\":{\"@id\":\"https:\/\/portaltela.pt\/noticias\/2026\/04\/30\/jose-cid-recebe-o-premio-lingua-mae\/#primaryimage\"},\"image\":{\"@id\":\"https:\/\/portaltela.pt\/noticias\/2026\/04\/30\/jose-cid-recebe-o-premio-lingua-mae\/#primaryimage\"},\"thumbnailUrl\":\"https:\/\/portaltela.pt\/s.01k8rhncp4jt1\/2026\/04\/img_1500x1000uu2026-04-24-19-55-08-2280815.jpg\",\"datePublished\":\"2026-05-01T00:34:13+00:00\",\"author\":{\"@id\":\"https:\/\/portaltela.pt\/#\/schema\/person\/c4278d4a6028830caff9ee44b42d32ed\"},\"breadcrumb\":{\"@id\":\"https:\/\/portaltela.pt\/noticias\/2026\/04\/30\/jose-cid-recebe-o-premio-lingua-mae\/#breadcrumb\"},\"inLanguage\":\"pt-PT\",\"potentialAction\":[{\"@type\":\"ReadAction\",\"target\":[\"https:\/\/portaltela.pt\/noticias\/2026\/04\/30\/jose-cid-recebe-o-premio-lingua-mae\/\"]}]},{\"@type\":\"ImageObject\",\"inLanguage\":\"pt-PT\",\"@id\":\"https:\/\/portaltela.pt\/noticias\/2026\/04\/30\/jose-cid-recebe-o-premio-lingua-mae\/#primaryimage\",\"url\":\"https:\/\/portaltela.pt\/s.01k8rhncp4jt1\/2026\/04\/img_1500x1000uu2026-04-24-19-55-08-2280815.jpg\",\"contentUrl\":\"https:\/\/portaltela.pt\/s.01k8rhncp4jt1\/2026\/04\/img_1500x1000uu2026-04-24-19-55-08-2280815.jpg\",\"width\":796,\"height\":448,\"caption\":\"Jos\u00e9 Cid celebra 70 anos de carreira com espet\u00e1culo in\u00e9dito em Coimbra\"},{\"@type\":\"BreadcrumbList\",\"@id\":\"https:\/\/portaltela.pt\/noticias\/2026\/04\/30\/jose-cid-recebe-o-premio-lingua-mae\/#breadcrumb\",\"itemListElement\":[{\"@type\":\"ListItem\",\"position\":1,\"name\":\"In\u00edcio\",\"item\":\"https:\/\/portaltela.pt\/\"},{\"@type\":\"ListItem\",\"position\":2,\"name\":\"Jos\u00e9 Cid recebe o Pr\u00e9mio L\u00edngua M\u00e3e\"}]},{\"@type\":\"WebSite\",\"@id\":\"https:\/\/portaltela.pt\/#website\",\"url\":\"https:\/\/portaltela.pt\/\",\"name\":\"Portal Tela Portugal\",\"description\":\"\",\"potentialAction\":[{\"@type\":\"SearchAction\",\"target\":{\"@type\":\"EntryPoint\",\"urlTemplate\":\"https:\/\/portaltela.pt\/?s={search_term_string}\"},\"query-input\":{\"@type\":\"PropertyValueSpecification\",\"valueRequired\":true,\"valueName\":\"search_term_string\"}}],\"inLanguage\":\"pt-PT\"},{\"@type\":\"Person\",\"@id\":\"https:\/\/portaltela.pt\/#\/schema\/person\/c4278d4a6028830caff9ee44b42d32ed\",\"name\":\"Telinha\",\"image\":{\"@type\":\"ImageObject\",\"inLanguage\":\"pt-PT\",\"@id\":\"https:\/\/portaltela.pt\/s.01k8rhncp4jt1\/2025\/11\/talking-bot-125x125.png\",\"url\":\"https:\/\/portaltela.pt\/s.01k8rhncp4jt1\/2025\/11\/talking-bot-125x125.png\",\"contentUrl\":\"https:\/\/portaltela.pt\/s.01k8rhncp4jt1\/2025\/11\/talking-bot-125x125.png\",\"caption\":\"Telinha\"},\"sameAs\":[\"https:\/\/portaltela.pt\/\"],\"url\":\"https:\/\/portaltela.pt\/por\/367410592786\/\"}]}<\/script>\n<!-- \/ Yoast SEO plugin. -->","yoast_head_json":{"title":"Jos\u00e9 Cid recebe o Pr\u00e9mio L\u00edngua M\u00e3e - Portal Tela Portugal","robots":{"index":"index","follow":"follow","max-snippet":"max-snippet:-1","max-image-preview":"max-image-preview:large","max-video-preview":"max-video-preview:-1"},"og_locale":"pt_PT","og_type":"article","og_title":"Jos\u00e9 Cid recebe o Pr\u00e9mio L\u00edngua M\u00e3e - Portal Tela Portugal","og_description":"A SPA, em parceria com a CMTV, atribuiu este ano ao m\u00fasico Jos\u00e9 Cid o Pr\u00e9mio L\u00edngua M\u00e3e. Jos\u00e9 Cid, de 84 anos, \u00e9 fundador do Quarteto 1111 e soma uma carreira de cerca de setenta anos. O galard\u00e3o ser\u00e1 entregue num epis\u00f3dio da s\u00e9rie L\u00edngua M\u00e3e, da SPA para a divulga\u00e7\u00e3o da obra dos autores na CMTV. O presidente da SPA, Jos\u00e9 Jorge Letria, disse que a decis\u00e3o foi un\u00e2nime e destaca a import\u00e2ncia de Jos\u00e9 Cid na m\u00fasica portuguesa. Hoje, o cantor atua em Coimbra com o espect\u00e1culo O Outro Lado de Jos\u00e9 Cid, marcando 70 anos de can\u00e7\u00f5es na Pra\u00e7a da Can\u00e7\u00e3o.","og_url":"https:\/\/portaltela.pt\/noticias\/2026\/04\/30\/jose-cid-recebe-o-premio-lingua-mae\/","og_site_name":"Portal Tela Portugal","article_published_time":"2026-05-01T00:34:13+00:00","author":"Telinha","twitter_card":"summary_large_image","twitter_misc":{"Escrito por":"Telinha","Tempo estimado de leitura":"1 minuto"},"schema":{"@context":"https:\/\/schema.org","@graph":[{"@type":"Article","@id":"https:\/\/portaltela.pt\/noticias\/2026\/04\/30\/jose-cid-recebe-o-premio-lingua-mae\/#article","isPartOf":{"@id":"https:\/\/portaltela.pt\/noticias\/2026\/04\/30\/jose-cid-recebe-o-premio-lingua-mae\/"},"author":{"name":"Telinha","@id":"https:\/\/portaltela.pt\/#\/schema\/person\/c4278d4a6028830caff9ee44b42d32ed"},"headline":"Jos\u00e9 Cid recebe o Pr\u00e9mio L\u00edngua M\u00e3e","datePublished":"2026-05-01T00:34:13+00:00","mainEntityOfPage":{"@id":"https:\/\/portaltela.pt\/noticias\/2026\/04\/30\/jose-cid-recebe-o-premio-lingua-mae\/"},"wordCount":307,"image":{"@id":"https:\/\/portaltela.pt\/noticias\/2026\/04\/30\/jose-cid-recebe-o-premio-lingua-mae\/#primaryimage"},"thumbnailUrl":"https:\/\/portaltela.pt\/s.01k8rhncp4jt1\/2026\/04\/img_1500x1000uu2026-04-24-19-55-08-2280815.jpg","keywords":["_cultura","_l\u00edngua","_m\u00fasica","_poesia","_Portugal"],"articleSection":["M\u00fasica"],"inLanguage":"pt-PT"},{"@type":"WebPage","@id":"https:\/\/portaltela.pt\/noticias\/2026\/04\/30\/jose-cid-recebe-o-premio-lingua-mae\/","url":"https:\/\/portaltela.pt\/noticias\/2026\/04\/30\/jose-cid-recebe-o-premio-lingua-mae\/","name":"Jos\u00e9 Cid recebe o Pr\u00e9mio L\u00edngua M\u00e3e - Portal Tela Portugal","isPartOf":{"@id":"https:\/\/portaltela.pt\/#website"},"primaryImageOfPage":{"@id":"https:\/\/portaltela.pt\/noticias\/2026\/04\/30\/jose-cid-recebe-o-premio-lingua-mae\/#primaryimage"},"image":{"@id":"https:\/\/portaltela.pt\/noticias\/2026\/04\/30\/jose-cid-recebe-o-premio-lingua-mae\/#primaryimage"},"thumbnailUrl":"https:\/\/portaltela.pt\/s.01k8rhncp4jt1\/2026\/04\/img_1500x1000uu2026-04-24-19-55-08-2280815.jpg","datePublished":"2026-05-01T00:34:13+00:00","author":{"@id":"https:\/\/portaltela.pt\/#\/schema\/person\/c4278d4a6028830caff9ee44b42d32ed"},"breadcrumb":{"@id":"https:\/\/portaltela.pt\/noticias\/2026\/04\/30\/jose-cid-recebe-o-premio-lingua-mae\/#breadcrumb"},"inLanguage":"pt-PT","potentialAction":[{"@type":"ReadAction","target":["https:\/\/portaltela.pt\/noticias\/2026\/04\/30\/jose-cid-recebe-o-premio-lingua-mae\/"]}]},{"@type":"ImageObject","inLanguage":"pt-PT","@id":"https:\/\/portaltela.pt\/noticias\/2026\/04\/30\/jose-cid-recebe-o-premio-lingua-mae\/#primaryimage","url":"https:\/\/portaltela.pt\/s.01k8rhncp4jt1\/2026\/04\/img_1500x1000uu2026-04-24-19-55-08-2280815.jpg","contentUrl":"https:\/\/portaltela.pt\/s.01k8rhncp4jt1\/2026\/04\/img_1500x1000uu2026-04-24-19-55-08-2280815.jpg","width":796,"height":448,"caption":"Jos\u00e9 Cid celebra 70 anos de carreira com espet\u00e1culo in\u00e9dito em Coimbra"},{"@type":"BreadcrumbList","@id":"https:\/\/portaltela.pt\/noticias\/2026\/04\/30\/jose-cid-recebe-o-premio-lingua-mae\/#breadcrumb","itemListElement":[{"@type":"ListItem","position":1,"name":"In\u00edcio","item":"https:\/\/portaltela.pt\/"},{"@type":"ListItem","position":2,"name":"Jos\u00e9 Cid recebe o Pr\u00e9mio L\u00edngua M\u00e3e"}]},{"@type":"WebSite","@id":"https:\/\/portaltela.pt\/#website","url":"https:\/\/portaltela.pt\/","name":"Portal Tela Portugal","description":"","potentialAction":[{"@type":"SearchAction","target":{"@type":"EntryPoint","urlTemplate":"https:\/\/portaltela.pt\/?s={search_term_string}"},"query-input":{"@type":"PropertyValueSpecification","valueRequired":true,"valueName":"search_term_string"}}],"inLanguage":"pt-PT"},{"@type":"Person","@id":"https:\/\/portaltela.pt\/#\/schema\/person\/c4278d4a6028830caff9ee44b42d32ed","name":"Telinha","image":{"@type":"ImageObject","inLanguage":"pt-PT","@id":"https:\/\/portaltela.pt\/s.01k8rhncp4jt1\/2025\/11\/talking-bot-125x125.png","url":"https:\/\/portaltela.pt\/s.01k8rhncp4jt1\/2025\/11\/talking-bot-125x125.png","contentUrl":"https:\/\/portaltela.pt\/s.01k8rhncp4jt1\/2025\/11\/talking-bot-125x125.png","caption":"Telinha"},"sameAs":["https:\/\/portaltela.pt\/"],"url":"https:\/\/portaltela.pt\/por\/367410592786\/"}]}},"_links":{"self":[{"href":"https:\/\/portaltela.pt\/api\/wp\/v2\/posts\/463303","targetHints":{"allow":["GET"]}}],"collection":[{"href":"https:\/\/portaltela.pt\/api\/wp\/v2\/posts"}],"about":[{"href":"https:\/\/portaltela.pt\/api\/wp\/v2\/types\/post"}],"author":[{"embeddable":true,"href":"https:\/\/portaltela.pt\/api\/wp\/v2\/users\/2"}],"replies":[{"embeddable":true,"href":"https:\/\/portaltela.pt\/api\/wp\/v2\/comments?post=463303"}],"version-history":[{"count":0,"href":"https:\/\/portaltela.pt\/api\/wp\/v2\/posts\/463303\/revisions"}],"wp:featuredmedia":[{"embeddable":true,"href":"https:\/\/portaltela.pt\/api\/wp\/v2\/media\/463306"}],"wp:attachment":[{"href":"https:\/\/portaltela.pt\/api\/wp\/v2\/media?parent=463303"}],"wp:term":[{"taxonomy":"category","embeddable":true,"href":"https:\/\/portaltela.pt\/api\/wp\/v2\/categories?post=463303"},{"taxonomy":"post_tag","embeddable":true,"href":"https:\/\/portaltela.pt\/api\/wp\/v2\/tags?post=463303"}],"curies":[{"name":"wp","href":"https:\/\/api.w.org\/{rel}","templated":true}]}}