{"id":463285,"date":"2026-04-30T21:34:01","date_gmt":"2026-05-01T00:34:01","guid":{"rendered":"https:\/\/portaltela.pt\/noticias\/2026\/04\/30\/camara-de-valongo-enfrenta-alegadas-remocoes-de-idosos-para-contentores\/"},"modified":"2026-04-30T21:34:01","modified_gmt":"2026-05-01T00:34:01","slug":"camara-de-valongo-enfrenta-alegadas-remocoes-de-idosos-para-contentores","status":"publish","type":"post","link":"https:\/\/portaltela.pt\/sociedade\/2026\/04\/30\/camara-de-valongo-enfrenta-alegadas-remocoes-de-idosos-para-contentores\/","title":{"rendered":"C\u00e2mara de Valongo enfrenta alegadas remo\u00e7\u00f5es de idosos para contentores"},"content":{"rendered":"<p>A C\u00e2mara Municipal de Valongo anunciou uma medida que afecta moradores do Bairro do Outeiro-Linh\u00f3, onde idosos com mais de 80 anos est\u00e3o a ser colocados em contentores tempor\u00e1rios para obra p\u00fablica. A opera\u00e7\u00e3o, que envolve desloca\u00e7\u00f5es de residentes para \u00e1reas de contentores, foi apresentada como parte de um conjunto de interven\u00e7\u00f5es urbanas com dura\u00e7\u00e3o prevista de um ano. A decis\u00e3o visa dar espa\u00e7o a obras de requalifica\u00e7\u00e3o no bairro e duplicar o n\u00famero de fogos no conjunto habitacional.<\/p>\n<p>Pel as descri\u00e7\u00f5es oficiais, a transfer\u00eancia envolve moradores com mobilidade reduzida e, em alguns casos, d\u00e9fice cognitivo. A maioria vive no local h\u00e1 mais de seis d\u00e9cadas e recusou-se a abandonar as habita\u00e7\u00f5es. Constrangimentos na casa, como condi\u00e7\u00f5es inadequadas, s\u00e3o citados por quem se op\u00f5e \u00e0 medida.<\/p>\n<p>A C\u00e2mara sustenta que a transfer\u00eancia \u00e9 tempor\u00e1ria e visa melhorar infraestruturas e condi\u00e7\u00f5es de habita\u00e7\u00e3o, sem detalhar datas de in\u00edcio ou fim. Os residentes afirmam que s\u00f3 sair\u00e3o das casas \u00e0 for\u00e7a, mantendo a resist\u00eancia \u00e0 reloca\u00e7\u00e3o.<\/p>\n<h3>Desdobramentos<\/h3>\n<p>O processo tem gerado controv\u00e9rsia entre moradores e autarquia, com relatos de impacto social e de mobilidade di\u00e1ria. A popula\u00e7\u00e3o local permanece em alerta, aguardando esclarecimentos sobre cronograma, condi\u00e7\u00f5es de realojamento e garantias de prote\u00e7\u00e3o para pessoas de idade avan\u00e7ada.<\/p>\n<p>As autoridades locais n\u00e3o divulgaram dados sobre o n\u00famero exato de fam\u00edlias afetadas nem sobre as alternativas de alojamento durante o per\u00edodo de obras. A controv\u00e9rsia aponta para a necessidade de acompanhamento institucional e de di\u00e1logo com a comunidade.<\/p>\n<p>Imagem associada mostra os contentores onde foram colocados alguns idosos, com cr\u00e9dito de uma reportagem de CMTV.<\/p>\n","protected":false},"excerpt":{"rendered":"<ul>\n<li>A C\u00e2mara de Valongo planeia deslocar moradores idosos do Bairro do Outeiro-Linh\u00f3 para contentores de obras, alegando necessidade de intervenc\u0327\u00f5es no local.<\/li>\n<li>Os residentes, com mais de 80 anos, muitos com mobilidade reduzida ou d\u00e9fice cognitivo, vivem no bairro h\u00e1 mais de seis d\u00e9cadas.<\/li>\n<li>A autarquia afirma que a medida ser\u00e1 apenas por um ano.<\/li>\n<li>Os moradores recusam sair e dizem que s\u00f3 saem \u00e0 for\u00e7a, alegando que as casas ainda cumprem condi\u00e7\u00f5es.<\/li>\n<li>A not\u00edcia descreve a situa\u00e7\u00e3o como uma \u201cguerra\u201d instalada no bairro, com resist\u00eancia \u00e0 reloca\u00e7\u00e3o.<\/li>\n<\/ul>\n","protected":false},"author":2,"featured_media":463301,"comment_status":"closed","ping_status":"closed","sticky":false,"template":"","format":"standard","meta":{"footnotes":""},"categories":[6871],"tags":[8820,7815,7816,8271,9110,8172],"class_list":["post-463285","post","type-post","status-publish","format-standard","has-post-thumbnail","hentry","category-sociedade","tag-_deslocacao","tag-_habitacao-publica","tag-_habitacao-social","tag-_idosos","tag-_realojamento","tag-_valongo"],"yoast_head":"<!-- This site is optimized with the Yoast SEO plugin v27.2 - https:\/\/yoast.com\/product\/yoast-seo-wordpress\/ -->\n<title>C\u00e2mara de Valongo enfrenta alegadas remo\u00e7\u00f5es de idosos para contentores - Portal Tela Portugal<\/title>\n<meta name=\"robots\" content=\"index, follow, max-snippet:-1, max-image-preview:large, max-video-preview:-1\" \/>\n<meta property=\"og:locale\" content=\"pt_PT\" \/>\n<meta property=\"og:type\" content=\"article\" \/>\n<meta property=\"og:title\" content=\"C\u00e2mara de Valongo enfrenta alegadas remo\u00e7\u00f5es de idosos para contentores - Portal Tela Portugal\" \/>\n<meta property=\"og:description\" content=\"A C\u00e2mara de Valongo planeia deslocar moradores idosos do Bairro do Outeiro-Linh\u00f3 para contentores de obras, alegando necessidade de intervenc\u0327\u00f5es no local. Os residentes, com mais de 80 anos, muitos com mobilidade reduzida ou d\u00e9fice cognitivo, vivem no bairro h\u00e1 mais de seis d\u00e9cadas. A autarquia afirma que a medida ser\u00e1 apenas por um ano. Os moradores recusam sair e dizem que s\u00f3 saem \u00e0 for\u00e7a, alegando que as casas ainda cumprem condi\u00e7\u00f5es. A not\u00edcia descreve a situa\u00e7\u00e3o como uma \u201cguerra\u201d instalada no bairro, com resist\u00eancia \u00e0 reloca\u00e7\u00e3o.\" \/>\n<meta property=\"og:url\" content=\"https:\/\/portaltela.pt\/noticias\/2026\/04\/30\/camara-de-valongo-enfrenta-alegadas-remocoes-de-idosos-para-contentores\/\" \/>\n<meta property=\"og:site_name\" content=\"Portal Tela Portugal\" \/>\n<meta property=\"article:published_time\" content=\"2026-05-01T00:34:01+00:00\" \/>\n<meta name=\"author\" content=\"Telinha\" \/>\n<meta name=\"twitter:card\" content=\"summary_large_image\" \/>\n<meta name=\"twitter:label1\" content=\"Escrito por\" \/>\n\t<meta name=\"twitter:data1\" content=\"Telinha\" \/>\n\t<meta name=\"twitter:label2\" content=\"Tempo estimado de leitura\" \/>\n\t<meta name=\"twitter:data2\" content=\"1 minuto\" \/>\n<script type=\"application\/ld+json\" class=\"yoast-schema-graph\">{\"@context\":\"https:\/\/schema.org\",\"@graph\":[{\"@type\":\"Article\",\"@id\":\"https:\/\/portaltela.pt\/noticias\/2026\/04\/30\/camara-de-valongo-enfrenta-alegadas-remocoes-de-idosos-para-contentores\/#article\",\"isPartOf\":{\"@id\":\"https:\/\/portaltela.pt\/noticias\/2026\/04\/30\/camara-de-valongo-enfrenta-alegadas-remocoes-de-idosos-para-contentores\/\"},\"author\":{\"name\":\"Telinha\",\"@id\":\"https:\/\/portaltela.pt\/#\/schema\/person\/c4278d4a6028830caff9ee44b42d32ed\"},\"headline\":\"C\u00e2mara de Valongo enfrenta alegadas remo\u00e7\u00f5es de idosos para contentores\",\"datePublished\":\"2026-05-01T00:34:01+00:00\",\"mainEntityOfPage\":{\"@id\":\"https:\/\/portaltela.pt\/noticias\/2026\/04\/30\/camara-de-valongo-enfrenta-alegadas-remocoes-de-idosos-para-contentores\/\"},\"wordCount\":311,\"image\":{\"@id\":\"https:\/\/portaltela.pt\/noticias\/2026\/04\/30\/camara-de-valongo-enfrenta-alegadas-remocoes-de-idosos-para-contentores\/#primaryimage\"},\"thumbnailUrl\":\"https:\/\/portaltela.pt\/s.01k8rhncp4jt1\/2026\/04\/img_1280x721uu2026-04-30-23-38-23-2282152.jpg\",\"keywords\":[\"_desloca\u00e7\u00e3o\",\"_habita\u00e7\u00e3o p\u00fablica\",\"_habita\u00e7\u00e3o social\",\"_idosos\",\"_realojamento\",\"_Valongo\"],\"articleSection\":[\"Sociedade\"],\"inLanguage\":\"pt-PT\"},{\"@type\":\"WebPage\",\"@id\":\"https:\/\/portaltela.pt\/noticias\/2026\/04\/30\/camara-de-valongo-enfrenta-alegadas-remocoes-de-idosos-para-contentores\/\",\"url\":\"https:\/\/portaltela.pt\/noticias\/2026\/04\/30\/camara-de-valongo-enfrenta-alegadas-remocoes-de-idosos-para-contentores\/\",\"name\":\"C\u00e2mara de Valongo enfrenta alegadas remo\u00e7\u00f5es de idosos para contentores - Portal Tela Portugal\",\"isPartOf\":{\"@id\":\"https:\/\/portaltela.pt\/#website\"},\"primaryImageOfPage\":{\"@id\":\"https:\/\/portaltela.pt\/noticias\/2026\/04\/30\/camara-de-valongo-enfrenta-alegadas-remocoes-de-idosos-para-contentores\/#primaryimage\"},\"image\":{\"@id\":\"https:\/\/portaltela.pt\/noticias\/2026\/04\/30\/camara-de-valongo-enfrenta-alegadas-remocoes-de-idosos-para-contentores\/#primaryimage\"},\"thumbnailUrl\":\"https:\/\/portaltela.pt\/s.01k8rhncp4jt1\/2026\/04\/img_1280x721uu2026-04-30-23-38-23-2282152.jpg\",\"datePublished\":\"2026-05-01T00:34:01+00:00\",\"author\":{\"@id\":\"https:\/\/portaltela.pt\/#\/schema\/person\/c4278d4a6028830caff9ee44b42d32ed\"},\"breadcrumb\":{\"@id\":\"https:\/\/portaltela.pt\/noticias\/2026\/04\/30\/camara-de-valongo-enfrenta-alegadas-remocoes-de-idosos-para-contentores\/#breadcrumb\"},\"inLanguage\":\"pt-PT\",\"potentialAction\":[{\"@type\":\"ReadAction\",\"target\":[\"https:\/\/portaltela.pt\/noticias\/2026\/04\/30\/camara-de-valongo-enfrenta-alegadas-remocoes-de-idosos-para-contentores\/\"]}]},{\"@type\":\"ImageObject\",\"inLanguage\":\"pt-PT\",\"@id\":\"https:\/\/portaltela.pt\/noticias\/2026\/04\/30\/camara-de-valongo-enfrenta-alegadas-remocoes-de-idosos-para-contentores\/#primaryimage\",\"url\":\"https:\/\/portaltela.pt\/s.01k8rhncp4jt1\/2026\/04\/img_1280x721uu2026-04-30-23-38-23-2282152.jpg\",\"contentUrl\":\"https:\/\/portaltela.pt\/s.01k8rhncp4jt1\/2026\/04\/img_1280x721uu2026-04-30-23-38-23-2282152.jpg\",\"width\":1280,\"height\":721,\"caption\":\"Os contentores onde foram colocados os idosos\"},{\"@type\":\"BreadcrumbList\",\"@id\":\"https:\/\/portaltela.pt\/noticias\/2026\/04\/30\/camara-de-valongo-enfrenta-alegadas-remocoes-de-idosos-para-contentores\/#breadcrumb\",\"itemListElement\":[{\"@type\":\"ListItem\",\"position\":1,\"name\":\"In\u00edcio\",\"item\":\"https:\/\/portaltela.pt\/\"},{\"@type\":\"ListItem\",\"position\":2,\"name\":\"C\u00e2mara de Valongo enfrenta alegadas remo\u00e7\u00f5es de idosos para contentores\"}]},{\"@type\":\"WebSite\",\"@id\":\"https:\/\/portaltela.pt\/#website\",\"url\":\"https:\/\/portaltela.pt\/\",\"name\":\"Portal Tela Portugal\",\"description\":\"\",\"potentialAction\":[{\"@type\":\"SearchAction\",\"target\":{\"@type\":\"EntryPoint\",\"urlTemplate\":\"https:\/\/portaltela.pt\/?s={search_term_string}\"},\"query-input\":{\"@type\":\"PropertyValueSpecification\",\"valueRequired\":true,\"valueName\":\"search_term_string\"}}],\"inLanguage\":\"pt-PT\"},{\"@type\":\"Person\",\"@id\":\"https:\/\/portaltela.pt\/#\/schema\/person\/c4278d4a6028830caff9ee44b42d32ed\",\"name\":\"Telinha\",\"image\":{\"@type\":\"ImageObject\",\"inLanguage\":\"pt-PT\",\"@id\":\"https:\/\/portaltela.pt\/s.01k8rhncp4jt1\/2025\/11\/talking-bot-125x125.png\",\"url\":\"https:\/\/portaltela.pt\/s.01k8rhncp4jt1\/2025\/11\/talking-bot-125x125.png\",\"contentUrl\":\"https:\/\/portaltela.pt\/s.01k8rhncp4jt1\/2025\/11\/talking-bot-125x125.png\",\"caption\":\"Telinha\"},\"sameAs\":[\"https:\/\/portaltela.pt\/\"],\"url\":\"https:\/\/portaltela.pt\/por\/367410592786\/\"}]}<\/script>\n<!-- \/ Yoast SEO plugin. -->","yoast_head_json":{"title":"C\u00e2mara de Valongo enfrenta alegadas remo\u00e7\u00f5es de idosos para contentores - Portal Tela Portugal","robots":{"index":"index","follow":"follow","max-snippet":"max-snippet:-1","max-image-preview":"max-image-preview:large","max-video-preview":"max-video-preview:-1"},"og_locale":"pt_PT","og_type":"article","og_title":"C\u00e2mara de Valongo enfrenta alegadas remo\u00e7\u00f5es de idosos para contentores - Portal Tela Portugal","og_description":"A C\u00e2mara de Valongo planeia deslocar moradores idosos do Bairro do Outeiro-Linh\u00f3 para contentores de obras, alegando necessidade de intervenc\u0327\u00f5es no local. Os residentes, com mais de 80 anos, muitos com mobilidade reduzida ou d\u00e9fice cognitivo, vivem no bairro h\u00e1 mais de seis d\u00e9cadas. A autarquia afirma que a medida ser\u00e1 apenas por um ano. Os moradores recusam sair e dizem que s\u00f3 saem \u00e0 for\u00e7a, alegando que as casas ainda cumprem condi\u00e7\u00f5es. A not\u00edcia descreve a situa\u00e7\u00e3o como uma \u201cguerra\u201d instalada no bairro, com resist\u00eancia \u00e0 reloca\u00e7\u00e3o.","og_url":"https:\/\/portaltela.pt\/noticias\/2026\/04\/30\/camara-de-valongo-enfrenta-alegadas-remocoes-de-idosos-para-contentores\/","og_site_name":"Portal Tela Portugal","article_published_time":"2026-05-01T00:34:01+00:00","author":"Telinha","twitter_card":"summary_large_image","twitter_misc":{"Escrito por":"Telinha","Tempo estimado de leitura":"1 minuto"},"schema":{"@context":"https:\/\/schema.org","@graph":[{"@type":"Article","@id":"https:\/\/portaltela.pt\/noticias\/2026\/04\/30\/camara-de-valongo-enfrenta-alegadas-remocoes-de-idosos-para-contentores\/#article","isPartOf":{"@id":"https:\/\/portaltela.pt\/noticias\/2026\/04\/30\/camara-de-valongo-enfrenta-alegadas-remocoes-de-idosos-para-contentores\/"},"author":{"name":"Telinha","@id":"https:\/\/portaltela.pt\/#\/schema\/person\/c4278d4a6028830caff9ee44b42d32ed"},"headline":"C\u00e2mara de Valongo enfrenta alegadas remo\u00e7\u00f5es de idosos para contentores","datePublished":"2026-05-01T00:34:01+00:00","mainEntityOfPage":{"@id":"https:\/\/portaltela.pt\/noticias\/2026\/04\/30\/camara-de-valongo-enfrenta-alegadas-remocoes-de-idosos-para-contentores\/"},"wordCount":311,"image":{"@id":"https:\/\/portaltela.pt\/noticias\/2026\/04\/30\/camara-de-valongo-enfrenta-alegadas-remocoes-de-idosos-para-contentores\/#primaryimage"},"thumbnailUrl":"https:\/\/portaltela.pt\/s.01k8rhncp4jt1\/2026\/04\/img_1280x721uu2026-04-30-23-38-23-2282152.jpg","keywords":["_desloca\u00e7\u00e3o","_habita\u00e7\u00e3o p\u00fablica","_habita\u00e7\u00e3o social","_idosos","_realojamento","_Valongo"],"articleSection":["Sociedade"],"inLanguage":"pt-PT"},{"@type":"WebPage","@id":"https:\/\/portaltela.pt\/noticias\/2026\/04\/30\/camara-de-valongo-enfrenta-alegadas-remocoes-de-idosos-para-contentores\/","url":"https:\/\/portaltela.pt\/noticias\/2026\/04\/30\/camara-de-valongo-enfrenta-alegadas-remocoes-de-idosos-para-contentores\/","name":"C\u00e2mara de Valongo enfrenta alegadas remo\u00e7\u00f5es de idosos para contentores - Portal Tela Portugal","isPartOf":{"@id":"https:\/\/portaltela.pt\/#website"},"primaryImageOfPage":{"@id":"https:\/\/portaltela.pt\/noticias\/2026\/04\/30\/camara-de-valongo-enfrenta-alegadas-remocoes-de-idosos-para-contentores\/#primaryimage"},"image":{"@id":"https:\/\/portaltela.pt\/noticias\/2026\/04\/30\/camara-de-valongo-enfrenta-alegadas-remocoes-de-idosos-para-contentores\/#primaryimage"},"thumbnailUrl":"https:\/\/portaltela.pt\/s.01k8rhncp4jt1\/2026\/04\/img_1280x721uu2026-04-30-23-38-23-2282152.jpg","datePublished":"2026-05-01T00:34:01+00:00","author":{"@id":"https:\/\/portaltela.pt\/#\/schema\/person\/c4278d4a6028830caff9ee44b42d32ed"},"breadcrumb":{"@id":"https:\/\/portaltela.pt\/noticias\/2026\/04\/30\/camara-de-valongo-enfrenta-alegadas-remocoes-de-idosos-para-contentores\/#breadcrumb"},"inLanguage":"pt-PT","potentialAction":[{"@type":"ReadAction","target":["https:\/\/portaltela.pt\/noticias\/2026\/04\/30\/camara-de-valongo-enfrenta-alegadas-remocoes-de-idosos-para-contentores\/"]}]},{"@type":"ImageObject","inLanguage":"pt-PT","@id":"https:\/\/portaltela.pt\/noticias\/2026\/04\/30\/camara-de-valongo-enfrenta-alegadas-remocoes-de-idosos-para-contentores\/#primaryimage","url":"https:\/\/portaltela.pt\/s.01k8rhncp4jt1\/2026\/04\/img_1280x721uu2026-04-30-23-38-23-2282152.jpg","contentUrl":"https:\/\/portaltela.pt\/s.01k8rhncp4jt1\/2026\/04\/img_1280x721uu2026-04-30-23-38-23-2282152.jpg","width":1280,"height":721,"caption":"Os contentores onde foram colocados os idosos"},{"@type":"BreadcrumbList","@id":"https:\/\/portaltela.pt\/noticias\/2026\/04\/30\/camara-de-valongo-enfrenta-alegadas-remocoes-de-idosos-para-contentores\/#breadcrumb","itemListElement":[{"@type":"ListItem","position":1,"name":"In\u00edcio","item":"https:\/\/portaltela.pt\/"},{"@type":"ListItem","position":2,"name":"C\u00e2mara de Valongo enfrenta alegadas remo\u00e7\u00f5es de idosos para contentores"}]},{"@type":"WebSite","@id":"https:\/\/portaltela.pt\/#website","url":"https:\/\/portaltela.pt\/","name":"Portal Tela Portugal","description":"","potentialAction":[{"@type":"SearchAction","target":{"@type":"EntryPoint","urlTemplate":"https:\/\/portaltela.pt\/?s={search_term_string}"},"query-input":{"@type":"PropertyValueSpecification","valueRequired":true,"valueName":"search_term_string"}}],"inLanguage":"pt-PT"},{"@type":"Person","@id":"https:\/\/portaltela.pt\/#\/schema\/person\/c4278d4a6028830caff9ee44b42d32ed","name":"Telinha","image":{"@type":"ImageObject","inLanguage":"pt-PT","@id":"https:\/\/portaltela.pt\/s.01k8rhncp4jt1\/2025\/11\/talking-bot-125x125.png","url":"https:\/\/portaltela.pt\/s.01k8rhncp4jt1\/2025\/11\/talking-bot-125x125.png","contentUrl":"https:\/\/portaltela.pt\/s.01k8rhncp4jt1\/2025\/11\/talking-bot-125x125.png","caption":"Telinha"},"sameAs":["https:\/\/portaltela.pt\/"],"url":"https:\/\/portaltela.pt\/por\/367410592786\/"}]}},"_links":{"self":[{"href":"https:\/\/portaltela.pt\/api\/wp\/v2\/posts\/463285","targetHints":{"allow":["GET"]}}],"collection":[{"href":"https:\/\/portaltela.pt\/api\/wp\/v2\/posts"}],"about":[{"href":"https:\/\/portaltela.pt\/api\/wp\/v2\/types\/post"}],"author":[{"embeddable":true,"href":"https:\/\/portaltela.pt\/api\/wp\/v2\/users\/2"}],"replies":[{"embeddable":true,"href":"https:\/\/portaltela.pt\/api\/wp\/v2\/comments?post=463285"}],"version-history":[{"count":0,"href":"https:\/\/portaltela.pt\/api\/wp\/v2\/posts\/463285\/revisions"}],"wp:featuredmedia":[{"embeddable":true,"href":"https:\/\/portaltela.pt\/api\/wp\/v2\/media\/463301"}],"wp:attachment":[{"href":"https:\/\/portaltela.pt\/api\/wp\/v2\/media?parent=463285"}],"wp:term":[{"taxonomy":"category","embeddable":true,"href":"https:\/\/portaltela.pt\/api\/wp\/v2\/categories?post=463285"},{"taxonomy":"post_tag","embeddable":true,"href":"https:\/\/portaltela.pt\/api\/wp\/v2\/tags?post=463285"}],"curies":[{"name":"wp","href":"https:\/\/api.w.org\/{rel}","templated":true}]}}