{"id":463281,"date":"2026-04-30T21:34:01","date_gmt":"2026-05-01T00:34:01","guid":{"rendered":"https:\/\/portaltela.pt\/noticias\/2026\/04\/30\/funicular-da-graca-reabre-e-volta-a-circular\/"},"modified":"2026-04-30T21:34:01","modified_gmt":"2026-05-01T00:34:01","slug":"funicular-da-graca-reabre-e-volta-a-circular","status":"publish","type":"post","link":"https:\/\/portaltela.pt\/sociedade\/2026\/04\/30\/funicular-da-graca-reabre-e-volta-a-circular\/","title":{"rendered":"Funicular da Gra\u00e7a reabre e volta a circular"},"content":{"rendered":"<p>O Funicular da Gra\u00e7a, em Lisboa, voltou a circular na quinta-feira. Vai funcionar todos os dias, entre as 9h00 e as 17h00, informou a Carris, propriet\u00e1ria do equipamento. A opera\u00e7\u00e3o regressa ap\u00f3s o encerramento provocado por um incidente anterior.<\/p>\n<p>A carris explicou que o Funicular da Gra\u00e7a pode ser utilizado por passageiros com passe Navegante. Passagens ocasionais podem adquirir a tarifa de bordo, de 4,30 euros, que permite duas viagens.<\/p>\n<p>O Funicular da Gra\u00e7a tinha encerrado ap\u00f3s o acidente com o Elevador da Gl\u00f3ria, em 3 de setembro de 2025. O descarrilamento causou 17 mortos, deixando o servi\u00e7o temporariamente indispon\u00edvel.<\/p>\n","protected":false},"excerpt":{"rendered":"<ul>\n<li>O Funicular da Gra\u00e7a, em Lisboa, voltou a circular na quinta-feira e funciona todos os dias das 9h00 \u00e0s 17h00, segundo a Carris.<\/li>\n<li>Pode ser usado por portadores de passe Navegante; passageiros ocasionais podem comprar a tarifa de bordo de 4,30 euros, v\u00e1lida para duas viagens.<\/li>\n<li>A Carris det\u00e9m o equipamento.<\/li>\n<li>O Funicular encerrou ap\u00f3s o acidente com o Elevador da Gl\u00f3ria, a 3 de setembro de 2025.<\/li>\n<li>O descarrilamento do Elevador da Gl\u00f3ria resultou na morte de 17 pessoas.<\/li>\n<\/ul>\n","protected":false},"author":2,"featured_media":463293,"comment_status":"closed","ping_status":"closed","sticky":false,"template":"","format":"standard","meta":{"footnotes":""},"categories":[7384,6871],"tags":[8341,7974,8319,8287,9064],"class_list":["post-463281","post","type-post","status-publish","format-standard","has-post-thumbnail","hentry","category-curiosidades","category-sociedade","tag-_acidente","tag-_lisboa","tag-_mobilidade-urbana","tag-_transporte","tag-_transporte-publico"],"yoast_head":"<!-- This site is optimized with the Yoast SEO plugin v27.2 - https:\/\/yoast.com\/product\/yoast-seo-wordpress\/ -->\n<title>Funicular da Gra\u00e7a reabre e volta a circular - Portal Tela Portugal<\/title>\n<meta name=\"robots\" content=\"index, follow, max-snippet:-1, max-image-preview:large, max-video-preview:-1\" \/>\n<meta property=\"og:locale\" content=\"pt_PT\" \/>\n<meta property=\"og:type\" content=\"article\" \/>\n<meta property=\"og:title\" content=\"Funicular da Gra\u00e7a reabre e volta a circular - Portal Tela Portugal\" \/>\n<meta property=\"og:description\" content=\"O Funicular da Gra\u00e7a, em Lisboa, voltou a circular na quinta-feira e funciona todos os dias das 9h00 \u00e0s 17h00, segundo a Carris. Pode ser usado por portadores de passe Navegante; passageiros ocasionais podem comprar a tarifa de bordo de 4,30 euros, v\u00e1lida para duas viagens. A Carris det\u00e9m o equipamento. O Funicular encerrou ap\u00f3s o acidente com o Elevador da Gl\u00f3ria, a 3 de setembro de 2025. O descarrilamento do Elevador da Gl\u00f3ria resultou na morte de 17 pessoas.\" \/>\n<meta property=\"og:url\" content=\"https:\/\/portaltela.pt\/noticias\/2026\/04\/30\/funicular-da-graca-reabre-e-volta-a-circular\/\" \/>\n<meta property=\"og:site_name\" content=\"Portal Tela Portugal\" \/>\n<meta property=\"article:published_time\" content=\"2026-05-01T00:34:01+00:00\" \/>\n<meta name=\"author\" content=\"Telinha\" \/>\n<meta name=\"twitter:card\" content=\"summary_large_image\" \/>\n<meta name=\"twitter:label1\" content=\"Escrito por\" \/>\n\t<meta name=\"twitter:data1\" content=\"Telinha\" \/>\n\t<meta name=\"twitter:label2\" content=\"Tempo estimado de leitura\" \/>\n\t<meta name=\"twitter:data2\" content=\"1 minuto\" \/>\n<script type=\"application\/ld+json\" class=\"yoast-schema-graph\">{\"@context\":\"https:\/\/schema.org\",\"@graph\":[{\"@type\":\"Article\",\"@id\":\"https:\/\/portaltela.pt\/noticias\/2026\/04\/30\/funicular-da-graca-reabre-e-volta-a-circular\/#article\",\"isPartOf\":{\"@id\":\"https:\/\/portaltela.pt\/noticias\/2026\/04\/30\/funicular-da-graca-reabre-e-volta-a-circular\/\"},\"author\":{\"name\":\"Telinha\",\"@id\":\"https:\/\/portaltela.pt\/#\/schema\/person\/c4278d4a6028830caff9ee44b42d32ed\"},\"headline\":\"Funicular da Gra\u00e7a reabre e volta a circular\",\"datePublished\":\"2026-05-01T00:34:01+00:00\",\"mainEntityOfPage\":{\"@id\":\"https:\/\/portaltela.pt\/noticias\/2026\/04\/30\/funicular-da-graca-reabre-e-volta-a-circular\/\"},\"wordCount\":115,\"image\":{\"@id\":\"https:\/\/portaltela.pt\/noticias\/2026\/04\/30\/funicular-da-graca-reabre-e-volta-a-circular\/#primaryimage\"},\"thumbnailUrl\":\"https:\/\/portaltela.pt\/s.01k8rhncp4jt1\/2026\/04\/img_1280x721uu2026-04-30-09-33-44-2281985.jpg\",\"keywords\":[\"_acidente\",\"_Lisboa\",\"_mobilidade urbana\",\"_transporte\",\"_transporte p\u00fablico\"],\"articleSection\":[\"Curiosidades\",\"Sociedade\"],\"inLanguage\":\"pt-PT\"},{\"@type\":\"WebPage\",\"@id\":\"https:\/\/portaltela.pt\/noticias\/2026\/04\/30\/funicular-da-graca-reabre-e-volta-a-circular\/\",\"url\":\"https:\/\/portaltela.pt\/noticias\/2026\/04\/30\/funicular-da-graca-reabre-e-volta-a-circular\/\",\"name\":\"Funicular da Gra\u00e7a reabre e volta a circular - Portal Tela Portugal\",\"isPartOf\":{\"@id\":\"https:\/\/portaltela.pt\/#website\"},\"primaryImageOfPage\":{\"@id\":\"https:\/\/portaltela.pt\/noticias\/2026\/04\/30\/funicular-da-graca-reabre-e-volta-a-circular\/#primaryimage\"},\"image\":{\"@id\":\"https:\/\/portaltela.pt\/noticias\/2026\/04\/30\/funicular-da-graca-reabre-e-volta-a-circular\/#primaryimage\"},\"thumbnailUrl\":\"https:\/\/portaltela.pt\/s.01k8rhncp4jt1\/2026\/04\/img_1280x721uu2026-04-30-09-33-44-2281985.jpg\",\"datePublished\":\"2026-05-01T00:34:01+00:00\",\"author\":{\"@id\":\"https:\/\/portaltela.pt\/#\/schema\/person\/c4278d4a6028830caff9ee44b42d32ed\"},\"breadcrumb\":{\"@id\":\"https:\/\/portaltela.pt\/noticias\/2026\/04\/30\/funicular-da-graca-reabre-e-volta-a-circular\/#breadcrumb\"},\"inLanguage\":\"pt-PT\",\"potentialAction\":[{\"@type\":\"ReadAction\",\"target\":[\"https:\/\/portaltela.pt\/noticias\/2026\/04\/30\/funicular-da-graca-reabre-e-volta-a-circular\/\"]}]},{\"@type\":\"ImageObject\",\"inLanguage\":\"pt-PT\",\"@id\":\"https:\/\/portaltela.pt\/noticias\/2026\/04\/30\/funicular-da-graca-reabre-e-volta-a-circular\/#primaryimage\",\"url\":\"https:\/\/portaltela.pt\/s.01k8rhncp4jt1\/2026\/04\/img_1280x721uu2026-04-30-09-33-44-2281985.jpg\",\"contentUrl\":\"https:\/\/portaltela.pt\/s.01k8rhncp4jt1\/2026\/04\/img_1280x721uu2026-04-30-09-33-44-2281985.jpg\",\"width\":796,\"height\":448,\"caption\":\"Imagens do primeiro percurso do Funicular da Gra\u00e7a ap\u00f3s trag\u00e9dia no Elevador da Gl\u00f3ria que matou 17 pessoas\"},{\"@type\":\"BreadcrumbList\",\"@id\":\"https:\/\/portaltela.pt\/noticias\/2026\/04\/30\/funicular-da-graca-reabre-e-volta-a-circular\/#breadcrumb\",\"itemListElement\":[{\"@type\":\"ListItem\",\"position\":1,\"name\":\"In\u00edcio\",\"item\":\"https:\/\/portaltela.pt\/\"},{\"@type\":\"ListItem\",\"position\":2,\"name\":\"Funicular da Gra\u00e7a reabre e volta a circular\"}]},{\"@type\":\"WebSite\",\"@id\":\"https:\/\/portaltela.pt\/#website\",\"url\":\"https:\/\/portaltela.pt\/\",\"name\":\"Portal Tela Portugal\",\"description\":\"\",\"potentialAction\":[{\"@type\":\"SearchAction\",\"target\":{\"@type\":\"EntryPoint\",\"urlTemplate\":\"https:\/\/portaltela.pt\/?s={search_term_string}\"},\"query-input\":{\"@type\":\"PropertyValueSpecification\",\"valueRequired\":true,\"valueName\":\"search_term_string\"}}],\"inLanguage\":\"pt-PT\"},{\"@type\":\"Person\",\"@id\":\"https:\/\/portaltela.pt\/#\/schema\/person\/c4278d4a6028830caff9ee44b42d32ed\",\"name\":\"Telinha\",\"image\":{\"@type\":\"ImageObject\",\"inLanguage\":\"pt-PT\",\"@id\":\"https:\/\/portaltela.pt\/s.01k8rhncp4jt1\/2025\/11\/talking-bot-125x125.png\",\"url\":\"https:\/\/portaltela.pt\/s.01k8rhncp4jt1\/2025\/11\/talking-bot-125x125.png\",\"contentUrl\":\"https:\/\/portaltela.pt\/s.01k8rhncp4jt1\/2025\/11\/talking-bot-125x125.png\",\"caption\":\"Telinha\"},\"sameAs\":[\"https:\/\/portaltela.pt\/\"],\"url\":\"https:\/\/portaltela.pt\/por\/367410592786\/\"}]}<\/script>\n<!-- \/ Yoast SEO plugin. -->","yoast_head_json":{"title":"Funicular da Gra\u00e7a reabre e volta a circular - Portal Tela Portugal","robots":{"index":"index","follow":"follow","max-snippet":"max-snippet:-1","max-image-preview":"max-image-preview:large","max-video-preview":"max-video-preview:-1"},"og_locale":"pt_PT","og_type":"article","og_title":"Funicular da Gra\u00e7a reabre e volta a circular - Portal Tela Portugal","og_description":"O Funicular da Gra\u00e7a, em Lisboa, voltou a circular na quinta-feira e funciona todos os dias das 9h00 \u00e0s 17h00, segundo a Carris. Pode ser usado por portadores de passe Navegante; passageiros ocasionais podem comprar a tarifa de bordo de 4,30 euros, v\u00e1lida para duas viagens. A Carris det\u00e9m o equipamento. O Funicular encerrou ap\u00f3s o acidente com o Elevador da Gl\u00f3ria, a 3 de setembro de 2025. O descarrilamento do Elevador da Gl\u00f3ria resultou na morte de 17 pessoas.","og_url":"https:\/\/portaltela.pt\/noticias\/2026\/04\/30\/funicular-da-graca-reabre-e-volta-a-circular\/","og_site_name":"Portal Tela Portugal","article_published_time":"2026-05-01T00:34:01+00:00","author":"Telinha","twitter_card":"summary_large_image","twitter_misc":{"Escrito por":"Telinha","Tempo estimado de leitura":"1 minuto"},"schema":{"@context":"https:\/\/schema.org","@graph":[{"@type":"Article","@id":"https:\/\/portaltela.pt\/noticias\/2026\/04\/30\/funicular-da-graca-reabre-e-volta-a-circular\/#article","isPartOf":{"@id":"https:\/\/portaltela.pt\/noticias\/2026\/04\/30\/funicular-da-graca-reabre-e-volta-a-circular\/"},"author":{"name":"Telinha","@id":"https:\/\/portaltela.pt\/#\/schema\/person\/c4278d4a6028830caff9ee44b42d32ed"},"headline":"Funicular da Gra\u00e7a reabre e volta a circular","datePublished":"2026-05-01T00:34:01+00:00","mainEntityOfPage":{"@id":"https:\/\/portaltela.pt\/noticias\/2026\/04\/30\/funicular-da-graca-reabre-e-volta-a-circular\/"},"wordCount":115,"image":{"@id":"https:\/\/portaltela.pt\/noticias\/2026\/04\/30\/funicular-da-graca-reabre-e-volta-a-circular\/#primaryimage"},"thumbnailUrl":"https:\/\/portaltela.pt\/s.01k8rhncp4jt1\/2026\/04\/img_1280x721uu2026-04-30-09-33-44-2281985.jpg","keywords":["_acidente","_Lisboa","_mobilidade urbana","_transporte","_transporte p\u00fablico"],"articleSection":["Curiosidades","Sociedade"],"inLanguage":"pt-PT"},{"@type":"WebPage","@id":"https:\/\/portaltela.pt\/noticias\/2026\/04\/30\/funicular-da-graca-reabre-e-volta-a-circular\/","url":"https:\/\/portaltela.pt\/noticias\/2026\/04\/30\/funicular-da-graca-reabre-e-volta-a-circular\/","name":"Funicular da Gra\u00e7a reabre e volta a circular - Portal Tela Portugal","isPartOf":{"@id":"https:\/\/portaltela.pt\/#website"},"primaryImageOfPage":{"@id":"https:\/\/portaltela.pt\/noticias\/2026\/04\/30\/funicular-da-graca-reabre-e-volta-a-circular\/#primaryimage"},"image":{"@id":"https:\/\/portaltela.pt\/noticias\/2026\/04\/30\/funicular-da-graca-reabre-e-volta-a-circular\/#primaryimage"},"thumbnailUrl":"https:\/\/portaltela.pt\/s.01k8rhncp4jt1\/2026\/04\/img_1280x721uu2026-04-30-09-33-44-2281985.jpg","datePublished":"2026-05-01T00:34:01+00:00","author":{"@id":"https:\/\/portaltela.pt\/#\/schema\/person\/c4278d4a6028830caff9ee44b42d32ed"},"breadcrumb":{"@id":"https:\/\/portaltela.pt\/noticias\/2026\/04\/30\/funicular-da-graca-reabre-e-volta-a-circular\/#breadcrumb"},"inLanguage":"pt-PT","potentialAction":[{"@type":"ReadAction","target":["https:\/\/portaltela.pt\/noticias\/2026\/04\/30\/funicular-da-graca-reabre-e-volta-a-circular\/"]}]},{"@type":"ImageObject","inLanguage":"pt-PT","@id":"https:\/\/portaltela.pt\/noticias\/2026\/04\/30\/funicular-da-graca-reabre-e-volta-a-circular\/#primaryimage","url":"https:\/\/portaltela.pt\/s.01k8rhncp4jt1\/2026\/04\/img_1280x721uu2026-04-30-09-33-44-2281985.jpg","contentUrl":"https:\/\/portaltela.pt\/s.01k8rhncp4jt1\/2026\/04\/img_1280x721uu2026-04-30-09-33-44-2281985.jpg","width":796,"height":448,"caption":"Imagens do primeiro percurso do Funicular da Gra\u00e7a ap\u00f3s trag\u00e9dia no Elevador da Gl\u00f3ria que matou 17 pessoas"},{"@type":"BreadcrumbList","@id":"https:\/\/portaltela.pt\/noticias\/2026\/04\/30\/funicular-da-graca-reabre-e-volta-a-circular\/#breadcrumb","itemListElement":[{"@type":"ListItem","position":1,"name":"In\u00edcio","item":"https:\/\/portaltela.pt\/"},{"@type":"ListItem","position":2,"name":"Funicular da Gra\u00e7a reabre e volta a circular"}]},{"@type":"WebSite","@id":"https:\/\/portaltela.pt\/#website","url":"https:\/\/portaltela.pt\/","name":"Portal Tela Portugal","description":"","potentialAction":[{"@type":"SearchAction","target":{"@type":"EntryPoint","urlTemplate":"https:\/\/portaltela.pt\/?s={search_term_string}"},"query-input":{"@type":"PropertyValueSpecification","valueRequired":true,"valueName":"search_term_string"}}],"inLanguage":"pt-PT"},{"@type":"Person","@id":"https:\/\/portaltela.pt\/#\/schema\/person\/c4278d4a6028830caff9ee44b42d32ed","name":"Telinha","image":{"@type":"ImageObject","inLanguage":"pt-PT","@id":"https:\/\/portaltela.pt\/s.01k8rhncp4jt1\/2025\/11\/talking-bot-125x125.png","url":"https:\/\/portaltela.pt\/s.01k8rhncp4jt1\/2025\/11\/talking-bot-125x125.png","contentUrl":"https:\/\/portaltela.pt\/s.01k8rhncp4jt1\/2025\/11\/talking-bot-125x125.png","caption":"Telinha"},"sameAs":["https:\/\/portaltela.pt\/"],"url":"https:\/\/portaltela.pt\/por\/367410592786\/"}]}},"_links":{"self":[{"href":"https:\/\/portaltela.pt\/api\/wp\/v2\/posts\/463281","targetHints":{"allow":["GET"]}}],"collection":[{"href":"https:\/\/portaltela.pt\/api\/wp\/v2\/posts"}],"about":[{"href":"https:\/\/portaltela.pt\/api\/wp\/v2\/types\/post"}],"author":[{"embeddable":true,"href":"https:\/\/portaltela.pt\/api\/wp\/v2\/users\/2"}],"replies":[{"embeddable":true,"href":"https:\/\/portaltela.pt\/api\/wp\/v2\/comments?post=463281"}],"version-history":[{"count":0,"href":"https:\/\/portaltela.pt\/api\/wp\/v2\/posts\/463281\/revisions"}],"wp:featuredmedia":[{"embeddable":true,"href":"https:\/\/portaltela.pt\/api\/wp\/v2\/media\/463293"}],"wp:attachment":[{"href":"https:\/\/portaltela.pt\/api\/wp\/v2\/media?parent=463281"}],"wp:term":[{"taxonomy":"category","embeddable":true,"href":"https:\/\/portaltela.pt\/api\/wp\/v2\/categories?post=463281"},{"taxonomy":"post_tag","embeddable":true,"href":"https:\/\/portaltela.pt\/api\/wp\/v2\/tags?post=463281"}],"curies":[{"name":"wp","href":"https:\/\/api.w.org\/{rel}","templated":true}]}}