{"id":463280,"date":"2026-04-30T21:34:01","date_gmt":"2026-05-01T00:34:01","guid":{"rendered":"https:\/\/portaltela.pt\/noticias\/2026\/04\/30\/homem-morto-em-carrinha-em-camarate-pode-ter-caido-numa-emboscada\/"},"modified":"2026-04-30T21:34:01","modified_gmt":"2026-05-01T00:34:01","slug":"homem-morto-em-carrinha-em-camarate-pode-ter-caido-numa-emboscada","status":"publish","type":"post","link":"https:\/\/portaltela.pt\/policia\/2026\/04\/30\/homem-morto-em-carrinha-em-camarate-pode-ter-caido-numa-emboscada\/","title":{"rendered":"Homem morto em carrinha em Camarate pode ter ca\u00eddo numa emboscada"},"content":{"rendered":"<p>O cad\u00e1ver de Jo\u00e3o Barbosa, 53 anos, foi encontrado ao volante da carrinha de trabalho numa zona industrial do Bairro da Bogalheira, em Frielas, Loures. A v\u00edtima era estafeta de uma empresa de design de interiores sediada na Ramada, Odivelas. A morte ocorreu por v\u00e1rios disparos de ca\u00e7adeira, que provocaram a morte imediata.<\/p>\n<p>A investiga\u00e7\u00e3o da Pol\u00edcia Judici\u00e1ria (PJ) de Lisboa centra-se na hip\u00f3tese de uma emboscada. Os agentes tentam percorrer v\u00e1rias linhas de investiga\u00e7\u00e3o para perceber se houve atra\u00e7\u00e3o para o local do crime. N\u00e3o s\u00e3o ainda conhecidas pessoas detidas.<\/p>\n<p>Jo\u00e3o Barbosa deixa quatro filhos, fruto de tr\u00eas casamentos. O mais novo tem apenas 14 anos. A PJ n\u00e3o avan\u00e7ou com informa\u00e7\u00f5es sobre motiva\u00e7\u00f5es ou poss\u00edveis c\u00famplices, reiterando que o caso est\u00e1 em fase de investiga\u00e7\u00e3o.<\/p>\n<h3>Investiga\u00e7\u00e3o em curso<\/h3>\n<p>As autoridades est\u00e3o a analisar imagens de videovigil\u00e2ncia da \u00e1rea e a recolher testemunhos para perceber o que levou \u00e0 desloca\u00e7\u00e3o da v\u00edtima at\u00e9 o local onde foi encontrada. A pol\u00edcia mant\u00e9m a investiga\u00e7\u00e3o aberta e n\u00e3o confirmou detalhes adicionais sobre o suspeito ou o esclarecimento dos factos.<\/p>\n","protected":false},"excerpt":{"rendered":"<ul>\n<li>A Pol\u00edcia Judici\u00e1ria de Lisboa investiga a hip\u00f3tese de emboscada que pode ter valido a Jo\u00e3o Barbosa, estafeta de uma empresa de design de interiores da Ramada, Odivelas.<\/li>\n<li>Barbosa, de cinquenta e tr\u00eas anos, foi morto com v\u00e1rios disparos de ca\u00e7adeira ao volante da carrinha de trabalho.<\/li>\n<li>O corpo foi encontrado \u00e0s 17h30 de quarta-feira numa zona industrial do Bairro da Bogalheira, em Frielas, Loures.<\/li>\n<li>O homem deixa quatro filhos, fruto de tr\u00eas casamentos; o mais novo tem apenas 14 anos.<\/li>\n<li>A PJ est\u00e1 a averiguar se a v\u00edtima foi atra\u00edda ao local onde foi morta.<\/li>\n<\/ul>\n","protected":false},"author":2,"featured_media":463297,"comment_status":"closed","ping_status":"closed","sticky":false,"template":"","format":"standard","meta":{"footnotes":""},"categories":[6907,6781],"tags":[9756,10075,7921,8075,7960,8508],"class_list":["post-463280","post","type-post","status-publish","format-standard","has-post-thumbnail","hentry","category-crime","category-policia","tag-_assassinatos","tag-_camarate","tag-_crime","tag-_homicidio","tag-_investigacao-criminal","tag-_loures"],"yoast_head":"<!-- This site is optimized with the Yoast SEO plugin v27.2 - https:\/\/yoast.com\/product\/yoast-seo-wordpress\/ -->\n<title>Homem morto em carrinha em Camarate pode ter ca\u00eddo numa emboscada - Portal Tela Portugal<\/title>\n<meta name=\"robots\" content=\"index, follow, max-snippet:-1, max-image-preview:large, max-video-preview:-1\" \/>\n<meta property=\"og:locale\" content=\"pt_PT\" \/>\n<meta property=\"og:type\" content=\"article\" \/>\n<meta property=\"og:title\" content=\"Homem morto em carrinha em Camarate pode ter ca\u00eddo numa emboscada - Portal Tela Portugal\" \/>\n<meta property=\"og:description\" content=\"A Pol\u00edcia Judici\u00e1ria de Lisboa investiga a hip\u00f3tese de emboscada que pode ter valido a Jo\u00e3o Barbosa, estafeta de uma empresa de design de interiores da Ramada, Odivelas. Barbosa, de cinquenta e tr\u00eas anos, foi morto com v\u00e1rios disparos de ca\u00e7adeira ao volante da carrinha de trabalho. O corpo foi encontrado \u00e0s 17h30 de quarta-feira numa zona industrial do Bairro da Bogalheira, em Frielas, Loures. O homem deixa quatro filhos, fruto de tr\u00eas casamentos; o mais novo tem apenas 14 anos. A PJ est\u00e1 a averiguar se a v\u00edtima foi atra\u00edda ao local onde foi morta.\" \/>\n<meta property=\"og:url\" content=\"https:\/\/portaltela.pt\/noticias\/2026\/04\/30\/homem-morto-em-carrinha-em-camarate-pode-ter-caido-numa-emboscada\/\" \/>\n<meta property=\"og:site_name\" content=\"Portal Tela Portugal\" \/>\n<meta property=\"article:published_time\" content=\"2026-05-01T00:34:01+00:00\" \/>\n<meta name=\"author\" content=\"Telinha\" \/>\n<meta name=\"twitter:card\" content=\"summary_large_image\" \/>\n<meta name=\"twitter:label1\" content=\"Escrito por\" \/>\n\t<meta name=\"twitter:data1\" content=\"Telinha\" \/>\n\t<meta name=\"twitter:label2\" content=\"Tempo estimado de leitura\" \/>\n\t<meta name=\"twitter:data2\" content=\"1 minuto\" \/>\n<script type=\"application\/ld+json\" class=\"yoast-schema-graph\">{\"@context\":\"https:\/\/schema.org\",\"@graph\":[{\"@type\":\"Article\",\"@id\":\"https:\/\/portaltela.pt\/noticias\/2026\/04\/30\/homem-morto-em-carrinha-em-camarate-pode-ter-caido-numa-emboscada\/#article\",\"isPartOf\":{\"@id\":\"https:\/\/portaltela.pt\/noticias\/2026\/04\/30\/homem-morto-em-carrinha-em-camarate-pode-ter-caido-numa-emboscada\/\"},\"author\":{\"name\":\"Telinha\",\"@id\":\"https:\/\/portaltela.pt\/#\/schema\/person\/c4278d4a6028830caff9ee44b42d32ed\"},\"headline\":\"Homem morto em carrinha em Camarate pode ter ca\u00eddo numa emboscada\",\"datePublished\":\"2026-05-01T00:34:01+00:00\",\"mainEntityOfPage\":{\"@id\":\"https:\/\/portaltela.pt\/noticias\/2026\/04\/30\/homem-morto-em-carrinha-em-camarate-pode-ter-caido-numa-emboscada\/\"},\"wordCount\":219,\"image\":{\"@id\":\"https:\/\/portaltela.pt\/noticias\/2026\/04\/30\/homem-morto-em-carrinha-em-camarate-pode-ter-caido-numa-emboscada\/#primaryimage\"},\"thumbnailUrl\":\"https:\/\/portaltela.pt\/s.01k8rhncp4jt1\/2026\/04\/img_1280x721uu2026-04-30-12-05-00-2282011.jpg\",\"keywords\":[\"_assassinatos\",\"_Camarate\",\"_crime\",\"_homic\u00eddio\",\"_investiga\u00e7\u00e3o criminal\",\"_Loures\"],\"articleSection\":[\"Crime\",\"Pol\u00edcia\"],\"inLanguage\":\"pt-PT\"},{\"@type\":\"WebPage\",\"@id\":\"https:\/\/portaltela.pt\/noticias\/2026\/04\/30\/homem-morto-em-carrinha-em-camarate-pode-ter-caido-numa-emboscada\/\",\"url\":\"https:\/\/portaltela.pt\/noticias\/2026\/04\/30\/homem-morto-em-carrinha-em-camarate-pode-ter-caido-numa-emboscada\/\",\"name\":\"Homem morto em carrinha em Camarate pode ter ca\u00eddo numa emboscada - Portal Tela Portugal\",\"isPartOf\":{\"@id\":\"https:\/\/portaltela.pt\/#website\"},\"primaryImageOfPage\":{\"@id\":\"https:\/\/portaltela.pt\/noticias\/2026\/04\/30\/homem-morto-em-carrinha-em-camarate-pode-ter-caido-numa-emboscada\/#primaryimage\"},\"image\":{\"@id\":\"https:\/\/portaltela.pt\/noticias\/2026\/04\/30\/homem-morto-em-carrinha-em-camarate-pode-ter-caido-numa-emboscada\/#primaryimage\"},\"thumbnailUrl\":\"https:\/\/portaltela.pt\/s.01k8rhncp4jt1\/2026\/04\/img_1280x721uu2026-04-30-12-05-00-2282011.jpg\",\"datePublished\":\"2026-05-01T00:34:01+00:00\",\"author\":{\"@id\":\"https:\/\/portaltela.pt\/#\/schema\/person\/c4278d4a6028830caff9ee44b42d32ed\"},\"breadcrumb\":{\"@id\":\"https:\/\/portaltela.pt\/noticias\/2026\/04\/30\/homem-morto-em-carrinha-em-camarate-pode-ter-caido-numa-emboscada\/#breadcrumb\"},\"inLanguage\":\"pt-PT\",\"potentialAction\":[{\"@type\":\"ReadAction\",\"target\":[\"https:\/\/portaltela.pt\/noticias\/2026\/04\/30\/homem-morto-em-carrinha-em-camarate-pode-ter-caido-numa-emboscada\/\"]}]},{\"@type\":\"ImageObject\",\"inLanguage\":\"pt-PT\",\"@id\":\"https:\/\/portaltela.pt\/noticias\/2026\/04\/30\/homem-morto-em-carrinha-em-camarate-pode-ter-caido-numa-emboscada\/#primaryimage\",\"url\":\"https:\/\/portaltela.pt\/s.01k8rhncp4jt1\/2026\/04\/img_1280x721uu2026-04-30-12-05-00-2282011.jpg\",\"contentUrl\":\"https:\/\/portaltela.pt\/s.01k8rhncp4jt1\/2026\/04\/img_1280x721uu2026-04-30-12-05-00-2282011.jpg\",\"width\":1280,\"height\":721,\"caption\":\"Jo\u00e3o Barbosa deixa 4 filhos, fruto de 3 casamentos. O mais novo tem apenas 14 anos.\"},{\"@type\":\"BreadcrumbList\",\"@id\":\"https:\/\/portaltela.pt\/noticias\/2026\/04\/30\/homem-morto-em-carrinha-em-camarate-pode-ter-caido-numa-emboscada\/#breadcrumb\",\"itemListElement\":[{\"@type\":\"ListItem\",\"position\":1,\"name\":\"In\u00edcio\",\"item\":\"https:\/\/portaltela.pt\/\"},{\"@type\":\"ListItem\",\"position\":2,\"name\":\"Homem morto em carrinha em Camarate pode ter ca\u00eddo numa emboscada\"}]},{\"@type\":\"WebSite\",\"@id\":\"https:\/\/portaltela.pt\/#website\",\"url\":\"https:\/\/portaltela.pt\/\",\"name\":\"Portal Tela Portugal\",\"description\":\"\",\"potentialAction\":[{\"@type\":\"SearchAction\",\"target\":{\"@type\":\"EntryPoint\",\"urlTemplate\":\"https:\/\/portaltela.pt\/?s={search_term_string}\"},\"query-input\":{\"@type\":\"PropertyValueSpecification\",\"valueRequired\":true,\"valueName\":\"search_term_string\"}}],\"inLanguage\":\"pt-PT\"},{\"@type\":\"Person\",\"@id\":\"https:\/\/portaltela.pt\/#\/schema\/person\/c4278d4a6028830caff9ee44b42d32ed\",\"name\":\"Telinha\",\"image\":{\"@type\":\"ImageObject\",\"inLanguage\":\"pt-PT\",\"@id\":\"https:\/\/portaltela.pt\/s.01k8rhncp4jt1\/2025\/11\/talking-bot-125x125.png\",\"url\":\"https:\/\/portaltela.pt\/s.01k8rhncp4jt1\/2025\/11\/talking-bot-125x125.png\",\"contentUrl\":\"https:\/\/portaltela.pt\/s.01k8rhncp4jt1\/2025\/11\/talking-bot-125x125.png\",\"caption\":\"Telinha\"},\"sameAs\":[\"https:\/\/portaltela.pt\/\"],\"url\":\"https:\/\/portaltela.pt\/por\/367410592786\/\"}]}<\/script>\n<!-- \/ Yoast SEO plugin. -->","yoast_head_json":{"title":"Homem morto em carrinha em Camarate pode ter ca\u00eddo numa emboscada - Portal Tela Portugal","robots":{"index":"index","follow":"follow","max-snippet":"max-snippet:-1","max-image-preview":"max-image-preview:large","max-video-preview":"max-video-preview:-1"},"og_locale":"pt_PT","og_type":"article","og_title":"Homem morto em carrinha em Camarate pode ter ca\u00eddo numa emboscada - Portal Tela Portugal","og_description":"A Pol\u00edcia Judici\u00e1ria de Lisboa investiga a hip\u00f3tese de emboscada que pode ter valido a Jo\u00e3o Barbosa, estafeta de uma empresa de design de interiores da Ramada, Odivelas. Barbosa, de cinquenta e tr\u00eas anos, foi morto com v\u00e1rios disparos de ca\u00e7adeira ao volante da carrinha de trabalho. O corpo foi encontrado \u00e0s 17h30 de quarta-feira numa zona industrial do Bairro da Bogalheira, em Frielas, Loures. O homem deixa quatro filhos, fruto de tr\u00eas casamentos; o mais novo tem apenas 14 anos. A PJ est\u00e1 a averiguar se a v\u00edtima foi atra\u00edda ao local onde foi morta.","og_url":"https:\/\/portaltela.pt\/noticias\/2026\/04\/30\/homem-morto-em-carrinha-em-camarate-pode-ter-caido-numa-emboscada\/","og_site_name":"Portal Tela Portugal","article_published_time":"2026-05-01T00:34:01+00:00","author":"Telinha","twitter_card":"summary_large_image","twitter_misc":{"Escrito por":"Telinha","Tempo estimado de leitura":"1 minuto"},"schema":{"@context":"https:\/\/schema.org","@graph":[{"@type":"Article","@id":"https:\/\/portaltela.pt\/noticias\/2026\/04\/30\/homem-morto-em-carrinha-em-camarate-pode-ter-caido-numa-emboscada\/#article","isPartOf":{"@id":"https:\/\/portaltela.pt\/noticias\/2026\/04\/30\/homem-morto-em-carrinha-em-camarate-pode-ter-caido-numa-emboscada\/"},"author":{"name":"Telinha","@id":"https:\/\/portaltela.pt\/#\/schema\/person\/c4278d4a6028830caff9ee44b42d32ed"},"headline":"Homem morto em carrinha em Camarate pode ter ca\u00eddo numa emboscada","datePublished":"2026-05-01T00:34:01+00:00","mainEntityOfPage":{"@id":"https:\/\/portaltela.pt\/noticias\/2026\/04\/30\/homem-morto-em-carrinha-em-camarate-pode-ter-caido-numa-emboscada\/"},"wordCount":219,"image":{"@id":"https:\/\/portaltela.pt\/noticias\/2026\/04\/30\/homem-morto-em-carrinha-em-camarate-pode-ter-caido-numa-emboscada\/#primaryimage"},"thumbnailUrl":"https:\/\/portaltela.pt\/s.01k8rhncp4jt1\/2026\/04\/img_1280x721uu2026-04-30-12-05-00-2282011.jpg","keywords":["_assassinatos","_Camarate","_crime","_homic\u00eddio","_investiga\u00e7\u00e3o criminal","_Loures"],"articleSection":["Crime","Pol\u00edcia"],"inLanguage":"pt-PT"},{"@type":"WebPage","@id":"https:\/\/portaltela.pt\/noticias\/2026\/04\/30\/homem-morto-em-carrinha-em-camarate-pode-ter-caido-numa-emboscada\/","url":"https:\/\/portaltela.pt\/noticias\/2026\/04\/30\/homem-morto-em-carrinha-em-camarate-pode-ter-caido-numa-emboscada\/","name":"Homem morto em carrinha em Camarate pode ter ca\u00eddo numa emboscada - Portal Tela Portugal","isPartOf":{"@id":"https:\/\/portaltela.pt\/#website"},"primaryImageOfPage":{"@id":"https:\/\/portaltela.pt\/noticias\/2026\/04\/30\/homem-morto-em-carrinha-em-camarate-pode-ter-caido-numa-emboscada\/#primaryimage"},"image":{"@id":"https:\/\/portaltela.pt\/noticias\/2026\/04\/30\/homem-morto-em-carrinha-em-camarate-pode-ter-caido-numa-emboscada\/#primaryimage"},"thumbnailUrl":"https:\/\/portaltela.pt\/s.01k8rhncp4jt1\/2026\/04\/img_1280x721uu2026-04-30-12-05-00-2282011.jpg","datePublished":"2026-05-01T00:34:01+00:00","author":{"@id":"https:\/\/portaltela.pt\/#\/schema\/person\/c4278d4a6028830caff9ee44b42d32ed"},"breadcrumb":{"@id":"https:\/\/portaltela.pt\/noticias\/2026\/04\/30\/homem-morto-em-carrinha-em-camarate-pode-ter-caido-numa-emboscada\/#breadcrumb"},"inLanguage":"pt-PT","potentialAction":[{"@type":"ReadAction","target":["https:\/\/portaltela.pt\/noticias\/2026\/04\/30\/homem-morto-em-carrinha-em-camarate-pode-ter-caido-numa-emboscada\/"]}]},{"@type":"ImageObject","inLanguage":"pt-PT","@id":"https:\/\/portaltela.pt\/noticias\/2026\/04\/30\/homem-morto-em-carrinha-em-camarate-pode-ter-caido-numa-emboscada\/#primaryimage","url":"https:\/\/portaltela.pt\/s.01k8rhncp4jt1\/2026\/04\/img_1280x721uu2026-04-30-12-05-00-2282011.jpg","contentUrl":"https:\/\/portaltela.pt\/s.01k8rhncp4jt1\/2026\/04\/img_1280x721uu2026-04-30-12-05-00-2282011.jpg","width":1280,"height":721,"caption":"Jo\u00e3o Barbosa deixa 4 filhos, fruto de 3 casamentos. O mais novo tem apenas 14 anos."},{"@type":"BreadcrumbList","@id":"https:\/\/portaltela.pt\/noticias\/2026\/04\/30\/homem-morto-em-carrinha-em-camarate-pode-ter-caido-numa-emboscada\/#breadcrumb","itemListElement":[{"@type":"ListItem","position":1,"name":"In\u00edcio","item":"https:\/\/portaltela.pt\/"},{"@type":"ListItem","position":2,"name":"Homem morto em carrinha em Camarate pode ter ca\u00eddo numa emboscada"}]},{"@type":"WebSite","@id":"https:\/\/portaltela.pt\/#website","url":"https:\/\/portaltela.pt\/","name":"Portal Tela Portugal","description":"","potentialAction":[{"@type":"SearchAction","target":{"@type":"EntryPoint","urlTemplate":"https:\/\/portaltela.pt\/?s={search_term_string}"},"query-input":{"@type":"PropertyValueSpecification","valueRequired":true,"valueName":"search_term_string"}}],"inLanguage":"pt-PT"},{"@type":"Person","@id":"https:\/\/portaltela.pt\/#\/schema\/person\/c4278d4a6028830caff9ee44b42d32ed","name":"Telinha","image":{"@type":"ImageObject","inLanguage":"pt-PT","@id":"https:\/\/portaltela.pt\/s.01k8rhncp4jt1\/2025\/11\/talking-bot-125x125.png","url":"https:\/\/portaltela.pt\/s.01k8rhncp4jt1\/2025\/11\/talking-bot-125x125.png","contentUrl":"https:\/\/portaltela.pt\/s.01k8rhncp4jt1\/2025\/11\/talking-bot-125x125.png","caption":"Telinha"},"sameAs":["https:\/\/portaltela.pt\/"],"url":"https:\/\/portaltela.pt\/por\/367410592786\/"}]}},"_links":{"self":[{"href":"https:\/\/portaltela.pt\/api\/wp\/v2\/posts\/463280","targetHints":{"allow":["GET"]}}],"collection":[{"href":"https:\/\/portaltela.pt\/api\/wp\/v2\/posts"}],"about":[{"href":"https:\/\/portaltela.pt\/api\/wp\/v2\/types\/post"}],"author":[{"embeddable":true,"href":"https:\/\/portaltela.pt\/api\/wp\/v2\/users\/2"}],"replies":[{"embeddable":true,"href":"https:\/\/portaltela.pt\/api\/wp\/v2\/comments?post=463280"}],"version-history":[{"count":0,"href":"https:\/\/portaltela.pt\/api\/wp\/v2\/posts\/463280\/revisions"}],"wp:featuredmedia":[{"embeddable":true,"href":"https:\/\/portaltela.pt\/api\/wp\/v2\/media\/463297"}],"wp:attachment":[{"href":"https:\/\/portaltela.pt\/api\/wp\/v2\/media?parent=463280"}],"wp:term":[{"taxonomy":"category","embeddable":true,"href":"https:\/\/portaltela.pt\/api\/wp\/v2\/categories?post=463280"},{"taxonomy":"post_tag","embeddable":true,"href":"https:\/\/portaltela.pt\/api\/wp\/v2\/tags?post=463280"}],"curies":[{"name":"wp","href":"https:\/\/api.w.org\/{rel}","templated":true}]}}