{"id":463278,"date":"2026-04-30T21:33:59","date_gmt":"2026-05-01T00:33:59","guid":{"rendered":"https:\/\/portaltela.pt\/noticias\/2026\/04\/30\/teimosia-de-varandas-mantem-rui-borges-no-sporting\/"},"modified":"2026-04-30T21:33:59","modified_gmt":"2026-05-01T00:33:59","slug":"teimosia-de-varandas-mantem-rui-borges-no-sporting","status":"publish","type":"post","link":"https:\/\/portaltela.pt\/desporto\/futebol\/2026\/04\/30\/teimosia-de-varandas-mantem-rui-borges-no-sporting\/","title":{"rendered":"Teimosia de Varandas mant\u00e9m Rui Borges no Sporting"},"content":{"rendered":"<p>O Sporting apresentou um desaire recente no campeonato, com sete pontos perdidos nos \u00faltimos tr\u00eas jogos, reacendendo d\u00favidas sobre a continuidade de Rui Borges. A situa\u00e7\u00e3o ocorreu no emblema lisboeta, no \u00e2mbito da \u00e9poca 2025\/26, e motivou discuss\u00f5es entre dirigentes sobre o futuro t\u00e9cnico.<\/p>\n<p>O presidente Frederico Varandas n\u00e3o partilha dessas d\u00favidas e decidiu manter Rui Borges no cargo para a \u00e9poca 2026\/27, antecipando a renova\u00e7\u00e3o para estabilizar o projeto e cortar o mal pela raiz. A decis\u00e3o visa evitar movimentos de rotina no clube.<\/p>\n<p>Entre os dirigentes, alguns criticaram a teimosia associada \u00e0 escolha, enquanto outros entenderam a firmeza do l\u00edder como sinal de convic\u00e7\u00e3o e de compromisso com um ciclo mais est\u00e1vel. A discuss\u00e3o manteve-se interna e centrada na continuidade do treinador.<\/p>\n<h3>Decis\u00e3o de renova\u00e7\u00e3o e contexto<\/h3>\n<p>A renova\u00e7\u00e3o at\u00e9 2027 foi apresentada como parte de uma estrat\u00e9gia de continuidade, com foco em consolidar o trabalho realizado at\u00e9 aqui. Fontes internas apontam que o objetivo \u00e9 permitir o desenvolvimento de jogadores e a implementa\u00e7\u00e3o de ideias t\u00e9cnicas.<\/p>\n<p>O Sporting n\u00e3o revelou detalhes adicionais do acordo, mas refor\u00e7ou a inten\u00e7\u00e3o de manter Rui Borges \u00e0 frente da equipa durante o referido ciclo, alinhado com o plano estrat\u00e9gico do clube para as pr\u00f3ximas temporadas.<\/p>\n","protected":false},"excerpt":{"rendered":"<ul>\n<li>O Sporting perdeu sete pontos nos \u00faltimos tr\u00eas jogos, reacendendo d\u00favidas sobre Rui Borges.<\/li>\n<li>Alguns dirigentes queriam avaliar a continuidade do treinador no final da \u00e9poca.<\/li>\n<li>O presidente Frederico Varandas decidiu manter Rui Borges para a \u00e9poca 2026\/27.<\/li>\n<li>A renova\u00e7\u00e3o foi antecipada por Varandas para \u201ccortar o mal pela raiz\u201d.<\/li>\n<li>A situa\u00e7\u00e3o \u00e9 descrita como diverg\u00eancia entre cr\u00edticas e apoiantes quanto \u00e0 decis\u00e3o do clube.<\/li>\n<\/ul>\n","protected":false},"author":2,"featured_media":463292,"comment_status":"closed","ping_status":"closed","sticky":false,"template":"","format":"standard","meta":{"footnotes":""},"categories":[21,24],"tags":[32,2415,6802,6430,2635,1652],"class_list":["post-463278","post","type-post","status-publish","format-standard","has-post-thumbnail","hentry","category-desporto","category-futebol","tag-futebol","tag-gestao","tag-lideranca","tag-renovacoes","tag-rui-borges","tag-sporting"],"yoast_head":"<!-- This site is optimized with the Yoast SEO plugin v27.2 - https:\/\/yoast.com\/product\/yoast-seo-wordpress\/ -->\n<title>Teimosia de Varandas mant\u00e9m Rui Borges no Sporting - Portal Tela Portugal<\/title>\n<meta name=\"robots\" content=\"index, follow, max-snippet:-1, max-image-preview:large, max-video-preview:-1\" \/>\n<meta property=\"og:locale\" content=\"pt_PT\" \/>\n<meta property=\"og:type\" content=\"article\" \/>\n<meta property=\"og:title\" content=\"Teimosia de Varandas mant\u00e9m Rui Borges no Sporting - Portal Tela Portugal\" \/>\n<meta property=\"og:description\" content=\"O Sporting perdeu sete pontos nos \u00faltimos tr\u00eas jogos, reacendendo d\u00favidas sobre Rui Borges. Alguns dirigentes queriam avaliar a continuidade do treinador no final da \u00e9poca. O presidente Frederico Varandas decidiu manter Rui Borges para a \u00e9poca 2026\/27. A renova\u00e7\u00e3o foi antecipada por Varandas para \u201ccortar o mal pela raiz\u201d. A situa\u00e7\u00e3o \u00e9 descrita como diverg\u00eancia entre cr\u00edticas e apoiantes quanto \u00e0 decis\u00e3o do clube.\" \/>\n<meta property=\"og:url\" content=\"https:\/\/portaltela.pt\/noticias\/2026\/04\/30\/teimosia-de-varandas-mantem-rui-borges-no-sporting\/\" \/>\n<meta property=\"og:site_name\" content=\"Portal Tela Portugal\" \/>\n<meta property=\"article:published_time\" content=\"2026-05-01T00:33:59+00:00\" \/>\n<meta name=\"author\" content=\"Telinha\" \/>\n<meta name=\"twitter:card\" content=\"summary_large_image\" \/>\n<meta name=\"twitter:label1\" content=\"Escrito por\" \/>\n\t<meta name=\"twitter:data1\" content=\"Telinha\" \/>\n\t<meta name=\"twitter:label2\" content=\"Tempo estimado de leitura\" \/>\n\t<meta name=\"twitter:data2\" content=\"1 minuto\" \/>\n<script type=\"application\/ld+json\" class=\"yoast-schema-graph\">{\"@context\":\"https:\/\/schema.org\",\"@graph\":[{\"@type\":\"Article\",\"@id\":\"https:\/\/portaltela.pt\/noticias\/2026\/04\/30\/teimosia-de-varandas-mantem-rui-borges-no-sporting\/#article\",\"isPartOf\":{\"@id\":\"https:\/\/portaltela.pt\/noticias\/2026\/04\/30\/teimosia-de-varandas-mantem-rui-borges-no-sporting\/\"},\"author\":{\"name\":\"Telinha\",\"@id\":\"https:\/\/portaltela.pt\/#\/schema\/person\/c4278d4a6028830caff9ee44b42d32ed\"},\"headline\":\"Teimosia de Varandas mant\u00e9m Rui Borges no Sporting\",\"datePublished\":\"2026-05-01T00:33:59+00:00\",\"mainEntityOfPage\":{\"@id\":\"https:\/\/portaltela.pt\/noticias\/2026\/04\/30\/teimosia-de-varandas-mantem-rui-borges-no-sporting\/\"},\"wordCount\":231,\"image\":{\"@id\":\"https:\/\/portaltela.pt\/noticias\/2026\/04\/30\/teimosia-de-varandas-mantem-rui-borges-no-sporting\/#primaryimage\"},\"thumbnailUrl\":\"https:\/\/portaltela.pt\/s.01k8rhncp4jt1\/2026\/04\/img_1500x1000uu2026-04-30-22-01-01-2282142.jpg\",\"keywords\":[\"futebol\",\"gest\u00e3o\",\"lideran\u00e7a\",\"renova\u00e7\u00f5es\",\"Rui Borges\",\"Sporting\"],\"articleSection\":[\"Desporto\",\"Futebol\"],\"inLanguage\":\"pt-PT\"},{\"@type\":\"WebPage\",\"@id\":\"https:\/\/portaltela.pt\/noticias\/2026\/04\/30\/teimosia-de-varandas-mantem-rui-borges-no-sporting\/\",\"url\":\"https:\/\/portaltela.pt\/noticias\/2026\/04\/30\/teimosia-de-varandas-mantem-rui-borges-no-sporting\/\",\"name\":\"Teimosia de Varandas mant\u00e9m Rui Borges no Sporting - Portal Tela Portugal\",\"isPartOf\":{\"@id\":\"https:\/\/portaltela.pt\/#website\"},\"primaryImageOfPage\":{\"@id\":\"https:\/\/portaltela.pt\/noticias\/2026\/04\/30\/teimosia-de-varandas-mantem-rui-borges-no-sporting\/#primaryimage\"},\"image\":{\"@id\":\"https:\/\/portaltela.pt\/noticias\/2026\/04\/30\/teimosia-de-varandas-mantem-rui-borges-no-sporting\/#primaryimage\"},\"thumbnailUrl\":\"https:\/\/portaltela.pt\/s.01k8rhncp4jt1\/2026\/04\/img_1500x1000uu2026-04-30-22-01-01-2282142.jpg\",\"datePublished\":\"2026-05-01T00:33:59+00:00\",\"author\":{\"@id\":\"https:\/\/portaltela.pt\/#\/schema\/person\/c4278d4a6028830caff9ee44b42d32ed\"},\"breadcrumb\":{\"@id\":\"https:\/\/portaltela.pt\/noticias\/2026\/04\/30\/teimosia-de-varandas-mantem-rui-borges-no-sporting\/#breadcrumb\"},\"inLanguage\":\"pt-PT\",\"potentialAction\":[{\"@type\":\"ReadAction\",\"target\":[\"https:\/\/portaltela.pt\/noticias\/2026\/04\/30\/teimosia-de-varandas-mantem-rui-borges-no-sporting\/\"]}]},{\"@type\":\"ImageObject\",\"inLanguage\":\"pt-PT\",\"@id\":\"https:\/\/portaltela.pt\/noticias\/2026\/04\/30\/teimosia-de-varandas-mantem-rui-borges-no-sporting\/#primaryimage\",\"url\":\"https:\/\/portaltela.pt\/s.01k8rhncp4jt1\/2026\/04\/img_1500x1000uu2026-04-30-22-01-01-2282142.jpg\",\"contentUrl\":\"https:\/\/portaltela.pt\/s.01k8rhncp4jt1\/2026\/04\/img_1500x1000uu2026-04-30-22-01-01-2282142.jpg\",\"width\":796,\"height\":448,\"caption\":\"Frederico Varandas d\u00e1 voto de confian\u00e7a a Rui Borges\"},{\"@type\":\"BreadcrumbList\",\"@id\":\"https:\/\/portaltela.pt\/noticias\/2026\/04\/30\/teimosia-de-varandas-mantem-rui-borges-no-sporting\/#breadcrumb\",\"itemListElement\":[{\"@type\":\"ListItem\",\"position\":1,\"name\":\"In\u00edcio\",\"item\":\"https:\/\/portaltela.pt\/\"},{\"@type\":\"ListItem\",\"position\":2,\"name\":\"Teimosia de Varandas mant\u00e9m Rui Borges no Sporting\"}]},{\"@type\":\"WebSite\",\"@id\":\"https:\/\/portaltela.pt\/#website\",\"url\":\"https:\/\/portaltela.pt\/\",\"name\":\"Portal Tela Portugal\",\"description\":\"\",\"potentialAction\":[{\"@type\":\"SearchAction\",\"target\":{\"@type\":\"EntryPoint\",\"urlTemplate\":\"https:\/\/portaltela.pt\/?s={search_term_string}\"},\"query-input\":{\"@type\":\"PropertyValueSpecification\",\"valueRequired\":true,\"valueName\":\"search_term_string\"}}],\"inLanguage\":\"pt-PT\"},{\"@type\":\"Person\",\"@id\":\"https:\/\/portaltela.pt\/#\/schema\/person\/c4278d4a6028830caff9ee44b42d32ed\",\"name\":\"Telinha\",\"image\":{\"@type\":\"ImageObject\",\"inLanguage\":\"pt-PT\",\"@id\":\"https:\/\/portaltela.pt\/s.01k8rhncp4jt1\/2025\/11\/talking-bot-125x125.png\",\"url\":\"https:\/\/portaltela.pt\/s.01k8rhncp4jt1\/2025\/11\/talking-bot-125x125.png\",\"contentUrl\":\"https:\/\/portaltela.pt\/s.01k8rhncp4jt1\/2025\/11\/talking-bot-125x125.png\",\"caption\":\"Telinha\"},\"sameAs\":[\"https:\/\/portaltela.pt\/\"],\"url\":\"https:\/\/portaltela.pt\/por\/367410592786\/\"}]}<\/script>\n<!-- \/ Yoast SEO plugin. -->","yoast_head_json":{"title":"Teimosia de Varandas mant\u00e9m Rui Borges no Sporting - Portal Tela Portugal","robots":{"index":"index","follow":"follow","max-snippet":"max-snippet:-1","max-image-preview":"max-image-preview:large","max-video-preview":"max-video-preview:-1"},"og_locale":"pt_PT","og_type":"article","og_title":"Teimosia de Varandas mant\u00e9m Rui Borges no Sporting - Portal Tela Portugal","og_description":"O Sporting perdeu sete pontos nos \u00faltimos tr\u00eas jogos, reacendendo d\u00favidas sobre Rui Borges. Alguns dirigentes queriam avaliar a continuidade do treinador no final da \u00e9poca. O presidente Frederico Varandas decidiu manter Rui Borges para a \u00e9poca 2026\/27. A renova\u00e7\u00e3o foi antecipada por Varandas para \u201ccortar o mal pela raiz\u201d. A situa\u00e7\u00e3o \u00e9 descrita como diverg\u00eancia entre cr\u00edticas e apoiantes quanto \u00e0 decis\u00e3o do clube.","og_url":"https:\/\/portaltela.pt\/noticias\/2026\/04\/30\/teimosia-de-varandas-mantem-rui-borges-no-sporting\/","og_site_name":"Portal Tela Portugal","article_published_time":"2026-05-01T00:33:59+00:00","author":"Telinha","twitter_card":"summary_large_image","twitter_misc":{"Escrito por":"Telinha","Tempo estimado de leitura":"1 minuto"},"schema":{"@context":"https:\/\/schema.org","@graph":[{"@type":"Article","@id":"https:\/\/portaltela.pt\/noticias\/2026\/04\/30\/teimosia-de-varandas-mantem-rui-borges-no-sporting\/#article","isPartOf":{"@id":"https:\/\/portaltela.pt\/noticias\/2026\/04\/30\/teimosia-de-varandas-mantem-rui-borges-no-sporting\/"},"author":{"name":"Telinha","@id":"https:\/\/portaltela.pt\/#\/schema\/person\/c4278d4a6028830caff9ee44b42d32ed"},"headline":"Teimosia de Varandas mant\u00e9m Rui Borges no Sporting","datePublished":"2026-05-01T00:33:59+00:00","mainEntityOfPage":{"@id":"https:\/\/portaltela.pt\/noticias\/2026\/04\/30\/teimosia-de-varandas-mantem-rui-borges-no-sporting\/"},"wordCount":231,"image":{"@id":"https:\/\/portaltela.pt\/noticias\/2026\/04\/30\/teimosia-de-varandas-mantem-rui-borges-no-sporting\/#primaryimage"},"thumbnailUrl":"https:\/\/portaltela.pt\/s.01k8rhncp4jt1\/2026\/04\/img_1500x1000uu2026-04-30-22-01-01-2282142.jpg","keywords":["futebol","gest\u00e3o","lideran\u00e7a","renova\u00e7\u00f5es","Rui Borges","Sporting"],"articleSection":["Desporto","Futebol"],"inLanguage":"pt-PT"},{"@type":"WebPage","@id":"https:\/\/portaltela.pt\/noticias\/2026\/04\/30\/teimosia-de-varandas-mantem-rui-borges-no-sporting\/","url":"https:\/\/portaltela.pt\/noticias\/2026\/04\/30\/teimosia-de-varandas-mantem-rui-borges-no-sporting\/","name":"Teimosia de Varandas mant\u00e9m Rui Borges no Sporting - Portal Tela Portugal","isPartOf":{"@id":"https:\/\/portaltela.pt\/#website"},"primaryImageOfPage":{"@id":"https:\/\/portaltela.pt\/noticias\/2026\/04\/30\/teimosia-de-varandas-mantem-rui-borges-no-sporting\/#primaryimage"},"image":{"@id":"https:\/\/portaltela.pt\/noticias\/2026\/04\/30\/teimosia-de-varandas-mantem-rui-borges-no-sporting\/#primaryimage"},"thumbnailUrl":"https:\/\/portaltela.pt\/s.01k8rhncp4jt1\/2026\/04\/img_1500x1000uu2026-04-30-22-01-01-2282142.jpg","datePublished":"2026-05-01T00:33:59+00:00","author":{"@id":"https:\/\/portaltela.pt\/#\/schema\/person\/c4278d4a6028830caff9ee44b42d32ed"},"breadcrumb":{"@id":"https:\/\/portaltela.pt\/noticias\/2026\/04\/30\/teimosia-de-varandas-mantem-rui-borges-no-sporting\/#breadcrumb"},"inLanguage":"pt-PT","potentialAction":[{"@type":"ReadAction","target":["https:\/\/portaltela.pt\/noticias\/2026\/04\/30\/teimosia-de-varandas-mantem-rui-borges-no-sporting\/"]}]},{"@type":"ImageObject","inLanguage":"pt-PT","@id":"https:\/\/portaltela.pt\/noticias\/2026\/04\/30\/teimosia-de-varandas-mantem-rui-borges-no-sporting\/#primaryimage","url":"https:\/\/portaltela.pt\/s.01k8rhncp4jt1\/2026\/04\/img_1500x1000uu2026-04-30-22-01-01-2282142.jpg","contentUrl":"https:\/\/portaltela.pt\/s.01k8rhncp4jt1\/2026\/04\/img_1500x1000uu2026-04-30-22-01-01-2282142.jpg","width":796,"height":448,"caption":"Frederico Varandas d\u00e1 voto de confian\u00e7a a Rui Borges"},{"@type":"BreadcrumbList","@id":"https:\/\/portaltela.pt\/noticias\/2026\/04\/30\/teimosia-de-varandas-mantem-rui-borges-no-sporting\/#breadcrumb","itemListElement":[{"@type":"ListItem","position":1,"name":"In\u00edcio","item":"https:\/\/portaltela.pt\/"},{"@type":"ListItem","position":2,"name":"Teimosia de Varandas mant\u00e9m Rui Borges no Sporting"}]},{"@type":"WebSite","@id":"https:\/\/portaltela.pt\/#website","url":"https:\/\/portaltela.pt\/","name":"Portal Tela Portugal","description":"","potentialAction":[{"@type":"SearchAction","target":{"@type":"EntryPoint","urlTemplate":"https:\/\/portaltela.pt\/?s={search_term_string}"},"query-input":{"@type":"PropertyValueSpecification","valueRequired":true,"valueName":"search_term_string"}}],"inLanguage":"pt-PT"},{"@type":"Person","@id":"https:\/\/portaltela.pt\/#\/schema\/person\/c4278d4a6028830caff9ee44b42d32ed","name":"Telinha","image":{"@type":"ImageObject","inLanguage":"pt-PT","@id":"https:\/\/portaltela.pt\/s.01k8rhncp4jt1\/2025\/11\/talking-bot-125x125.png","url":"https:\/\/portaltela.pt\/s.01k8rhncp4jt1\/2025\/11\/talking-bot-125x125.png","contentUrl":"https:\/\/portaltela.pt\/s.01k8rhncp4jt1\/2025\/11\/talking-bot-125x125.png","caption":"Telinha"},"sameAs":["https:\/\/portaltela.pt\/"],"url":"https:\/\/portaltela.pt\/por\/367410592786\/"}]}},"_links":{"self":[{"href":"https:\/\/portaltela.pt\/api\/wp\/v2\/posts\/463278","targetHints":{"allow":["GET"]}}],"collection":[{"href":"https:\/\/portaltela.pt\/api\/wp\/v2\/posts"}],"about":[{"href":"https:\/\/portaltela.pt\/api\/wp\/v2\/types\/post"}],"author":[{"embeddable":true,"href":"https:\/\/portaltela.pt\/api\/wp\/v2\/users\/2"}],"replies":[{"embeddable":true,"href":"https:\/\/portaltela.pt\/api\/wp\/v2\/comments?post=463278"}],"version-history":[{"count":0,"href":"https:\/\/portaltela.pt\/api\/wp\/v2\/posts\/463278\/revisions"}],"wp:featuredmedia":[{"embeddable":true,"href":"https:\/\/portaltela.pt\/api\/wp\/v2\/media\/463292"}],"wp:attachment":[{"href":"https:\/\/portaltela.pt\/api\/wp\/v2\/media?parent=463278"}],"wp:term":[{"taxonomy":"category","embeddable":true,"href":"https:\/\/portaltela.pt\/api\/wp\/v2\/categories?post=463278"},{"taxonomy":"post_tag","embeddable":true,"href":"https:\/\/portaltela.pt\/api\/wp\/v2\/tags?post=463278"}],"curies":[{"name":"wp","href":"https:\/\/api.w.org\/{rel}","templated":true}]}}