{"id":463277,"date":"2026-04-30T21:33:57","date_gmt":"2026-05-01T00:33:57","guid":{"rendered":"https:\/\/portaltela.pt\/noticias\/2026\/04\/30\/cmtv-lanca-programa-de-descoberta-de-talentos\/"},"modified":"2026-04-30T21:33:57","modified_gmt":"2026-05-01T00:33:57","slug":"cmtv-lanca-programa-de-descoberta-de-talentos","status":"publish","type":"post","link":"https:\/\/portaltela.pt\/lazer\/2026\/04\/30\/cmtv-lanca-programa-de-descoberta-de-talentos\/","title":{"rendered":"CMTV lan\u00e7a programa de descoberta de talentos"},"content":{"rendered":"<p>A CMTV acompanha a evolu\u00e7\u00e3o da iniciativa Talentos do Bairro, criada em 2024 para dar voz a artistas dos bairros municipais de Lisboa. A renova\u00e7\u00e3o transforma o projeto em Talentos de Lisboa, cobrindo as 24 freguesias da cidade. A edi\u00e7\u00e3o decorre entre abril e dezembro.<\/p>\n<p>A dimens\u00e3o medi\u00e1tica cresce com a parceria da Medialivre, que visa ampliar a visibilidade para fora de Lisboa. A final do concurso ser\u00e1 transmitida pela <strong>CMTV<\/strong>, ampliando o alcance para o resto do pa\u00eds.<\/p>\n<p>Carlos Rodrigues, diretor-geral editorial, destaca que Lisboa tem talento por revelar e que o projeto passa a chegar a uma audi\u00eancia nacional. O objetivo \u00e9 apoiar jovens com sonho, voz e perspetiva pr\u00f3pria, com apoio institucional do <strong>CM<\/strong> e da <strong>CMTV<\/strong>.<\/p>\n<p>Carlos Moedas salientou que a iniciativa \u00e9 \u00fanica na cidade, levando talentos dos bairros para toda a Lisboa e para al\u00e9m. O objetivo \u00e9 identificar talentos que possam ter impacto europeu e global.<\/p>\n","protected":false},"excerpt":{"rendered":"<ul>\n<li>A iniciativa Talentos do Bairro, criada em 2024, transforma-se em Talentos de Lisboa e passa a abranger as 24 freguesias da cidade, com edi\u00e7\u00e3o entre abril e dezembro.<\/li>\n<li>A Medialivre junta-se ao projeto, com promessa de visibilidade nacional; a final ser\u00e1 transmitida pela CMTV.<\/li>\n<li>O diretor-geral editorial, Carlos Rodrigues, afirma que a final chegar\u00e1 a todo o pa\u00eds, n\u00e3o ficando apenas numa sala de atua\u00e7\u00e3o.<\/li>\n<li>Carlos Moedas considera a iniciativa \u00fanica na cidade, defendendo que os talentos de Lisboa s\u00e3o europeus e mundiais.<\/li>\n<li>O CM e a CMTV refor\u00e7am o compromisso de apoiar quem tem talento e de levar oportunidades aos jovens de Lisboa.<\/li>\n<\/ul>\n","protected":false},"author":2,"featured_media":463296,"comment_status":"closed","ping_status":"closed","sticky":false,"template":"","format":"standard","meta":{"footnotes":""},"categories":[12,7381],"tags":[7933,7756,7974,8805,8331,8952],"class_list":["post-463277","post","type-post","status-publish","format-standard","has-post-thumbnail","hentry","category-entretenimento","category-lazer","tag-_comunicacao-social","tag-_cultura","tag-_lisboa","tag-_participacao","tag-_publico","tag-_televisao"],"yoast_head":"<!-- This site is optimized with the Yoast SEO plugin v27.2 - https:\/\/yoast.com\/product\/yoast-seo-wordpress\/ -->\n<title>CMTV lan\u00e7a programa de descoberta de talentos - Portal Tela Portugal<\/title>\n<meta name=\"robots\" content=\"index, follow, max-snippet:-1, max-image-preview:large, max-video-preview:-1\" \/>\n<meta property=\"og:locale\" content=\"pt_PT\" \/>\n<meta property=\"og:type\" content=\"article\" \/>\n<meta property=\"og:title\" content=\"CMTV lan\u00e7a programa de descoberta de talentos - Portal Tela Portugal\" \/>\n<meta property=\"og:description\" content=\"A iniciativa Talentos do Bairro, criada em 2024, transforma-se em Talentos de Lisboa e passa a abranger as 24 freguesias da cidade, com edi\u00e7\u00e3o entre abril e dezembro. A Medialivre junta-se ao projeto, com promessa de visibilidade nacional; a final ser\u00e1 transmitida pela CMTV. O diretor-geral editorial, Carlos Rodrigues, afirma que a final chegar\u00e1 a todo o pa\u00eds, n\u00e3o ficando apenas numa sala de atua\u00e7\u00e3o. Carlos Moedas considera a iniciativa \u00fanica na cidade, defendendo que os talentos de Lisboa s\u00e3o europeus e mundiais. O CM e a CMTV refor\u00e7am o compromisso de apoiar quem tem talento e de levar oportunidades aos jovens de Lisboa.\" \/>\n<meta property=\"og:url\" content=\"https:\/\/portaltela.pt\/noticias\/2026\/04\/30\/cmtv-lanca-programa-de-descoberta-de-talentos\/\" \/>\n<meta property=\"og:site_name\" content=\"Portal Tela Portugal\" \/>\n<meta property=\"article:published_time\" content=\"2026-05-01T00:33:57+00:00\" \/>\n<meta name=\"author\" content=\"Telinha\" \/>\n<meta name=\"twitter:card\" content=\"summary_large_image\" \/>\n<meta name=\"twitter:label1\" content=\"Escrito por\" \/>\n\t<meta name=\"twitter:data1\" content=\"Telinha\" \/>\n\t<meta name=\"twitter:label2\" content=\"Tempo estimado de leitura\" \/>\n\t<meta name=\"twitter:data2\" content=\"1 minuto\" \/>\n<script type=\"application\/ld+json\" class=\"yoast-schema-graph\">{\"@context\":\"https:\/\/schema.org\",\"@graph\":[{\"@type\":\"Article\",\"@id\":\"https:\/\/portaltela.pt\/noticias\/2026\/04\/30\/cmtv-lanca-programa-de-descoberta-de-talentos\/#article\",\"isPartOf\":{\"@id\":\"https:\/\/portaltela.pt\/noticias\/2026\/04\/30\/cmtv-lanca-programa-de-descoberta-de-talentos\/\"},\"author\":{\"name\":\"Telinha\",\"@id\":\"https:\/\/portaltela.pt\/#\/schema\/person\/c4278d4a6028830caff9ee44b42d32ed\"},\"headline\":\"CMTV lan\u00e7a programa de descoberta de talentos\",\"datePublished\":\"2026-05-01T00:33:57+00:00\",\"mainEntityOfPage\":{\"@id\":\"https:\/\/portaltela.pt\/noticias\/2026\/04\/30\/cmtv-lanca-programa-de-descoberta-de-talentos\/\"},\"wordCount\":165,\"image\":{\"@id\":\"https:\/\/portaltela.pt\/noticias\/2026\/04\/30\/cmtv-lanca-programa-de-descoberta-de-talentos\/#primaryimage\"},\"thumbnailUrl\":\"https:\/\/portaltela.pt\/s.01k8rhncp4jt1\/2026\/04\/img_1500x1000uu2026-05-01-00-24-37-2282157.jpg\",\"keywords\":[\"_comunica\u00e7\u00e3o social\",\"_cultura\",\"_Lisboa\",\"_participa\u00e7\u00e3o\",\"_p\u00fablico\",\"_televis\u00e3o\"],\"articleSection\":[\"Entretenimento\",\"Lazer\"],\"inLanguage\":\"pt-PT\"},{\"@type\":\"WebPage\",\"@id\":\"https:\/\/portaltela.pt\/noticias\/2026\/04\/30\/cmtv-lanca-programa-de-descoberta-de-talentos\/\",\"url\":\"https:\/\/portaltela.pt\/noticias\/2026\/04\/30\/cmtv-lanca-programa-de-descoberta-de-talentos\/\",\"name\":\"CMTV lan\u00e7a programa de descoberta de talentos - Portal Tela Portugal\",\"isPartOf\":{\"@id\":\"https:\/\/portaltela.pt\/#website\"},\"primaryImageOfPage\":{\"@id\":\"https:\/\/portaltela.pt\/noticias\/2026\/04\/30\/cmtv-lanca-programa-de-descoberta-de-talentos\/#primaryimage\"},\"image\":{\"@id\":\"https:\/\/portaltela.pt\/noticias\/2026\/04\/30\/cmtv-lanca-programa-de-descoberta-de-talentos\/#primaryimage\"},\"thumbnailUrl\":\"https:\/\/portaltela.pt\/s.01k8rhncp4jt1\/2026\/04\/img_1500x1000uu2026-05-01-00-24-37-2282157.jpg\",\"datePublished\":\"2026-05-01T00:33:57+00:00\",\"author\":{\"@id\":\"https:\/\/portaltela.pt\/#\/schema\/person\/c4278d4a6028830caff9ee44b42d32ed\"},\"breadcrumb\":{\"@id\":\"https:\/\/portaltela.pt\/noticias\/2026\/04\/30\/cmtv-lanca-programa-de-descoberta-de-talentos\/#breadcrumb\"},\"inLanguage\":\"pt-PT\",\"potentialAction\":[{\"@type\":\"ReadAction\",\"target\":[\"https:\/\/portaltela.pt\/noticias\/2026\/04\/30\/cmtv-lanca-programa-de-descoberta-de-talentos\/\"]}]},{\"@type\":\"ImageObject\",\"inLanguage\":\"pt-PT\",\"@id\":\"https:\/\/portaltela.pt\/noticias\/2026\/04\/30\/cmtv-lanca-programa-de-descoberta-de-talentos\/#primaryimage\",\"url\":\"https:\/\/portaltela.pt\/s.01k8rhncp4jt1\/2026\/04\/img_1500x1000uu2026-05-01-00-24-37-2282157.jpg\",\"contentUrl\":\"https:\/\/portaltela.pt\/s.01k8rhncp4jt1\/2026\/04\/img_1500x1000uu2026-05-01-00-24-37-2282157.jpg\",\"width\":796,\"height\":448,\"caption\":\"O presidente da C\u00e2mara Municipal de Lisboa est\u00e1 envolvido nesta iniciativa\"},{\"@type\":\"BreadcrumbList\",\"@id\":\"https:\/\/portaltela.pt\/noticias\/2026\/04\/30\/cmtv-lanca-programa-de-descoberta-de-talentos\/#breadcrumb\",\"itemListElement\":[{\"@type\":\"ListItem\",\"position\":1,\"name\":\"In\u00edcio\",\"item\":\"https:\/\/portaltela.pt\/\"},{\"@type\":\"ListItem\",\"position\":2,\"name\":\"CMTV lan\u00e7a programa de descoberta de talentos\"}]},{\"@type\":\"WebSite\",\"@id\":\"https:\/\/portaltela.pt\/#website\",\"url\":\"https:\/\/portaltela.pt\/\",\"name\":\"Portal Tela Portugal\",\"description\":\"\",\"potentialAction\":[{\"@type\":\"SearchAction\",\"target\":{\"@type\":\"EntryPoint\",\"urlTemplate\":\"https:\/\/portaltela.pt\/?s={search_term_string}\"},\"query-input\":{\"@type\":\"PropertyValueSpecification\",\"valueRequired\":true,\"valueName\":\"search_term_string\"}}],\"inLanguage\":\"pt-PT\"},{\"@type\":\"Person\",\"@id\":\"https:\/\/portaltela.pt\/#\/schema\/person\/c4278d4a6028830caff9ee44b42d32ed\",\"name\":\"Telinha\",\"image\":{\"@type\":\"ImageObject\",\"inLanguage\":\"pt-PT\",\"@id\":\"https:\/\/portaltela.pt\/s.01k8rhncp4jt1\/2025\/11\/talking-bot-125x125.png\",\"url\":\"https:\/\/portaltela.pt\/s.01k8rhncp4jt1\/2025\/11\/talking-bot-125x125.png\",\"contentUrl\":\"https:\/\/portaltela.pt\/s.01k8rhncp4jt1\/2025\/11\/talking-bot-125x125.png\",\"caption\":\"Telinha\"},\"sameAs\":[\"https:\/\/portaltela.pt\/\"],\"url\":\"https:\/\/portaltela.pt\/por\/367410592786\/\"}]}<\/script>\n<!-- \/ Yoast SEO plugin. -->","yoast_head_json":{"title":"CMTV lan\u00e7a programa de descoberta de talentos - Portal Tela Portugal","robots":{"index":"index","follow":"follow","max-snippet":"max-snippet:-1","max-image-preview":"max-image-preview:large","max-video-preview":"max-video-preview:-1"},"og_locale":"pt_PT","og_type":"article","og_title":"CMTV lan\u00e7a programa de descoberta de talentos - Portal Tela Portugal","og_description":"A iniciativa Talentos do Bairro, criada em 2024, transforma-se em Talentos de Lisboa e passa a abranger as 24 freguesias da cidade, com edi\u00e7\u00e3o entre abril e dezembro. A Medialivre junta-se ao projeto, com promessa de visibilidade nacional; a final ser\u00e1 transmitida pela CMTV. O diretor-geral editorial, Carlos Rodrigues, afirma que a final chegar\u00e1 a todo o pa\u00eds, n\u00e3o ficando apenas numa sala de atua\u00e7\u00e3o. Carlos Moedas considera a iniciativa \u00fanica na cidade, defendendo que os talentos de Lisboa s\u00e3o europeus e mundiais. O CM e a CMTV refor\u00e7am o compromisso de apoiar quem tem talento e de levar oportunidades aos jovens de Lisboa.","og_url":"https:\/\/portaltela.pt\/noticias\/2026\/04\/30\/cmtv-lanca-programa-de-descoberta-de-talentos\/","og_site_name":"Portal Tela Portugal","article_published_time":"2026-05-01T00:33:57+00:00","author":"Telinha","twitter_card":"summary_large_image","twitter_misc":{"Escrito por":"Telinha","Tempo estimado de leitura":"1 minuto"},"schema":{"@context":"https:\/\/schema.org","@graph":[{"@type":"Article","@id":"https:\/\/portaltela.pt\/noticias\/2026\/04\/30\/cmtv-lanca-programa-de-descoberta-de-talentos\/#article","isPartOf":{"@id":"https:\/\/portaltela.pt\/noticias\/2026\/04\/30\/cmtv-lanca-programa-de-descoberta-de-talentos\/"},"author":{"name":"Telinha","@id":"https:\/\/portaltela.pt\/#\/schema\/person\/c4278d4a6028830caff9ee44b42d32ed"},"headline":"CMTV lan\u00e7a programa de descoberta de talentos","datePublished":"2026-05-01T00:33:57+00:00","mainEntityOfPage":{"@id":"https:\/\/portaltela.pt\/noticias\/2026\/04\/30\/cmtv-lanca-programa-de-descoberta-de-talentos\/"},"wordCount":165,"image":{"@id":"https:\/\/portaltela.pt\/noticias\/2026\/04\/30\/cmtv-lanca-programa-de-descoberta-de-talentos\/#primaryimage"},"thumbnailUrl":"https:\/\/portaltela.pt\/s.01k8rhncp4jt1\/2026\/04\/img_1500x1000uu2026-05-01-00-24-37-2282157.jpg","keywords":["_comunica\u00e7\u00e3o social","_cultura","_Lisboa","_participa\u00e7\u00e3o","_p\u00fablico","_televis\u00e3o"],"articleSection":["Entretenimento","Lazer"],"inLanguage":"pt-PT"},{"@type":"WebPage","@id":"https:\/\/portaltela.pt\/noticias\/2026\/04\/30\/cmtv-lanca-programa-de-descoberta-de-talentos\/","url":"https:\/\/portaltela.pt\/noticias\/2026\/04\/30\/cmtv-lanca-programa-de-descoberta-de-talentos\/","name":"CMTV lan\u00e7a programa de descoberta de talentos - Portal Tela Portugal","isPartOf":{"@id":"https:\/\/portaltela.pt\/#website"},"primaryImageOfPage":{"@id":"https:\/\/portaltela.pt\/noticias\/2026\/04\/30\/cmtv-lanca-programa-de-descoberta-de-talentos\/#primaryimage"},"image":{"@id":"https:\/\/portaltela.pt\/noticias\/2026\/04\/30\/cmtv-lanca-programa-de-descoberta-de-talentos\/#primaryimage"},"thumbnailUrl":"https:\/\/portaltela.pt\/s.01k8rhncp4jt1\/2026\/04\/img_1500x1000uu2026-05-01-00-24-37-2282157.jpg","datePublished":"2026-05-01T00:33:57+00:00","author":{"@id":"https:\/\/portaltela.pt\/#\/schema\/person\/c4278d4a6028830caff9ee44b42d32ed"},"breadcrumb":{"@id":"https:\/\/portaltela.pt\/noticias\/2026\/04\/30\/cmtv-lanca-programa-de-descoberta-de-talentos\/#breadcrumb"},"inLanguage":"pt-PT","potentialAction":[{"@type":"ReadAction","target":["https:\/\/portaltela.pt\/noticias\/2026\/04\/30\/cmtv-lanca-programa-de-descoberta-de-talentos\/"]}]},{"@type":"ImageObject","inLanguage":"pt-PT","@id":"https:\/\/portaltela.pt\/noticias\/2026\/04\/30\/cmtv-lanca-programa-de-descoberta-de-talentos\/#primaryimage","url":"https:\/\/portaltela.pt\/s.01k8rhncp4jt1\/2026\/04\/img_1500x1000uu2026-05-01-00-24-37-2282157.jpg","contentUrl":"https:\/\/portaltela.pt\/s.01k8rhncp4jt1\/2026\/04\/img_1500x1000uu2026-05-01-00-24-37-2282157.jpg","width":796,"height":448,"caption":"O presidente da C\u00e2mara Municipal de Lisboa est\u00e1 envolvido nesta iniciativa"},{"@type":"BreadcrumbList","@id":"https:\/\/portaltela.pt\/noticias\/2026\/04\/30\/cmtv-lanca-programa-de-descoberta-de-talentos\/#breadcrumb","itemListElement":[{"@type":"ListItem","position":1,"name":"In\u00edcio","item":"https:\/\/portaltela.pt\/"},{"@type":"ListItem","position":2,"name":"CMTV lan\u00e7a programa de descoberta de talentos"}]},{"@type":"WebSite","@id":"https:\/\/portaltela.pt\/#website","url":"https:\/\/portaltela.pt\/","name":"Portal Tela Portugal","description":"","potentialAction":[{"@type":"SearchAction","target":{"@type":"EntryPoint","urlTemplate":"https:\/\/portaltela.pt\/?s={search_term_string}"},"query-input":{"@type":"PropertyValueSpecification","valueRequired":true,"valueName":"search_term_string"}}],"inLanguage":"pt-PT"},{"@type":"Person","@id":"https:\/\/portaltela.pt\/#\/schema\/person\/c4278d4a6028830caff9ee44b42d32ed","name":"Telinha","image":{"@type":"ImageObject","inLanguage":"pt-PT","@id":"https:\/\/portaltela.pt\/s.01k8rhncp4jt1\/2025\/11\/talking-bot-125x125.png","url":"https:\/\/portaltela.pt\/s.01k8rhncp4jt1\/2025\/11\/talking-bot-125x125.png","contentUrl":"https:\/\/portaltela.pt\/s.01k8rhncp4jt1\/2025\/11\/talking-bot-125x125.png","caption":"Telinha"},"sameAs":["https:\/\/portaltela.pt\/"],"url":"https:\/\/portaltela.pt\/por\/367410592786\/"}]}},"_links":{"self":[{"href":"https:\/\/portaltela.pt\/api\/wp\/v2\/posts\/463277","targetHints":{"allow":["GET"]}}],"collection":[{"href":"https:\/\/portaltela.pt\/api\/wp\/v2\/posts"}],"about":[{"href":"https:\/\/portaltela.pt\/api\/wp\/v2\/types\/post"}],"author":[{"embeddable":true,"href":"https:\/\/portaltela.pt\/api\/wp\/v2\/users\/2"}],"replies":[{"embeddable":true,"href":"https:\/\/portaltela.pt\/api\/wp\/v2\/comments?post=463277"}],"version-history":[{"count":0,"href":"https:\/\/portaltela.pt\/api\/wp\/v2\/posts\/463277\/revisions"}],"wp:featuredmedia":[{"embeddable":true,"href":"https:\/\/portaltela.pt\/api\/wp\/v2\/media\/463296"}],"wp:attachment":[{"href":"https:\/\/portaltela.pt\/api\/wp\/v2\/media?parent=463277"}],"wp:term":[{"taxonomy":"category","embeddable":true,"href":"https:\/\/portaltela.pt\/api\/wp\/v2\/categories?post=463277"},{"taxonomy":"post_tag","embeddable":true,"href":"https:\/\/portaltela.pt\/api\/wp\/v2\/tags?post=463277"}],"curies":[{"name":"wp","href":"https:\/\/api.w.org\/{rel}","templated":true}]}}