{"id":463276,"date":"2026-04-30T21:33:57","date_gmt":"2026-05-01T00:33:57","guid":{"rendered":"https:\/\/portaltela.pt\/noticias\/2026\/04\/30\/renato-seabra-quer-quebrar-silencio-em-tribunal\/"},"modified":"2026-04-30T21:33:57","modified_gmt":"2026-05-01T00:33:57","slug":"renato-seabra-quer-quebrar-silencio-em-tribunal","status":"publish","type":"post","link":"https:\/\/portaltela.pt\/justica\/2026\/04\/30\/renato-seabra-quer-quebrar-silencio-em-tribunal\/","title":{"rendered":"Renato Seabra quer quebrar sil\u00eancio em tribunal"},"content":{"rendered":"<p>Renato Seabra procura quebrar a condena\u00e7\u00e3o. O advogado de defesa apresentou um recurso alegando que o anterior mandat\u00e1rio n\u00e3o defendeu o arguido com efic\u00e1cia. A a\u00e7\u00e3o visa anular a senten\u00e7a de 15 anos atr\u00e1s pela morte de Carlos Castro.<\/p>\n<p>Segundo o Observador, o recurso foi interposto por Scott B. Tulman, que sustenta falhas na defesa anterior. O objetivo \u00e9 reverter a condena\u00e7\u00e3o, com o arguido a procurar falar no tribunal em vez de permanecer em sil\u00eancio.<\/p>\n<p>A CMTV prepara uma reportagem especial sobre o caso de Carlos Castro. Ser\u00e3o divulgados \u00e1udios que ter\u00e3o dado in\u00edcio \u00e0 investiga\u00e7\u00e3o e \u00e0 divulga\u00e7\u00e3o da identidade do suspeito. O taxista que levou Castro ao hospital alertou as autoridades sobre Renato Seabra, que estava com sangue nas m\u00e3os e perturbado.<\/p>\n<p>Renato Seabra foi interrogado no hospital, internado na ala psiqui\u00e1trica e sedado. No tribunal, manteve o sil\u00eancio durante o processo. Agora, o arguido afirma querer falar publicamente para influenciar a revisita\u00e7\u00e3o da pena.<\/p>\n","protected":false},"excerpt":{"rendered":"<ul>\n<li>O defesa de Renato Seabra apresentou um recurso visando anular a condena\u00e7\u00e3o de 200? (h\u00e1 quinze anos) pela morte de Carlos Castro, com pena que pode ir dos 25 anos \u00e0 pris\u00e3o perp\u00e9tua.<\/li>\n<li>O novo advogado, Scott B. Tulman, afirma que o arguido est\u00e1 a trabalhar para anular a condena\u00e7\u00e3o e a defesa anterior falhou.<\/li>\n<li>A not\u00edcia do Observador aponta que Tulman entrou com o recurso e que Seabra tem tentado falar para justificar o pedido de anulamento.<\/li>\n<li>A CMTV prepara uma reportagem sobre o crime, incluindo \u00e1udios in\u00e9ditos que impulsionaram a investiga\u00e7\u00e3o, com a fotografia de Seabra difundida pela televis\u00e3o.<\/li>\n<li>No hospital, ap\u00f3s o crime, Seabra foi interrogado, internado na ala psiqui\u00e1trica e sedado; no interrogat\u00f3rio inicial manteve sil\u00eancio, mas agora procura falar para justificar a contesta\u00e7\u00e3o da pena.<\/li>\n<\/ul>\n","protected":false},"author":2,"featured_media":463282,"comment_status":"closed","ping_status":"closed","sticky":false,"template":"","format":"standard","meta":{"footnotes":""},"categories":[6907,6815],"tags":[8668,7921,8437,8075,8793,8080],"class_list":["post-463276","post","type-post","status-publish","format-standard","has-post-thumbnail","hentry","category-crime","category-justica","tag-_condenacao","tag-_crime","tag-_direito-penal","tag-_homicidio","tag-_processos","tag-_tribunais"],"yoast_head":"<!-- This site is optimized with the Yoast SEO plugin v27.2 - https:\/\/yoast.com\/product\/yoast-seo-wordpress\/ -->\n<title>Renato Seabra quer quebrar sil\u00eancio em tribunal - Portal Tela Portugal<\/title>\n<meta name=\"robots\" content=\"index, follow, max-snippet:-1, max-image-preview:large, max-video-preview:-1\" \/>\n<meta property=\"og:locale\" content=\"pt_PT\" \/>\n<meta property=\"og:type\" content=\"article\" \/>\n<meta property=\"og:title\" content=\"Renato Seabra quer quebrar sil\u00eancio em tribunal - Portal Tela Portugal\" \/>\n<meta property=\"og:description\" content=\"O defesa de Renato Seabra apresentou um recurso visando anular a condena\u00e7\u00e3o de 200? (h\u00e1 quinze anos) pela morte de Carlos Castro, com pena que pode ir dos 25 anos \u00e0 pris\u00e3o perp\u00e9tua. O novo advogado, Scott B. Tulman, afirma que o arguido est\u00e1 a trabalhar para anular a condena\u00e7\u00e3o e a defesa anterior falhou. A not\u00edcia do Observador aponta que Tulman entrou com o recurso e que Seabra tem tentado falar para justificar o pedido de anulamento. A CMTV prepara uma reportagem sobre o crime, incluindo \u00e1udios in\u00e9ditos que impulsionaram a investiga\u00e7\u00e3o, com a fotografia de Seabra difundida pela televis\u00e3o. No hospital, ap\u00f3s o crime, Seabra foi interrogado, internado na ala psiqui\u00e1trica e sedado; no interrogat\u00f3rio inicial manteve sil\u00eancio, mas agora procura falar para justificar a contesta\u00e7\u00e3o da pena.\" \/>\n<meta property=\"og:url\" content=\"https:\/\/portaltela.pt\/noticias\/2026\/04\/30\/renato-seabra-quer-quebrar-silencio-em-tribunal\/\" \/>\n<meta property=\"og:site_name\" content=\"Portal Tela Portugal\" \/>\n<meta property=\"article:published_time\" content=\"2026-05-01T00:33:57+00:00\" \/>\n<meta name=\"author\" content=\"Telinha\" \/>\n<meta name=\"twitter:card\" content=\"summary_large_image\" \/>\n<meta name=\"twitter:label1\" content=\"Escrito por\" \/>\n\t<meta name=\"twitter:data1\" content=\"Telinha\" \/>\n\t<meta name=\"twitter:label2\" content=\"Tempo estimado de leitura\" \/>\n\t<meta name=\"twitter:data2\" content=\"1 minuto\" \/>\n<script type=\"application\/ld+json\" class=\"yoast-schema-graph\">{\"@context\":\"https:\/\/schema.org\",\"@graph\":[{\"@type\":\"Article\",\"@id\":\"https:\/\/portaltela.pt\/noticias\/2026\/04\/30\/renato-seabra-quer-quebrar-silencio-em-tribunal\/#article\",\"isPartOf\":{\"@id\":\"https:\/\/portaltela.pt\/noticias\/2026\/04\/30\/renato-seabra-quer-quebrar-silencio-em-tribunal\/\"},\"author\":{\"name\":\"Telinha\",\"@id\":\"https:\/\/portaltela.pt\/#\/schema\/person\/c4278d4a6028830caff9ee44b42d32ed\"},\"headline\":\"Renato Seabra quer quebrar sil\u00eancio em tribunal\",\"datePublished\":\"2026-05-01T00:33:57+00:00\",\"mainEntityOfPage\":{\"@id\":\"https:\/\/portaltela.pt\/noticias\/2026\/04\/30\/renato-seabra-quer-quebrar-silencio-em-tribunal\/\"},\"wordCount\":180,\"image\":{\"@id\":\"https:\/\/portaltela.pt\/noticias\/2026\/04\/30\/renato-seabra-quer-quebrar-silencio-em-tribunal\/#primaryimage\"},\"thumbnailUrl\":\"https:\/\/portaltela.pt\/s.01k8rhncp4jt1\/2026\/04\/img_1500x1000uu2026-05-01-01-32-23-2260833.jpg\",\"keywords\":[\"_condena\u00e7\u00e3o\",\"_crime\",\"_direito penal\",\"_homic\u00eddio\",\"_processos\",\"_Tribunais\"],\"articleSection\":[\"Crime\",\"Justi\u00e7a\"],\"inLanguage\":\"pt-PT\"},{\"@type\":\"WebPage\",\"@id\":\"https:\/\/portaltela.pt\/noticias\/2026\/04\/30\/renato-seabra-quer-quebrar-silencio-em-tribunal\/\",\"url\":\"https:\/\/portaltela.pt\/noticias\/2026\/04\/30\/renato-seabra-quer-quebrar-silencio-em-tribunal\/\",\"name\":\"Renato Seabra quer quebrar sil\u00eancio em tribunal - Portal Tela Portugal\",\"isPartOf\":{\"@id\":\"https:\/\/portaltela.pt\/#website\"},\"primaryImageOfPage\":{\"@id\":\"https:\/\/portaltela.pt\/noticias\/2026\/04\/30\/renato-seabra-quer-quebrar-silencio-em-tribunal\/#primaryimage\"},\"image\":{\"@id\":\"https:\/\/portaltela.pt\/noticias\/2026\/04\/30\/renato-seabra-quer-quebrar-silencio-em-tribunal\/#primaryimage\"},\"thumbnailUrl\":\"https:\/\/portaltela.pt\/s.01k8rhncp4jt1\/2026\/04\/img_1500x1000uu2026-05-01-01-32-23-2260833.jpg\",\"datePublished\":\"2026-05-01T00:33:57+00:00\",\"author\":{\"@id\":\"https:\/\/portaltela.pt\/#\/schema\/person\/c4278d4a6028830caff9ee44b42d32ed\"},\"breadcrumb\":{\"@id\":\"https:\/\/portaltela.pt\/noticias\/2026\/04\/30\/renato-seabra-quer-quebrar-silencio-em-tribunal\/#breadcrumb\"},\"inLanguage\":\"pt-PT\",\"potentialAction\":[{\"@type\":\"ReadAction\",\"target\":[\"https:\/\/portaltela.pt\/noticias\/2026\/04\/30\/renato-seabra-quer-quebrar-silencio-em-tribunal\/\"]}]},{\"@type\":\"ImageObject\",\"inLanguage\":\"pt-PT\",\"@id\":\"https:\/\/portaltela.pt\/noticias\/2026\/04\/30\/renato-seabra-quer-quebrar-silencio-em-tribunal\/#primaryimage\",\"url\":\"https:\/\/portaltela.pt\/s.01k8rhncp4jt1\/2026\/04\/img_1500x1000uu2026-05-01-01-32-23-2260833.jpg\",\"contentUrl\":\"https:\/\/portaltela.pt\/s.01k8rhncp4jt1\/2026\/04\/img_1500x1000uu2026-05-01-01-32-23-2260833.jpg\",\"width\":796,\"height\":448,\"caption\":\"Renato Seabra tinha 21 anos quando cometeu o crime. Hoje est\u00e1 numa pris\u00e3o de seguran\u00e7a m\u00e1xima. Pena vai dos 25 anos a pris\u00e3o perp\u00e9tua\"},{\"@type\":\"BreadcrumbList\",\"@id\":\"https:\/\/portaltela.pt\/noticias\/2026\/04\/30\/renato-seabra-quer-quebrar-silencio-em-tribunal\/#breadcrumb\",\"itemListElement\":[{\"@type\":\"ListItem\",\"position\":1,\"name\":\"In\u00edcio\",\"item\":\"https:\/\/portaltela.pt\/\"},{\"@type\":\"ListItem\",\"position\":2,\"name\":\"Renato Seabra quer quebrar sil\u00eancio em tribunal\"}]},{\"@type\":\"WebSite\",\"@id\":\"https:\/\/portaltela.pt\/#website\",\"url\":\"https:\/\/portaltela.pt\/\",\"name\":\"Portal Tela Portugal\",\"description\":\"\",\"potentialAction\":[{\"@type\":\"SearchAction\",\"target\":{\"@type\":\"EntryPoint\",\"urlTemplate\":\"https:\/\/portaltela.pt\/?s={search_term_string}\"},\"query-input\":{\"@type\":\"PropertyValueSpecification\",\"valueRequired\":true,\"valueName\":\"search_term_string\"}}],\"inLanguage\":\"pt-PT\"},{\"@type\":\"Person\",\"@id\":\"https:\/\/portaltela.pt\/#\/schema\/person\/c4278d4a6028830caff9ee44b42d32ed\",\"name\":\"Telinha\",\"image\":{\"@type\":\"ImageObject\",\"inLanguage\":\"pt-PT\",\"@id\":\"https:\/\/portaltela.pt\/s.01k8rhncp4jt1\/2025\/11\/talking-bot-125x125.png\",\"url\":\"https:\/\/portaltela.pt\/s.01k8rhncp4jt1\/2025\/11\/talking-bot-125x125.png\",\"contentUrl\":\"https:\/\/portaltela.pt\/s.01k8rhncp4jt1\/2025\/11\/talking-bot-125x125.png\",\"caption\":\"Telinha\"},\"sameAs\":[\"https:\/\/portaltela.pt\/\"],\"url\":\"https:\/\/portaltela.pt\/por\/367410592786\/\"}]}<\/script>\n<!-- \/ Yoast SEO plugin. -->","yoast_head_json":{"title":"Renato Seabra quer quebrar sil\u00eancio em tribunal - Portal Tela Portugal","robots":{"index":"index","follow":"follow","max-snippet":"max-snippet:-1","max-image-preview":"max-image-preview:large","max-video-preview":"max-video-preview:-1"},"og_locale":"pt_PT","og_type":"article","og_title":"Renato Seabra quer quebrar sil\u00eancio em tribunal - Portal Tela Portugal","og_description":"O defesa de Renato Seabra apresentou um recurso visando anular a condena\u00e7\u00e3o de 200? (h\u00e1 quinze anos) pela morte de Carlos Castro, com pena que pode ir dos 25 anos \u00e0 pris\u00e3o perp\u00e9tua. O novo advogado, Scott B. Tulman, afirma que o arguido est\u00e1 a trabalhar para anular a condena\u00e7\u00e3o e a defesa anterior falhou. A not\u00edcia do Observador aponta que Tulman entrou com o recurso e que Seabra tem tentado falar para justificar o pedido de anulamento. A CMTV prepara uma reportagem sobre o crime, incluindo \u00e1udios in\u00e9ditos que impulsionaram a investiga\u00e7\u00e3o, com a fotografia de Seabra difundida pela televis\u00e3o. No hospital, ap\u00f3s o crime, Seabra foi interrogado, internado na ala psiqui\u00e1trica e sedado; no interrogat\u00f3rio inicial manteve sil\u00eancio, mas agora procura falar para justificar a contesta\u00e7\u00e3o da pena.","og_url":"https:\/\/portaltela.pt\/noticias\/2026\/04\/30\/renato-seabra-quer-quebrar-silencio-em-tribunal\/","og_site_name":"Portal Tela Portugal","article_published_time":"2026-05-01T00:33:57+00:00","author":"Telinha","twitter_card":"summary_large_image","twitter_misc":{"Escrito por":"Telinha","Tempo estimado de leitura":"1 minuto"},"schema":{"@context":"https:\/\/schema.org","@graph":[{"@type":"Article","@id":"https:\/\/portaltela.pt\/noticias\/2026\/04\/30\/renato-seabra-quer-quebrar-silencio-em-tribunal\/#article","isPartOf":{"@id":"https:\/\/portaltela.pt\/noticias\/2026\/04\/30\/renato-seabra-quer-quebrar-silencio-em-tribunal\/"},"author":{"name":"Telinha","@id":"https:\/\/portaltela.pt\/#\/schema\/person\/c4278d4a6028830caff9ee44b42d32ed"},"headline":"Renato Seabra quer quebrar sil\u00eancio em tribunal","datePublished":"2026-05-01T00:33:57+00:00","mainEntityOfPage":{"@id":"https:\/\/portaltela.pt\/noticias\/2026\/04\/30\/renato-seabra-quer-quebrar-silencio-em-tribunal\/"},"wordCount":180,"image":{"@id":"https:\/\/portaltela.pt\/noticias\/2026\/04\/30\/renato-seabra-quer-quebrar-silencio-em-tribunal\/#primaryimage"},"thumbnailUrl":"https:\/\/portaltela.pt\/s.01k8rhncp4jt1\/2026\/04\/img_1500x1000uu2026-05-01-01-32-23-2260833.jpg","keywords":["_condena\u00e7\u00e3o","_crime","_direito penal","_homic\u00eddio","_processos","_Tribunais"],"articleSection":["Crime","Justi\u00e7a"],"inLanguage":"pt-PT"},{"@type":"WebPage","@id":"https:\/\/portaltela.pt\/noticias\/2026\/04\/30\/renato-seabra-quer-quebrar-silencio-em-tribunal\/","url":"https:\/\/portaltela.pt\/noticias\/2026\/04\/30\/renato-seabra-quer-quebrar-silencio-em-tribunal\/","name":"Renato Seabra quer quebrar sil\u00eancio em tribunal - Portal Tela Portugal","isPartOf":{"@id":"https:\/\/portaltela.pt\/#website"},"primaryImageOfPage":{"@id":"https:\/\/portaltela.pt\/noticias\/2026\/04\/30\/renato-seabra-quer-quebrar-silencio-em-tribunal\/#primaryimage"},"image":{"@id":"https:\/\/portaltela.pt\/noticias\/2026\/04\/30\/renato-seabra-quer-quebrar-silencio-em-tribunal\/#primaryimage"},"thumbnailUrl":"https:\/\/portaltela.pt\/s.01k8rhncp4jt1\/2026\/04\/img_1500x1000uu2026-05-01-01-32-23-2260833.jpg","datePublished":"2026-05-01T00:33:57+00:00","author":{"@id":"https:\/\/portaltela.pt\/#\/schema\/person\/c4278d4a6028830caff9ee44b42d32ed"},"breadcrumb":{"@id":"https:\/\/portaltela.pt\/noticias\/2026\/04\/30\/renato-seabra-quer-quebrar-silencio-em-tribunal\/#breadcrumb"},"inLanguage":"pt-PT","potentialAction":[{"@type":"ReadAction","target":["https:\/\/portaltela.pt\/noticias\/2026\/04\/30\/renato-seabra-quer-quebrar-silencio-em-tribunal\/"]}]},{"@type":"ImageObject","inLanguage":"pt-PT","@id":"https:\/\/portaltela.pt\/noticias\/2026\/04\/30\/renato-seabra-quer-quebrar-silencio-em-tribunal\/#primaryimage","url":"https:\/\/portaltela.pt\/s.01k8rhncp4jt1\/2026\/04\/img_1500x1000uu2026-05-01-01-32-23-2260833.jpg","contentUrl":"https:\/\/portaltela.pt\/s.01k8rhncp4jt1\/2026\/04\/img_1500x1000uu2026-05-01-01-32-23-2260833.jpg","width":796,"height":448,"caption":"Renato Seabra tinha 21 anos quando cometeu o crime. Hoje est\u00e1 numa pris\u00e3o de seguran\u00e7a m\u00e1xima. Pena vai dos 25 anos a pris\u00e3o perp\u00e9tua"},{"@type":"BreadcrumbList","@id":"https:\/\/portaltela.pt\/noticias\/2026\/04\/30\/renato-seabra-quer-quebrar-silencio-em-tribunal\/#breadcrumb","itemListElement":[{"@type":"ListItem","position":1,"name":"In\u00edcio","item":"https:\/\/portaltela.pt\/"},{"@type":"ListItem","position":2,"name":"Renato Seabra quer quebrar sil\u00eancio em tribunal"}]},{"@type":"WebSite","@id":"https:\/\/portaltela.pt\/#website","url":"https:\/\/portaltela.pt\/","name":"Portal Tela Portugal","description":"","potentialAction":[{"@type":"SearchAction","target":{"@type":"EntryPoint","urlTemplate":"https:\/\/portaltela.pt\/?s={search_term_string}"},"query-input":{"@type":"PropertyValueSpecification","valueRequired":true,"valueName":"search_term_string"}}],"inLanguage":"pt-PT"},{"@type":"Person","@id":"https:\/\/portaltela.pt\/#\/schema\/person\/c4278d4a6028830caff9ee44b42d32ed","name":"Telinha","image":{"@type":"ImageObject","inLanguage":"pt-PT","@id":"https:\/\/portaltela.pt\/s.01k8rhncp4jt1\/2025\/11\/talking-bot-125x125.png","url":"https:\/\/portaltela.pt\/s.01k8rhncp4jt1\/2025\/11\/talking-bot-125x125.png","contentUrl":"https:\/\/portaltela.pt\/s.01k8rhncp4jt1\/2025\/11\/talking-bot-125x125.png","caption":"Telinha"},"sameAs":["https:\/\/portaltela.pt\/"],"url":"https:\/\/portaltela.pt\/por\/367410592786\/"}]}},"_links":{"self":[{"href":"https:\/\/portaltela.pt\/api\/wp\/v2\/posts\/463276","targetHints":{"allow":["GET"]}}],"collection":[{"href":"https:\/\/portaltela.pt\/api\/wp\/v2\/posts"}],"about":[{"href":"https:\/\/portaltela.pt\/api\/wp\/v2\/types\/post"}],"author":[{"embeddable":true,"href":"https:\/\/portaltela.pt\/api\/wp\/v2\/users\/2"}],"replies":[{"embeddable":true,"href":"https:\/\/portaltela.pt\/api\/wp\/v2\/comments?post=463276"}],"version-history":[{"count":0,"href":"https:\/\/portaltela.pt\/api\/wp\/v2\/posts\/463276\/revisions"}],"wp:featuredmedia":[{"embeddable":true,"href":"https:\/\/portaltela.pt\/api\/wp\/v2\/media\/463282"}],"wp:attachment":[{"href":"https:\/\/portaltela.pt\/api\/wp\/v2\/media?parent=463276"}],"wp:term":[{"taxonomy":"category","embeddable":true,"href":"https:\/\/portaltela.pt\/api\/wp\/v2\/categories?post=463276"},{"taxonomy":"post_tag","embeddable":true,"href":"https:\/\/portaltela.pt\/api\/wp\/v2\/tags?post=463276"}],"curies":[{"name":"wp","href":"https:\/\/api.w.org\/{rel}","templated":true}]}}