{"id":463268,"date":"2026-04-30T21:33:45","date_gmt":"2026-05-01T00:33:45","guid":{"rendered":"https:\/\/portaltela.pt\/noticias\/2026\/04\/30\/ministerio-publico-denuncia-faturacao-de-montenegro-as-financas\/"},"modified":"2026-04-30T21:33:45","modified_gmt":"2026-05-01T00:33:45","slug":"ministerio-publico-denuncia-faturacao-de-montenegro-as-financas","status":"publish","type":"post","link":"https:\/\/portaltela.pt\/noticias\/2026\/04\/30\/ministerio-publico-denuncia-faturacao-de-montenegro-as-financas\/","title":{"rendered":"Minist\u00e9rio P\u00fablico denuncia fatura\u00e7\u00e3o de Montenegro \u00e0s Finan\u00e7as"},"content":{"rendered":"<p>O Minist\u00e9rio P\u00fablico denunciou a fatura\u00e7\u00e3o da empresa da fam\u00edlia do primeiro-ministro Lu\u00eds Montenegro \u00e0s Finan\u00e7as. A not\u00edcia surge num momento em que o arquivamento do caso Spinumviva n\u00e3o encerra as d\u00favidas sobre a atividade da sociedade.<\/p>\n<p>Segundo o MP, podem existir irregularidades fiscais associadas \u00e0 fatura\u00e7\u00e3o da empresa em quest\u00e3o. A den\u00fancia aponta para potenciais pr\u00e1ticas que poder\u00e3o exigir investiga\u00e7\u00e3o adicional pelas autoridades tribut\u00e1rias.<\/p>\n<p>A den\u00fancia ocorre paralelamente ao desfecho do caso criminal Spinumviva, que foi arquivado. Com isso, o MP considerou pertinente abrir um novo r&#8217;porto sobre eventuais infring\u00eancias fiscais relacionadas com a fatura\u00e7\u00e3o da sociedade.<\/p>\n","protected":false},"excerpt":{"rendered":"<ul>\n<li>O Minist\u00e9rio P\u00fablico denunciou a fatura\u00e7\u00e3o de Montenegro \u00e0s Finan\u00e7as.<\/li>\n<li>O arquivamento do caso Spinumviva n\u00e3o responde \u00e0s d\u00favidas sobre a atividade da empresa familiar do primeiro-ministro, Lu\u00eds Montenegro.<\/li>\n<li>Enquanto encerrou o cap\u00edtulo criminal, o MP abriu um novo processo.<\/li>\n<li>O foco \u00e9 poss\u00edvel irregularidades fiscais associadas \u00e0 fatura\u00e7\u00e3o da sociedade.<\/li>\n<li>A not\u00edcia n\u00e3o especifica datas ou detalhes adicionais sobre os atos alegados.<\/li>\n<\/ul>\n","protected":false},"author":2,"featured_media":463271,"comment_status":"closed","ping_status":"closed","sticky":false,"template":"","format":"standard","meta":{"footnotes":""},"categories":[6815,1],"tags":[8038,8078,7978,9365,8352],"class_list":["post-463268","post","type-post","status-publish","format-standard","has-post-thumbnail","hentry","category-justica","category-noticias","tag-_financas-publicas","tag-_fraude-fiscal","tag-_impostos","tag-_luis-montenegro","tag-_ministerio-publico"],"yoast_head":"<!-- This site is optimized with the Yoast SEO plugin v27.2 - https:\/\/yoast.com\/product\/yoast-seo-wordpress\/ -->\n<title>Minist\u00e9rio P\u00fablico denuncia fatura\u00e7\u00e3o de Montenegro \u00e0s Finan\u00e7as - Portal Tela Portugal<\/title>\n<meta name=\"robots\" content=\"index, follow, max-snippet:-1, max-image-preview:large, max-video-preview:-1\" \/>\n<meta property=\"og:locale\" content=\"pt_PT\" \/>\n<meta property=\"og:type\" content=\"article\" \/>\n<meta property=\"og:title\" content=\"Minist\u00e9rio P\u00fablico denuncia fatura\u00e7\u00e3o de Montenegro \u00e0s Finan\u00e7as - Portal Tela Portugal\" \/>\n<meta property=\"og:description\" content=\"O Minist\u00e9rio P\u00fablico denunciou a fatura\u00e7\u00e3o de Montenegro \u00e0s Finan\u00e7as. O arquivamento do caso Spinumviva n\u00e3o responde \u00e0s d\u00favidas sobre a atividade da empresa familiar do primeiro-ministro, Lu\u00eds Montenegro. Enquanto encerrou o cap\u00edtulo criminal, o MP abriu um novo processo. O foco \u00e9 poss\u00edvel irregularidades fiscais associadas \u00e0 fatura\u00e7\u00e3o da sociedade. A not\u00edcia n\u00e3o especifica datas ou detalhes adicionais sobre os atos alegados.\" \/>\n<meta property=\"og:url\" content=\"https:\/\/portaltela.pt\/noticias\/2026\/04\/30\/ministerio-publico-denuncia-faturacao-de-montenegro-as-financas\/\" \/>\n<meta property=\"og:site_name\" content=\"Portal Tela Portugal\" \/>\n<meta property=\"article:published_time\" content=\"2026-05-01T00:33:45+00:00\" \/>\n<meta name=\"author\" content=\"Telinha\" \/>\n<meta name=\"twitter:card\" content=\"summary_large_image\" \/>\n<meta name=\"twitter:label1\" content=\"Escrito por\" \/>\n\t<meta name=\"twitter:data1\" content=\"Telinha\" \/>\n\t<meta name=\"twitter:label2\" content=\"Tempo estimado de leitura\" \/>\n\t<meta name=\"twitter:data2\" content=\"1 minuto\" \/>\n<script type=\"application\/ld+json\" class=\"yoast-schema-graph\">{\"@context\":\"https:\/\/schema.org\",\"@graph\":[{\"@type\":\"Article\",\"@id\":\"https:\/\/portaltela.pt\/noticias\/2026\/04\/30\/ministerio-publico-denuncia-faturacao-de-montenegro-as-financas\/#article\",\"isPartOf\":{\"@id\":\"https:\/\/portaltela.pt\/noticias\/2026\/04\/30\/ministerio-publico-denuncia-faturacao-de-montenegro-as-financas\/\"},\"author\":{\"name\":\"Telinha\",\"@id\":\"https:\/\/portaltela.pt\/#\/schema\/person\/c4278d4a6028830caff9ee44b42d32ed\"},\"headline\":\"Minist\u00e9rio P\u00fablico denuncia fatura\u00e7\u00e3o de Montenegro \u00e0s Finan\u00e7as\",\"datePublished\":\"2026-05-01T00:33:45+00:00\",\"mainEntityOfPage\":{\"@id\":\"https:\/\/portaltela.pt\/noticias\/2026\/04\/30\/ministerio-publico-denuncia-faturacao-de-montenegro-as-financas\/\"},\"wordCount\":129,\"image\":{\"@id\":\"https:\/\/portaltela.pt\/noticias\/2026\/04\/30\/ministerio-publico-denuncia-faturacao-de-montenegro-as-financas\/#primaryimage\"},\"thumbnailUrl\":\"https:\/\/portaltela.pt\/s.01k8rhncp4jt1\/2026\/04\/img_1280x721uu2025-08-21-23-17-36-2230615.jpg\",\"keywords\":[\"_finan\u00e7as p\u00fablicas\",\"_fraude fiscal\",\"_impostos\",\"_Lu\u00eds Montenegro\",\"_Minist\u00e9rio P\u00fablico\"],\"articleSection\":[\"Justi\u00e7a\",\"Not\u00edcias\"],\"inLanguage\":\"pt-PT\"},{\"@type\":\"WebPage\",\"@id\":\"https:\/\/portaltela.pt\/noticias\/2026\/04\/30\/ministerio-publico-denuncia-faturacao-de-montenegro-as-financas\/\",\"url\":\"https:\/\/portaltela.pt\/noticias\/2026\/04\/30\/ministerio-publico-denuncia-faturacao-de-montenegro-as-financas\/\",\"name\":\"Minist\u00e9rio P\u00fablico denuncia fatura\u00e7\u00e3o de Montenegro \u00e0s Finan\u00e7as - Portal Tela Portugal\",\"isPartOf\":{\"@id\":\"https:\/\/portaltela.pt\/#website\"},\"primaryImageOfPage\":{\"@id\":\"https:\/\/portaltela.pt\/noticias\/2026\/04\/30\/ministerio-publico-denuncia-faturacao-de-montenegro-as-financas\/#primaryimage\"},\"image\":{\"@id\":\"https:\/\/portaltela.pt\/noticias\/2026\/04\/30\/ministerio-publico-denuncia-faturacao-de-montenegro-as-financas\/#primaryimage\"},\"thumbnailUrl\":\"https:\/\/portaltela.pt\/s.01k8rhncp4jt1\/2026\/04\/img_1280x721uu2025-08-21-23-17-36-2230615.jpg\",\"datePublished\":\"2026-05-01T00:33:45+00:00\",\"author\":{\"@id\":\"https:\/\/portaltela.pt\/#\/schema\/person\/c4278d4a6028830caff9ee44b42d32ed\"},\"breadcrumb\":{\"@id\":\"https:\/\/portaltela.pt\/noticias\/2026\/04\/30\/ministerio-publico-denuncia-faturacao-de-montenegro-as-financas\/#breadcrumb\"},\"inLanguage\":\"pt-PT\",\"potentialAction\":[{\"@type\":\"ReadAction\",\"target\":[\"https:\/\/portaltela.pt\/noticias\/2026\/04\/30\/ministerio-publico-denuncia-faturacao-de-montenegro-as-financas\/\"]}]},{\"@type\":\"ImageObject\",\"inLanguage\":\"pt-PT\",\"@id\":\"https:\/\/portaltela.pt\/noticias\/2026\/04\/30\/ministerio-publico-denuncia-faturacao-de-montenegro-as-financas\/#primaryimage\",\"url\":\"https:\/\/portaltela.pt\/s.01k8rhncp4jt1\/2026\/04\/img_1280x721uu2025-08-21-23-17-36-2230615.jpg\",\"contentUrl\":\"https:\/\/portaltela.pt\/s.01k8rhncp4jt1\/2026\/04\/img_1280x721uu2025-08-21-23-17-36-2230615.jpg\",\"width\":796,\"height\":448,\"caption\":\"Lu\u00eds Montenegro doou as quotas da empresa Spinumviva aos filhos\"},{\"@type\":\"BreadcrumbList\",\"@id\":\"https:\/\/portaltela.pt\/noticias\/2026\/04\/30\/ministerio-publico-denuncia-faturacao-de-montenegro-as-financas\/#breadcrumb\",\"itemListElement\":[{\"@type\":\"ListItem\",\"position\":1,\"name\":\"In\u00edcio\",\"item\":\"https:\/\/portaltela.pt\/\"},{\"@type\":\"ListItem\",\"position\":2,\"name\":\"Minist\u00e9rio P\u00fablico denuncia fatura\u00e7\u00e3o de Montenegro \u00e0s Finan\u00e7as\"}]},{\"@type\":\"WebSite\",\"@id\":\"https:\/\/portaltela.pt\/#website\",\"url\":\"https:\/\/portaltela.pt\/\",\"name\":\"Portal Tela Portugal\",\"description\":\"\",\"potentialAction\":[{\"@type\":\"SearchAction\",\"target\":{\"@type\":\"EntryPoint\",\"urlTemplate\":\"https:\/\/portaltela.pt\/?s={search_term_string}\"},\"query-input\":{\"@type\":\"PropertyValueSpecification\",\"valueRequired\":true,\"valueName\":\"search_term_string\"}}],\"inLanguage\":\"pt-PT\"},{\"@type\":\"Person\",\"@id\":\"https:\/\/portaltela.pt\/#\/schema\/person\/c4278d4a6028830caff9ee44b42d32ed\",\"name\":\"Telinha\",\"image\":{\"@type\":\"ImageObject\",\"inLanguage\":\"pt-PT\",\"@id\":\"https:\/\/portaltela.pt\/s.01k8rhncp4jt1\/2025\/11\/talking-bot-125x125.png\",\"url\":\"https:\/\/portaltela.pt\/s.01k8rhncp4jt1\/2025\/11\/talking-bot-125x125.png\",\"contentUrl\":\"https:\/\/portaltela.pt\/s.01k8rhncp4jt1\/2025\/11\/talking-bot-125x125.png\",\"caption\":\"Telinha\"},\"sameAs\":[\"https:\/\/portaltela.pt\/\"],\"url\":\"https:\/\/portaltela.pt\/por\/367410592786\/\"}]}<\/script>\n<!-- \/ Yoast SEO plugin. -->","yoast_head_json":{"title":"Minist\u00e9rio P\u00fablico denuncia fatura\u00e7\u00e3o de Montenegro \u00e0s Finan\u00e7as - Portal Tela Portugal","robots":{"index":"index","follow":"follow","max-snippet":"max-snippet:-1","max-image-preview":"max-image-preview:large","max-video-preview":"max-video-preview:-1"},"og_locale":"pt_PT","og_type":"article","og_title":"Minist\u00e9rio P\u00fablico denuncia fatura\u00e7\u00e3o de Montenegro \u00e0s Finan\u00e7as - Portal Tela Portugal","og_description":"O Minist\u00e9rio P\u00fablico denunciou a fatura\u00e7\u00e3o de Montenegro \u00e0s Finan\u00e7as. O arquivamento do caso Spinumviva n\u00e3o responde \u00e0s d\u00favidas sobre a atividade da empresa familiar do primeiro-ministro, Lu\u00eds Montenegro. Enquanto encerrou o cap\u00edtulo criminal, o MP abriu um novo processo. O foco \u00e9 poss\u00edvel irregularidades fiscais associadas \u00e0 fatura\u00e7\u00e3o da sociedade. A not\u00edcia n\u00e3o especifica datas ou detalhes adicionais sobre os atos alegados.","og_url":"https:\/\/portaltela.pt\/noticias\/2026\/04\/30\/ministerio-publico-denuncia-faturacao-de-montenegro-as-financas\/","og_site_name":"Portal Tela Portugal","article_published_time":"2026-05-01T00:33:45+00:00","author":"Telinha","twitter_card":"summary_large_image","twitter_misc":{"Escrito por":"Telinha","Tempo estimado de leitura":"1 minuto"},"schema":{"@context":"https:\/\/schema.org","@graph":[{"@type":"Article","@id":"https:\/\/portaltela.pt\/noticias\/2026\/04\/30\/ministerio-publico-denuncia-faturacao-de-montenegro-as-financas\/#article","isPartOf":{"@id":"https:\/\/portaltela.pt\/noticias\/2026\/04\/30\/ministerio-publico-denuncia-faturacao-de-montenegro-as-financas\/"},"author":{"name":"Telinha","@id":"https:\/\/portaltela.pt\/#\/schema\/person\/c4278d4a6028830caff9ee44b42d32ed"},"headline":"Minist\u00e9rio P\u00fablico denuncia fatura\u00e7\u00e3o de Montenegro \u00e0s Finan\u00e7as","datePublished":"2026-05-01T00:33:45+00:00","mainEntityOfPage":{"@id":"https:\/\/portaltela.pt\/noticias\/2026\/04\/30\/ministerio-publico-denuncia-faturacao-de-montenegro-as-financas\/"},"wordCount":129,"image":{"@id":"https:\/\/portaltela.pt\/noticias\/2026\/04\/30\/ministerio-publico-denuncia-faturacao-de-montenegro-as-financas\/#primaryimage"},"thumbnailUrl":"https:\/\/portaltela.pt\/s.01k8rhncp4jt1\/2026\/04\/img_1280x721uu2025-08-21-23-17-36-2230615.jpg","keywords":["_finan\u00e7as p\u00fablicas","_fraude fiscal","_impostos","_Lu\u00eds Montenegro","_Minist\u00e9rio P\u00fablico"],"articleSection":["Justi\u00e7a","Not\u00edcias"],"inLanguage":"pt-PT"},{"@type":"WebPage","@id":"https:\/\/portaltela.pt\/noticias\/2026\/04\/30\/ministerio-publico-denuncia-faturacao-de-montenegro-as-financas\/","url":"https:\/\/portaltela.pt\/noticias\/2026\/04\/30\/ministerio-publico-denuncia-faturacao-de-montenegro-as-financas\/","name":"Minist\u00e9rio P\u00fablico denuncia fatura\u00e7\u00e3o de Montenegro \u00e0s Finan\u00e7as - Portal Tela Portugal","isPartOf":{"@id":"https:\/\/portaltela.pt\/#website"},"primaryImageOfPage":{"@id":"https:\/\/portaltela.pt\/noticias\/2026\/04\/30\/ministerio-publico-denuncia-faturacao-de-montenegro-as-financas\/#primaryimage"},"image":{"@id":"https:\/\/portaltela.pt\/noticias\/2026\/04\/30\/ministerio-publico-denuncia-faturacao-de-montenegro-as-financas\/#primaryimage"},"thumbnailUrl":"https:\/\/portaltela.pt\/s.01k8rhncp4jt1\/2026\/04\/img_1280x721uu2025-08-21-23-17-36-2230615.jpg","datePublished":"2026-05-01T00:33:45+00:00","author":{"@id":"https:\/\/portaltela.pt\/#\/schema\/person\/c4278d4a6028830caff9ee44b42d32ed"},"breadcrumb":{"@id":"https:\/\/portaltela.pt\/noticias\/2026\/04\/30\/ministerio-publico-denuncia-faturacao-de-montenegro-as-financas\/#breadcrumb"},"inLanguage":"pt-PT","potentialAction":[{"@type":"ReadAction","target":["https:\/\/portaltela.pt\/noticias\/2026\/04\/30\/ministerio-publico-denuncia-faturacao-de-montenegro-as-financas\/"]}]},{"@type":"ImageObject","inLanguage":"pt-PT","@id":"https:\/\/portaltela.pt\/noticias\/2026\/04\/30\/ministerio-publico-denuncia-faturacao-de-montenegro-as-financas\/#primaryimage","url":"https:\/\/portaltela.pt\/s.01k8rhncp4jt1\/2026\/04\/img_1280x721uu2025-08-21-23-17-36-2230615.jpg","contentUrl":"https:\/\/portaltela.pt\/s.01k8rhncp4jt1\/2026\/04\/img_1280x721uu2025-08-21-23-17-36-2230615.jpg","width":796,"height":448,"caption":"Lu\u00eds Montenegro doou as quotas da empresa Spinumviva aos filhos"},{"@type":"BreadcrumbList","@id":"https:\/\/portaltela.pt\/noticias\/2026\/04\/30\/ministerio-publico-denuncia-faturacao-de-montenegro-as-financas\/#breadcrumb","itemListElement":[{"@type":"ListItem","position":1,"name":"In\u00edcio","item":"https:\/\/portaltela.pt\/"},{"@type":"ListItem","position":2,"name":"Minist\u00e9rio P\u00fablico denuncia fatura\u00e7\u00e3o de Montenegro \u00e0s Finan\u00e7as"}]},{"@type":"WebSite","@id":"https:\/\/portaltela.pt\/#website","url":"https:\/\/portaltela.pt\/","name":"Portal Tela Portugal","description":"","potentialAction":[{"@type":"SearchAction","target":{"@type":"EntryPoint","urlTemplate":"https:\/\/portaltela.pt\/?s={search_term_string}"},"query-input":{"@type":"PropertyValueSpecification","valueRequired":true,"valueName":"search_term_string"}}],"inLanguage":"pt-PT"},{"@type":"Person","@id":"https:\/\/portaltela.pt\/#\/schema\/person\/c4278d4a6028830caff9ee44b42d32ed","name":"Telinha","image":{"@type":"ImageObject","inLanguage":"pt-PT","@id":"https:\/\/portaltela.pt\/s.01k8rhncp4jt1\/2025\/11\/talking-bot-125x125.png","url":"https:\/\/portaltela.pt\/s.01k8rhncp4jt1\/2025\/11\/talking-bot-125x125.png","contentUrl":"https:\/\/portaltela.pt\/s.01k8rhncp4jt1\/2025\/11\/talking-bot-125x125.png","caption":"Telinha"},"sameAs":["https:\/\/portaltela.pt\/"],"url":"https:\/\/portaltela.pt\/por\/367410592786\/"}]}},"_links":{"self":[{"href":"https:\/\/portaltela.pt\/api\/wp\/v2\/posts\/463268","targetHints":{"allow":["GET"]}}],"collection":[{"href":"https:\/\/portaltela.pt\/api\/wp\/v2\/posts"}],"about":[{"href":"https:\/\/portaltela.pt\/api\/wp\/v2\/types\/post"}],"author":[{"embeddable":true,"href":"https:\/\/portaltela.pt\/api\/wp\/v2\/users\/2"}],"replies":[{"embeddable":true,"href":"https:\/\/portaltela.pt\/api\/wp\/v2\/comments?post=463268"}],"version-history":[{"count":0,"href":"https:\/\/portaltela.pt\/api\/wp\/v2\/posts\/463268\/revisions"}],"wp:featuredmedia":[{"embeddable":true,"href":"https:\/\/portaltela.pt\/api\/wp\/v2\/media\/463271"}],"wp:attachment":[{"href":"https:\/\/portaltela.pt\/api\/wp\/v2\/media?parent=463268"}],"wp:term":[{"taxonomy":"category","embeddable":true,"href":"https:\/\/portaltela.pt\/api\/wp\/v2\/categories?post=463268"},{"taxonomy":"post_tag","embeddable":true,"href":"https:\/\/portaltela.pt\/api\/wp\/v2\/tags?post=463268"}],"curies":[{"name":"wp","href":"https:\/\/api.w.org\/{rel}","templated":true}]}}