{"id":463266,"date":"2026-04-30T21:17:48","date_gmt":"2026-05-01T00:17:48","guid":{"rendered":"https:\/\/portaltela.pt\/noticias\/2026\/04\/30\/begona-santiago-explica-despertar-da-paixao-pelo-estoril-e-como-uma-familia\/"},"modified":"2026-04-30T21:17:48","modified_gmt":"2026-05-01T00:17:48","slug":"begona-santiago-explica-despertar-da-paixao-pelo-estoril-e-como-uma-familia","status":"publish","type":"post","link":"https:\/\/portaltela.pt\/desporto\/futebol\/2026\/04\/30\/begona-santiago-explica-despertar-da-paixao-pelo-estoril-e-como-uma-familia\/","title":{"rendered":"Bego\u00f1a Santiago explica despertar da paix\u00e3o pelo Estoril: \u00e9 como uma fam\u00edlia"},"content":{"rendered":"<p>Bego\u00f1a Santiago explicou hoje, pela primeira vez, aos meios de comunica\u00e7\u00e3o portugueses a sua liga\u00e7\u00e3o ao Estoril Praia e os motivos que a levam a manter a confian\u00e7a no clube. A dirigente assumiu a presid\u00eancia da SAD canarinha h\u00e1 cerca de sete meses e partilhou os seus planos para o futuro.<\/p>\n<p>A catal\u00e3 tornou p\u00fablico o conceito de que o Estoril lhe parece uma fam\u00edlia, desde o in\u00edcio da sua gest\u00e3o, quando integrou a estrutura financeira e de gest\u00e3o ao lado do antigo presidente Ignacio Beristain. A mudan\u00e7a coincidiu com um momento pessoal dif\u00edcil, relacionado com uma doen\u00e7a, que a acompanhou nesse per\u00edodo.<\/p>\n<p>Segundo a presidente, o interesse pelo desporto come\u00e7ou com o apoio ao Real Madrid, mas o seu filho de seis anos j\u00e1 escolheu o Estoril como a sua equipa. O objetivo \u00e9 criar uma liga\u00e7\u00e3o geracional entre adeptos, necessidades do clube e as crian\u00e7as que acompanham os jogos.<\/p>\n<p>O foco estrat\u00e9gico passa pela melhoria cont\u00ednua do desempenho desportivo, pela qualidade da experi\u00eancia dos adeptos e pela responsabilidade social do Estoril. Santiago destacou que o sucesso do clube deve ser medido por diferentes vias, incluindo a capacidade de servir como exemplo para a comunidade.<\/p>\n<h3>Sustentabilidade e modelo econ\u00f3mico<\/h3>\n<p>A dirigente defendeu uma aposta firme na sustentabilidade como parte integrante do neg\u00f3cio do futebol. Refere que o est\u00e1dio funciona como infraestrutura dispon\u00edvel ao longo do ano e que \u00e9 preciso rentabiliz\u00e1-lo para al\u00e9m dos 90 minutos de jogo, sempre com cuidado ao bem-estar dos jogadores.<\/p>\n<p>A gest\u00e3o enfatiza entender os n\u00fameros, o core do neg\u00f3cio e o impacto social. O objetivo \u00e9 oferecer o melhor aos jogadores, aproximar o clube da comunidade e manter uma experi\u00eancia de alto n\u00edvel para os f\u00e3s, sem perder de vista a viabilidade financeira.<\/p>\n","protected":false},"excerpt":{"rendered":"<ul>\n<li>Bego\u00f1a Santiago apresentou-se como presidente da SAD do Estoril h\u00e1 sete meses e falou pela primeira vez aos meios de comunica\u00e7\u00e3o portugueses, \u00e0 Canal 11.<\/li>\n<li>Disse que v\u00ea o Estoril como fam\u00edlia e explicou que entrou na gest\u00e3o e finan\u00e7as quando o clube voltou a subir \u00e0 primeira liga, sucedendo ao antigo presidente Ignacio Beristain.<\/li>\n<li>Confessou que o interesse inicial pelo futebol veio com o apoio ao Real Madrid, mas o filho de seis anos j\u00e1 tem o Estoril como equipa de cora\u00e7\u00e3o.<\/li>\n<li>Apontou a meta de o clube ser uma plataforma de desenvolvimento, oferecer o melhor aos jogadores e um exemplo para a sociedade, para os adeptos e para as crian\u00e7as, mantendo o maior espet\u00e1culo e experi\u00eancia.<\/li>\n<li>Real\u00e7ou a sustentabilidade como ponto-chave, defendendo a gest\u00e3o dos n\u00fameros, o bem-estar dos jogadores e a utiliza\u00e7\u00e3o do est\u00e1dio ao longo de todo o ano, n\u00e3o apenas nos 90 minutos televisados.<\/li>\n<\/ul>\n","protected":false},"author":2,"featured_media":463267,"comment_status":"closed","ping_status":"closed","sticky":false,"template":"","format":"standard","meta":{"footnotes":""},"categories":[21,24],"tags":[8350,8475,9781,7755,9393,8976],"class_list":["post-463266","post","type-post","status-publish","format-standard","has-post-thumbnail","hentry","category-desporto","category-futebol","tag-_adeptos","tag-_comunidade","tag-_estoril","tag-_futebol","tag-_sad","tag-_sustentabilidade"],"yoast_head":"<!-- This site is optimized with the Yoast SEO plugin v27.2 - https:\/\/yoast.com\/product\/yoast-seo-wordpress\/ -->\n<title>Bego\u00f1a Santiago explica despertar da paix\u00e3o pelo Estoril: \u00e9 como uma fam\u00edlia - Portal Tela Portugal<\/title>\n<meta name=\"robots\" content=\"index, follow, max-snippet:-1, max-image-preview:large, max-video-preview:-1\" \/>\n<meta property=\"og:locale\" content=\"pt_PT\" \/>\n<meta property=\"og:type\" content=\"article\" \/>\n<meta property=\"og:title\" content=\"Bego\u00f1a Santiago explica despertar da paix\u00e3o pelo Estoril: \u00e9 como uma fam\u00edlia - Portal Tela Portugal\" \/>\n<meta property=\"og:description\" content=\"Bego\u00f1a Santiago apresentou-se como presidente da SAD do Estoril h\u00e1 sete meses e falou pela primeira vez aos meios de comunica\u00e7\u00e3o portugueses, \u00e0 Canal 11. Disse que v\u00ea o Estoril como fam\u00edlia e explicou que entrou na gest\u00e3o e finan\u00e7as quando o clube voltou a subir \u00e0 primeira liga, sucedendo ao antigo presidente Ignacio Beristain. Confessou que o interesse inicial pelo futebol veio com o apoio ao Real Madrid, mas o filho de seis anos j\u00e1 tem o Estoril como equipa de cora\u00e7\u00e3o. Apontou a meta de o clube ser uma plataforma de desenvolvimento, oferecer o melhor aos jogadores e um exemplo para a sociedade, para os adeptos e para as crian\u00e7as, mantendo o maior espet\u00e1culo e experi\u00eancia. Real\u00e7ou a sustentabilidade como ponto-chave, defendendo a gest\u00e3o dos n\u00fameros, o bem-estar dos jogadores e a utiliza\u00e7\u00e3o do est\u00e1dio ao longo de todo o ano, n\u00e3o apenas nos 90 minutos televisados.\" \/>\n<meta property=\"og:url\" content=\"https:\/\/portaltela.pt\/noticias\/2026\/04\/30\/begona-santiago-explica-despertar-da-paixao-pelo-estoril-e-como-uma-familia\/\" \/>\n<meta property=\"og:site_name\" content=\"Portal Tela Portugal\" \/>\n<meta property=\"article:published_time\" content=\"2026-05-01T00:17:48+00:00\" \/>\n<meta name=\"author\" content=\"Telinha\" \/>\n<meta name=\"twitter:card\" content=\"summary_large_image\" \/>\n<meta name=\"twitter:label1\" content=\"Escrito por\" \/>\n\t<meta name=\"twitter:data1\" content=\"Telinha\" \/>\n\t<meta name=\"twitter:label2\" content=\"Tempo estimado de leitura\" \/>\n\t<meta name=\"twitter:data2\" content=\"2 minutos\" \/>\n<script type=\"application\/ld+json\" class=\"yoast-schema-graph\">{\"@context\":\"https:\/\/schema.org\",\"@graph\":[{\"@type\":\"Article\",\"@id\":\"https:\/\/portaltela.pt\/noticias\/2026\/04\/30\/begona-santiago-explica-despertar-da-paixao-pelo-estoril-e-como-uma-familia\/#article\",\"isPartOf\":{\"@id\":\"https:\/\/portaltela.pt\/noticias\/2026\/04\/30\/begona-santiago-explica-despertar-da-paixao-pelo-estoril-e-como-uma-familia\/\"},\"author\":{\"name\":\"Telinha\",\"@id\":\"https:\/\/portaltela.pt\/#\/schema\/person\/c4278d4a6028830caff9ee44b42d32ed\"},\"headline\":\"Bego\u00f1a Santiago explica despertar da paix\u00e3o pelo Estoril: \u00e9 como uma fam\u00edlia\",\"datePublished\":\"2026-05-01T00:17:48+00:00\",\"mainEntityOfPage\":{\"@id\":\"https:\/\/portaltela.pt\/noticias\/2026\/04\/30\/begona-santiago-explica-despertar-da-paixao-pelo-estoril-e-como-uma-familia\/\"},\"wordCount\":332,\"image\":{\"@id\":\"https:\/\/portaltela.pt\/noticias\/2026\/04\/30\/begona-santiago-explica-despertar-da-paixao-pelo-estoril-e-como-uma-familia\/#primaryimage\"},\"thumbnailUrl\":\"https:\/\/portaltela.pt\/s.01k8rhncp4jt1\/2026\/04\/img_920x518uu2026-05-01-00-13-46-2436213.jpg\",\"keywords\":[\"_adeptos\",\"_comunidade\",\"_Estoril\",\"_futebol\",\"_SAD\",\"_Sustentabilidade\"],\"articleSection\":[\"Desporto\",\"Futebol\"],\"inLanguage\":\"pt-PT\"},{\"@type\":\"WebPage\",\"@id\":\"https:\/\/portaltela.pt\/noticias\/2026\/04\/30\/begona-santiago-explica-despertar-da-paixao-pelo-estoril-e-como-uma-familia\/\",\"url\":\"https:\/\/portaltela.pt\/noticias\/2026\/04\/30\/begona-santiago-explica-despertar-da-paixao-pelo-estoril-e-como-uma-familia\/\",\"name\":\"Bego\u00f1a Santiago explica despertar da paix\u00e3o pelo Estoril: \u00e9 como uma fam\u00edlia - Portal Tela Portugal\",\"isPartOf\":{\"@id\":\"https:\/\/portaltela.pt\/#website\"},\"primaryImageOfPage\":{\"@id\":\"https:\/\/portaltela.pt\/noticias\/2026\/04\/30\/begona-santiago-explica-despertar-da-paixao-pelo-estoril-e-como-uma-familia\/#primaryimage\"},\"image\":{\"@id\":\"https:\/\/portaltela.pt\/noticias\/2026\/04\/30\/begona-santiago-explica-despertar-da-paixao-pelo-estoril-e-como-uma-familia\/#primaryimage\"},\"thumbnailUrl\":\"https:\/\/portaltela.pt\/s.01k8rhncp4jt1\/2026\/04\/img_920x518uu2026-05-01-00-13-46-2436213.jpg\",\"datePublished\":\"2026-05-01T00:17:48+00:00\",\"author\":{\"@id\":\"https:\/\/portaltela.pt\/#\/schema\/person\/c4278d4a6028830caff9ee44b42d32ed\"},\"breadcrumb\":{\"@id\":\"https:\/\/portaltela.pt\/noticias\/2026\/04\/30\/begona-santiago-explica-despertar-da-paixao-pelo-estoril-e-como-uma-familia\/#breadcrumb\"},\"inLanguage\":\"pt-PT\",\"potentialAction\":[{\"@type\":\"ReadAction\",\"target\":[\"https:\/\/portaltela.pt\/noticias\/2026\/04\/30\/begona-santiago-explica-despertar-da-paixao-pelo-estoril-e-como-uma-familia\/\"]}]},{\"@type\":\"ImageObject\",\"inLanguage\":\"pt-PT\",\"@id\":\"https:\/\/portaltela.pt\/noticias\/2026\/04\/30\/begona-santiago-explica-despertar-da-paixao-pelo-estoril-e-como-uma-familia\/#primaryimage\",\"url\":\"https:\/\/portaltela.pt\/s.01k8rhncp4jt1\/2026\/04\/img_920x518uu2026-05-01-00-13-46-2436213.jpg\",\"contentUrl\":\"https:\/\/portaltela.pt\/s.01k8rhncp4jt1\/2026\/04\/img_920x518uu2026-05-01-00-13-46-2436213.jpg\",\"width\":796,\"height\":448,\"caption\":\"Bego\u00f1a Santiago\"},{\"@type\":\"BreadcrumbList\",\"@id\":\"https:\/\/portaltela.pt\/noticias\/2026\/04\/30\/begona-santiago-explica-despertar-da-paixao-pelo-estoril-e-como-uma-familia\/#breadcrumb\",\"itemListElement\":[{\"@type\":\"ListItem\",\"position\":1,\"name\":\"In\u00edcio\",\"item\":\"https:\/\/portaltela.pt\/\"},{\"@type\":\"ListItem\",\"position\":2,\"name\":\"Bego\u00f1a Santiago explica despertar da paix\u00e3o pelo Estoril: \u00e9 como uma fam\u00edlia\"}]},{\"@type\":\"WebSite\",\"@id\":\"https:\/\/portaltela.pt\/#website\",\"url\":\"https:\/\/portaltela.pt\/\",\"name\":\"Portal Tela Portugal\",\"description\":\"\",\"potentialAction\":[{\"@type\":\"SearchAction\",\"target\":{\"@type\":\"EntryPoint\",\"urlTemplate\":\"https:\/\/portaltela.pt\/?s={search_term_string}\"},\"query-input\":{\"@type\":\"PropertyValueSpecification\",\"valueRequired\":true,\"valueName\":\"search_term_string\"}}],\"inLanguage\":\"pt-PT\"},{\"@type\":\"Person\",\"@id\":\"https:\/\/portaltela.pt\/#\/schema\/person\/c4278d4a6028830caff9ee44b42d32ed\",\"name\":\"Telinha\",\"image\":{\"@type\":\"ImageObject\",\"inLanguage\":\"pt-PT\",\"@id\":\"https:\/\/portaltela.pt\/s.01k8rhncp4jt1\/2025\/11\/talking-bot-125x125.png\",\"url\":\"https:\/\/portaltela.pt\/s.01k8rhncp4jt1\/2025\/11\/talking-bot-125x125.png\",\"contentUrl\":\"https:\/\/portaltela.pt\/s.01k8rhncp4jt1\/2025\/11\/talking-bot-125x125.png\",\"caption\":\"Telinha\"},\"sameAs\":[\"https:\/\/portaltela.pt\/\"],\"url\":\"https:\/\/portaltela.pt\/por\/367410592786\/\"}]}<\/script>\n<!-- \/ Yoast SEO plugin. -->","yoast_head_json":{"title":"Bego\u00f1a Santiago explica despertar da paix\u00e3o pelo Estoril: \u00e9 como uma fam\u00edlia - Portal Tela Portugal","robots":{"index":"index","follow":"follow","max-snippet":"max-snippet:-1","max-image-preview":"max-image-preview:large","max-video-preview":"max-video-preview:-1"},"og_locale":"pt_PT","og_type":"article","og_title":"Bego\u00f1a Santiago explica despertar da paix\u00e3o pelo Estoril: \u00e9 como uma fam\u00edlia - Portal Tela Portugal","og_description":"Bego\u00f1a Santiago apresentou-se como presidente da SAD do Estoril h\u00e1 sete meses e falou pela primeira vez aos meios de comunica\u00e7\u00e3o portugueses, \u00e0 Canal 11. Disse que v\u00ea o Estoril como fam\u00edlia e explicou que entrou na gest\u00e3o e finan\u00e7as quando o clube voltou a subir \u00e0 primeira liga, sucedendo ao antigo presidente Ignacio Beristain. Confessou que o interesse inicial pelo futebol veio com o apoio ao Real Madrid, mas o filho de seis anos j\u00e1 tem o Estoril como equipa de cora\u00e7\u00e3o. Apontou a meta de o clube ser uma plataforma de desenvolvimento, oferecer o melhor aos jogadores e um exemplo para a sociedade, para os adeptos e para as crian\u00e7as, mantendo o maior espet\u00e1culo e experi\u00eancia. Real\u00e7ou a sustentabilidade como ponto-chave, defendendo a gest\u00e3o dos n\u00fameros, o bem-estar dos jogadores e a utiliza\u00e7\u00e3o do est\u00e1dio ao longo de todo o ano, n\u00e3o apenas nos 90 minutos televisados.","og_url":"https:\/\/portaltela.pt\/noticias\/2026\/04\/30\/begona-santiago-explica-despertar-da-paixao-pelo-estoril-e-como-uma-familia\/","og_site_name":"Portal Tela Portugal","article_published_time":"2026-05-01T00:17:48+00:00","author":"Telinha","twitter_card":"summary_large_image","twitter_misc":{"Escrito por":"Telinha","Tempo estimado de leitura":"2 minutos"},"schema":{"@context":"https:\/\/schema.org","@graph":[{"@type":"Article","@id":"https:\/\/portaltela.pt\/noticias\/2026\/04\/30\/begona-santiago-explica-despertar-da-paixao-pelo-estoril-e-como-uma-familia\/#article","isPartOf":{"@id":"https:\/\/portaltela.pt\/noticias\/2026\/04\/30\/begona-santiago-explica-despertar-da-paixao-pelo-estoril-e-como-uma-familia\/"},"author":{"name":"Telinha","@id":"https:\/\/portaltela.pt\/#\/schema\/person\/c4278d4a6028830caff9ee44b42d32ed"},"headline":"Bego\u00f1a Santiago explica despertar da paix\u00e3o pelo Estoril: \u00e9 como uma fam\u00edlia","datePublished":"2026-05-01T00:17:48+00:00","mainEntityOfPage":{"@id":"https:\/\/portaltela.pt\/noticias\/2026\/04\/30\/begona-santiago-explica-despertar-da-paixao-pelo-estoril-e-como-uma-familia\/"},"wordCount":332,"image":{"@id":"https:\/\/portaltela.pt\/noticias\/2026\/04\/30\/begona-santiago-explica-despertar-da-paixao-pelo-estoril-e-como-uma-familia\/#primaryimage"},"thumbnailUrl":"https:\/\/portaltela.pt\/s.01k8rhncp4jt1\/2026\/04\/img_920x518uu2026-05-01-00-13-46-2436213.jpg","keywords":["_adeptos","_comunidade","_Estoril","_futebol","_SAD","_Sustentabilidade"],"articleSection":["Desporto","Futebol"],"inLanguage":"pt-PT"},{"@type":"WebPage","@id":"https:\/\/portaltela.pt\/noticias\/2026\/04\/30\/begona-santiago-explica-despertar-da-paixao-pelo-estoril-e-como-uma-familia\/","url":"https:\/\/portaltela.pt\/noticias\/2026\/04\/30\/begona-santiago-explica-despertar-da-paixao-pelo-estoril-e-como-uma-familia\/","name":"Bego\u00f1a Santiago explica despertar da paix\u00e3o pelo Estoril: \u00e9 como uma fam\u00edlia - Portal Tela Portugal","isPartOf":{"@id":"https:\/\/portaltela.pt\/#website"},"primaryImageOfPage":{"@id":"https:\/\/portaltela.pt\/noticias\/2026\/04\/30\/begona-santiago-explica-despertar-da-paixao-pelo-estoril-e-como-uma-familia\/#primaryimage"},"image":{"@id":"https:\/\/portaltela.pt\/noticias\/2026\/04\/30\/begona-santiago-explica-despertar-da-paixao-pelo-estoril-e-como-uma-familia\/#primaryimage"},"thumbnailUrl":"https:\/\/portaltela.pt\/s.01k8rhncp4jt1\/2026\/04\/img_920x518uu2026-05-01-00-13-46-2436213.jpg","datePublished":"2026-05-01T00:17:48+00:00","author":{"@id":"https:\/\/portaltela.pt\/#\/schema\/person\/c4278d4a6028830caff9ee44b42d32ed"},"breadcrumb":{"@id":"https:\/\/portaltela.pt\/noticias\/2026\/04\/30\/begona-santiago-explica-despertar-da-paixao-pelo-estoril-e-como-uma-familia\/#breadcrumb"},"inLanguage":"pt-PT","potentialAction":[{"@type":"ReadAction","target":["https:\/\/portaltela.pt\/noticias\/2026\/04\/30\/begona-santiago-explica-despertar-da-paixao-pelo-estoril-e-como-uma-familia\/"]}]},{"@type":"ImageObject","inLanguage":"pt-PT","@id":"https:\/\/portaltela.pt\/noticias\/2026\/04\/30\/begona-santiago-explica-despertar-da-paixao-pelo-estoril-e-como-uma-familia\/#primaryimage","url":"https:\/\/portaltela.pt\/s.01k8rhncp4jt1\/2026\/04\/img_920x518uu2026-05-01-00-13-46-2436213.jpg","contentUrl":"https:\/\/portaltela.pt\/s.01k8rhncp4jt1\/2026\/04\/img_920x518uu2026-05-01-00-13-46-2436213.jpg","width":796,"height":448,"caption":"Bego\u00f1a Santiago"},{"@type":"BreadcrumbList","@id":"https:\/\/portaltela.pt\/noticias\/2026\/04\/30\/begona-santiago-explica-despertar-da-paixao-pelo-estoril-e-como-uma-familia\/#breadcrumb","itemListElement":[{"@type":"ListItem","position":1,"name":"In\u00edcio","item":"https:\/\/portaltela.pt\/"},{"@type":"ListItem","position":2,"name":"Bego\u00f1a Santiago explica despertar da paix\u00e3o pelo Estoril: \u00e9 como uma fam\u00edlia"}]},{"@type":"WebSite","@id":"https:\/\/portaltela.pt\/#website","url":"https:\/\/portaltela.pt\/","name":"Portal Tela Portugal","description":"","potentialAction":[{"@type":"SearchAction","target":{"@type":"EntryPoint","urlTemplate":"https:\/\/portaltela.pt\/?s={search_term_string}"},"query-input":{"@type":"PropertyValueSpecification","valueRequired":true,"valueName":"search_term_string"}}],"inLanguage":"pt-PT"},{"@type":"Person","@id":"https:\/\/portaltela.pt\/#\/schema\/person\/c4278d4a6028830caff9ee44b42d32ed","name":"Telinha","image":{"@type":"ImageObject","inLanguage":"pt-PT","@id":"https:\/\/portaltela.pt\/s.01k8rhncp4jt1\/2025\/11\/talking-bot-125x125.png","url":"https:\/\/portaltela.pt\/s.01k8rhncp4jt1\/2025\/11\/talking-bot-125x125.png","contentUrl":"https:\/\/portaltela.pt\/s.01k8rhncp4jt1\/2025\/11\/talking-bot-125x125.png","caption":"Telinha"},"sameAs":["https:\/\/portaltela.pt\/"],"url":"https:\/\/portaltela.pt\/por\/367410592786\/"}]}},"_links":{"self":[{"href":"https:\/\/portaltela.pt\/api\/wp\/v2\/posts\/463266","targetHints":{"allow":["GET"]}}],"collection":[{"href":"https:\/\/portaltela.pt\/api\/wp\/v2\/posts"}],"about":[{"href":"https:\/\/portaltela.pt\/api\/wp\/v2\/types\/post"}],"author":[{"embeddable":true,"href":"https:\/\/portaltela.pt\/api\/wp\/v2\/users\/2"}],"replies":[{"embeddable":true,"href":"https:\/\/portaltela.pt\/api\/wp\/v2\/comments?post=463266"}],"version-history":[{"count":0,"href":"https:\/\/portaltela.pt\/api\/wp\/v2\/posts\/463266\/revisions"}],"wp:featuredmedia":[{"embeddable":true,"href":"https:\/\/portaltela.pt\/api\/wp\/v2\/media\/463267"}],"wp:attachment":[{"href":"https:\/\/portaltela.pt\/api\/wp\/v2\/media?parent=463266"}],"wp:term":[{"taxonomy":"category","embeddable":true,"href":"https:\/\/portaltela.pt\/api\/wp\/v2\/categories?post=463266"},{"taxonomy":"post_tag","embeddable":true,"href":"https:\/\/portaltela.pt\/api\/wp\/v2\/tags?post=463266"}],"curies":[{"name":"wp","href":"https:\/\/api.w.org\/{rel}","templated":true}]}}