{"id":463257,"date":"2026-04-30T20:47:38","date_gmt":"2026-04-30T23:47:38","guid":{"rendered":"https:\/\/portaltela.pt\/noticias\/2026\/04\/30\/infantino-tentou-reunir-israel-e-palestina-no-congresso-da-fifa-sem-sucesso\/"},"modified":"2026-04-30T20:47:38","modified_gmt":"2026-04-30T23:47:38","slug":"infantino-tentou-reunir-israel-e-palestina-no-congresso-da-fifa-sem-sucesso","status":"publish","type":"post","link":"https:\/\/portaltela.pt\/desporto\/futebol\/2026\/04\/30\/infantino-tentou-reunir-israel-e-palestina-no-congresso-da-fifa-sem-sucesso\/","title":{"rendered":"Infantino tentou reunir Israel e Palestina no Congresso da FIFA, sem sucesso"},"content":{"rendered":"<p>Durante o Congresso da FIFA, Gianni Infantino tentou promover uma gest\u00e3o conjunta entre as federa\u00e7\u00f5es de Israel e Palestina, numa tentativa de criar uma comunh\u00e3o entre os dois pa\u00edses no contexto do futebol mundial.<\/p>\n<p>O momento foi marcado por tens\u00e3o entre Jibril Rajoub, presidente da Federa\u00e7\u00e3o Palestiniana, e Basim Sheikh Suliman, o vice-presidente israelita, que n\u00e3o foram vistos cumprimentando-se. Infantino esteve no centro da motiva\u00e7\u00e3o da iniciativa.<\/p>\n<p>Rajoub, que ocupa posi\u00e7\u00e3o de lideran\u00e7a no futebol palestiniano, mostrou abertamente diferen\u00e7as com a dire\u00e7\u00e3o israelita, apontando diverg\u00eancias com as propostas de Infantino para o encontro entre as entidades.<\/p>\n<p>A forma como o gesto foi encarado evidencia o ambiente delicado que envolve as rela\u00e7\u00f5es entre as federa\u00e7\u00f5es no momento do Congresso, refor\u00e7ando que quest\u00f5es pol\u00edticas continuam a influenciar decis\u00f5es e intera\u00e7\u00f5es no futebol internacional.<\/p>\n","protected":false},"excerpt":{"rendered":"<ul>\n<li>No Congresso da FIFA, Gianni Infantino tentou promover uma aproxima\u00e7\u00e3o entre Israel e Palestina.<\/li>\n<li>A iniciativa visava criar uma situa\u00e7\u00e3o de comunh\u00e3o entre os dois pa\u00edses, conforme relatado.<\/li>\n<li>Jibril Rajoub, presidente da Federa\u00e7\u00e3o Palestina, recusou cumprimentar Basim Sheikh Suliman, vice-presidente israelita, durante o evento.<\/li>\n<li>Rajoub deixou claras as suas diverg\u00eancias com Infantino num momento considerado delicado para o organismo.<\/li>\n<\/ul>\n","protected":false},"author":2,"featured_media":463263,"comment_status":"closed","ping_status":"closed","sticky":false,"template":"","format":"standard","meta":{"footnotes":""},"categories":[21,24],"tags":[2198,42,32,3708,2030,2832],"class_list":["post-463257","post","type-post","status-publish","format-standard","has-post-thumbnail","hentry","category-desporto","category-futebol","tag-conflitos-internacionais","tag-congresso","tag-futebol","tag-israel","tag-palestina","tag-politica"],"yoast_head":"<!-- This site is optimized with the Yoast SEO plugin v27.2 - https:\/\/yoast.com\/product\/yoast-seo-wordpress\/ -->\n<title>Infantino tentou reunir Israel e Palestina no Congresso da FIFA, sem sucesso - Portal Tela Portugal<\/title>\n<meta name=\"robots\" content=\"index, follow, max-snippet:-1, max-image-preview:large, max-video-preview:-1\" \/>\n<meta property=\"og:locale\" content=\"pt_PT\" \/>\n<meta property=\"og:type\" content=\"article\" \/>\n<meta property=\"og:title\" content=\"Infantino tentou reunir Israel e Palestina no Congresso da FIFA, sem sucesso - Portal Tela Portugal\" \/>\n<meta property=\"og:description\" content=\"No Congresso da FIFA, Gianni Infantino tentou promover uma aproxima\u00e7\u00e3o entre Israel e Palestina. A iniciativa visava criar uma situa\u00e7\u00e3o de comunh\u00e3o entre os dois pa\u00edses, conforme relatado. Jibril Rajoub, presidente da Federa\u00e7\u00e3o Palestina, recusou cumprimentar Basim Sheikh Suliman, vice-presidente israelita, durante o evento. Rajoub deixou claras as suas diverg\u00eancias com Infantino num momento considerado delicado para o organismo.\" \/>\n<meta property=\"og:url\" content=\"https:\/\/portaltela.pt\/noticias\/2026\/04\/30\/infantino-tentou-reunir-israel-e-palestina-no-congresso-da-fifa-sem-sucesso\/\" \/>\n<meta property=\"og:site_name\" content=\"Portal Tela Portugal\" \/>\n<meta property=\"article:published_time\" content=\"2026-04-30T23:47:38+00:00\" \/>\n<meta name=\"author\" content=\"Telinha\" \/>\n<meta name=\"twitter:card\" content=\"summary_large_image\" \/>\n<meta name=\"twitter:label1\" content=\"Escrito por\" \/>\n\t<meta name=\"twitter:data1\" content=\"Telinha\" \/>\n\t<meta name=\"twitter:label2\" content=\"Tempo estimado de leitura\" \/>\n\t<meta name=\"twitter:data2\" content=\"1 minuto\" \/>\n<script type=\"application\/ld+json\" class=\"yoast-schema-graph\">{\"@context\":\"https:\/\/schema.org\",\"@graph\":[{\"@type\":\"Article\",\"@id\":\"https:\/\/portaltela.pt\/noticias\/2026\/04\/30\/infantino-tentou-reunir-israel-e-palestina-no-congresso-da-fifa-sem-sucesso\/#article\",\"isPartOf\":{\"@id\":\"https:\/\/portaltela.pt\/noticias\/2026\/04\/30\/infantino-tentou-reunir-israel-e-palestina-no-congresso-da-fifa-sem-sucesso\/\"},\"author\":{\"name\":\"Telinha\",\"@id\":\"https:\/\/portaltela.pt\/#\/schema\/person\/c4278d4a6028830caff9ee44b42d32ed\"},\"headline\":\"Infantino tentou reunir Israel e Palestina no Congresso da FIFA, sem sucesso\",\"datePublished\":\"2026-04-30T23:47:38+00:00\",\"mainEntityOfPage\":{\"@id\":\"https:\/\/portaltela.pt\/noticias\/2026\/04\/30\/infantino-tentou-reunir-israel-e-palestina-no-congresso-da-fifa-sem-sucesso\/\"},\"wordCount\":163,\"image\":{\"@id\":\"https:\/\/portaltela.pt\/noticias\/2026\/04\/30\/infantino-tentou-reunir-israel-e-palestina-no-congresso-da-fifa-sem-sucesso\/#primaryimage\"},\"thumbnailUrl\":\"https:\/\/portaltela.pt\/s.01k8rhncp4jt1\/2026\/04\/img_1200x721uu2026-05-01-00-33-06-2436219.jpg\",\"keywords\":[\"conflitos internacionais\",\"congresso\",\"futebol\",\"Israel\",\"Palestina\",\"pol\u00edtica\"],\"articleSection\":[\"Desporto\",\"Futebol\"],\"inLanguage\":\"pt-PT\"},{\"@type\":\"WebPage\",\"@id\":\"https:\/\/portaltela.pt\/noticias\/2026\/04\/30\/infantino-tentou-reunir-israel-e-palestina-no-congresso-da-fifa-sem-sucesso\/\",\"url\":\"https:\/\/portaltela.pt\/noticias\/2026\/04\/30\/infantino-tentou-reunir-israel-e-palestina-no-congresso-da-fifa-sem-sucesso\/\",\"name\":\"Infantino tentou reunir Israel e Palestina no Congresso da FIFA, sem sucesso - Portal Tela Portugal\",\"isPartOf\":{\"@id\":\"https:\/\/portaltela.pt\/#website\"},\"primaryImageOfPage\":{\"@id\":\"https:\/\/portaltela.pt\/noticias\/2026\/04\/30\/infantino-tentou-reunir-israel-e-palestina-no-congresso-da-fifa-sem-sucesso\/#primaryimage\"},\"image\":{\"@id\":\"https:\/\/portaltela.pt\/noticias\/2026\/04\/30\/infantino-tentou-reunir-israel-e-palestina-no-congresso-da-fifa-sem-sucesso\/#primaryimage\"},\"thumbnailUrl\":\"https:\/\/portaltela.pt\/s.01k8rhncp4jt1\/2026\/04\/img_1200x721uu2026-05-01-00-33-06-2436219.jpg\",\"datePublished\":\"2026-04-30T23:47:38+00:00\",\"author\":{\"@id\":\"https:\/\/portaltela.pt\/#\/schema\/person\/c4278d4a6028830caff9ee44b42d32ed\"},\"breadcrumb\":{\"@id\":\"https:\/\/portaltela.pt\/noticias\/2026\/04\/30\/infantino-tentou-reunir-israel-e-palestina-no-congresso-da-fifa-sem-sucesso\/#breadcrumb\"},\"inLanguage\":\"pt-PT\",\"potentialAction\":[{\"@type\":\"ReadAction\",\"target\":[\"https:\/\/portaltela.pt\/noticias\/2026\/04\/30\/infantino-tentou-reunir-israel-e-palestina-no-congresso-da-fifa-sem-sucesso\/\"]}]},{\"@type\":\"ImageObject\",\"inLanguage\":\"pt-PT\",\"@id\":\"https:\/\/portaltela.pt\/noticias\/2026\/04\/30\/infantino-tentou-reunir-israel-e-palestina-no-congresso-da-fifa-sem-sucesso\/#primaryimage\",\"url\":\"https:\/\/portaltela.pt\/s.01k8rhncp4jt1\/2026\/04\/img_1200x721uu2026-05-01-00-33-06-2436219.jpg\",\"contentUrl\":\"https:\/\/portaltela.pt\/s.01k8rhncp4jt1\/2026\/04\/img_1200x721uu2026-05-01-00-33-06-2436219.jpg\",\"width\":796,\"height\":448,\"caption\":\"Presidente do organismo que rege o futebol mundial em momento delicado\"},{\"@type\":\"BreadcrumbList\",\"@id\":\"https:\/\/portaltela.pt\/noticias\/2026\/04\/30\/infantino-tentou-reunir-israel-e-palestina-no-congresso-da-fifa-sem-sucesso\/#breadcrumb\",\"itemListElement\":[{\"@type\":\"ListItem\",\"position\":1,\"name\":\"In\u00edcio\",\"item\":\"https:\/\/portaltela.pt\/\"},{\"@type\":\"ListItem\",\"position\":2,\"name\":\"Infantino tentou reunir Israel e Palestina no Congresso da FIFA, sem sucesso\"}]},{\"@type\":\"WebSite\",\"@id\":\"https:\/\/portaltela.pt\/#website\",\"url\":\"https:\/\/portaltela.pt\/\",\"name\":\"Portal Tela Portugal\",\"description\":\"\",\"potentialAction\":[{\"@type\":\"SearchAction\",\"target\":{\"@type\":\"EntryPoint\",\"urlTemplate\":\"https:\/\/portaltela.pt\/?s={search_term_string}\"},\"query-input\":{\"@type\":\"PropertyValueSpecification\",\"valueRequired\":true,\"valueName\":\"search_term_string\"}}],\"inLanguage\":\"pt-PT\"},{\"@type\":\"Person\",\"@id\":\"https:\/\/portaltela.pt\/#\/schema\/person\/c4278d4a6028830caff9ee44b42d32ed\",\"name\":\"Telinha\",\"image\":{\"@type\":\"ImageObject\",\"inLanguage\":\"pt-PT\",\"@id\":\"https:\/\/portaltela.pt\/s.01k8rhncp4jt1\/2025\/11\/talking-bot-125x125.png\",\"url\":\"https:\/\/portaltela.pt\/s.01k8rhncp4jt1\/2025\/11\/talking-bot-125x125.png\",\"contentUrl\":\"https:\/\/portaltela.pt\/s.01k8rhncp4jt1\/2025\/11\/talking-bot-125x125.png\",\"caption\":\"Telinha\"},\"sameAs\":[\"https:\/\/portaltela.pt\/\"],\"url\":\"https:\/\/portaltela.pt\/por\/367410592786\/\"}]}<\/script>\n<!-- \/ Yoast SEO plugin. -->","yoast_head_json":{"title":"Infantino tentou reunir Israel e Palestina no Congresso da FIFA, sem sucesso - Portal Tela Portugal","robots":{"index":"index","follow":"follow","max-snippet":"max-snippet:-1","max-image-preview":"max-image-preview:large","max-video-preview":"max-video-preview:-1"},"og_locale":"pt_PT","og_type":"article","og_title":"Infantino tentou reunir Israel e Palestina no Congresso da FIFA, sem sucesso - Portal Tela Portugal","og_description":"No Congresso da FIFA, Gianni Infantino tentou promover uma aproxima\u00e7\u00e3o entre Israel e Palestina. A iniciativa visava criar uma situa\u00e7\u00e3o de comunh\u00e3o entre os dois pa\u00edses, conforme relatado. Jibril Rajoub, presidente da Federa\u00e7\u00e3o Palestina, recusou cumprimentar Basim Sheikh Suliman, vice-presidente israelita, durante o evento. Rajoub deixou claras as suas diverg\u00eancias com Infantino num momento considerado delicado para o organismo.","og_url":"https:\/\/portaltela.pt\/noticias\/2026\/04\/30\/infantino-tentou-reunir-israel-e-palestina-no-congresso-da-fifa-sem-sucesso\/","og_site_name":"Portal Tela Portugal","article_published_time":"2026-04-30T23:47:38+00:00","author":"Telinha","twitter_card":"summary_large_image","twitter_misc":{"Escrito por":"Telinha","Tempo estimado de leitura":"1 minuto"},"schema":{"@context":"https:\/\/schema.org","@graph":[{"@type":"Article","@id":"https:\/\/portaltela.pt\/noticias\/2026\/04\/30\/infantino-tentou-reunir-israel-e-palestina-no-congresso-da-fifa-sem-sucesso\/#article","isPartOf":{"@id":"https:\/\/portaltela.pt\/noticias\/2026\/04\/30\/infantino-tentou-reunir-israel-e-palestina-no-congresso-da-fifa-sem-sucesso\/"},"author":{"name":"Telinha","@id":"https:\/\/portaltela.pt\/#\/schema\/person\/c4278d4a6028830caff9ee44b42d32ed"},"headline":"Infantino tentou reunir Israel e Palestina no Congresso da FIFA, sem sucesso","datePublished":"2026-04-30T23:47:38+00:00","mainEntityOfPage":{"@id":"https:\/\/portaltela.pt\/noticias\/2026\/04\/30\/infantino-tentou-reunir-israel-e-palestina-no-congresso-da-fifa-sem-sucesso\/"},"wordCount":163,"image":{"@id":"https:\/\/portaltela.pt\/noticias\/2026\/04\/30\/infantino-tentou-reunir-israel-e-palestina-no-congresso-da-fifa-sem-sucesso\/#primaryimage"},"thumbnailUrl":"https:\/\/portaltela.pt\/s.01k8rhncp4jt1\/2026\/04\/img_1200x721uu2026-05-01-00-33-06-2436219.jpg","keywords":["conflitos internacionais","congresso","futebol","Israel","Palestina","pol\u00edtica"],"articleSection":["Desporto","Futebol"],"inLanguage":"pt-PT"},{"@type":"WebPage","@id":"https:\/\/portaltela.pt\/noticias\/2026\/04\/30\/infantino-tentou-reunir-israel-e-palestina-no-congresso-da-fifa-sem-sucesso\/","url":"https:\/\/portaltela.pt\/noticias\/2026\/04\/30\/infantino-tentou-reunir-israel-e-palestina-no-congresso-da-fifa-sem-sucesso\/","name":"Infantino tentou reunir Israel e Palestina no Congresso da FIFA, sem sucesso - Portal Tela Portugal","isPartOf":{"@id":"https:\/\/portaltela.pt\/#website"},"primaryImageOfPage":{"@id":"https:\/\/portaltela.pt\/noticias\/2026\/04\/30\/infantino-tentou-reunir-israel-e-palestina-no-congresso-da-fifa-sem-sucesso\/#primaryimage"},"image":{"@id":"https:\/\/portaltela.pt\/noticias\/2026\/04\/30\/infantino-tentou-reunir-israel-e-palestina-no-congresso-da-fifa-sem-sucesso\/#primaryimage"},"thumbnailUrl":"https:\/\/portaltela.pt\/s.01k8rhncp4jt1\/2026\/04\/img_1200x721uu2026-05-01-00-33-06-2436219.jpg","datePublished":"2026-04-30T23:47:38+00:00","author":{"@id":"https:\/\/portaltela.pt\/#\/schema\/person\/c4278d4a6028830caff9ee44b42d32ed"},"breadcrumb":{"@id":"https:\/\/portaltela.pt\/noticias\/2026\/04\/30\/infantino-tentou-reunir-israel-e-palestina-no-congresso-da-fifa-sem-sucesso\/#breadcrumb"},"inLanguage":"pt-PT","potentialAction":[{"@type":"ReadAction","target":["https:\/\/portaltela.pt\/noticias\/2026\/04\/30\/infantino-tentou-reunir-israel-e-palestina-no-congresso-da-fifa-sem-sucesso\/"]}]},{"@type":"ImageObject","inLanguage":"pt-PT","@id":"https:\/\/portaltela.pt\/noticias\/2026\/04\/30\/infantino-tentou-reunir-israel-e-palestina-no-congresso-da-fifa-sem-sucesso\/#primaryimage","url":"https:\/\/portaltela.pt\/s.01k8rhncp4jt1\/2026\/04\/img_1200x721uu2026-05-01-00-33-06-2436219.jpg","contentUrl":"https:\/\/portaltela.pt\/s.01k8rhncp4jt1\/2026\/04\/img_1200x721uu2026-05-01-00-33-06-2436219.jpg","width":796,"height":448,"caption":"Presidente do organismo que rege o futebol mundial em momento delicado"},{"@type":"BreadcrumbList","@id":"https:\/\/portaltela.pt\/noticias\/2026\/04\/30\/infantino-tentou-reunir-israel-e-palestina-no-congresso-da-fifa-sem-sucesso\/#breadcrumb","itemListElement":[{"@type":"ListItem","position":1,"name":"In\u00edcio","item":"https:\/\/portaltela.pt\/"},{"@type":"ListItem","position":2,"name":"Infantino tentou reunir Israel e Palestina no Congresso da FIFA, sem sucesso"}]},{"@type":"WebSite","@id":"https:\/\/portaltela.pt\/#website","url":"https:\/\/portaltela.pt\/","name":"Portal Tela Portugal","description":"","potentialAction":[{"@type":"SearchAction","target":{"@type":"EntryPoint","urlTemplate":"https:\/\/portaltela.pt\/?s={search_term_string}"},"query-input":{"@type":"PropertyValueSpecification","valueRequired":true,"valueName":"search_term_string"}}],"inLanguage":"pt-PT"},{"@type":"Person","@id":"https:\/\/portaltela.pt\/#\/schema\/person\/c4278d4a6028830caff9ee44b42d32ed","name":"Telinha","image":{"@type":"ImageObject","inLanguage":"pt-PT","@id":"https:\/\/portaltela.pt\/s.01k8rhncp4jt1\/2025\/11\/talking-bot-125x125.png","url":"https:\/\/portaltela.pt\/s.01k8rhncp4jt1\/2025\/11\/talking-bot-125x125.png","contentUrl":"https:\/\/portaltela.pt\/s.01k8rhncp4jt1\/2025\/11\/talking-bot-125x125.png","caption":"Telinha"},"sameAs":["https:\/\/portaltela.pt\/"],"url":"https:\/\/portaltela.pt\/por\/367410592786\/"}]}},"_links":{"self":[{"href":"https:\/\/portaltela.pt\/api\/wp\/v2\/posts\/463257","targetHints":{"allow":["GET"]}}],"collection":[{"href":"https:\/\/portaltela.pt\/api\/wp\/v2\/posts"}],"about":[{"href":"https:\/\/portaltela.pt\/api\/wp\/v2\/types\/post"}],"author":[{"embeddable":true,"href":"https:\/\/portaltela.pt\/api\/wp\/v2\/users\/2"}],"replies":[{"embeddable":true,"href":"https:\/\/portaltela.pt\/api\/wp\/v2\/comments?post=463257"}],"version-history":[{"count":0,"href":"https:\/\/portaltela.pt\/api\/wp\/v2\/posts\/463257\/revisions"}],"wp:featuredmedia":[{"embeddable":true,"href":"https:\/\/portaltela.pt\/api\/wp\/v2\/media\/463263"}],"wp:attachment":[{"href":"https:\/\/portaltela.pt\/api\/wp\/v2\/media?parent=463257"}],"wp:term":[{"taxonomy":"category","embeddable":true,"href":"https:\/\/portaltela.pt\/api\/wp\/v2\/categories?post=463257"},{"taxonomy":"post_tag","embeddable":true,"href":"https:\/\/portaltela.pt\/api\/wp\/v2\/tags?post=463257"}],"curies":[{"name":"wp","href":"https:\/\/api.w.org\/{rel}","templated":true}]}}