{"id":463245,"date":"2026-04-30T20:18:21","date_gmt":"2026-04-30T23:18:21","guid":{"rendered":"https:\/\/portaltela.pt\/noticias\/2026\/04\/30\/jovens-portugueses-entre-os-mais-precarizados-da-europa\/"},"modified":"2026-04-30T20:18:21","modified_gmt":"2026-04-30T23:18:21","slug":"jovens-portugueses-entre-os-mais-precarizados-da-europa","status":"publish","type":"post","link":"https:\/\/portaltela.pt\/noticias\/economia\/2026\/04\/30\/jovens-portugueses-entre-os-mais-precarizados-da-europa\/","title":{"rendered":"Jovens portugueses entre os mais precarizados da Europa"},"content":{"rendered":"<p>Em Portugal, a precariedade entre os jovens volta a ser tema de destaque. Um estudo da Pordata, divulgado no \u00e2mbito do Dia Mundial do Trabalhador, aponta que o pa\u00eds tem a s\u00e9tima maior taxa de emprego entre jovens na UE, mas destaca n\u00edveis elevados de trabalho prec\u00e1rio.<\/p>\n<p>Segundo a an\u00e1lise, quase 40% dos trabalhadores jovens em Portugal t\u00eam contratos tempor\u00e1rios, colocando o pa\u00eds no quarto lugar da UE em precariedade entre jovens. A lista \u00e9 liderada pela Pol\u00f3nia, seguida de Fran\u00e7a e Pa\u00edses Baixos, com Portugal a registar 15,1% de v\u00ednculos tempor\u00e1rios entre os trabalhadores.<\/p>\n<p>Apesar da precariedade, Portugal apresenta uma das mais altas taxas de emprego na faixa et\u00e1ria 25-29 anos, com 82,8%, acima da m\u00e9dia europeia de 76,9%. O estudo sublinha ainda que Portugal est\u00e1 entre os cinco Estados com maior percentagem de v\u00ednculos tempor\u00e1rios, independentemente da idade, com 15,1% dos trabalhadores nessa condi\u00e7\u00e3o.<\/p>\n<h3>Carga hor\u00e1ria e trabalho remoto<\/h3>\n<p>A an\u00e1lise evidencia que Portugal tem uma das maiores cargas hor\u00e1rias na UE, com 39,7 horas semanais, superior \u00e0 m\u00e9dia europeia de 37 horas. A Bulg\u00e1ria, a Rom\u00e9nia, a Pol\u00f3nia e a Gr\u00e9cia s\u00e3o os \u00fanicos pa\u00edses com maior peso de horas.<\/p>\n<p>No que toca ao trabalho \u00e0 dist\u00e2ncia, Portugal fica aqu\u00e9m da m\u00e9dia europeia de teletrabalho, com 21,3% dos trabalhadores em modo remoto (h\u00edbrido ou completo). A m\u00e9dia na UE situa-se em 23,1%, e os pa\u00edses com sal\u00e1rios mais elevados tendem a ter maior preval\u00eancia de trabalho remoto.<\/p>\n<h3>Escolaridade e desigualdade<\/h3>\n<p>Em termos de forma\u00e7\u00e3o, 39,5% dos trabalhadores portugueses possuem diploma de ensino superior, abaixo da m\u00e9dia da UE (35,2%) apenas entre os 11 pa\u00edses com menos forma\u00e7\u00e3o superior. A diferen\u00e7a desde 2016 aponta para uma melhoria de 10 pontos percentuais.<\/p>\n<p>A desigualdade de g\u00e9nero no acesso ao mercado de trabalho manteve-se, em 2025, com uma diferen\u00e7a de 5,4 p.p. entre homens e mulheres. It\u00e1lia, Gr\u00e9cia e Rom\u00e9nia registam as maiores disparidades entre os Estados-membros.<\/p>\n<h3>Manifesta\u00e7\u00f5es do 1.\u00ba de Maio<\/h3>\n<p>As centrais sindicais CGTP e UGT preparam-se para marchar no 1 de Maio, com milhares de trabalhadores a sa\u00edrem \u00e0 rua. A CGTP prev\u00ea mais de 33 iniciativas em todo o pa\u00eds, com desfiles em Lisboa e no Porto, a partir das 14h30 e 15h00, respetivamente.<\/p>\n<p>A UGT organiza atividades no Centro Desportivo do Jamor, em Oeiras, com in\u00edcio \u00e0s 10h30. O secret\u00e1rio-geral adjunto da UGT aponta para uma participa\u00e7\u00e3o que dever\u00e1 superar as edi\u00e7\u00f5es anteriores, em contexto de kamu desafios laborais.<\/p>\n","protected":false},"excerpt":{"rendered":"<ul>\n<li>O estudo da Pordata, divulgado no Dia Mundial do Trabalhador, mostra que Portugal tem a s\u00e9tima taxa de emprego jovem da UE, mas \u00e9 um dos pa\u00edses com maior precariedade entre os jovens.<\/li>\n<li>Quase 40% dos trabalhadores jovens em Portugal t\u00eam contratos tempor\u00e1rios, colocando o pa\u00eds no quarto lugar em precariedade jovem na UE.<\/li>\n<li>A carga hor\u00e1ria m\u00e9dia \u00e9 de 39,7 horas por semana, das mais altas da UE, onde a m\u00e9dia \u00e9 de 37 horas.<\/li>\n<li>O trabalho \u00e0 dist\u00e2ncia envolve 21,3% dos trabalhadores portugueses, abaixo da m\u00e9dia europeia de 23,1%. Pa\u00edses com sal\u00e1rios mais elevados tendem a ter mais teletrabalho.<\/li>\n<li>Em educa\u00e7\u00e3o, 35,2% dos trabalhadores t\u00eam ensino superior, abaixo da m\u00e9dia da UE (39,5%), com melhoria de 10 p.p. desde 2016; em 2025 persiste uma disparidade de g\u00e9nero de 5,4 p.p. no acesso ao mercado de trabalho.<\/li>\n<\/ul>\n","protected":false},"author":2,"featured_media":463247,"comment_status":"closed","ping_status":"closed","sticky":false,"template":"","format":"standard","meta":{"footnotes":""},"categories":[2,6871],"tags":[8107,8572,8190,8459,8188,8923],"class_list":["post-463245","post","type-post","status-publish","format-standard","has-post-thumbnail","hentry","category-economia","category-sociedade","tag-_cgtp","tag-_desemprego","tag-_desigualdades-sociais","tag-_emprego","tag-_juventude","tag-_ugt"],"yoast_head":"<!-- This site is optimized with the Yoast SEO plugin v27.2 - https:\/\/yoast.com\/product\/yoast-seo-wordpress\/ -->\n<title>Jovens portugueses entre os mais precarizados da Europa - Portal Tela Portugal<\/title>\n<meta name=\"robots\" content=\"index, follow, max-snippet:-1, max-image-preview:large, max-video-preview:-1\" \/>\n<meta property=\"og:locale\" content=\"pt_PT\" \/>\n<meta property=\"og:type\" content=\"article\" \/>\n<meta property=\"og:title\" content=\"Jovens portugueses entre os mais precarizados da Europa - Portal Tela Portugal\" \/>\n<meta property=\"og:description\" content=\"O estudo da Pordata, divulgado no Dia Mundial do Trabalhador, mostra que Portugal tem a s\u00e9tima taxa de emprego jovem da UE, mas \u00e9 um dos pa\u00edses com maior precariedade entre os jovens. Quase 40% dos trabalhadores jovens em Portugal t\u00eam contratos tempor\u00e1rios, colocando o pa\u00eds no quarto lugar em precariedade jovem na UE. A carga hor\u00e1ria m\u00e9dia \u00e9 de 39,7 horas por semana, das mais altas da UE, onde a m\u00e9dia \u00e9 de 37 horas. O trabalho \u00e0 dist\u00e2ncia envolve 21,3% dos trabalhadores portugueses, abaixo da m\u00e9dia europeia de 23,1%. Pa\u00edses com sal\u00e1rios mais elevados tendem a ter mais teletrabalho. Em educa\u00e7\u00e3o, 35,2% dos trabalhadores t\u00eam ensino superior, abaixo da m\u00e9dia da UE (39,5%), com melhoria de 10 p.p. desde 2016; em 2025 persiste uma disparidade de g\u00e9nero de 5,4 p.p. no acesso ao mercado de trabalho.\" \/>\n<meta property=\"og:url\" content=\"https:\/\/portaltela.pt\/noticias\/2026\/04\/30\/jovens-portugueses-entre-os-mais-precarizados-da-europa\/\" \/>\n<meta property=\"og:site_name\" content=\"Portal Tela Portugal\" \/>\n<meta property=\"article:published_time\" content=\"2026-04-30T23:18:21+00:00\" \/>\n<meta name=\"author\" content=\"Telinha\" \/>\n<meta name=\"twitter:card\" content=\"summary_large_image\" \/>\n<meta name=\"twitter:label1\" content=\"Escrito por\" \/>\n\t<meta name=\"twitter:data1\" content=\"Telinha\" \/>\n\t<meta name=\"twitter:label2\" content=\"Tempo estimado de leitura\" \/>\n\t<meta name=\"twitter:data2\" content=\"2 minutos\" \/>\n<script type=\"application\/ld+json\" class=\"yoast-schema-graph\">{\"@context\":\"https:\/\/schema.org\",\"@graph\":[{\"@type\":\"Article\",\"@id\":\"https:\/\/portaltela.pt\/noticias\/2026\/04\/30\/jovens-portugueses-entre-os-mais-precarizados-da-europa\/#article\",\"isPartOf\":{\"@id\":\"https:\/\/portaltela.pt\/noticias\/2026\/04\/30\/jovens-portugueses-entre-os-mais-precarizados-da-europa\/\"},\"author\":{\"name\":\"Telinha\",\"@id\":\"https:\/\/portaltela.pt\/#\/schema\/person\/c4278d4a6028830caff9ee44b42d32ed\"},\"headline\":\"Jovens portugueses entre os mais precarizados da Europa\",\"datePublished\":\"2026-04-30T23:18:21+00:00\",\"mainEntityOfPage\":{\"@id\":\"https:\/\/portaltela.pt\/noticias\/2026\/04\/30\/jovens-portugueses-entre-os-mais-precarizados-da-europa\/\"},\"wordCount\":443,\"image\":{\"@id\":\"https:\/\/portaltela.pt\/noticias\/2026\/04\/30\/jovens-portugueses-entre-os-mais-precarizados-da-europa\/#primaryimage\"},\"thumbnailUrl\":\"https:\/\/portaltela.pt\/s.01k8rhncp4jt1\/2026\/04\/img_1280x721uu2026-04-30-13-22-17-2282029.jpg\",\"keywords\":[\"_CGTP\",\"_desemprego\",\"_desigualdades sociais\",\"_emprego\",\"_juventude\",\"_UGT\"],\"articleSection\":[\"Economia\",\"Sociedade\"],\"inLanguage\":\"pt-PT\"},{\"@type\":\"WebPage\",\"@id\":\"https:\/\/portaltela.pt\/noticias\/2026\/04\/30\/jovens-portugueses-entre-os-mais-precarizados-da-europa\/\",\"url\":\"https:\/\/portaltela.pt\/noticias\/2026\/04\/30\/jovens-portugueses-entre-os-mais-precarizados-da-europa\/\",\"name\":\"Jovens portugueses entre os mais precarizados da Europa - Portal Tela Portugal\",\"isPartOf\":{\"@id\":\"https:\/\/portaltela.pt\/#website\"},\"primaryImageOfPage\":{\"@id\":\"https:\/\/portaltela.pt\/noticias\/2026\/04\/30\/jovens-portugueses-entre-os-mais-precarizados-da-europa\/#primaryimage\"},\"image\":{\"@id\":\"https:\/\/portaltela.pt\/noticias\/2026\/04\/30\/jovens-portugueses-entre-os-mais-precarizados-da-europa\/#primaryimage\"},\"thumbnailUrl\":\"https:\/\/portaltela.pt\/s.01k8rhncp4jt1\/2026\/04\/img_1280x721uu2026-04-30-13-22-17-2282029.jpg\",\"datePublished\":\"2026-04-30T23:18:21+00:00\",\"author\":{\"@id\":\"https:\/\/portaltela.pt\/#\/schema\/person\/c4278d4a6028830caff9ee44b42d32ed\"},\"breadcrumb\":{\"@id\":\"https:\/\/portaltela.pt\/noticias\/2026\/04\/30\/jovens-portugueses-entre-os-mais-precarizados-da-europa\/#breadcrumb\"},\"inLanguage\":\"pt-PT\",\"potentialAction\":[{\"@type\":\"ReadAction\",\"target\":[\"https:\/\/portaltela.pt\/noticias\/2026\/04\/30\/jovens-portugueses-entre-os-mais-precarizados-da-europa\/\"]}]},{\"@type\":\"ImageObject\",\"inLanguage\":\"pt-PT\",\"@id\":\"https:\/\/portaltela.pt\/noticias\/2026\/04\/30\/jovens-portugueses-entre-os-mais-precarizados-da-europa\/#primaryimage\",\"url\":\"https:\/\/portaltela.pt\/s.01k8rhncp4jt1\/2026\/04\/img_1280x721uu2026-04-30-13-22-17-2282029.jpg\",\"contentUrl\":\"https:\/\/portaltela.pt\/s.01k8rhncp4jt1\/2026\/04\/img_1280x721uu2026-04-30-13-22-17-2282029.jpg\",\"width\":796,\"height\":448,\"caption\":\"Jovens portugueses s\u00e3o dos mais prec\u00e1rios da Europa\"},{\"@type\":\"BreadcrumbList\",\"@id\":\"https:\/\/portaltela.pt\/noticias\/2026\/04\/30\/jovens-portugueses-entre-os-mais-precarizados-da-europa\/#breadcrumb\",\"itemListElement\":[{\"@type\":\"ListItem\",\"position\":1,\"name\":\"In\u00edcio\",\"item\":\"https:\/\/portaltela.pt\/\"},{\"@type\":\"ListItem\",\"position\":2,\"name\":\"Jovens portugueses entre os mais precarizados da Europa\"}]},{\"@type\":\"WebSite\",\"@id\":\"https:\/\/portaltela.pt\/#website\",\"url\":\"https:\/\/portaltela.pt\/\",\"name\":\"Portal Tela Portugal\",\"description\":\"\",\"potentialAction\":[{\"@type\":\"SearchAction\",\"target\":{\"@type\":\"EntryPoint\",\"urlTemplate\":\"https:\/\/portaltela.pt\/?s={search_term_string}\"},\"query-input\":{\"@type\":\"PropertyValueSpecification\",\"valueRequired\":true,\"valueName\":\"search_term_string\"}}],\"inLanguage\":\"pt-PT\"},{\"@type\":\"Person\",\"@id\":\"https:\/\/portaltela.pt\/#\/schema\/person\/c4278d4a6028830caff9ee44b42d32ed\",\"name\":\"Telinha\",\"image\":{\"@type\":\"ImageObject\",\"inLanguage\":\"pt-PT\",\"@id\":\"https:\/\/portaltela.pt\/s.01k8rhncp4jt1\/2025\/11\/talking-bot-125x125.png\",\"url\":\"https:\/\/portaltela.pt\/s.01k8rhncp4jt1\/2025\/11\/talking-bot-125x125.png\",\"contentUrl\":\"https:\/\/portaltela.pt\/s.01k8rhncp4jt1\/2025\/11\/talking-bot-125x125.png\",\"caption\":\"Telinha\"},\"sameAs\":[\"https:\/\/portaltela.pt\/\"],\"url\":\"https:\/\/portaltela.pt\/por\/367410592786\/\"}]}<\/script>\n<!-- \/ Yoast SEO plugin. -->","yoast_head_json":{"title":"Jovens portugueses entre os mais precarizados da Europa - Portal Tela Portugal","robots":{"index":"index","follow":"follow","max-snippet":"max-snippet:-1","max-image-preview":"max-image-preview:large","max-video-preview":"max-video-preview:-1"},"og_locale":"pt_PT","og_type":"article","og_title":"Jovens portugueses entre os mais precarizados da Europa - Portal Tela Portugal","og_description":"O estudo da Pordata, divulgado no Dia Mundial do Trabalhador, mostra que Portugal tem a s\u00e9tima taxa de emprego jovem da UE, mas \u00e9 um dos pa\u00edses com maior precariedade entre os jovens. Quase 40% dos trabalhadores jovens em Portugal t\u00eam contratos tempor\u00e1rios, colocando o pa\u00eds no quarto lugar em precariedade jovem na UE. A carga hor\u00e1ria m\u00e9dia \u00e9 de 39,7 horas por semana, das mais altas da UE, onde a m\u00e9dia \u00e9 de 37 horas. O trabalho \u00e0 dist\u00e2ncia envolve 21,3% dos trabalhadores portugueses, abaixo da m\u00e9dia europeia de 23,1%. Pa\u00edses com sal\u00e1rios mais elevados tendem a ter mais teletrabalho. Em educa\u00e7\u00e3o, 35,2% dos trabalhadores t\u00eam ensino superior, abaixo da m\u00e9dia da UE (39,5%), com melhoria de 10 p.p. desde 2016; em 2025 persiste uma disparidade de g\u00e9nero de 5,4 p.p. no acesso ao mercado de trabalho.","og_url":"https:\/\/portaltela.pt\/noticias\/2026\/04\/30\/jovens-portugueses-entre-os-mais-precarizados-da-europa\/","og_site_name":"Portal Tela Portugal","article_published_time":"2026-04-30T23:18:21+00:00","author":"Telinha","twitter_card":"summary_large_image","twitter_misc":{"Escrito por":"Telinha","Tempo estimado de leitura":"2 minutos"},"schema":{"@context":"https:\/\/schema.org","@graph":[{"@type":"Article","@id":"https:\/\/portaltela.pt\/noticias\/2026\/04\/30\/jovens-portugueses-entre-os-mais-precarizados-da-europa\/#article","isPartOf":{"@id":"https:\/\/portaltela.pt\/noticias\/2026\/04\/30\/jovens-portugueses-entre-os-mais-precarizados-da-europa\/"},"author":{"name":"Telinha","@id":"https:\/\/portaltela.pt\/#\/schema\/person\/c4278d4a6028830caff9ee44b42d32ed"},"headline":"Jovens portugueses entre os mais precarizados da Europa","datePublished":"2026-04-30T23:18:21+00:00","mainEntityOfPage":{"@id":"https:\/\/portaltela.pt\/noticias\/2026\/04\/30\/jovens-portugueses-entre-os-mais-precarizados-da-europa\/"},"wordCount":443,"image":{"@id":"https:\/\/portaltela.pt\/noticias\/2026\/04\/30\/jovens-portugueses-entre-os-mais-precarizados-da-europa\/#primaryimage"},"thumbnailUrl":"https:\/\/portaltela.pt\/s.01k8rhncp4jt1\/2026\/04\/img_1280x721uu2026-04-30-13-22-17-2282029.jpg","keywords":["_CGTP","_desemprego","_desigualdades sociais","_emprego","_juventude","_UGT"],"articleSection":["Economia","Sociedade"],"inLanguage":"pt-PT"},{"@type":"WebPage","@id":"https:\/\/portaltela.pt\/noticias\/2026\/04\/30\/jovens-portugueses-entre-os-mais-precarizados-da-europa\/","url":"https:\/\/portaltela.pt\/noticias\/2026\/04\/30\/jovens-portugueses-entre-os-mais-precarizados-da-europa\/","name":"Jovens portugueses entre os mais precarizados da Europa - Portal Tela Portugal","isPartOf":{"@id":"https:\/\/portaltela.pt\/#website"},"primaryImageOfPage":{"@id":"https:\/\/portaltela.pt\/noticias\/2026\/04\/30\/jovens-portugueses-entre-os-mais-precarizados-da-europa\/#primaryimage"},"image":{"@id":"https:\/\/portaltela.pt\/noticias\/2026\/04\/30\/jovens-portugueses-entre-os-mais-precarizados-da-europa\/#primaryimage"},"thumbnailUrl":"https:\/\/portaltela.pt\/s.01k8rhncp4jt1\/2026\/04\/img_1280x721uu2026-04-30-13-22-17-2282029.jpg","datePublished":"2026-04-30T23:18:21+00:00","author":{"@id":"https:\/\/portaltela.pt\/#\/schema\/person\/c4278d4a6028830caff9ee44b42d32ed"},"breadcrumb":{"@id":"https:\/\/portaltela.pt\/noticias\/2026\/04\/30\/jovens-portugueses-entre-os-mais-precarizados-da-europa\/#breadcrumb"},"inLanguage":"pt-PT","potentialAction":[{"@type":"ReadAction","target":["https:\/\/portaltela.pt\/noticias\/2026\/04\/30\/jovens-portugueses-entre-os-mais-precarizados-da-europa\/"]}]},{"@type":"ImageObject","inLanguage":"pt-PT","@id":"https:\/\/portaltela.pt\/noticias\/2026\/04\/30\/jovens-portugueses-entre-os-mais-precarizados-da-europa\/#primaryimage","url":"https:\/\/portaltela.pt\/s.01k8rhncp4jt1\/2026\/04\/img_1280x721uu2026-04-30-13-22-17-2282029.jpg","contentUrl":"https:\/\/portaltela.pt\/s.01k8rhncp4jt1\/2026\/04\/img_1280x721uu2026-04-30-13-22-17-2282029.jpg","width":796,"height":448,"caption":"Jovens portugueses s\u00e3o dos mais prec\u00e1rios da Europa"},{"@type":"BreadcrumbList","@id":"https:\/\/portaltela.pt\/noticias\/2026\/04\/30\/jovens-portugueses-entre-os-mais-precarizados-da-europa\/#breadcrumb","itemListElement":[{"@type":"ListItem","position":1,"name":"In\u00edcio","item":"https:\/\/portaltela.pt\/"},{"@type":"ListItem","position":2,"name":"Jovens portugueses entre os mais precarizados da Europa"}]},{"@type":"WebSite","@id":"https:\/\/portaltela.pt\/#website","url":"https:\/\/portaltela.pt\/","name":"Portal Tela Portugal","description":"","potentialAction":[{"@type":"SearchAction","target":{"@type":"EntryPoint","urlTemplate":"https:\/\/portaltela.pt\/?s={search_term_string}"},"query-input":{"@type":"PropertyValueSpecification","valueRequired":true,"valueName":"search_term_string"}}],"inLanguage":"pt-PT"},{"@type":"Person","@id":"https:\/\/portaltela.pt\/#\/schema\/person\/c4278d4a6028830caff9ee44b42d32ed","name":"Telinha","image":{"@type":"ImageObject","inLanguage":"pt-PT","@id":"https:\/\/portaltela.pt\/s.01k8rhncp4jt1\/2025\/11\/talking-bot-125x125.png","url":"https:\/\/portaltela.pt\/s.01k8rhncp4jt1\/2025\/11\/talking-bot-125x125.png","contentUrl":"https:\/\/portaltela.pt\/s.01k8rhncp4jt1\/2025\/11\/talking-bot-125x125.png","caption":"Telinha"},"sameAs":["https:\/\/portaltela.pt\/"],"url":"https:\/\/portaltela.pt\/por\/367410592786\/"}]}},"_links":{"self":[{"href":"https:\/\/portaltela.pt\/api\/wp\/v2\/posts\/463245","targetHints":{"allow":["GET"]}}],"collection":[{"href":"https:\/\/portaltela.pt\/api\/wp\/v2\/posts"}],"about":[{"href":"https:\/\/portaltela.pt\/api\/wp\/v2\/types\/post"}],"author":[{"embeddable":true,"href":"https:\/\/portaltela.pt\/api\/wp\/v2\/users\/2"}],"replies":[{"embeddable":true,"href":"https:\/\/portaltela.pt\/api\/wp\/v2\/comments?post=463245"}],"version-history":[{"count":0,"href":"https:\/\/portaltela.pt\/api\/wp\/v2\/posts\/463245\/revisions"}],"wp:featuredmedia":[{"embeddable":true,"href":"https:\/\/portaltela.pt\/api\/wp\/v2\/media\/463247"}],"wp:attachment":[{"href":"https:\/\/portaltela.pt\/api\/wp\/v2\/media?parent=463245"}],"wp:term":[{"taxonomy":"category","embeddable":true,"href":"https:\/\/portaltela.pt\/api\/wp\/v2\/categories?post=463245"},{"taxonomy":"post_tag","embeddable":true,"href":"https:\/\/portaltela.pt\/api\/wp\/v2\/tags?post=463245"}],"curies":[{"name":"wp","href":"https:\/\/api.w.org\/{rel}","templated":true}]}}