{"id":463236,"date":"2026-04-30T20:00:00","date_gmt":"2026-04-30T23:00:00","guid":{"rendered":"https:\/\/portaltela.pt\/noticias\/2026\/04\/30\/quadras-de-s-joao-do-jn-estao-de-volta-participe\/"},"modified":"2026-04-30T20:00:00","modified_gmt":"2026-04-30T23:00:00","slug":"quadras-de-s-joao-do-jn-estao-de-volta-participe","status":"publish","type":"post","link":"https:\/\/portaltela.pt\/lazer\/2026\/04\/30\/quadras-de-s-joao-do-jn-estao-de-volta-participe\/","title":{"rendered":"Quadras de S. Jo\u00e3o do JN est\u00e3o de volta; participe"},"content":{"rendered":"<p>O Concurso das Quadras de S\u00e3o Jo\u00e3o retorna ao Jornal de Not\u00edcias, mantendo uma tradi\u00e7\u00e3o que perdura desde 1929, quando poetas populares come\u00e7aram a ter espa\u00e7o no di\u00e1rio para as quadras juninas.<\/p>\n<p>A iniciativa, guiada pelo Jornal de Not\u00edcias, pretende preservar uma express\u00e3o cultural t\u00edpica das festas de S\u00e3o Jo\u00e3o, reunindo autores populares em novas edi\u00e7\u00f5es da rubrica.<\/p>\n<p>A participa\u00e7\u00e3o est\u00e1 aberta a pessoas interessadas em partilhar quadras originais, continuando a liga\u00e7\u00e3o hist\u00f3rica entre a imprensa nacional e a poesia popular.<\/p>\n<p>Os organizadores destacam a import\u00e2ncia de manter vivo o formato tradicional das quadras, refor\u00e7ando o papel do JN na promo\u00e7\u00e3o da cultura regional e da celebra\u00e7\u00e3o de S\u00e3o Jo\u00e3o.<\/p>\n","protected":false},"excerpt":{"rendered":"<ul>\n<li>O Jornal de Not\u00edcias anunciou o regresso do Concurso das Quadras de S\u00e3o Jo\u00e3o, um dos mais antigos da imprensa nacional.<\/li>\n<li>O evento celebra as quadras populares e volta a trazer as leituras associadas \u00e0s festas de S\u00e3o Jo\u00e3o.<\/li>\n<li>O concurso tem presen\u00e7a hist\u00f3rica desde 1929 e mant\u00e9m a tradi\u00e7\u00e3o liter\u00e1ria popular.<\/li>\n<li>O convite \u00e9 para que o p\u00fablico participe, fortalecendo a programa\u00e7\u00e3o festiva.<\/li>\n<li>A iniciativa destaca-se como infografia informativa do regresso das quadras ao jornal.<\/li>\n<\/ul>\n","protected":false},"author":2,"featured_media":463238,"comment_status":"closed","ping_status":"closed","sticky":false,"template":"","format":"standard","meta":{"footnotes":""},"categories":[7375,7381],"tags":[145,4919,506,40,5553],"class_list":["post-463236","post","type-post","status-publish","format-standard","has-post-thumbnail","hentry","category-cultura","category-lazer","tag-cultura","tag-festas","tag-imprensa","tag-pessoas","tag-poesia"],"yoast_head":"<!-- This site is optimized with the Yoast SEO plugin v27.2 - https:\/\/yoast.com\/product\/yoast-seo-wordpress\/ -->\n<title>Quadras de S. Jo\u00e3o do JN est\u00e3o de volta; participe - Portal Tela Portugal<\/title>\n<meta name=\"robots\" content=\"index, follow, max-snippet:-1, max-image-preview:large, max-video-preview:-1\" \/>\n<meta property=\"og:locale\" content=\"pt_PT\" \/>\n<meta property=\"og:type\" content=\"article\" \/>\n<meta property=\"og:title\" content=\"Quadras de S. Jo\u00e3o do JN est\u00e3o de volta; participe - Portal Tela Portugal\" \/>\n<meta property=\"og:description\" content=\"O Jornal de Not\u00edcias anunciou o regresso do Concurso das Quadras de S\u00e3o Jo\u00e3o, um dos mais antigos da imprensa nacional. O evento celebra as quadras populares e volta a trazer as leituras associadas \u00e0s festas de S\u00e3o Jo\u00e3o. O concurso tem presen\u00e7a hist\u00f3rica desde 1929 e mant\u00e9m a tradi\u00e7\u00e3o liter\u00e1ria popular. O convite \u00e9 para que o p\u00fablico participe, fortalecendo a programa\u00e7\u00e3o festiva. A iniciativa destaca-se como infografia informativa do regresso das quadras ao jornal.\" \/>\n<meta property=\"og:url\" content=\"https:\/\/portaltela.pt\/noticias\/2026\/04\/30\/quadras-de-s-joao-do-jn-estao-de-volta-participe\/\" \/>\n<meta property=\"og:site_name\" content=\"Portal Tela Portugal\" \/>\n<meta property=\"article:published_time\" content=\"2026-04-30T23:00:00+00:00\" \/>\n<meta name=\"author\" content=\"Telinha\" \/>\n<meta name=\"twitter:card\" content=\"summary_large_image\" \/>\n<meta name=\"twitter:label1\" content=\"Escrito por\" \/>\n\t<meta name=\"twitter:data1\" content=\"Telinha\" \/>\n\t<meta name=\"twitter:label2\" content=\"Tempo estimado de leitura\" \/>\n\t<meta name=\"twitter:data2\" content=\"1 minuto\" \/>\n<script type=\"application\/ld+json\" class=\"yoast-schema-graph\">{\"@context\":\"https:\/\/schema.org\",\"@graph\":[{\"@type\":\"Article\",\"@id\":\"https:\/\/portaltela.pt\/noticias\/2026\/04\/30\/quadras-de-s-joao-do-jn-estao-de-volta-participe\/#article\",\"isPartOf\":{\"@id\":\"https:\/\/portaltela.pt\/noticias\/2026\/04\/30\/quadras-de-s-joao-do-jn-estao-de-volta-participe\/\"},\"author\":{\"name\":\"Telinha\",\"@id\":\"https:\/\/portaltela.pt\/#\/schema\/person\/c4278d4a6028830caff9ee44b42d32ed\"},\"headline\":\"Quadras de S. Jo\u00e3o do JN est\u00e3o de volta; participe\",\"datePublished\":\"2026-04-30T23:00:00+00:00\",\"mainEntityOfPage\":{\"@id\":\"https:\/\/portaltela.pt\/noticias\/2026\/04\/30\/quadras-de-s-joao-do-jn-estao-de-volta-participe\/\"},\"wordCount\":143,\"image\":{\"@id\":\"https:\/\/portaltela.pt\/noticias\/2026\/04\/30\/quadras-de-s-joao-do-jn-estao-de-volta-participe\/#primaryimage\"},\"thumbnailUrl\":\"https:\/\/portaltela.pt\/s.01k8rhncp4jt1\/2026\/04\/dc48d4bd-a912-4ca9-8dd2-484770f1ab10_1200x675.jpg\",\"keywords\":[\"cultura\",\"festas\",\"imprensa\",\"pessoas\",\"poesia\"],\"articleSection\":[\"Cultura\",\"Lazer\"],\"inLanguage\":\"pt-PT\"},{\"@type\":\"WebPage\",\"@id\":\"https:\/\/portaltela.pt\/noticias\/2026\/04\/30\/quadras-de-s-joao-do-jn-estao-de-volta-participe\/\",\"url\":\"https:\/\/portaltela.pt\/noticias\/2026\/04\/30\/quadras-de-s-joao-do-jn-estao-de-volta-participe\/\",\"name\":\"Quadras de S. Jo\u00e3o do JN est\u00e3o de volta; participe - Portal Tela Portugal\",\"isPartOf\":{\"@id\":\"https:\/\/portaltela.pt\/#website\"},\"primaryImageOfPage\":{\"@id\":\"https:\/\/portaltela.pt\/noticias\/2026\/04\/30\/quadras-de-s-joao-do-jn-estao-de-volta-participe\/#primaryimage\"},\"image\":{\"@id\":\"https:\/\/portaltela.pt\/noticias\/2026\/04\/30\/quadras-de-s-joao-do-jn-estao-de-volta-participe\/#primaryimage\"},\"thumbnailUrl\":\"https:\/\/portaltela.pt\/s.01k8rhncp4jt1\/2026\/04\/dc48d4bd-a912-4ca9-8dd2-484770f1ab10_1200x675.jpg\",\"datePublished\":\"2026-04-30T23:00:00+00:00\",\"author\":{\"@id\":\"https:\/\/portaltela.pt\/#\/schema\/person\/c4278d4a6028830caff9ee44b42d32ed\"},\"breadcrumb\":{\"@id\":\"https:\/\/portaltela.pt\/noticias\/2026\/04\/30\/quadras-de-s-joao-do-jn-estao-de-volta-participe\/#breadcrumb\"},\"inLanguage\":\"pt-PT\",\"potentialAction\":[{\"@type\":\"ReadAction\",\"target\":[\"https:\/\/portaltela.pt\/noticias\/2026\/04\/30\/quadras-de-s-joao-do-jn-estao-de-volta-participe\/\"]}]},{\"@type\":\"ImageObject\",\"inLanguage\":\"pt-PT\",\"@id\":\"https:\/\/portaltela.pt\/noticias\/2026\/04\/30\/quadras-de-s-joao-do-jn-estao-de-volta-participe\/#primaryimage\",\"url\":\"https:\/\/portaltela.pt\/s.01k8rhncp4jt1\/2026\/04\/dc48d4bd-a912-4ca9-8dd2-484770f1ab10_1200x675.jpg\",\"contentUrl\":\"https:\/\/portaltela.pt\/s.01k8rhncp4jt1\/2026\/04\/dc48d4bd-a912-4ca9-8dd2-484770f1ab10_1200x675.jpg\",\"width\":796,\"height\":448,\"caption\":\"Photo\"},{\"@type\":\"BreadcrumbList\",\"@id\":\"https:\/\/portaltela.pt\/noticias\/2026\/04\/30\/quadras-de-s-joao-do-jn-estao-de-volta-participe\/#breadcrumb\",\"itemListElement\":[{\"@type\":\"ListItem\",\"position\":1,\"name\":\"In\u00edcio\",\"item\":\"https:\/\/portaltela.pt\/\"},{\"@type\":\"ListItem\",\"position\":2,\"name\":\"Quadras de S. Jo\u00e3o do JN est\u00e3o de volta; participe\"}]},{\"@type\":\"WebSite\",\"@id\":\"https:\/\/portaltela.pt\/#website\",\"url\":\"https:\/\/portaltela.pt\/\",\"name\":\"Portal Tela Portugal\",\"description\":\"\",\"potentialAction\":[{\"@type\":\"SearchAction\",\"target\":{\"@type\":\"EntryPoint\",\"urlTemplate\":\"https:\/\/portaltela.pt\/?s={search_term_string}\"},\"query-input\":{\"@type\":\"PropertyValueSpecification\",\"valueRequired\":true,\"valueName\":\"search_term_string\"}}],\"inLanguage\":\"pt-PT\"},{\"@type\":\"Person\",\"@id\":\"https:\/\/portaltela.pt\/#\/schema\/person\/c4278d4a6028830caff9ee44b42d32ed\",\"name\":\"Telinha\",\"image\":{\"@type\":\"ImageObject\",\"inLanguage\":\"pt-PT\",\"@id\":\"https:\/\/portaltela.pt\/s.01k8rhncp4jt1\/2025\/11\/talking-bot-125x125.png\",\"url\":\"https:\/\/portaltela.pt\/s.01k8rhncp4jt1\/2025\/11\/talking-bot-125x125.png\",\"contentUrl\":\"https:\/\/portaltela.pt\/s.01k8rhncp4jt1\/2025\/11\/talking-bot-125x125.png\",\"caption\":\"Telinha\"},\"sameAs\":[\"https:\/\/portaltela.pt\/\"],\"url\":\"https:\/\/portaltela.pt\/por\/367410592786\/\"}]}<\/script>\n<!-- \/ Yoast SEO plugin. -->","yoast_head_json":{"title":"Quadras de S. Jo\u00e3o do JN est\u00e3o de volta; participe - Portal Tela Portugal","robots":{"index":"index","follow":"follow","max-snippet":"max-snippet:-1","max-image-preview":"max-image-preview:large","max-video-preview":"max-video-preview:-1"},"og_locale":"pt_PT","og_type":"article","og_title":"Quadras de S. Jo\u00e3o do JN est\u00e3o de volta; participe - Portal Tela Portugal","og_description":"O Jornal de Not\u00edcias anunciou o regresso do Concurso das Quadras de S\u00e3o Jo\u00e3o, um dos mais antigos da imprensa nacional. O evento celebra as quadras populares e volta a trazer as leituras associadas \u00e0s festas de S\u00e3o Jo\u00e3o. O concurso tem presen\u00e7a hist\u00f3rica desde 1929 e mant\u00e9m a tradi\u00e7\u00e3o liter\u00e1ria popular. O convite \u00e9 para que o p\u00fablico participe, fortalecendo a programa\u00e7\u00e3o festiva. A iniciativa destaca-se como infografia informativa do regresso das quadras ao jornal.","og_url":"https:\/\/portaltela.pt\/noticias\/2026\/04\/30\/quadras-de-s-joao-do-jn-estao-de-volta-participe\/","og_site_name":"Portal Tela Portugal","article_published_time":"2026-04-30T23:00:00+00:00","author":"Telinha","twitter_card":"summary_large_image","twitter_misc":{"Escrito por":"Telinha","Tempo estimado de leitura":"1 minuto"},"schema":{"@context":"https:\/\/schema.org","@graph":[{"@type":"Article","@id":"https:\/\/portaltela.pt\/noticias\/2026\/04\/30\/quadras-de-s-joao-do-jn-estao-de-volta-participe\/#article","isPartOf":{"@id":"https:\/\/portaltela.pt\/noticias\/2026\/04\/30\/quadras-de-s-joao-do-jn-estao-de-volta-participe\/"},"author":{"name":"Telinha","@id":"https:\/\/portaltela.pt\/#\/schema\/person\/c4278d4a6028830caff9ee44b42d32ed"},"headline":"Quadras de S. Jo\u00e3o do JN est\u00e3o de volta; participe","datePublished":"2026-04-30T23:00:00+00:00","mainEntityOfPage":{"@id":"https:\/\/portaltela.pt\/noticias\/2026\/04\/30\/quadras-de-s-joao-do-jn-estao-de-volta-participe\/"},"wordCount":143,"image":{"@id":"https:\/\/portaltela.pt\/noticias\/2026\/04\/30\/quadras-de-s-joao-do-jn-estao-de-volta-participe\/#primaryimage"},"thumbnailUrl":"https:\/\/portaltela.pt\/s.01k8rhncp4jt1\/2026\/04\/dc48d4bd-a912-4ca9-8dd2-484770f1ab10_1200x675.jpg","keywords":["cultura","festas","imprensa","pessoas","poesia"],"articleSection":["Cultura","Lazer"],"inLanguage":"pt-PT"},{"@type":"WebPage","@id":"https:\/\/portaltela.pt\/noticias\/2026\/04\/30\/quadras-de-s-joao-do-jn-estao-de-volta-participe\/","url":"https:\/\/portaltela.pt\/noticias\/2026\/04\/30\/quadras-de-s-joao-do-jn-estao-de-volta-participe\/","name":"Quadras de S. Jo\u00e3o do JN est\u00e3o de volta; participe - Portal Tela Portugal","isPartOf":{"@id":"https:\/\/portaltela.pt\/#website"},"primaryImageOfPage":{"@id":"https:\/\/portaltela.pt\/noticias\/2026\/04\/30\/quadras-de-s-joao-do-jn-estao-de-volta-participe\/#primaryimage"},"image":{"@id":"https:\/\/portaltela.pt\/noticias\/2026\/04\/30\/quadras-de-s-joao-do-jn-estao-de-volta-participe\/#primaryimage"},"thumbnailUrl":"https:\/\/portaltela.pt\/s.01k8rhncp4jt1\/2026\/04\/dc48d4bd-a912-4ca9-8dd2-484770f1ab10_1200x675.jpg","datePublished":"2026-04-30T23:00:00+00:00","author":{"@id":"https:\/\/portaltela.pt\/#\/schema\/person\/c4278d4a6028830caff9ee44b42d32ed"},"breadcrumb":{"@id":"https:\/\/portaltela.pt\/noticias\/2026\/04\/30\/quadras-de-s-joao-do-jn-estao-de-volta-participe\/#breadcrumb"},"inLanguage":"pt-PT","potentialAction":[{"@type":"ReadAction","target":["https:\/\/portaltela.pt\/noticias\/2026\/04\/30\/quadras-de-s-joao-do-jn-estao-de-volta-participe\/"]}]},{"@type":"ImageObject","inLanguage":"pt-PT","@id":"https:\/\/portaltela.pt\/noticias\/2026\/04\/30\/quadras-de-s-joao-do-jn-estao-de-volta-participe\/#primaryimage","url":"https:\/\/portaltela.pt\/s.01k8rhncp4jt1\/2026\/04\/dc48d4bd-a912-4ca9-8dd2-484770f1ab10_1200x675.jpg","contentUrl":"https:\/\/portaltela.pt\/s.01k8rhncp4jt1\/2026\/04\/dc48d4bd-a912-4ca9-8dd2-484770f1ab10_1200x675.jpg","width":796,"height":448,"caption":"Photo"},{"@type":"BreadcrumbList","@id":"https:\/\/portaltela.pt\/noticias\/2026\/04\/30\/quadras-de-s-joao-do-jn-estao-de-volta-participe\/#breadcrumb","itemListElement":[{"@type":"ListItem","position":1,"name":"In\u00edcio","item":"https:\/\/portaltela.pt\/"},{"@type":"ListItem","position":2,"name":"Quadras de S. Jo\u00e3o do JN est\u00e3o de volta; participe"}]},{"@type":"WebSite","@id":"https:\/\/portaltela.pt\/#website","url":"https:\/\/portaltela.pt\/","name":"Portal Tela Portugal","description":"","potentialAction":[{"@type":"SearchAction","target":{"@type":"EntryPoint","urlTemplate":"https:\/\/portaltela.pt\/?s={search_term_string}"},"query-input":{"@type":"PropertyValueSpecification","valueRequired":true,"valueName":"search_term_string"}}],"inLanguage":"pt-PT"},{"@type":"Person","@id":"https:\/\/portaltela.pt\/#\/schema\/person\/c4278d4a6028830caff9ee44b42d32ed","name":"Telinha","image":{"@type":"ImageObject","inLanguage":"pt-PT","@id":"https:\/\/portaltela.pt\/s.01k8rhncp4jt1\/2025\/11\/talking-bot-125x125.png","url":"https:\/\/portaltela.pt\/s.01k8rhncp4jt1\/2025\/11\/talking-bot-125x125.png","contentUrl":"https:\/\/portaltela.pt\/s.01k8rhncp4jt1\/2025\/11\/talking-bot-125x125.png","caption":"Telinha"},"sameAs":["https:\/\/portaltela.pt\/"],"url":"https:\/\/portaltela.pt\/por\/367410592786\/"}]}},"_links":{"self":[{"href":"https:\/\/portaltela.pt\/api\/wp\/v2\/posts\/463236","targetHints":{"allow":["GET"]}}],"collection":[{"href":"https:\/\/portaltela.pt\/api\/wp\/v2\/posts"}],"about":[{"href":"https:\/\/portaltela.pt\/api\/wp\/v2\/types\/post"}],"author":[{"embeddable":true,"href":"https:\/\/portaltela.pt\/api\/wp\/v2\/users\/2"}],"replies":[{"embeddable":true,"href":"https:\/\/portaltela.pt\/api\/wp\/v2\/comments?post=463236"}],"version-history":[{"count":0,"href":"https:\/\/portaltela.pt\/api\/wp\/v2\/posts\/463236\/revisions"}],"wp:featuredmedia":[{"embeddable":true,"href":"https:\/\/portaltela.pt\/api\/wp\/v2\/media\/463238"}],"wp:attachment":[{"href":"https:\/\/portaltela.pt\/api\/wp\/v2\/media?parent=463236"}],"wp:term":[{"taxonomy":"category","embeddable":true,"href":"https:\/\/portaltela.pt\/api\/wp\/v2\/categories?post=463236"},{"taxonomy":"post_tag","embeddable":true,"href":"https:\/\/portaltela.pt\/api\/wp\/v2\/tags?post=463236"}],"curies":[{"name":"wp","href":"https:\/\/api.w.org\/{rel}","templated":true}]}}