{"id":463216,"date":"2026-04-30T19:48:08","date_gmt":"2026-04-30T22:48:08","guid":{"rendered":"https:\/\/portaltela.pt\/noticias\/2026\/04\/30\/carneiro-acusa-montenegro-de-estar-desligado-da-realidade-e-insensivel-a-inflacao-2\/"},"modified":"2026-04-30T19:48:08","modified_gmt":"2026-04-30T22:48:08","slug":"carneiro-acusa-montenegro-de-estar-desligado-da-realidade-e-insensivel-a-inflacao-2","status":"publish","type":"post","link":"https:\/\/portaltela.pt\/noticias\/politica\/2026\/04\/30\/carneiro-acusa-montenegro-de-estar-desligado-da-realidade-e-insensivel-a-inflacao-2\/","title":{"rendered":"Carneiro acusa Montenegro de estar desligado da realidade e insens\u00edvel \u00e0 infla\u00e7\u00e3o"},"content":{"rendered":"<p>Jos\u00e9 Lu\u00eds Carneiro, secret\u00e1rio-geral do PS, acusou o primeiro-ministro de estar descolado da realidade e de n\u00e3o compreender o impacto da infla\u00e7\u00e3o nas fam\u00edlias, empresas e trabalhadores. A cr\u00edtica surgiu \u00e0 sa\u00edda da reuni\u00e3o da Comiss\u00e3o Pol\u00edtica Nacional do PS, em Lisboa, onde foi reelevado.<\/p>\n<p>O l\u00edder socialista afirmou que a divulga\u00e7\u00e3o da execu\u00e7\u00e3o or\u00e7amental do 1.\u00ba trimestre de 2026, com subida de receita de impostos sobre combust\u00edveis, deveria alarmar o Governo. Disse que o Governo tem agravado a carga fiscal sem necessidade.<\/p>\n<p>Carneiro criticou ainda a posi\u00e7\u00e3o do PM sobre a infla\u00e7\u00e3o, lembrando a acelera\u00e7\u00e3o para 3,4% em abril segundo o INE. Considerou incompreens\u00edvel a opini\u00e3o de Montenegro de que n\u00e3o \u00e9 ainda momento de alarme.<\/p>\n<h3>Contexto econ\u00f3mico<\/h3>\n<p>O secret\u00e1rio-geral referiu que, perante a subida do custo de vida, medidas foram tomadas h\u00e1 meses pelo PS, por exemplo durante o in\u00edcio da guerra na Ucr\u00e2nia, e que o Governo chega tarde ou reage mal. Falou tamb\u00e9m sobre o Plano de Transforma\u00e7\u00e3o, Recupera\u00e7\u00e3o e Resili\u00eancia (PTRR).<\/p>\n<p>Carneiro classificou o PTRR como um conjunto de medidas de marketing e afirmou que muitos itens j\u00e1 estavam em curso. Questionou quais os recursos e o mapa de execu\u00e7\u00e3o, bem como os munic\u00edpios que v\u00e3o beneficiar dos investimentos.<\/p>\n<p>O l\u00edder do PS foi ainda questionado sobre a revis\u00e3o da lei laboral, pr\u00f3xima ao Dia do Trabalhador, mas limitou-se a dizer que o Governo tem sido teimoso nessa mat\u00e9ria e preferiu n\u00e3o alongar-se.<\/p>\n","protected":false},"excerpt":{"rendered":"<ul>\n<li>O secret\u00e1rio-geral do PS, Jos\u00e9 Lu\u00eds Carneiro, acusou o primeiro-ministro Lu\u00eds Montenegro de estar &#8220;desligado da realidade&#8221; face \u00e0 infla\u00e7\u00e3o, e disse que os n\u00fameros da execu\u00e7\u00e3o or\u00e7amental deveriam alarmar o Governo.<\/li>\n<li>A exposi\u00e7\u00e3o ocorreu \u00e0 entrada da reuni\u00e3o da Comiss\u00e3o Pol\u00edtica Nacional do PS, a primeira desde a reelei\u00e7\u00e3o de Carneiro.<\/li>\n<li>A execu\u00e7\u00e3o or\u00e7amental do primeiro trimestre de 2026 mostrou aumento da receita de impostos sobre combust\u00edveis, facto que Carneiro ligou \u00e0 carga fiscal sobre fam\u00edlias e empresas.<\/li>\n<li>Carneiro questionou a posi\u00e7\u00e3o do Governo sobre a infla\u00e7\u00e3o, referindo dados r\u00e1pidos do INE que apontaram 3,4% em abril, e acusou o Governo de n\u00e3o ter sensibilidade para as dificuldades das pessoas.<\/li>\n<li>O l\u00edder socialista criticou o Plano de Transforma\u00e7\u00e3o, Recupera\u00e7\u00e3o e Resili\u00eancia (PTRR), dizendo que \u00e9 visto como propalando \u201cmarketing\u201d e pediu esclarecimentos sobre financiamento, mapas de obras e munic\u00edpios beneficiados.<\/li>\n<\/ul>\n","protected":false},"author":2,"featured_media":463219,"comment_status":"closed","ping_status":"closed","sticky":false,"template":"","format":"standard","meta":{"footnotes":""},"categories":[1,5],"tags":[7913,8059,28,34,1676,2144],"class_list":["post-463216","post","type-post","status-publish","format-standard","has-post-thumbnail","hentry","category-noticias","category-politica","tag-_politica","tag-_politica-interna","tag-economia","tag-governo","tag-inflacao","tag-ps"],"yoast_head":"<!-- This site is optimized with the Yoast SEO plugin v27.2 - https:\/\/yoast.com\/product\/yoast-seo-wordpress\/ -->\n<title>Carneiro acusa Montenegro de estar desligado da realidade e insens\u00edvel \u00e0 infla\u00e7\u00e3o - Portal Tela Portugal<\/title>\n<meta name=\"robots\" content=\"index, follow, max-snippet:-1, max-image-preview:large, max-video-preview:-1\" \/>\n<meta property=\"og:locale\" content=\"pt_PT\" \/>\n<meta property=\"og:type\" content=\"article\" \/>\n<meta property=\"og:title\" content=\"Carneiro acusa Montenegro de estar desligado da realidade e insens\u00edvel \u00e0 infla\u00e7\u00e3o - Portal Tela Portugal\" \/>\n<meta property=\"og:description\" content=\"O secret\u00e1rio-geral do PS, Jos\u00e9 Lu\u00eds Carneiro, acusou o primeiro-ministro Lu\u00eds Montenegro de estar &quot;desligado da realidade&quot; face \u00e0 infla\u00e7\u00e3o, e disse que os n\u00fameros da execu\u00e7\u00e3o or\u00e7amental deveriam alarmar o Governo. A exposi\u00e7\u00e3o ocorreu \u00e0 entrada da reuni\u00e3o da Comiss\u00e3o Pol\u00edtica Nacional do PS, a primeira desde a reelei\u00e7\u00e3o de Carneiro. A execu\u00e7\u00e3o or\u00e7amental do primeiro trimestre de 2026 mostrou aumento da receita de impostos sobre combust\u00edveis, facto que Carneiro ligou \u00e0 carga fiscal sobre fam\u00edlias e empresas. Carneiro questionou a posi\u00e7\u00e3o do Governo sobre a infla\u00e7\u00e3o, referindo dados r\u00e1pidos do INE que apontaram 3,4% em abril, e acusou o Governo de n\u00e3o ter sensibilidade para as dificuldades das pessoas. O l\u00edder socialista criticou o Plano de Transforma\u00e7\u00e3o, Recupera\u00e7\u00e3o e Resili\u00eancia (PTRR), dizendo que \u00e9 visto como propalando \u201cmarketing\u201d e pediu esclarecimentos sobre financiamento, mapas de obras e munic\u00edpios beneficiados.\" \/>\n<meta property=\"og:url\" content=\"https:\/\/portaltela.pt\/noticias\/2026\/04\/30\/carneiro-acusa-montenegro-de-estar-desligado-da-realidade-e-insensivel-a-inflacao-2\/\" \/>\n<meta property=\"og:site_name\" content=\"Portal Tela Portugal\" \/>\n<meta property=\"article:published_time\" content=\"2026-04-30T22:48:08+00:00\" \/>\n<meta name=\"author\" content=\"Telinha\" \/>\n<meta name=\"twitter:card\" content=\"summary_large_image\" \/>\n<meta name=\"twitter:label1\" content=\"Escrito por\" \/>\n\t<meta name=\"twitter:data1\" content=\"Telinha\" \/>\n\t<meta name=\"twitter:label2\" content=\"Tempo estimado de leitura\" \/>\n\t<meta name=\"twitter:data2\" content=\"1 minuto\" \/>\n<script type=\"application\/ld+json\" class=\"yoast-schema-graph\">{\"@context\":\"https:\/\/schema.org\",\"@graph\":[{\"@type\":\"Article\",\"@id\":\"https:\/\/portaltela.pt\/noticias\/2026\/04\/30\/carneiro-acusa-montenegro-de-estar-desligado-da-realidade-e-insensivel-a-inflacao-2\/#article\",\"isPartOf\":{\"@id\":\"https:\/\/portaltela.pt\/noticias\/2026\/04\/30\/carneiro-acusa-montenegro-de-estar-desligado-da-realidade-e-insensivel-a-inflacao-2\/\"},\"author\":{\"name\":\"Telinha\",\"@id\":\"https:\/\/portaltela.pt\/#\/schema\/person\/c4278d4a6028830caff9ee44b42d32ed\"},\"headline\":\"Carneiro acusa Montenegro de estar desligado da realidade e insens\u00edvel \u00e0 infla\u00e7\u00e3o\",\"datePublished\":\"2026-04-30T22:48:08+00:00\",\"mainEntityOfPage\":{\"@id\":\"https:\/\/portaltela.pt\/noticias\/2026\/04\/30\/carneiro-acusa-montenegro-de-estar-desligado-da-realidade-e-insensivel-a-inflacao-2\/\"},\"wordCount\":283,\"image\":{\"@id\":\"https:\/\/portaltela.pt\/noticias\/2026\/04\/30\/carneiro-acusa-montenegro-de-estar-desligado-da-realidade-e-insensivel-a-inflacao-2\/#primaryimage\"},\"thumbnailUrl\":\"https:\/\/portaltela.pt\/s.01k8rhncp4jt1\/2026\/04\/image-1741.jpg\",\"keywords\":[\"_pol\u00edtica\",\"_pol\u00edtica interna\",\"economia\",\"governo\",\"infla\u00e7\u00e3o\",\"PS\"],\"articleSection\":[\"Not\u00edcias\",\"Pol\u00edtica\"],\"inLanguage\":\"pt-PT\"},{\"@type\":\"WebPage\",\"@id\":\"https:\/\/portaltela.pt\/noticias\/2026\/04\/30\/carneiro-acusa-montenegro-de-estar-desligado-da-realidade-e-insensivel-a-inflacao-2\/\",\"url\":\"https:\/\/portaltela.pt\/noticias\/2026\/04\/30\/carneiro-acusa-montenegro-de-estar-desligado-da-realidade-e-insensivel-a-inflacao-2\/\",\"name\":\"Carneiro acusa Montenegro de estar desligado da realidade e insens\u00edvel \u00e0 infla\u00e7\u00e3o - Portal Tela Portugal\",\"isPartOf\":{\"@id\":\"https:\/\/portaltela.pt\/#website\"},\"primaryImageOfPage\":{\"@id\":\"https:\/\/portaltela.pt\/noticias\/2026\/04\/30\/carneiro-acusa-montenegro-de-estar-desligado-da-realidade-e-insensivel-a-inflacao-2\/#primaryimage\"},\"image\":{\"@id\":\"https:\/\/portaltela.pt\/noticias\/2026\/04\/30\/carneiro-acusa-montenegro-de-estar-desligado-da-realidade-e-insensivel-a-inflacao-2\/#primaryimage\"},\"thumbnailUrl\":\"https:\/\/portaltela.pt\/s.01k8rhncp4jt1\/2026\/04\/image-1741.jpg\",\"datePublished\":\"2026-04-30T22:48:08+00:00\",\"author\":{\"@id\":\"https:\/\/portaltela.pt\/#\/schema\/person\/c4278d4a6028830caff9ee44b42d32ed\"},\"breadcrumb\":{\"@id\":\"https:\/\/portaltela.pt\/noticias\/2026\/04\/30\/carneiro-acusa-montenegro-de-estar-desligado-da-realidade-e-insensivel-a-inflacao-2\/#breadcrumb\"},\"inLanguage\":\"pt-PT\",\"potentialAction\":[{\"@type\":\"ReadAction\",\"target\":[\"https:\/\/portaltela.pt\/noticias\/2026\/04\/30\/carneiro-acusa-montenegro-de-estar-desligado-da-realidade-e-insensivel-a-inflacao-2\/\"]}]},{\"@type\":\"ImageObject\",\"inLanguage\":\"pt-PT\",\"@id\":\"https:\/\/portaltela.pt\/noticias\/2026\/04\/30\/carneiro-acusa-montenegro-de-estar-desligado-da-realidade-e-insensivel-a-inflacao-2\/#primaryimage\",\"url\":\"https:\/\/portaltela.pt\/s.01k8rhncp4jt1\/2026\/04\/image-1741.jpg\",\"contentUrl\":\"https:\/\/portaltela.pt\/s.01k8rhncp4jt1\/2026\/04\/image-1741.jpg\",\"width\":796,\"height\":448,\"caption\":\"Jos\u00e9 Lu\u00eds Carneiro, secret\u00e1rio-geral do PS\"},{\"@type\":\"BreadcrumbList\",\"@id\":\"https:\/\/portaltela.pt\/noticias\/2026\/04\/30\/carneiro-acusa-montenegro-de-estar-desligado-da-realidade-e-insensivel-a-inflacao-2\/#breadcrumb\",\"itemListElement\":[{\"@type\":\"ListItem\",\"position\":1,\"name\":\"In\u00edcio\",\"item\":\"https:\/\/portaltela.pt\/\"},{\"@type\":\"ListItem\",\"position\":2,\"name\":\"Carneiro acusa Montenegro de estar desligado da realidade e insens\u00edvel \u00e0 infla\u00e7\u00e3o\"}]},{\"@type\":\"WebSite\",\"@id\":\"https:\/\/portaltela.pt\/#website\",\"url\":\"https:\/\/portaltela.pt\/\",\"name\":\"Portal Tela Portugal\",\"description\":\"\",\"potentialAction\":[{\"@type\":\"SearchAction\",\"target\":{\"@type\":\"EntryPoint\",\"urlTemplate\":\"https:\/\/portaltela.pt\/?s={search_term_string}\"},\"query-input\":{\"@type\":\"PropertyValueSpecification\",\"valueRequired\":true,\"valueName\":\"search_term_string\"}}],\"inLanguage\":\"pt-PT\"},{\"@type\":\"Person\",\"@id\":\"https:\/\/portaltela.pt\/#\/schema\/person\/c4278d4a6028830caff9ee44b42d32ed\",\"name\":\"Telinha\",\"image\":{\"@type\":\"ImageObject\",\"inLanguage\":\"pt-PT\",\"@id\":\"https:\/\/portaltela.pt\/s.01k8rhncp4jt1\/2025\/11\/talking-bot-125x125.png\",\"url\":\"https:\/\/portaltela.pt\/s.01k8rhncp4jt1\/2025\/11\/talking-bot-125x125.png\",\"contentUrl\":\"https:\/\/portaltela.pt\/s.01k8rhncp4jt1\/2025\/11\/talking-bot-125x125.png\",\"caption\":\"Telinha\"},\"sameAs\":[\"https:\/\/portaltela.pt\/\"],\"url\":\"https:\/\/portaltela.pt\/por\/367410592786\/\"}]}<\/script>\n<!-- \/ Yoast SEO plugin. -->","yoast_head_json":{"title":"Carneiro acusa Montenegro de estar desligado da realidade e insens\u00edvel \u00e0 infla\u00e7\u00e3o - Portal Tela Portugal","robots":{"index":"index","follow":"follow","max-snippet":"max-snippet:-1","max-image-preview":"max-image-preview:large","max-video-preview":"max-video-preview:-1"},"og_locale":"pt_PT","og_type":"article","og_title":"Carneiro acusa Montenegro de estar desligado da realidade e insens\u00edvel \u00e0 infla\u00e7\u00e3o - Portal Tela Portugal","og_description":"O secret\u00e1rio-geral do PS, Jos\u00e9 Lu\u00eds Carneiro, acusou o primeiro-ministro Lu\u00eds Montenegro de estar \"desligado da realidade\" face \u00e0 infla\u00e7\u00e3o, e disse que os n\u00fameros da execu\u00e7\u00e3o or\u00e7amental deveriam alarmar o Governo. A exposi\u00e7\u00e3o ocorreu \u00e0 entrada da reuni\u00e3o da Comiss\u00e3o Pol\u00edtica Nacional do PS, a primeira desde a reelei\u00e7\u00e3o de Carneiro. A execu\u00e7\u00e3o or\u00e7amental do primeiro trimestre de 2026 mostrou aumento da receita de impostos sobre combust\u00edveis, facto que Carneiro ligou \u00e0 carga fiscal sobre fam\u00edlias e empresas. Carneiro questionou a posi\u00e7\u00e3o do Governo sobre a infla\u00e7\u00e3o, referindo dados r\u00e1pidos do INE que apontaram 3,4% em abril, e acusou o Governo de n\u00e3o ter sensibilidade para as dificuldades das pessoas. O l\u00edder socialista criticou o Plano de Transforma\u00e7\u00e3o, Recupera\u00e7\u00e3o e Resili\u00eancia (PTRR), dizendo que \u00e9 visto como propalando \u201cmarketing\u201d e pediu esclarecimentos sobre financiamento, mapas de obras e munic\u00edpios beneficiados.","og_url":"https:\/\/portaltela.pt\/noticias\/2026\/04\/30\/carneiro-acusa-montenegro-de-estar-desligado-da-realidade-e-insensivel-a-inflacao-2\/","og_site_name":"Portal Tela Portugal","article_published_time":"2026-04-30T22:48:08+00:00","author":"Telinha","twitter_card":"summary_large_image","twitter_misc":{"Escrito por":"Telinha","Tempo estimado de leitura":"1 minuto"},"schema":{"@context":"https:\/\/schema.org","@graph":[{"@type":"Article","@id":"https:\/\/portaltela.pt\/noticias\/2026\/04\/30\/carneiro-acusa-montenegro-de-estar-desligado-da-realidade-e-insensivel-a-inflacao-2\/#article","isPartOf":{"@id":"https:\/\/portaltela.pt\/noticias\/2026\/04\/30\/carneiro-acusa-montenegro-de-estar-desligado-da-realidade-e-insensivel-a-inflacao-2\/"},"author":{"name":"Telinha","@id":"https:\/\/portaltela.pt\/#\/schema\/person\/c4278d4a6028830caff9ee44b42d32ed"},"headline":"Carneiro acusa Montenegro de estar desligado da realidade e insens\u00edvel \u00e0 infla\u00e7\u00e3o","datePublished":"2026-04-30T22:48:08+00:00","mainEntityOfPage":{"@id":"https:\/\/portaltela.pt\/noticias\/2026\/04\/30\/carneiro-acusa-montenegro-de-estar-desligado-da-realidade-e-insensivel-a-inflacao-2\/"},"wordCount":283,"image":{"@id":"https:\/\/portaltela.pt\/noticias\/2026\/04\/30\/carneiro-acusa-montenegro-de-estar-desligado-da-realidade-e-insensivel-a-inflacao-2\/#primaryimage"},"thumbnailUrl":"https:\/\/portaltela.pt\/s.01k8rhncp4jt1\/2026\/04\/image-1741.jpg","keywords":["_pol\u00edtica","_pol\u00edtica interna","economia","governo","infla\u00e7\u00e3o","PS"],"articleSection":["Not\u00edcias","Pol\u00edtica"],"inLanguage":"pt-PT"},{"@type":"WebPage","@id":"https:\/\/portaltela.pt\/noticias\/2026\/04\/30\/carneiro-acusa-montenegro-de-estar-desligado-da-realidade-e-insensivel-a-inflacao-2\/","url":"https:\/\/portaltela.pt\/noticias\/2026\/04\/30\/carneiro-acusa-montenegro-de-estar-desligado-da-realidade-e-insensivel-a-inflacao-2\/","name":"Carneiro acusa Montenegro de estar desligado da realidade e insens\u00edvel \u00e0 infla\u00e7\u00e3o - Portal Tela Portugal","isPartOf":{"@id":"https:\/\/portaltela.pt\/#website"},"primaryImageOfPage":{"@id":"https:\/\/portaltela.pt\/noticias\/2026\/04\/30\/carneiro-acusa-montenegro-de-estar-desligado-da-realidade-e-insensivel-a-inflacao-2\/#primaryimage"},"image":{"@id":"https:\/\/portaltela.pt\/noticias\/2026\/04\/30\/carneiro-acusa-montenegro-de-estar-desligado-da-realidade-e-insensivel-a-inflacao-2\/#primaryimage"},"thumbnailUrl":"https:\/\/portaltela.pt\/s.01k8rhncp4jt1\/2026\/04\/image-1741.jpg","datePublished":"2026-04-30T22:48:08+00:00","author":{"@id":"https:\/\/portaltela.pt\/#\/schema\/person\/c4278d4a6028830caff9ee44b42d32ed"},"breadcrumb":{"@id":"https:\/\/portaltela.pt\/noticias\/2026\/04\/30\/carneiro-acusa-montenegro-de-estar-desligado-da-realidade-e-insensivel-a-inflacao-2\/#breadcrumb"},"inLanguage":"pt-PT","potentialAction":[{"@type":"ReadAction","target":["https:\/\/portaltela.pt\/noticias\/2026\/04\/30\/carneiro-acusa-montenegro-de-estar-desligado-da-realidade-e-insensivel-a-inflacao-2\/"]}]},{"@type":"ImageObject","inLanguage":"pt-PT","@id":"https:\/\/portaltela.pt\/noticias\/2026\/04\/30\/carneiro-acusa-montenegro-de-estar-desligado-da-realidade-e-insensivel-a-inflacao-2\/#primaryimage","url":"https:\/\/portaltela.pt\/s.01k8rhncp4jt1\/2026\/04\/image-1741.jpg","contentUrl":"https:\/\/portaltela.pt\/s.01k8rhncp4jt1\/2026\/04\/image-1741.jpg","width":796,"height":448,"caption":"Jos\u00e9 Lu\u00eds Carneiro, secret\u00e1rio-geral do PS"},{"@type":"BreadcrumbList","@id":"https:\/\/portaltela.pt\/noticias\/2026\/04\/30\/carneiro-acusa-montenegro-de-estar-desligado-da-realidade-e-insensivel-a-inflacao-2\/#breadcrumb","itemListElement":[{"@type":"ListItem","position":1,"name":"In\u00edcio","item":"https:\/\/portaltela.pt\/"},{"@type":"ListItem","position":2,"name":"Carneiro acusa Montenegro de estar desligado da realidade e insens\u00edvel \u00e0 infla\u00e7\u00e3o"}]},{"@type":"WebSite","@id":"https:\/\/portaltela.pt\/#website","url":"https:\/\/portaltela.pt\/","name":"Portal Tela Portugal","description":"","potentialAction":[{"@type":"SearchAction","target":{"@type":"EntryPoint","urlTemplate":"https:\/\/portaltela.pt\/?s={search_term_string}"},"query-input":{"@type":"PropertyValueSpecification","valueRequired":true,"valueName":"search_term_string"}}],"inLanguage":"pt-PT"},{"@type":"Person","@id":"https:\/\/portaltela.pt\/#\/schema\/person\/c4278d4a6028830caff9ee44b42d32ed","name":"Telinha","image":{"@type":"ImageObject","inLanguage":"pt-PT","@id":"https:\/\/portaltela.pt\/s.01k8rhncp4jt1\/2025\/11\/talking-bot-125x125.png","url":"https:\/\/portaltela.pt\/s.01k8rhncp4jt1\/2025\/11\/talking-bot-125x125.png","contentUrl":"https:\/\/portaltela.pt\/s.01k8rhncp4jt1\/2025\/11\/talking-bot-125x125.png","caption":"Telinha"},"sameAs":["https:\/\/portaltela.pt\/"],"url":"https:\/\/portaltela.pt\/por\/367410592786\/"}]}},"_links":{"self":[{"href":"https:\/\/portaltela.pt\/api\/wp\/v2\/posts\/463216","targetHints":{"allow":["GET"]}}],"collection":[{"href":"https:\/\/portaltela.pt\/api\/wp\/v2\/posts"}],"about":[{"href":"https:\/\/portaltela.pt\/api\/wp\/v2\/types\/post"}],"author":[{"embeddable":true,"href":"https:\/\/portaltela.pt\/api\/wp\/v2\/users\/2"}],"replies":[{"embeddable":true,"href":"https:\/\/portaltela.pt\/api\/wp\/v2\/comments?post=463216"}],"version-history":[{"count":0,"href":"https:\/\/portaltela.pt\/api\/wp\/v2\/posts\/463216\/revisions"}],"wp:featuredmedia":[{"embeddable":true,"href":"https:\/\/portaltela.pt\/api\/wp\/v2\/media\/463219"}],"wp:attachment":[{"href":"https:\/\/portaltela.pt\/api\/wp\/v2\/media?parent=463216"}],"wp:term":[{"taxonomy":"category","embeddable":true,"href":"https:\/\/portaltela.pt\/api\/wp\/v2\/categories?post=463216"},{"taxonomy":"post_tag","embeddable":true,"href":"https:\/\/portaltela.pt\/api\/wp\/v2\/tags?post=463216"}],"curies":[{"name":"wp","href":"https:\/\/api.w.org\/{rel}","templated":true}]}}