{"id":463215,"date":"2026-04-30T19:48:06","date_gmt":"2026-04-30T22:48:06","guid":{"rendered":"https:\/\/portaltela.pt\/noticias\/2026\/04\/30\/carlos-vicens-comenta-calendario-cheio-e-objetivo-de-61-jogos\/"},"modified":"2026-04-30T19:48:06","modified_gmt":"2026-04-30T22:48:06","slug":"carlos-vicens-comenta-calendario-cheio-e-objetivo-de-61-jogos","status":"publish","type":"post","link":"https:\/\/portaltela.pt\/desporto\/futebol\/2026\/04\/30\/carlos-vicens-comenta-calendario-cheio-e-objetivo-de-61-jogos\/","title":{"rendered":"Carlos Vicens comenta calend\u00e1rio cheio e objetivo de 61 jogos"},"content":{"rendered":"<p>O Sp. Braga venceu o Friburgo por 2-1 nos jogos de meias-finais da Liga Europa, na primeira m\u00e3o. Carlos Vicens afirmou que o desafio na Alemanha ser\u00e1 dif\u00edcil, com o calend\u00e1rio a estar sobrecarregado, tendo j\u00e1 61 jogos na \u00e9poca e a esperan\u00e7a de chegar a 62. Os adeptos ajudaram, mas h\u00e1 d\u00favidas sobre a segunda parte da eliminat\u00f3ria.<\/p>\n<p>A equipa minhota abriu a eliminat\u00f3ria com ritmo intenso e manteve a vantagem at\u00e9 perto do final, apesar de o Friburgo ter mostrado rea\u00e7\u00e3o. O t\u00e9cnico destacou a mentalidade da equipa, que lutou contra adversidades, especialmente ap\u00f3s sofrer o golo e enfrentar a les\u00e3o de Ricardo Horta, al\u00e9m de um pen\u00e1lti falhado.<\/p>\n<p>Ricardo Horta sofreu uma les\u00e3o muscular e est\u00e1 em avalia\u00e7\u00e3o para o jogo de volta, marcado para a Alemanha. O encontro seguinte est\u00e1 ainda dependente de evolu\u00e7\u00f5es m\u00e9dicas. O Braga reconhece que a tarefa na Alemanha \u00e9 exigente, com uma equipa germ\u00e2nica determinada a contrariar a derrota.<\/p>\n<h3>An\u00e1lise ao jogo<\/h3>\n<p>A equipa mostrava organiza\u00e7\u00e3o defensiva, com todos os jogadores a contribuir no processo, especialmente quando foi preciso recuar e defender em bloco. O segundo golo do Braga surgiu num momento-chave, garantindo uma vantagem que se considera pequena, mas significativa para o objetivo.<\/p>\n<h3>Les\u00e3o e pr\u00f3ximo desafio<\/h3>\n<p>A les\u00e3o de Horta pode influenciar o planeamento para o jogo decisivo. O Braga precisa de recuperar fisicamente a tempo do duelo na Alemanha, onde a press\u00e3o pode aumentar.<\/p>\n<h3>Mentalidade e objetivos<\/h3>\n<p>Vicens enfatizou a unidade do grupo, a confian\u00e7a no m\u00e9todo e o empenho de todos os jogadores, independemente de minutos em campo. O foco permanece no processo e nos objetivos da \u00e9poca, incluindo o confronto com o Estoril no domingo, que \u00e9 encarado como uma encontro dif\u00edcil.<\/p>\n","protected":false},"excerpt":{"rendered":"<ul>\n<li>O Sp. Braga venceu o Friburgo por 2-1, nas meias-finais da Liga Europa, ficando com vantagem m\u00ednima antes da segunda m\u00e3o na Alemanha.<\/li>\n<li>Carlos Vicens afirma que o jogo na Alemanha ser\u00e1 muito dif\u00edcil, com o Friburgo a tentar a volta e o Braga a enfrentar adversidades, incluindo o golo sofrido e o pen\u00e1ltis falhado.<\/li>\n<li>Ricardo Horta sofreu uma les\u00e3o muscular; a evolu\u00e7\u00e3o ser\u00e1 avaliada amanh\u00e3.<\/li>\n<li>O treinador elogia a mentalidade do grupo, a solidariedade na defesa e a import\u00e2ncia de todos os jogadores no processo.<\/li>\n<li>O t\u00e9cnico lembra o calend\u00e1rio carregado e diz: \u201cvamos fazer 61 jogos e oxal\u00e1 que fa\u00e7amos 62!\u201d, preparando o encontro do domingo frente ao Estoril.<\/li>\n<\/ul>\n","protected":false},"author":2,"featured_media":463218,"comment_status":"closed","ping_status":"closed","sticky":false,"template":"","format":"standard","meta":{"footnotes":""},"categories":[21,24],"tags":[1207,2463,5544,32,2538,2616],"class_list":["post-463215","post","type-post","status-publish","format-standard","has-post-thumbnail","hentry","category-desporto","category-futebol","tag-braga","tag-competicao-internacional","tag-europa-league","tag-futebol","tag-lesoes","tag-ricardo-horta"],"yoast_head":"<!-- This site is optimized with the Yoast SEO plugin v27.2 - https:\/\/yoast.com\/product\/yoast-seo-wordpress\/ -->\n<title>Carlos Vicens comenta calend\u00e1rio cheio e objetivo de 61 jogos - Portal Tela Portugal<\/title>\n<meta name=\"robots\" content=\"index, follow, max-snippet:-1, max-image-preview:large, max-video-preview:-1\" \/>\n<meta property=\"og:locale\" content=\"pt_PT\" \/>\n<meta property=\"og:type\" content=\"article\" \/>\n<meta property=\"og:title\" content=\"Carlos Vicens comenta calend\u00e1rio cheio e objetivo de 61 jogos - Portal Tela Portugal\" \/>\n<meta property=\"og:description\" content=\"O Sp. Braga venceu o Friburgo por 2-1, nas meias-finais da Liga Europa, ficando com vantagem m\u00ednima antes da segunda m\u00e3o na Alemanha. Carlos Vicens afirma que o jogo na Alemanha ser\u00e1 muito dif\u00edcil, com o Friburgo a tentar a volta e o Braga a enfrentar adversidades, incluindo o golo sofrido e o pen\u00e1ltis falhado. Ricardo Horta sofreu uma les\u00e3o muscular; a evolu\u00e7\u00e3o ser\u00e1 avaliada amanh\u00e3. O treinador elogia a mentalidade do grupo, a solidariedade na defesa e a import\u00e2ncia de todos os jogadores no processo. O t\u00e9cnico lembra o calend\u00e1rio carregado e diz: \u201cvamos fazer 61 jogos e oxal\u00e1 que fa\u00e7amos 62!\u201d, preparando o encontro do domingo frente ao Estoril.\" \/>\n<meta property=\"og:url\" content=\"https:\/\/portaltela.pt\/noticias\/2026\/04\/30\/carlos-vicens-comenta-calendario-cheio-e-objetivo-de-61-jogos\/\" \/>\n<meta property=\"og:site_name\" content=\"Portal Tela Portugal\" \/>\n<meta property=\"article:published_time\" content=\"2026-04-30T22:48:06+00:00\" \/>\n<meta name=\"author\" content=\"Telinha\" \/>\n<meta name=\"twitter:card\" content=\"summary_large_image\" \/>\n<meta name=\"twitter:label1\" content=\"Escrito por\" \/>\n\t<meta name=\"twitter:data1\" content=\"Telinha\" \/>\n\t<meta name=\"twitter:label2\" content=\"Tempo estimado de leitura\" \/>\n\t<meta name=\"twitter:data2\" content=\"2 minutos\" \/>\n<script type=\"application\/ld+json\" class=\"yoast-schema-graph\">{\"@context\":\"https:\/\/schema.org\",\"@graph\":[{\"@type\":\"Article\",\"@id\":\"https:\/\/portaltela.pt\/noticias\/2026\/04\/30\/carlos-vicens-comenta-calendario-cheio-e-objetivo-de-61-jogos\/#article\",\"isPartOf\":{\"@id\":\"https:\/\/portaltela.pt\/noticias\/2026\/04\/30\/carlos-vicens-comenta-calendario-cheio-e-objetivo-de-61-jogos\/\"},\"author\":{\"name\":\"Telinha\",\"@id\":\"https:\/\/portaltela.pt\/#\/schema\/person\/c4278d4a6028830caff9ee44b42d32ed\"},\"headline\":\"Carlos Vicens comenta calend\u00e1rio cheio e objetivo de 61 jogos\",\"datePublished\":\"2026-04-30T22:48:06+00:00\",\"mainEntityOfPage\":{\"@id\":\"https:\/\/portaltela.pt\/noticias\/2026\/04\/30\/carlos-vicens-comenta-calendario-cheio-e-objetivo-de-61-jogos\/\"},\"wordCount\":319,\"image\":{\"@id\":\"https:\/\/portaltela.pt\/noticias\/2026\/04\/30\/carlos-vicens-comenta-calendario-cheio-e-objetivo-de-61-jogos\/#primaryimage\"},\"thumbnailUrl\":\"https:\/\/portaltela.pt\/s.01k8rhncp4jt1\/2026\/04\/img_920x518uu2026-04-30-23-35-56-2436205.jpg\",\"keywords\":[\"Braga\",\"competi\u00e7\u00e3o internacional\",\"Europa League\",\"futebol\",\"les\u00f5es\",\"Ricardo Horta\"],\"articleSection\":[\"Desporto\",\"Futebol\"],\"inLanguage\":\"pt-PT\"},{\"@type\":\"WebPage\",\"@id\":\"https:\/\/portaltela.pt\/noticias\/2026\/04\/30\/carlos-vicens-comenta-calendario-cheio-e-objetivo-de-61-jogos\/\",\"url\":\"https:\/\/portaltela.pt\/noticias\/2026\/04\/30\/carlos-vicens-comenta-calendario-cheio-e-objetivo-de-61-jogos\/\",\"name\":\"Carlos Vicens comenta calend\u00e1rio cheio e objetivo de 61 jogos - Portal Tela Portugal\",\"isPartOf\":{\"@id\":\"https:\/\/portaltela.pt\/#website\"},\"primaryImageOfPage\":{\"@id\":\"https:\/\/portaltela.pt\/noticias\/2026\/04\/30\/carlos-vicens-comenta-calendario-cheio-e-objetivo-de-61-jogos\/#primaryimage\"},\"image\":{\"@id\":\"https:\/\/portaltela.pt\/noticias\/2026\/04\/30\/carlos-vicens-comenta-calendario-cheio-e-objetivo-de-61-jogos\/#primaryimage\"},\"thumbnailUrl\":\"https:\/\/portaltela.pt\/s.01k8rhncp4jt1\/2026\/04\/img_920x518uu2026-04-30-23-35-56-2436205.jpg\",\"datePublished\":\"2026-04-30T22:48:06+00:00\",\"author\":{\"@id\":\"https:\/\/portaltela.pt\/#\/schema\/person\/c4278d4a6028830caff9ee44b42d32ed\"},\"breadcrumb\":{\"@id\":\"https:\/\/portaltela.pt\/noticias\/2026\/04\/30\/carlos-vicens-comenta-calendario-cheio-e-objetivo-de-61-jogos\/#breadcrumb\"},\"inLanguage\":\"pt-PT\",\"potentialAction\":[{\"@type\":\"ReadAction\",\"target\":[\"https:\/\/portaltela.pt\/noticias\/2026\/04\/30\/carlos-vicens-comenta-calendario-cheio-e-objetivo-de-61-jogos\/\"]}]},{\"@type\":\"ImageObject\",\"inLanguage\":\"pt-PT\",\"@id\":\"https:\/\/portaltela.pt\/noticias\/2026\/04\/30\/carlos-vicens-comenta-calendario-cheio-e-objetivo-de-61-jogos\/#primaryimage\",\"url\":\"https:\/\/portaltela.pt\/s.01k8rhncp4jt1\/2026\/04\/img_920x518uu2026-04-30-23-35-56-2436205.jpg\",\"contentUrl\":\"https:\/\/portaltela.pt\/s.01k8rhncp4jt1\/2026\/04\/img_920x518uu2026-04-30-23-35-56-2436205.jpg\",\"width\":796,\"height\":448,\"caption\":\"Carlos Vicens\"},{\"@type\":\"BreadcrumbList\",\"@id\":\"https:\/\/portaltela.pt\/noticias\/2026\/04\/30\/carlos-vicens-comenta-calendario-cheio-e-objetivo-de-61-jogos\/#breadcrumb\",\"itemListElement\":[{\"@type\":\"ListItem\",\"position\":1,\"name\":\"In\u00edcio\",\"item\":\"https:\/\/portaltela.pt\/\"},{\"@type\":\"ListItem\",\"position\":2,\"name\":\"Carlos Vicens comenta calend\u00e1rio cheio e objetivo de 61 jogos\"}]},{\"@type\":\"WebSite\",\"@id\":\"https:\/\/portaltela.pt\/#website\",\"url\":\"https:\/\/portaltela.pt\/\",\"name\":\"Portal Tela Portugal\",\"description\":\"\",\"potentialAction\":[{\"@type\":\"SearchAction\",\"target\":{\"@type\":\"EntryPoint\",\"urlTemplate\":\"https:\/\/portaltela.pt\/?s={search_term_string}\"},\"query-input\":{\"@type\":\"PropertyValueSpecification\",\"valueRequired\":true,\"valueName\":\"search_term_string\"}}],\"inLanguage\":\"pt-PT\"},{\"@type\":\"Person\",\"@id\":\"https:\/\/portaltela.pt\/#\/schema\/person\/c4278d4a6028830caff9ee44b42d32ed\",\"name\":\"Telinha\",\"image\":{\"@type\":\"ImageObject\",\"inLanguage\":\"pt-PT\",\"@id\":\"https:\/\/portaltela.pt\/s.01k8rhncp4jt1\/2025\/11\/talking-bot-125x125.png\",\"url\":\"https:\/\/portaltela.pt\/s.01k8rhncp4jt1\/2025\/11\/talking-bot-125x125.png\",\"contentUrl\":\"https:\/\/portaltela.pt\/s.01k8rhncp4jt1\/2025\/11\/talking-bot-125x125.png\",\"caption\":\"Telinha\"},\"sameAs\":[\"https:\/\/portaltela.pt\/\"],\"url\":\"https:\/\/portaltela.pt\/por\/367410592786\/\"}]}<\/script>\n<!-- \/ Yoast SEO plugin. -->","yoast_head_json":{"title":"Carlos Vicens comenta calend\u00e1rio cheio e objetivo de 61 jogos - Portal Tela Portugal","robots":{"index":"index","follow":"follow","max-snippet":"max-snippet:-1","max-image-preview":"max-image-preview:large","max-video-preview":"max-video-preview:-1"},"og_locale":"pt_PT","og_type":"article","og_title":"Carlos Vicens comenta calend\u00e1rio cheio e objetivo de 61 jogos - Portal Tela Portugal","og_description":"O Sp. Braga venceu o Friburgo por 2-1, nas meias-finais da Liga Europa, ficando com vantagem m\u00ednima antes da segunda m\u00e3o na Alemanha. Carlos Vicens afirma que o jogo na Alemanha ser\u00e1 muito dif\u00edcil, com o Friburgo a tentar a volta e o Braga a enfrentar adversidades, incluindo o golo sofrido e o pen\u00e1ltis falhado. Ricardo Horta sofreu uma les\u00e3o muscular; a evolu\u00e7\u00e3o ser\u00e1 avaliada amanh\u00e3. O treinador elogia a mentalidade do grupo, a solidariedade na defesa e a import\u00e2ncia de todos os jogadores no processo. O t\u00e9cnico lembra o calend\u00e1rio carregado e diz: \u201cvamos fazer 61 jogos e oxal\u00e1 que fa\u00e7amos 62!\u201d, preparando o encontro do domingo frente ao Estoril.","og_url":"https:\/\/portaltela.pt\/noticias\/2026\/04\/30\/carlos-vicens-comenta-calendario-cheio-e-objetivo-de-61-jogos\/","og_site_name":"Portal Tela Portugal","article_published_time":"2026-04-30T22:48:06+00:00","author":"Telinha","twitter_card":"summary_large_image","twitter_misc":{"Escrito por":"Telinha","Tempo estimado de leitura":"2 minutos"},"schema":{"@context":"https:\/\/schema.org","@graph":[{"@type":"Article","@id":"https:\/\/portaltela.pt\/noticias\/2026\/04\/30\/carlos-vicens-comenta-calendario-cheio-e-objetivo-de-61-jogos\/#article","isPartOf":{"@id":"https:\/\/portaltela.pt\/noticias\/2026\/04\/30\/carlos-vicens-comenta-calendario-cheio-e-objetivo-de-61-jogos\/"},"author":{"name":"Telinha","@id":"https:\/\/portaltela.pt\/#\/schema\/person\/c4278d4a6028830caff9ee44b42d32ed"},"headline":"Carlos Vicens comenta calend\u00e1rio cheio e objetivo de 61 jogos","datePublished":"2026-04-30T22:48:06+00:00","mainEntityOfPage":{"@id":"https:\/\/portaltela.pt\/noticias\/2026\/04\/30\/carlos-vicens-comenta-calendario-cheio-e-objetivo-de-61-jogos\/"},"wordCount":319,"image":{"@id":"https:\/\/portaltela.pt\/noticias\/2026\/04\/30\/carlos-vicens-comenta-calendario-cheio-e-objetivo-de-61-jogos\/#primaryimage"},"thumbnailUrl":"https:\/\/portaltela.pt\/s.01k8rhncp4jt1\/2026\/04\/img_920x518uu2026-04-30-23-35-56-2436205.jpg","keywords":["Braga","competi\u00e7\u00e3o internacional","Europa League","futebol","les\u00f5es","Ricardo Horta"],"articleSection":["Desporto","Futebol"],"inLanguage":"pt-PT"},{"@type":"WebPage","@id":"https:\/\/portaltela.pt\/noticias\/2026\/04\/30\/carlos-vicens-comenta-calendario-cheio-e-objetivo-de-61-jogos\/","url":"https:\/\/portaltela.pt\/noticias\/2026\/04\/30\/carlos-vicens-comenta-calendario-cheio-e-objetivo-de-61-jogos\/","name":"Carlos Vicens comenta calend\u00e1rio cheio e objetivo de 61 jogos - Portal Tela Portugal","isPartOf":{"@id":"https:\/\/portaltela.pt\/#website"},"primaryImageOfPage":{"@id":"https:\/\/portaltela.pt\/noticias\/2026\/04\/30\/carlos-vicens-comenta-calendario-cheio-e-objetivo-de-61-jogos\/#primaryimage"},"image":{"@id":"https:\/\/portaltela.pt\/noticias\/2026\/04\/30\/carlos-vicens-comenta-calendario-cheio-e-objetivo-de-61-jogos\/#primaryimage"},"thumbnailUrl":"https:\/\/portaltela.pt\/s.01k8rhncp4jt1\/2026\/04\/img_920x518uu2026-04-30-23-35-56-2436205.jpg","datePublished":"2026-04-30T22:48:06+00:00","author":{"@id":"https:\/\/portaltela.pt\/#\/schema\/person\/c4278d4a6028830caff9ee44b42d32ed"},"breadcrumb":{"@id":"https:\/\/portaltela.pt\/noticias\/2026\/04\/30\/carlos-vicens-comenta-calendario-cheio-e-objetivo-de-61-jogos\/#breadcrumb"},"inLanguage":"pt-PT","potentialAction":[{"@type":"ReadAction","target":["https:\/\/portaltela.pt\/noticias\/2026\/04\/30\/carlos-vicens-comenta-calendario-cheio-e-objetivo-de-61-jogos\/"]}]},{"@type":"ImageObject","inLanguage":"pt-PT","@id":"https:\/\/portaltela.pt\/noticias\/2026\/04\/30\/carlos-vicens-comenta-calendario-cheio-e-objetivo-de-61-jogos\/#primaryimage","url":"https:\/\/portaltela.pt\/s.01k8rhncp4jt1\/2026\/04\/img_920x518uu2026-04-30-23-35-56-2436205.jpg","contentUrl":"https:\/\/portaltela.pt\/s.01k8rhncp4jt1\/2026\/04\/img_920x518uu2026-04-30-23-35-56-2436205.jpg","width":796,"height":448,"caption":"Carlos Vicens"},{"@type":"BreadcrumbList","@id":"https:\/\/portaltela.pt\/noticias\/2026\/04\/30\/carlos-vicens-comenta-calendario-cheio-e-objetivo-de-61-jogos\/#breadcrumb","itemListElement":[{"@type":"ListItem","position":1,"name":"In\u00edcio","item":"https:\/\/portaltela.pt\/"},{"@type":"ListItem","position":2,"name":"Carlos Vicens comenta calend\u00e1rio cheio e objetivo de 61 jogos"}]},{"@type":"WebSite","@id":"https:\/\/portaltela.pt\/#website","url":"https:\/\/portaltela.pt\/","name":"Portal Tela Portugal","description":"","potentialAction":[{"@type":"SearchAction","target":{"@type":"EntryPoint","urlTemplate":"https:\/\/portaltela.pt\/?s={search_term_string}"},"query-input":{"@type":"PropertyValueSpecification","valueRequired":true,"valueName":"search_term_string"}}],"inLanguage":"pt-PT"},{"@type":"Person","@id":"https:\/\/portaltela.pt\/#\/schema\/person\/c4278d4a6028830caff9ee44b42d32ed","name":"Telinha","image":{"@type":"ImageObject","inLanguage":"pt-PT","@id":"https:\/\/portaltela.pt\/s.01k8rhncp4jt1\/2025\/11\/talking-bot-125x125.png","url":"https:\/\/portaltela.pt\/s.01k8rhncp4jt1\/2025\/11\/talking-bot-125x125.png","contentUrl":"https:\/\/portaltela.pt\/s.01k8rhncp4jt1\/2025\/11\/talking-bot-125x125.png","caption":"Telinha"},"sameAs":["https:\/\/portaltela.pt\/"],"url":"https:\/\/portaltela.pt\/por\/367410592786\/"}]}},"_links":{"self":[{"href":"https:\/\/portaltela.pt\/api\/wp\/v2\/posts\/463215","targetHints":{"allow":["GET"]}}],"collection":[{"href":"https:\/\/portaltela.pt\/api\/wp\/v2\/posts"}],"about":[{"href":"https:\/\/portaltela.pt\/api\/wp\/v2\/types\/post"}],"author":[{"embeddable":true,"href":"https:\/\/portaltela.pt\/api\/wp\/v2\/users\/2"}],"replies":[{"embeddable":true,"href":"https:\/\/portaltela.pt\/api\/wp\/v2\/comments?post=463215"}],"version-history":[{"count":0,"href":"https:\/\/portaltela.pt\/api\/wp\/v2\/posts\/463215\/revisions"}],"wp:featuredmedia":[{"embeddable":true,"href":"https:\/\/portaltela.pt\/api\/wp\/v2\/media\/463218"}],"wp:attachment":[{"href":"https:\/\/portaltela.pt\/api\/wp\/v2\/media?parent=463215"}],"wp:term":[{"taxonomy":"category","embeddable":true,"href":"https:\/\/portaltela.pt\/api\/wp\/v2\/categories?post=463215"},{"taxonomy":"post_tag","embeddable":true,"href":"https:\/\/portaltela.pt\/api\/wp\/v2\/tags?post=463215"}],"curies":[{"name":"wp","href":"https:\/\/api.w.org\/{rel}","templated":true}]}}