{"id":463210,"date":"2026-04-30T19:33:15","date_gmt":"2026-04-30T22:33:15","guid":{"rendered":"https:\/\/portaltela.pt\/noticias\/2026\/04\/30\/schuster-contesta-penalti-contra-o-sp-braga-e-falta-e-cartao-vermelho\/"},"modified":"2026-04-30T19:33:15","modified_gmt":"2026-04-30T22:33:15","slug":"schuster-contesta-penalti-contra-o-sp-braga-e-falta-e-cartao-vermelho","status":"publish","type":"post","link":"https:\/\/portaltela.pt\/desporto\/futebol\/2026\/04\/30\/schuster-contesta-penalti-contra-o-sp-braga-e-falta-e-cartao-vermelho\/","title":{"rendered":"Schuster contesta pen\u00e1lti contra o Sp. Braga: \u00e9 falta e cart\u00e3o vermelho"},"content":{"rendered":"<p>Julian Schuster, treinador do Friburgo, reclamou de uma decis\u00e3o arbitral ap\u00f3s a primeira m\u00e3o das meias-finais da Liga Europa, frente ao Sp. Braga, em Braga. O t\u00e9cnico alem\u00e3o entende que houve pen\u00e1lti por marcar contra os minhotos e considera ainda que deveria ter visto cart\u00e3o vermelho. A partida decorreu em territ\u00f3rio portugu\u00eas, com o Braga a assegurar vantagem ainda por confirmar na eliminat\u00f3ria.<\/p>\n<p>An\u00e1lise ao jogo aponta que o Friburgo encostou o resultado ap\u00f3s o golo inicial do Braga e tentou responder com maior intensidade. O treinador elogiou o equil\u00edbrio demonstrado pela equipa, reconhecendo que o advers\u00e1rio criou ocasi\u00f5es e que, com mais efic\u00e1cia na segunda parte, o desfecho poderia ter sido diferente. Acesso ao segundo encontro mant\u00e9m-se com promessa de reviravolta, apoiado pela comunidade de adeptos.<\/p>\n<p>O Friburgo destacou que sofreu o golo nos instantes finais, o que complicou o cen\u00e1rio para a eliminat\u00f3ria. Mesmo assim, o plantel transmitiu confian\u00e7a para o jogo no seu reduto, enfatizando a necessidade de melhoria defensiva e de manter a press\u00e3o. O t\u00e9cnico real\u00e7ou que ambas as forma\u00e7\u00f5es mostraram vontade, e que o caminho passa por manter a mentalidade firme para o segundo confronto.<\/p>\n<h3>An\u00e1lise e perspetivas<\/h3>\n<p>A equipa alem\u00e3 espera inverter o resultado em casa, com foco na defesa e na efic\u00e1cia atacante.Schuster reiterou a convic\u00e7\u00e3o de que, apesar do acaso do desfecho, a equipa tem capacidades para qualificar-se para a pr\u00f3xima ronda. O Sp. Braga, por seu lado, mant\u00e9m o posicionamento de dar continuidade \u00e0 s\u00e9rie de jogos com o apoio dos adeptos.<\/p>\n","protected":false},"excerpt":{"rendered":"<ul>\n<li>Julian Schuster, treinador do Friburgo, apresentou queixa sobre a arbitragem na primeira m\u00e3o das meias-finais da Liga Europa frente ao Sp. Braga, dizendo que houve pen\u00e1lti por marcar contra os minhotos e que deveria ter existido cart\u00e3o vermelho.<\/li>\n<li>No resumo do jogo, o Sp. Braga marcou cedo, o Friburgo devolveu o golo e esteve perto de virar o marcador na segunda parte, mas acabou por sofrer o golo no tempo adicional.<\/li>\n<li>O t\u00e9cnico alem\u00e3o afirmou que houve mais oportunidades de golo para o Sp. Braga na segunda parte, e que a defesa precisa de melhorias, apesar de a avalia\u00e7\u00e3o geral ter sido positiva.<\/li>\n<li>Refor\u00e7ou a ideia de que a eliminat\u00f3ria ainda est\u00e1 aberta, confiando numa reviravolta no segundo encontro, com o apoio dos adeptos a ser fundamental.<\/li>\n<li>Schuster descreveu o facto de alcan\u00e7ar as meias-finais como especial e destacou a vontade de ambas as equipas, sublinhando a necessidade de manter uma mentalidade forte para o jogo em casa.<\/li>\n<\/ul>\n","protected":false},"author":2,"featured_media":463211,"comment_status":"closed","ping_status":"closed","sticky":false,"template":"","format":"standard","meta":{"footnotes":""},"categories":[21,24],"tags":[1207,5185,5544,32,3338,2070],"class_list":["post-463210","post","type-post","status-publish","format-standard","has-post-thumbnail","hentry","category-desporto","category-futebol","tag-braga","tag-eliminacao","tag-europa-league","tag-futebol","tag-futebol-internacional","tag-sp-braga"],"yoast_head":"<!-- This site is optimized with the Yoast SEO plugin v27.2 - https:\/\/yoast.com\/product\/yoast-seo-wordpress\/ -->\n<title>Schuster contesta pen\u00e1lti contra o Sp. Braga: \u00e9 falta e cart\u00e3o vermelho - Portal Tela Portugal<\/title>\n<meta name=\"robots\" content=\"index, follow, max-snippet:-1, max-image-preview:large, max-video-preview:-1\" \/>\n<meta property=\"og:locale\" content=\"pt_PT\" \/>\n<meta property=\"og:type\" content=\"article\" \/>\n<meta property=\"og:title\" content=\"Schuster contesta pen\u00e1lti contra o Sp. Braga: \u00e9 falta e cart\u00e3o vermelho - Portal Tela Portugal\" \/>\n<meta property=\"og:description\" content=\"Julian Schuster, treinador do Friburgo, apresentou queixa sobre a arbitragem na primeira m\u00e3o das meias-finais da Liga Europa frente ao Sp. Braga, dizendo que houve pen\u00e1lti por marcar contra os minhotos e que deveria ter existido cart\u00e3o vermelho. No resumo do jogo, o Sp. Braga marcou cedo, o Friburgo devolveu o golo e esteve perto de virar o marcador na segunda parte, mas acabou por sofrer o golo no tempo adicional. O t\u00e9cnico alem\u00e3o afirmou que houve mais oportunidades de golo para o Sp. Braga na segunda parte, e que a defesa precisa de melhorias, apesar de a avalia\u00e7\u00e3o geral ter sido positiva. Refor\u00e7ou a ideia de que a eliminat\u00f3ria ainda est\u00e1 aberta, confiando numa reviravolta no segundo encontro, com o apoio dos adeptos a ser fundamental. Schuster descreveu o facto de alcan\u00e7ar as meias-finais como especial e destacou a vontade de ambas as equipas, sublinhando a necessidade de manter uma mentalidade forte para o jogo em casa.\" \/>\n<meta property=\"og:url\" content=\"https:\/\/portaltela.pt\/noticias\/2026\/04\/30\/schuster-contesta-penalti-contra-o-sp-braga-e-falta-e-cartao-vermelho\/\" \/>\n<meta property=\"og:site_name\" content=\"Portal Tela Portugal\" \/>\n<meta property=\"article:published_time\" content=\"2026-04-30T22:33:15+00:00\" \/>\n<meta name=\"author\" content=\"Telinha\" \/>\n<meta name=\"twitter:card\" content=\"summary_large_image\" \/>\n<meta name=\"twitter:label1\" content=\"Escrito por\" \/>\n\t<meta name=\"twitter:data1\" content=\"Telinha\" \/>\n\t<meta name=\"twitter:label2\" content=\"Tempo estimado de leitura\" \/>\n\t<meta name=\"twitter:data2\" content=\"1 minuto\" \/>\n<script type=\"application\/ld+json\" class=\"yoast-schema-graph\">{\"@context\":\"https:\/\/schema.org\",\"@graph\":[{\"@type\":\"Article\",\"@id\":\"https:\/\/portaltela.pt\/noticias\/2026\/04\/30\/schuster-contesta-penalti-contra-o-sp-braga-e-falta-e-cartao-vermelho\/#article\",\"isPartOf\":{\"@id\":\"https:\/\/portaltela.pt\/noticias\/2026\/04\/30\/schuster-contesta-penalti-contra-o-sp-braga-e-falta-e-cartao-vermelho\/\"},\"author\":{\"name\":\"Telinha\",\"@id\":\"https:\/\/portaltela.pt\/#\/schema\/person\/c4278d4a6028830caff9ee44b42d32ed\"},\"headline\":\"Schuster contesta pen\u00e1lti contra o Sp. Braga: \u00e9 falta e cart\u00e3o vermelho\",\"datePublished\":\"2026-04-30T22:33:15+00:00\",\"mainEntityOfPage\":{\"@id\":\"https:\/\/portaltela.pt\/noticias\/2026\/04\/30\/schuster-contesta-penalti-contra-o-sp-braga-e-falta-e-cartao-vermelho\/\"},\"wordCount\":295,\"image\":{\"@id\":\"https:\/\/portaltela.pt\/noticias\/2026\/04\/30\/schuster-contesta-penalti-contra-o-sp-braga-e-falta-e-cartao-vermelho\/#primaryimage\"},\"thumbnailUrl\":\"https:\/\/portaltela.pt\/s.01k8rhncp4jt1\/2026\/04\/img_920x518uu2026-04-30-23-17-20-2436199.jpg\",\"keywords\":[\"Braga\",\"elimina\u00e7\u00e3o\",\"Europa League\",\"futebol\",\"futebol internacional\",\"Sp. Braga\"],\"articleSection\":[\"Desporto\",\"Futebol\"],\"inLanguage\":\"pt-PT\"},{\"@type\":\"WebPage\",\"@id\":\"https:\/\/portaltela.pt\/noticias\/2026\/04\/30\/schuster-contesta-penalti-contra-o-sp-braga-e-falta-e-cartao-vermelho\/\",\"url\":\"https:\/\/portaltela.pt\/noticias\/2026\/04\/30\/schuster-contesta-penalti-contra-o-sp-braga-e-falta-e-cartao-vermelho\/\",\"name\":\"Schuster contesta pen\u00e1lti contra o Sp. Braga: \u00e9 falta e cart\u00e3o vermelho - Portal Tela Portugal\",\"isPartOf\":{\"@id\":\"https:\/\/portaltela.pt\/#website\"},\"primaryImageOfPage\":{\"@id\":\"https:\/\/portaltela.pt\/noticias\/2026\/04\/30\/schuster-contesta-penalti-contra-o-sp-braga-e-falta-e-cartao-vermelho\/#primaryimage\"},\"image\":{\"@id\":\"https:\/\/portaltela.pt\/noticias\/2026\/04\/30\/schuster-contesta-penalti-contra-o-sp-braga-e-falta-e-cartao-vermelho\/#primaryimage\"},\"thumbnailUrl\":\"https:\/\/portaltela.pt\/s.01k8rhncp4jt1\/2026\/04\/img_920x518uu2026-04-30-23-17-20-2436199.jpg\",\"datePublished\":\"2026-04-30T22:33:15+00:00\",\"author\":{\"@id\":\"https:\/\/portaltela.pt\/#\/schema\/person\/c4278d4a6028830caff9ee44b42d32ed\"},\"breadcrumb\":{\"@id\":\"https:\/\/portaltela.pt\/noticias\/2026\/04\/30\/schuster-contesta-penalti-contra-o-sp-braga-e-falta-e-cartao-vermelho\/#breadcrumb\"},\"inLanguage\":\"pt-PT\",\"potentialAction\":[{\"@type\":\"ReadAction\",\"target\":[\"https:\/\/portaltela.pt\/noticias\/2026\/04\/30\/schuster-contesta-penalti-contra-o-sp-braga-e-falta-e-cartao-vermelho\/\"]}]},{\"@type\":\"ImageObject\",\"inLanguage\":\"pt-PT\",\"@id\":\"https:\/\/portaltela.pt\/noticias\/2026\/04\/30\/schuster-contesta-penalti-contra-o-sp-braga-e-falta-e-cartao-vermelho\/#primaryimage\",\"url\":\"https:\/\/portaltela.pt\/s.01k8rhncp4jt1\/2026\/04\/img_920x518uu2026-04-30-23-17-20-2436199.jpg\",\"contentUrl\":\"https:\/\/portaltela.pt\/s.01k8rhncp4jt1\/2026\/04\/img_920x518uu2026-04-30-23-17-20-2436199.jpg\",\"width\":920,\"height\":518,\"caption\":\"Schuster queixa-se de pen\u00e1lti contra o Sp. Braga e acredita na reviravolta\"},{\"@type\":\"BreadcrumbList\",\"@id\":\"https:\/\/portaltela.pt\/noticias\/2026\/04\/30\/schuster-contesta-penalti-contra-o-sp-braga-e-falta-e-cartao-vermelho\/#breadcrumb\",\"itemListElement\":[{\"@type\":\"ListItem\",\"position\":1,\"name\":\"In\u00edcio\",\"item\":\"https:\/\/portaltela.pt\/\"},{\"@type\":\"ListItem\",\"position\":2,\"name\":\"Schuster contesta pen\u00e1lti contra o Sp. Braga: \u00e9 falta e cart\u00e3o vermelho\"}]},{\"@type\":\"WebSite\",\"@id\":\"https:\/\/portaltela.pt\/#website\",\"url\":\"https:\/\/portaltela.pt\/\",\"name\":\"Portal Tela Portugal\",\"description\":\"\",\"potentialAction\":[{\"@type\":\"SearchAction\",\"target\":{\"@type\":\"EntryPoint\",\"urlTemplate\":\"https:\/\/portaltela.pt\/?s={search_term_string}\"},\"query-input\":{\"@type\":\"PropertyValueSpecification\",\"valueRequired\":true,\"valueName\":\"search_term_string\"}}],\"inLanguage\":\"pt-PT\"},{\"@type\":\"Person\",\"@id\":\"https:\/\/portaltela.pt\/#\/schema\/person\/c4278d4a6028830caff9ee44b42d32ed\",\"name\":\"Telinha\",\"image\":{\"@type\":\"ImageObject\",\"inLanguage\":\"pt-PT\",\"@id\":\"https:\/\/portaltela.pt\/s.01k8rhncp4jt1\/2025\/11\/talking-bot-125x125.png\",\"url\":\"https:\/\/portaltela.pt\/s.01k8rhncp4jt1\/2025\/11\/talking-bot-125x125.png\",\"contentUrl\":\"https:\/\/portaltela.pt\/s.01k8rhncp4jt1\/2025\/11\/talking-bot-125x125.png\",\"caption\":\"Telinha\"},\"sameAs\":[\"https:\/\/portaltela.pt\/\"],\"url\":\"https:\/\/portaltela.pt\/por\/367410592786\/\"}]}<\/script>\n<!-- \/ Yoast SEO plugin. -->","yoast_head_json":{"title":"Schuster contesta pen\u00e1lti contra o Sp. Braga: \u00e9 falta e cart\u00e3o vermelho - Portal Tela Portugal","robots":{"index":"index","follow":"follow","max-snippet":"max-snippet:-1","max-image-preview":"max-image-preview:large","max-video-preview":"max-video-preview:-1"},"og_locale":"pt_PT","og_type":"article","og_title":"Schuster contesta pen\u00e1lti contra o Sp. Braga: \u00e9 falta e cart\u00e3o vermelho - Portal Tela Portugal","og_description":"Julian Schuster, treinador do Friburgo, apresentou queixa sobre a arbitragem na primeira m\u00e3o das meias-finais da Liga Europa frente ao Sp. Braga, dizendo que houve pen\u00e1lti por marcar contra os minhotos e que deveria ter existido cart\u00e3o vermelho. No resumo do jogo, o Sp. Braga marcou cedo, o Friburgo devolveu o golo e esteve perto de virar o marcador na segunda parte, mas acabou por sofrer o golo no tempo adicional. O t\u00e9cnico alem\u00e3o afirmou que houve mais oportunidades de golo para o Sp. Braga na segunda parte, e que a defesa precisa de melhorias, apesar de a avalia\u00e7\u00e3o geral ter sido positiva. Refor\u00e7ou a ideia de que a eliminat\u00f3ria ainda est\u00e1 aberta, confiando numa reviravolta no segundo encontro, com o apoio dos adeptos a ser fundamental. Schuster descreveu o facto de alcan\u00e7ar as meias-finais como especial e destacou a vontade de ambas as equipas, sublinhando a necessidade de manter uma mentalidade forte para o jogo em casa.","og_url":"https:\/\/portaltela.pt\/noticias\/2026\/04\/30\/schuster-contesta-penalti-contra-o-sp-braga-e-falta-e-cartao-vermelho\/","og_site_name":"Portal Tela Portugal","article_published_time":"2026-04-30T22:33:15+00:00","author":"Telinha","twitter_card":"summary_large_image","twitter_misc":{"Escrito por":"Telinha","Tempo estimado de leitura":"1 minuto"},"schema":{"@context":"https:\/\/schema.org","@graph":[{"@type":"Article","@id":"https:\/\/portaltela.pt\/noticias\/2026\/04\/30\/schuster-contesta-penalti-contra-o-sp-braga-e-falta-e-cartao-vermelho\/#article","isPartOf":{"@id":"https:\/\/portaltela.pt\/noticias\/2026\/04\/30\/schuster-contesta-penalti-contra-o-sp-braga-e-falta-e-cartao-vermelho\/"},"author":{"name":"Telinha","@id":"https:\/\/portaltela.pt\/#\/schema\/person\/c4278d4a6028830caff9ee44b42d32ed"},"headline":"Schuster contesta pen\u00e1lti contra o Sp. Braga: \u00e9 falta e cart\u00e3o vermelho","datePublished":"2026-04-30T22:33:15+00:00","mainEntityOfPage":{"@id":"https:\/\/portaltela.pt\/noticias\/2026\/04\/30\/schuster-contesta-penalti-contra-o-sp-braga-e-falta-e-cartao-vermelho\/"},"wordCount":295,"image":{"@id":"https:\/\/portaltela.pt\/noticias\/2026\/04\/30\/schuster-contesta-penalti-contra-o-sp-braga-e-falta-e-cartao-vermelho\/#primaryimage"},"thumbnailUrl":"https:\/\/portaltela.pt\/s.01k8rhncp4jt1\/2026\/04\/img_920x518uu2026-04-30-23-17-20-2436199.jpg","keywords":["Braga","elimina\u00e7\u00e3o","Europa League","futebol","futebol internacional","Sp. Braga"],"articleSection":["Desporto","Futebol"],"inLanguage":"pt-PT"},{"@type":"WebPage","@id":"https:\/\/portaltela.pt\/noticias\/2026\/04\/30\/schuster-contesta-penalti-contra-o-sp-braga-e-falta-e-cartao-vermelho\/","url":"https:\/\/portaltela.pt\/noticias\/2026\/04\/30\/schuster-contesta-penalti-contra-o-sp-braga-e-falta-e-cartao-vermelho\/","name":"Schuster contesta pen\u00e1lti contra o Sp. Braga: \u00e9 falta e cart\u00e3o vermelho - Portal Tela Portugal","isPartOf":{"@id":"https:\/\/portaltela.pt\/#website"},"primaryImageOfPage":{"@id":"https:\/\/portaltela.pt\/noticias\/2026\/04\/30\/schuster-contesta-penalti-contra-o-sp-braga-e-falta-e-cartao-vermelho\/#primaryimage"},"image":{"@id":"https:\/\/portaltela.pt\/noticias\/2026\/04\/30\/schuster-contesta-penalti-contra-o-sp-braga-e-falta-e-cartao-vermelho\/#primaryimage"},"thumbnailUrl":"https:\/\/portaltela.pt\/s.01k8rhncp4jt1\/2026\/04\/img_920x518uu2026-04-30-23-17-20-2436199.jpg","datePublished":"2026-04-30T22:33:15+00:00","author":{"@id":"https:\/\/portaltela.pt\/#\/schema\/person\/c4278d4a6028830caff9ee44b42d32ed"},"breadcrumb":{"@id":"https:\/\/portaltela.pt\/noticias\/2026\/04\/30\/schuster-contesta-penalti-contra-o-sp-braga-e-falta-e-cartao-vermelho\/#breadcrumb"},"inLanguage":"pt-PT","potentialAction":[{"@type":"ReadAction","target":["https:\/\/portaltela.pt\/noticias\/2026\/04\/30\/schuster-contesta-penalti-contra-o-sp-braga-e-falta-e-cartao-vermelho\/"]}]},{"@type":"ImageObject","inLanguage":"pt-PT","@id":"https:\/\/portaltela.pt\/noticias\/2026\/04\/30\/schuster-contesta-penalti-contra-o-sp-braga-e-falta-e-cartao-vermelho\/#primaryimage","url":"https:\/\/portaltela.pt\/s.01k8rhncp4jt1\/2026\/04\/img_920x518uu2026-04-30-23-17-20-2436199.jpg","contentUrl":"https:\/\/portaltela.pt\/s.01k8rhncp4jt1\/2026\/04\/img_920x518uu2026-04-30-23-17-20-2436199.jpg","width":920,"height":518,"caption":"Schuster queixa-se de pen\u00e1lti contra o Sp. Braga e acredita na reviravolta"},{"@type":"BreadcrumbList","@id":"https:\/\/portaltela.pt\/noticias\/2026\/04\/30\/schuster-contesta-penalti-contra-o-sp-braga-e-falta-e-cartao-vermelho\/#breadcrumb","itemListElement":[{"@type":"ListItem","position":1,"name":"In\u00edcio","item":"https:\/\/portaltela.pt\/"},{"@type":"ListItem","position":2,"name":"Schuster contesta pen\u00e1lti contra o Sp. Braga: \u00e9 falta e cart\u00e3o vermelho"}]},{"@type":"WebSite","@id":"https:\/\/portaltela.pt\/#website","url":"https:\/\/portaltela.pt\/","name":"Portal Tela Portugal","description":"","potentialAction":[{"@type":"SearchAction","target":{"@type":"EntryPoint","urlTemplate":"https:\/\/portaltela.pt\/?s={search_term_string}"},"query-input":{"@type":"PropertyValueSpecification","valueRequired":true,"valueName":"search_term_string"}}],"inLanguage":"pt-PT"},{"@type":"Person","@id":"https:\/\/portaltela.pt\/#\/schema\/person\/c4278d4a6028830caff9ee44b42d32ed","name":"Telinha","image":{"@type":"ImageObject","inLanguage":"pt-PT","@id":"https:\/\/portaltela.pt\/s.01k8rhncp4jt1\/2025\/11\/talking-bot-125x125.png","url":"https:\/\/portaltela.pt\/s.01k8rhncp4jt1\/2025\/11\/talking-bot-125x125.png","contentUrl":"https:\/\/portaltela.pt\/s.01k8rhncp4jt1\/2025\/11\/talking-bot-125x125.png","caption":"Telinha"},"sameAs":["https:\/\/portaltela.pt\/"],"url":"https:\/\/portaltela.pt\/por\/367410592786\/"}]}},"_links":{"self":[{"href":"https:\/\/portaltela.pt\/api\/wp\/v2\/posts\/463210","targetHints":{"allow":["GET"]}}],"collection":[{"href":"https:\/\/portaltela.pt\/api\/wp\/v2\/posts"}],"about":[{"href":"https:\/\/portaltela.pt\/api\/wp\/v2\/types\/post"}],"author":[{"embeddable":true,"href":"https:\/\/portaltela.pt\/api\/wp\/v2\/users\/2"}],"replies":[{"embeddable":true,"href":"https:\/\/portaltela.pt\/api\/wp\/v2\/comments?post=463210"}],"version-history":[{"count":0,"href":"https:\/\/portaltela.pt\/api\/wp\/v2\/posts\/463210\/revisions"}],"wp:featuredmedia":[{"embeddable":true,"href":"https:\/\/portaltela.pt\/api\/wp\/v2\/media\/463211"}],"wp:attachment":[{"href":"https:\/\/portaltela.pt\/api\/wp\/v2\/media?parent=463210"}],"wp:term":[{"taxonomy":"category","embeddable":true,"href":"https:\/\/portaltela.pt\/api\/wp\/v2\/categories?post=463210"},{"taxonomy":"post_tag","embeddable":true,"href":"https:\/\/portaltela.pt\/api\/wp\/v2\/tags?post=463210"}],"curies":[{"name":"wp","href":"https:\/\/api.w.org\/{rel}","templated":true}]}}