{"id":463172,"date":"2026-04-30T18:33:43","date_gmt":"2026-04-30T21:33:43","guid":{"rendered":"https:\/\/portaltela.pt\/noticias\/2026\/04\/30\/espanha-brasil-e-9-paises-condenam-ataque-a-flotilha-e-exigem-libertacao-de-ativistas\/"},"modified":"2026-04-30T18:33:43","modified_gmt":"2026-04-30T21:33:43","slug":"espanha-brasil-e-9-paises-condenam-ataque-a-flotilha-e-exigem-libertacao-de-ativistas","status":"publish","type":"post","link":"https:\/\/portaltela.pt\/noticias\/2026\/04\/30\/espanha-brasil-e-9-paises-condenam-ataque-a-flotilha-e-exigem-libertacao-de-ativistas\/","title":{"rendered":"Espanha, Brasil e 9 pa\u00edses condenam ataque a flotilha e exigem liberta\u00e7\u00e3o de ativistas"},"content":{"rendered":"<p>O governo de Espanha, em conjunto com Brasil e mais nove pa\u00edses, condenou veementemente, nesta quinta-feira, os ataques de Israel \u00e0 flotilha Global Sumud e a deten\u00e7\u00e3o de 175 ativistas em \u00e1guas internacionais. A a\u00e7\u00e3o foi classificada como viola\u00e7\u00e3o do direito internacional.<\/p>\n<p>A nota conjunta, divulgada pelos Minist\u00e9rios dos Neg\u00f3cios Estrangeiros dos 11 pa\u00edses, refor\u00e7a que a flotilha \u00e9 uma iniciativa civil pac\u00edfica destinada a chamar a aten\u00e7\u00e3o para a crise em Gaza. Os signat\u00e1rios exigem a liberta\u00e7\u00e3o imediata dos ativistas e a responsabiliza\u00e7\u00e3o das autoridades envolvidas.<\/p>\n<h3>Rea\u00e7\u00e3o internacional e estado dos detidos<\/h3>\n<p>O MNE espanhol informou ter chamado a chefe da embaixada de Israel em Madrid para apresentar protesto formal pela deten\u00e7\u00e3o. Aproximadamente 30 cidad\u00e3os espanh\u00f3is integravam a flotilha e ficaram detidos, segundo organizadores.<\/p>\n<p>A Marinha de Israel deteve 175 ativistas a bordo de mais de 20 embarca\u00e7\u00f5es, em navega\u00e7\u00e3o a cerca de 1.200 quil\u00f3metros da faixa de Gaza, perto da ilha de Creta, na Gr\u00e9cia. A flotilha Global Sumud pretendia romper o bloqueio israelo-palestino na regi\u00e3o.<\/p>\n<h3>Participa\u00e7\u00e3o portuguesa e esclarecimentos diplom\u00e1ticos<\/h3>\n<p>O Governo de Portugal confirmou a presen\u00e7a de pelo menos tr\u00eas portugueses na flotilha e anunciou que o embaixador de Israel foi chamado para prestar explica\u00e7\u00f5es. As autoridades consulares portuguesas asseguram prote\u00e7\u00e3o a cidad\u00e3os detidos, em Atenas ou em Telavive, conforme o caso.<\/p>\n<p>As autoridades portuguesas aguardam confirma\u00e7\u00e3o de eventuais deten\u00e7\u00f5es entre os nacionais lusitanos, reiterando que o repatriamento e a assist\u00eancia consular seguem os procedimentos habituais. Al\u00e9m disso, Portugal destacou que atos em \u00e1guas internacionais devem respeitar o direito internacional.<\/p>\n","protected":false},"excerpt":{"rendered":"<ul>\n<li>Onze pa\u00edses, incluindo Espanha e Brasil, condenaram os ataques de Israel \u00e0 flotilha Global Sumud e a deten\u00e7\u00e3o de 175 ativistas em \u00e1guas internacionais, solicitando liberta\u00e7\u00e3o imediata.<\/li>\n<li>O comunicado conjunto foi divulgado pelo Minist\u00e9rio dos Neg\u00f3cios Estrangeiros de Espanha, com participa\u00e7\u00e3o de Turquia, Brasil, Jord\u00e2nia, Paquist\u00e3o, Mal\u00e1sia, Bangladesh, Col\u00f4mbia, Maldivas, \u00c1frica do Sul e L\u00edbia.<\/li>\n<li>A flotilha Global Sumud, composta por 58 embarca\u00e7\u00f5es, foi intercetada pela Marinha de Israel a cerca de 1.200 quil\u00f4metros da Faixa de Gaza.<\/li>\n<li>Pelo menos trinta pessoas com passaporte espanhol integravam a flotilha; Portugal informou que tr\u00eas portugueses estavam detidos e que o embaixador de Israel foi chamado para explicar a deten\u00e7\u00e3o, garantindo prote\u00e7\u00e3o consular.<\/li>\n<li>Os ministros apelam \u00e0 comunidade internacional para defender o direito internacional, proteger civis e responsabilizar as viola\u00e7\u00f5es; o Minist\u00e9rio dos Neg\u00f3cios Estrangeiros de Espanha entregou o protesto \u00e0 chefe da embaixada de Israel em Madrid.<\/li>\n<\/ul>\n","protected":false},"author":2,"featured_media":463175,"comment_status":"closed","ping_status":"closed","sticky":false,"template":"","format":"standard","meta":{"footnotes":""},"categories":[6814,1],"tags":[8388,8170,7937,7914,8657,7988],"class_list":["post-463172","post","type-post","status-publish","format-standard","has-post-thumbnail","hentry","category-geopolitica","category-noticias","tag-_acoes-internacionais","tag-_brasil","tag-_direito-internacional","tag-_direitos-humanos","tag-_espanha","tag-_organizacao-internacional"],"yoast_head":"<!-- This site is optimized with the Yoast SEO plugin v27.2 - https:\/\/yoast.com\/product\/yoast-seo-wordpress\/ -->\n<title>Espanha, Brasil e 9 pa\u00edses condenam ataque a flotilha e exigem liberta\u00e7\u00e3o de ativistas - Portal Tela Portugal<\/title>\n<meta name=\"robots\" content=\"index, follow, max-snippet:-1, max-image-preview:large, max-video-preview:-1\" \/>\n<meta property=\"og:locale\" content=\"pt_PT\" \/>\n<meta property=\"og:type\" content=\"article\" \/>\n<meta property=\"og:title\" content=\"Espanha, Brasil e 9 pa\u00edses condenam ataque a flotilha e exigem liberta\u00e7\u00e3o de ativistas - Portal Tela Portugal\" \/>\n<meta property=\"og:description\" content=\"Onze pa\u00edses, incluindo Espanha e Brasil, condenaram os ataques de Israel \u00e0 flotilha Global Sumud e a deten\u00e7\u00e3o de 175 ativistas em \u00e1guas internacionais, solicitando liberta\u00e7\u00e3o imediata. O comunicado conjunto foi divulgado pelo Minist\u00e9rio dos Neg\u00f3cios Estrangeiros de Espanha, com participa\u00e7\u00e3o de Turquia, Brasil, Jord\u00e2nia, Paquist\u00e3o, Mal\u00e1sia, Bangladesh, Col\u00f4mbia, Maldivas, \u00c1frica do Sul e L\u00edbia. A flotilha Global Sumud, composta por 58 embarca\u00e7\u00f5es, foi intercetada pela Marinha de Israel a cerca de 1.200 quil\u00f4metros da Faixa de Gaza. Pelo menos trinta pessoas com passaporte espanhol integravam a flotilha; Portugal informou que tr\u00eas portugueses estavam detidos e que o embaixador de Israel foi chamado para explicar a deten\u00e7\u00e3o, garantindo prote\u00e7\u00e3o consular. Os ministros apelam \u00e0 comunidade internacional para defender o direito internacional, proteger civis e responsabilizar as viola\u00e7\u00f5es; o Minist\u00e9rio dos Neg\u00f3cios Estrangeiros de Espanha entregou o protesto \u00e0 chefe da embaixada de Israel em Madrid.\" \/>\n<meta property=\"og:url\" content=\"https:\/\/portaltela.pt\/noticias\/2026\/04\/30\/espanha-brasil-e-9-paises-condenam-ataque-a-flotilha-e-exigem-libertacao-de-ativistas\/\" \/>\n<meta property=\"og:site_name\" content=\"Portal Tela Portugal\" \/>\n<meta property=\"article:published_time\" content=\"2026-04-30T21:33:43+00:00\" \/>\n<meta name=\"author\" content=\"Telinha\" \/>\n<meta name=\"twitter:card\" content=\"summary_large_image\" \/>\n<meta name=\"twitter:label1\" content=\"Escrito por\" \/>\n\t<meta name=\"twitter:data1\" content=\"Telinha\" \/>\n\t<meta name=\"twitter:label2\" content=\"Tempo estimado de leitura\" \/>\n\t<meta name=\"twitter:data2\" content=\"1 minuto\" \/>\n<script type=\"application\/ld+json\" class=\"yoast-schema-graph\">{\"@context\":\"https:\/\/schema.org\",\"@graph\":[{\"@type\":\"Article\",\"@id\":\"https:\/\/portaltela.pt\/noticias\/2026\/04\/30\/espanha-brasil-e-9-paises-condenam-ataque-a-flotilha-e-exigem-libertacao-de-ativistas\/#article\",\"isPartOf\":{\"@id\":\"https:\/\/portaltela.pt\/noticias\/2026\/04\/30\/espanha-brasil-e-9-paises-condenam-ataque-a-flotilha-e-exigem-libertacao-de-ativistas\/\"},\"author\":{\"name\":\"Telinha\",\"@id\":\"https:\/\/portaltela.pt\/#\/schema\/person\/c4278d4a6028830caff9ee44b42d32ed\"},\"headline\":\"Espanha, Brasil e 9 pa\u00edses condenam ataque a flotilha e exigem liberta\u00e7\u00e3o de ativistas\",\"datePublished\":\"2026-04-30T21:33:43+00:00\",\"mainEntityOfPage\":{\"@id\":\"https:\/\/portaltela.pt\/noticias\/2026\/04\/30\/espanha-brasil-e-9-paises-condenam-ataque-a-flotilha-e-exigem-libertacao-de-ativistas\/\"},\"wordCount\":294,\"image\":{\"@id\":\"https:\/\/portaltela.pt\/noticias\/2026\/04\/30\/espanha-brasil-e-9-paises-condenam-ataque-a-flotilha-e-exigem-libertacao-de-ativistas\/#primaryimage\"},\"thumbnailUrl\":\"https:\/\/portaltela.pt\/s.01k8rhncp4jt1\/2026\/04\/img_1280x721uu2026-04-30-19-55-13-2282098.jpg\",\"keywords\":[\"_a\u00e7\u00f5es internacionais\",\"_Brasil\",\"_direito internacional\",\"_direitos humanos\",\"_Espanha\",\"_organiza\u00e7\u00e3o internacional\"],\"articleSection\":[\"Geopol\u00edtica\",\"Not\u00edcias\"],\"inLanguage\":\"pt-PT\"},{\"@type\":\"WebPage\",\"@id\":\"https:\/\/portaltela.pt\/noticias\/2026\/04\/30\/espanha-brasil-e-9-paises-condenam-ataque-a-flotilha-e-exigem-libertacao-de-ativistas\/\",\"url\":\"https:\/\/portaltela.pt\/noticias\/2026\/04\/30\/espanha-brasil-e-9-paises-condenam-ataque-a-flotilha-e-exigem-libertacao-de-ativistas\/\",\"name\":\"Espanha, Brasil e 9 pa\u00edses condenam ataque a flotilha e exigem liberta\u00e7\u00e3o de ativistas - Portal Tela Portugal\",\"isPartOf\":{\"@id\":\"https:\/\/portaltela.pt\/#website\"},\"primaryImageOfPage\":{\"@id\":\"https:\/\/portaltela.pt\/noticias\/2026\/04\/30\/espanha-brasil-e-9-paises-condenam-ataque-a-flotilha-e-exigem-libertacao-de-ativistas\/#primaryimage\"},\"image\":{\"@id\":\"https:\/\/portaltela.pt\/noticias\/2026\/04\/30\/espanha-brasil-e-9-paises-condenam-ataque-a-flotilha-e-exigem-libertacao-de-ativistas\/#primaryimage\"},\"thumbnailUrl\":\"https:\/\/portaltela.pt\/s.01k8rhncp4jt1\/2026\/04\/img_1280x721uu2026-04-30-19-55-13-2282098.jpg\",\"datePublished\":\"2026-04-30T21:33:43+00:00\",\"author\":{\"@id\":\"https:\/\/portaltela.pt\/#\/schema\/person\/c4278d4a6028830caff9ee44b42d32ed\"},\"breadcrumb\":{\"@id\":\"https:\/\/portaltela.pt\/noticias\/2026\/04\/30\/espanha-brasil-e-9-paises-condenam-ataque-a-flotilha-e-exigem-libertacao-de-ativistas\/#breadcrumb\"},\"inLanguage\":\"pt-PT\",\"potentialAction\":[{\"@type\":\"ReadAction\",\"target\":[\"https:\/\/portaltela.pt\/noticias\/2026\/04\/30\/espanha-brasil-e-9-paises-condenam-ataque-a-flotilha-e-exigem-libertacao-de-ativistas\/\"]}]},{\"@type\":\"ImageObject\",\"inLanguage\":\"pt-PT\",\"@id\":\"https:\/\/portaltela.pt\/noticias\/2026\/04\/30\/espanha-brasil-e-9-paises-condenam-ataque-a-flotilha-e-exigem-libertacao-de-ativistas\/#primaryimage\",\"url\":\"https:\/\/portaltela.pt\/s.01k8rhncp4jt1\/2026\/04\/img_1280x721uu2026-04-30-19-55-13-2282098.jpg\",\"contentUrl\":\"https:\/\/portaltela.pt\/s.01k8rhncp4jt1\/2026\/04\/img_1280x721uu2026-04-30-19-55-13-2282098.jpg\",\"width\":796,\"height\":448,\"caption\":\"Flotilha protesta em Barcelona contra o bloqueio de Gaza, defendendo miss\u00f5es humanit\u00e1rias\"},{\"@type\":\"BreadcrumbList\",\"@id\":\"https:\/\/portaltela.pt\/noticias\/2026\/04\/30\/espanha-brasil-e-9-paises-condenam-ataque-a-flotilha-e-exigem-libertacao-de-ativistas\/#breadcrumb\",\"itemListElement\":[{\"@type\":\"ListItem\",\"position\":1,\"name\":\"In\u00edcio\",\"item\":\"https:\/\/portaltela.pt\/\"},{\"@type\":\"ListItem\",\"position\":2,\"name\":\"Espanha, Brasil e 9 pa\u00edses condenam ataque a flotilha e exigem liberta\u00e7\u00e3o de ativistas\"}]},{\"@type\":\"WebSite\",\"@id\":\"https:\/\/portaltela.pt\/#website\",\"url\":\"https:\/\/portaltela.pt\/\",\"name\":\"Portal Tela Portugal\",\"description\":\"\",\"potentialAction\":[{\"@type\":\"SearchAction\",\"target\":{\"@type\":\"EntryPoint\",\"urlTemplate\":\"https:\/\/portaltela.pt\/?s={search_term_string}\"},\"query-input\":{\"@type\":\"PropertyValueSpecification\",\"valueRequired\":true,\"valueName\":\"search_term_string\"}}],\"inLanguage\":\"pt-PT\"},{\"@type\":\"Person\",\"@id\":\"https:\/\/portaltela.pt\/#\/schema\/person\/c4278d4a6028830caff9ee44b42d32ed\",\"name\":\"Telinha\",\"image\":{\"@type\":\"ImageObject\",\"inLanguage\":\"pt-PT\",\"@id\":\"https:\/\/portaltela.pt\/s.01k8rhncp4jt1\/2025\/11\/talking-bot-125x125.png\",\"url\":\"https:\/\/portaltela.pt\/s.01k8rhncp4jt1\/2025\/11\/talking-bot-125x125.png\",\"contentUrl\":\"https:\/\/portaltela.pt\/s.01k8rhncp4jt1\/2025\/11\/talking-bot-125x125.png\",\"caption\":\"Telinha\"},\"sameAs\":[\"https:\/\/portaltela.pt\/\"],\"url\":\"https:\/\/portaltela.pt\/por\/367410592786\/\"}]}<\/script>\n<!-- \/ Yoast SEO plugin. -->","yoast_head_json":{"title":"Espanha, Brasil e 9 pa\u00edses condenam ataque a flotilha e exigem liberta\u00e7\u00e3o de ativistas - Portal Tela Portugal","robots":{"index":"index","follow":"follow","max-snippet":"max-snippet:-1","max-image-preview":"max-image-preview:large","max-video-preview":"max-video-preview:-1"},"og_locale":"pt_PT","og_type":"article","og_title":"Espanha, Brasil e 9 pa\u00edses condenam ataque a flotilha e exigem liberta\u00e7\u00e3o de ativistas - Portal Tela Portugal","og_description":"Onze pa\u00edses, incluindo Espanha e Brasil, condenaram os ataques de Israel \u00e0 flotilha Global Sumud e a deten\u00e7\u00e3o de 175 ativistas em \u00e1guas internacionais, solicitando liberta\u00e7\u00e3o imediata. O comunicado conjunto foi divulgado pelo Minist\u00e9rio dos Neg\u00f3cios Estrangeiros de Espanha, com participa\u00e7\u00e3o de Turquia, Brasil, Jord\u00e2nia, Paquist\u00e3o, Mal\u00e1sia, Bangladesh, Col\u00f4mbia, Maldivas, \u00c1frica do Sul e L\u00edbia. A flotilha Global Sumud, composta por 58 embarca\u00e7\u00f5es, foi intercetada pela Marinha de Israel a cerca de 1.200 quil\u00f4metros da Faixa de Gaza. Pelo menos trinta pessoas com passaporte espanhol integravam a flotilha; Portugal informou que tr\u00eas portugueses estavam detidos e que o embaixador de Israel foi chamado para explicar a deten\u00e7\u00e3o, garantindo prote\u00e7\u00e3o consular. Os ministros apelam \u00e0 comunidade internacional para defender o direito internacional, proteger civis e responsabilizar as viola\u00e7\u00f5es; o Minist\u00e9rio dos Neg\u00f3cios Estrangeiros de Espanha entregou o protesto \u00e0 chefe da embaixada de Israel em Madrid.","og_url":"https:\/\/portaltela.pt\/noticias\/2026\/04\/30\/espanha-brasil-e-9-paises-condenam-ataque-a-flotilha-e-exigem-libertacao-de-ativistas\/","og_site_name":"Portal Tela Portugal","article_published_time":"2026-04-30T21:33:43+00:00","author":"Telinha","twitter_card":"summary_large_image","twitter_misc":{"Escrito por":"Telinha","Tempo estimado de leitura":"1 minuto"},"schema":{"@context":"https:\/\/schema.org","@graph":[{"@type":"Article","@id":"https:\/\/portaltela.pt\/noticias\/2026\/04\/30\/espanha-brasil-e-9-paises-condenam-ataque-a-flotilha-e-exigem-libertacao-de-ativistas\/#article","isPartOf":{"@id":"https:\/\/portaltela.pt\/noticias\/2026\/04\/30\/espanha-brasil-e-9-paises-condenam-ataque-a-flotilha-e-exigem-libertacao-de-ativistas\/"},"author":{"name":"Telinha","@id":"https:\/\/portaltela.pt\/#\/schema\/person\/c4278d4a6028830caff9ee44b42d32ed"},"headline":"Espanha, Brasil e 9 pa\u00edses condenam ataque a flotilha e exigem liberta\u00e7\u00e3o de ativistas","datePublished":"2026-04-30T21:33:43+00:00","mainEntityOfPage":{"@id":"https:\/\/portaltela.pt\/noticias\/2026\/04\/30\/espanha-brasil-e-9-paises-condenam-ataque-a-flotilha-e-exigem-libertacao-de-ativistas\/"},"wordCount":294,"image":{"@id":"https:\/\/portaltela.pt\/noticias\/2026\/04\/30\/espanha-brasil-e-9-paises-condenam-ataque-a-flotilha-e-exigem-libertacao-de-ativistas\/#primaryimage"},"thumbnailUrl":"https:\/\/portaltela.pt\/s.01k8rhncp4jt1\/2026\/04\/img_1280x721uu2026-04-30-19-55-13-2282098.jpg","keywords":["_a\u00e7\u00f5es internacionais","_Brasil","_direito internacional","_direitos humanos","_Espanha","_organiza\u00e7\u00e3o internacional"],"articleSection":["Geopol\u00edtica","Not\u00edcias"],"inLanguage":"pt-PT"},{"@type":"WebPage","@id":"https:\/\/portaltela.pt\/noticias\/2026\/04\/30\/espanha-brasil-e-9-paises-condenam-ataque-a-flotilha-e-exigem-libertacao-de-ativistas\/","url":"https:\/\/portaltela.pt\/noticias\/2026\/04\/30\/espanha-brasil-e-9-paises-condenam-ataque-a-flotilha-e-exigem-libertacao-de-ativistas\/","name":"Espanha, Brasil e 9 pa\u00edses condenam ataque a flotilha e exigem liberta\u00e7\u00e3o de ativistas - Portal Tela Portugal","isPartOf":{"@id":"https:\/\/portaltela.pt\/#website"},"primaryImageOfPage":{"@id":"https:\/\/portaltela.pt\/noticias\/2026\/04\/30\/espanha-brasil-e-9-paises-condenam-ataque-a-flotilha-e-exigem-libertacao-de-ativistas\/#primaryimage"},"image":{"@id":"https:\/\/portaltela.pt\/noticias\/2026\/04\/30\/espanha-brasil-e-9-paises-condenam-ataque-a-flotilha-e-exigem-libertacao-de-ativistas\/#primaryimage"},"thumbnailUrl":"https:\/\/portaltela.pt\/s.01k8rhncp4jt1\/2026\/04\/img_1280x721uu2026-04-30-19-55-13-2282098.jpg","datePublished":"2026-04-30T21:33:43+00:00","author":{"@id":"https:\/\/portaltela.pt\/#\/schema\/person\/c4278d4a6028830caff9ee44b42d32ed"},"breadcrumb":{"@id":"https:\/\/portaltela.pt\/noticias\/2026\/04\/30\/espanha-brasil-e-9-paises-condenam-ataque-a-flotilha-e-exigem-libertacao-de-ativistas\/#breadcrumb"},"inLanguage":"pt-PT","potentialAction":[{"@type":"ReadAction","target":["https:\/\/portaltela.pt\/noticias\/2026\/04\/30\/espanha-brasil-e-9-paises-condenam-ataque-a-flotilha-e-exigem-libertacao-de-ativistas\/"]}]},{"@type":"ImageObject","inLanguage":"pt-PT","@id":"https:\/\/portaltela.pt\/noticias\/2026\/04\/30\/espanha-brasil-e-9-paises-condenam-ataque-a-flotilha-e-exigem-libertacao-de-ativistas\/#primaryimage","url":"https:\/\/portaltela.pt\/s.01k8rhncp4jt1\/2026\/04\/img_1280x721uu2026-04-30-19-55-13-2282098.jpg","contentUrl":"https:\/\/portaltela.pt\/s.01k8rhncp4jt1\/2026\/04\/img_1280x721uu2026-04-30-19-55-13-2282098.jpg","width":796,"height":448,"caption":"Flotilha protesta em Barcelona contra o bloqueio de Gaza, defendendo miss\u00f5es humanit\u00e1rias"},{"@type":"BreadcrumbList","@id":"https:\/\/portaltela.pt\/noticias\/2026\/04\/30\/espanha-brasil-e-9-paises-condenam-ataque-a-flotilha-e-exigem-libertacao-de-ativistas\/#breadcrumb","itemListElement":[{"@type":"ListItem","position":1,"name":"In\u00edcio","item":"https:\/\/portaltela.pt\/"},{"@type":"ListItem","position":2,"name":"Espanha, Brasil e 9 pa\u00edses condenam ataque a flotilha e exigem liberta\u00e7\u00e3o de ativistas"}]},{"@type":"WebSite","@id":"https:\/\/portaltela.pt\/#website","url":"https:\/\/portaltela.pt\/","name":"Portal Tela Portugal","description":"","potentialAction":[{"@type":"SearchAction","target":{"@type":"EntryPoint","urlTemplate":"https:\/\/portaltela.pt\/?s={search_term_string}"},"query-input":{"@type":"PropertyValueSpecification","valueRequired":true,"valueName":"search_term_string"}}],"inLanguage":"pt-PT"},{"@type":"Person","@id":"https:\/\/portaltela.pt\/#\/schema\/person\/c4278d4a6028830caff9ee44b42d32ed","name":"Telinha","image":{"@type":"ImageObject","inLanguage":"pt-PT","@id":"https:\/\/portaltela.pt\/s.01k8rhncp4jt1\/2025\/11\/talking-bot-125x125.png","url":"https:\/\/portaltela.pt\/s.01k8rhncp4jt1\/2025\/11\/talking-bot-125x125.png","contentUrl":"https:\/\/portaltela.pt\/s.01k8rhncp4jt1\/2025\/11\/talking-bot-125x125.png","caption":"Telinha"},"sameAs":["https:\/\/portaltela.pt\/"],"url":"https:\/\/portaltela.pt\/por\/367410592786\/"}]}},"_links":{"self":[{"href":"https:\/\/portaltela.pt\/api\/wp\/v2\/posts\/463172","targetHints":{"allow":["GET"]}}],"collection":[{"href":"https:\/\/portaltela.pt\/api\/wp\/v2\/posts"}],"about":[{"href":"https:\/\/portaltela.pt\/api\/wp\/v2\/types\/post"}],"author":[{"embeddable":true,"href":"https:\/\/portaltela.pt\/api\/wp\/v2\/users\/2"}],"replies":[{"embeddable":true,"href":"https:\/\/portaltela.pt\/api\/wp\/v2\/comments?post=463172"}],"version-history":[{"count":0,"href":"https:\/\/portaltela.pt\/api\/wp\/v2\/posts\/463172\/revisions"}],"wp:featuredmedia":[{"embeddable":true,"href":"https:\/\/portaltela.pt\/api\/wp\/v2\/media\/463175"}],"wp:attachment":[{"href":"https:\/\/portaltela.pt\/api\/wp\/v2\/media?parent=463172"}],"wp:term":[{"taxonomy":"category","embeddable":true,"href":"https:\/\/portaltela.pt\/api\/wp\/v2\/categories?post=463172"},{"taxonomy":"post_tag","embeddable":true,"href":"https:\/\/portaltela.pt\/api\/wp\/v2\/tags?post=463172"}],"curies":[{"name":"wp","href":"https:\/\/api.w.org\/{rel}","templated":true}]}}