{"id":463169,"date":"2026-04-30T17:51:00","date_gmt":"2026-04-30T20:51:00","guid":{"rendered":"https:\/\/portaltela.pt\/noticias\/2026\/04\/30\/kremlin-propoe-tregua-de-9-de-maio-com-ou-sem-kiev\/"},"modified":"2026-04-30T17:51:00","modified_gmt":"2026-04-30T20:51:00","slug":"kremlin-propoe-tregua-de-9-de-maio-com-ou-sem-kiev","status":"publish","type":"post","link":"https:\/\/portaltela.pt\/noticias\/2026\/04\/30\/kremlin-propoe-tregua-de-9-de-maio-com-ou-sem-kiev\/","title":{"rendered":"Kremlin prop\u00f5e tr\u00e9gua de 9 de maio, com ou sem Kiev"},"content":{"rendered":"<p>O Kremlin afirmou que foi apresentada uma tr\u00e9gua para o dia 9 de maio, visando limitar hostilidades entre as for\u00e7as russas e ucranianas. A proposta surge num contexto de ofensivas cont\u00ednuas na Ucr\u00e2nia, com a possibilidade de aplica\u00e7\u00e3o independentemente da posi\u00e7\u00e3o de Kiev.<\/p>\n<p>Segundo as informa\u00e7\u00f5es divulgadas pelo Kremlin, a iniciativa parte de autoridades russas e envolve a coordena\u00e7\u00e3o com as partes envolvidas no conflito. A data marcada coincide com um feriado hist\u00f3rico na R\u00fassia, o que motivou a escolha para a cessa\u00e7\u00e3o tempor\u00e1ria de a\u00e7\u00f5es militares.<\/p>\n<p>Ainda n\u00e3o h\u00e1 confirma\u00e7\u00e3o oficial sobre a aceita\u00e7\u00e3o por parte de Kiev. N\u00e3o foram detalhadas condi\u00e7\u00f5es, mecanismos de monitoriza\u00e7\u00e3o ou certifica\u00e7\u00e3o do cessar-fogo, nem o territ\u00f3rio indicado para o cumprimento. O an\u00fancio n\u00e3o especifica o impacto pr\u00e1tico da tr\u00e9gua para civis ou opera\u00e7\u00f5es militares em curso.<\/p>\n","protected":false},"excerpt":{"rendered":"<ul>\n<li>Tr\u00e9gua proposta por o presidente russo, Vladimir Putin, para o dia 09 de maio, com aplica\u00e7\u00e3o poss\u00edvel com ou sem Kiev, conforme o Kremlin.<\/li>\n<li>O conte\u00fado completo da not\u00edcia est\u00e1 dispon\u00edvel apenas para subscritores.<\/li>\n<li>A op\u00e7\u00e3o de acesso exige entrada\/login para visualizar o texto integral.<\/li>\n<\/ul>\n","protected":false},"author":2,"featured_media":463173,"comment_status":"closed","ping_status":"closed","sticky":false,"template":"","format":"standard","meta":{"footnotes":""},"categories":[6814,1],"tags":[8775,8441,7934,8035,7994],"class_list":["post-463169","post","type-post","status-publish","format-standard","has-post-thumbnail","hentry","category-geopolitica","category-noticias","tag-_cessar-fogo","tag-_conflito","tag-_conflitos-internacionais","tag-_russia","tag-_ucrania"],"yoast_head":"<!-- This site is optimized with the Yoast SEO plugin v27.2 - https:\/\/yoast.com\/product\/yoast-seo-wordpress\/ -->\n<title>Kremlin prop\u00f5e tr\u00e9gua de 9 de maio, com ou sem Kiev - Portal Tela Portugal<\/title>\n<meta name=\"robots\" content=\"index, follow, max-snippet:-1, max-image-preview:large, max-video-preview:-1\" \/>\n<meta property=\"og:locale\" content=\"pt_PT\" \/>\n<meta property=\"og:type\" content=\"article\" \/>\n<meta property=\"og:title\" content=\"Kremlin prop\u00f5e tr\u00e9gua de 9 de maio, com ou sem Kiev - Portal Tela Portugal\" \/>\n<meta property=\"og:description\" content=\"Tr\u00e9gua proposta por o presidente russo, Vladimir Putin, para o dia 09 de maio, com aplica\u00e7\u00e3o poss\u00edvel com ou sem Kiev, conforme o Kremlin. O conte\u00fado completo da not\u00edcia est\u00e1 dispon\u00edvel apenas para subscritores. A op\u00e7\u00e3o de acesso exige entrada\/login para visualizar o texto integral.\" \/>\n<meta property=\"og:url\" content=\"https:\/\/portaltela.pt\/noticias\/2026\/04\/30\/kremlin-propoe-tregua-de-9-de-maio-com-ou-sem-kiev\/\" \/>\n<meta property=\"og:site_name\" content=\"Portal Tela Portugal\" \/>\n<meta property=\"article:published_time\" content=\"2026-04-30T20:51:00+00:00\" \/>\n<meta name=\"author\" content=\"Telinha\" \/>\n<meta name=\"twitter:card\" content=\"summary_large_image\" \/>\n<meta name=\"twitter:label1\" content=\"Escrito por\" \/>\n\t<meta name=\"twitter:data1\" content=\"Telinha\" \/>\n\t<meta name=\"twitter:label2\" content=\"Tempo estimado de leitura\" \/>\n\t<meta name=\"twitter:data2\" content=\"1 minuto\" \/>\n<script type=\"application\/ld+json\" class=\"yoast-schema-graph\">{\"@context\":\"https:\/\/schema.org\",\"@graph\":[{\"@type\":\"Article\",\"@id\":\"https:\/\/portaltela.pt\/noticias\/2026\/04\/30\/kremlin-propoe-tregua-de-9-de-maio-com-ou-sem-kiev\/#article\",\"isPartOf\":{\"@id\":\"https:\/\/portaltela.pt\/noticias\/2026\/04\/30\/kremlin-propoe-tregua-de-9-de-maio-com-ou-sem-kiev\/\"},\"author\":{\"name\":\"Telinha\",\"@id\":\"https:\/\/portaltela.pt\/#\/schema\/person\/c4278d4a6028830caff9ee44b42d32ed\"},\"headline\":\"Kremlin prop\u00f5e tr\u00e9gua de 9 de maio, com ou sem Kiev\",\"datePublished\":\"2026-04-30T20:51:00+00:00\",\"mainEntityOfPage\":{\"@id\":\"https:\/\/portaltela.pt\/noticias\/2026\/04\/30\/kremlin-propoe-tregua-de-9-de-maio-com-ou-sem-kiev\/\"},\"wordCount\":170,\"image\":{\"@id\":\"https:\/\/portaltela.pt\/noticias\/2026\/04\/30\/kremlin-propoe-tregua-de-9-de-maio-com-ou-sem-kiev\/#primaryimage\"},\"thumbnailUrl\":\"https:\/\/portaltela.pt\/s.01k8rhncp4jt1\/2026\/04\/CACHE_780X1200_ANALOG_WATERMARKED_47011154_11161795666133.jpg\",\"keywords\":[\"_cessar-fogo\",\"_conflito\",\"_conflitos internacionais\",\"_R\u00fassia\",\"_Ucr\u00e2nia\"],\"articleSection\":[\"Geopol\u00edtica\",\"Not\u00edcias\"],\"inLanguage\":\"pt-PT\"},{\"@type\":\"WebPage\",\"@id\":\"https:\/\/portaltela.pt\/noticias\/2026\/04\/30\/kremlin-propoe-tregua-de-9-de-maio-com-ou-sem-kiev\/\",\"url\":\"https:\/\/portaltela.pt\/noticias\/2026\/04\/30\/kremlin-propoe-tregua-de-9-de-maio-com-ou-sem-kiev\/\",\"name\":\"Kremlin prop\u00f5e tr\u00e9gua de 9 de maio, com ou sem Kiev - Portal Tela Portugal\",\"isPartOf\":{\"@id\":\"https:\/\/portaltela.pt\/#website\"},\"primaryImageOfPage\":{\"@id\":\"https:\/\/portaltela.pt\/noticias\/2026\/04\/30\/kremlin-propoe-tregua-de-9-de-maio-com-ou-sem-kiev\/#primaryimage\"},\"image\":{\"@id\":\"https:\/\/portaltela.pt\/noticias\/2026\/04\/30\/kremlin-propoe-tregua-de-9-de-maio-com-ou-sem-kiev\/#primaryimage\"},\"thumbnailUrl\":\"https:\/\/portaltela.pt\/s.01k8rhncp4jt1\/2026\/04\/CACHE_780X1200_ANALOG_WATERMARKED_47011154_11161795666133.jpg\",\"datePublished\":\"2026-04-30T20:51:00+00:00\",\"author\":{\"@id\":\"https:\/\/portaltela.pt\/#\/schema\/person\/c4278d4a6028830caff9ee44b42d32ed\"},\"breadcrumb\":{\"@id\":\"https:\/\/portaltela.pt\/noticias\/2026\/04\/30\/kremlin-propoe-tregua-de-9-de-maio-com-ou-sem-kiev\/#breadcrumb\"},\"inLanguage\":\"pt-PT\",\"potentialAction\":[{\"@type\":\"ReadAction\",\"target\":[\"https:\/\/portaltela.pt\/noticias\/2026\/04\/30\/kremlin-propoe-tregua-de-9-de-maio-com-ou-sem-kiev\/\"]}]},{\"@type\":\"ImageObject\",\"inLanguage\":\"pt-PT\",\"@id\":\"https:\/\/portaltela.pt\/noticias\/2026\/04\/30\/kremlin-propoe-tregua-de-9-de-maio-com-ou-sem-kiev\/#primaryimage\",\"url\":\"https:\/\/portaltela.pt\/s.01k8rhncp4jt1\/2026\/04\/CACHE_780X1200_ANALOG_WATERMARKED_47011154_11161795666133.jpg\",\"contentUrl\":\"https:\/\/portaltela.pt\/s.01k8rhncp4jt1\/2026\/04\/CACHE_780X1200_ANALOG_WATERMARKED_47011154_11161795666133.jpg\",\"width\":796,\"height\":448,\"caption\":\"Photo\"},{\"@type\":\"BreadcrumbList\",\"@id\":\"https:\/\/portaltela.pt\/noticias\/2026\/04\/30\/kremlin-propoe-tregua-de-9-de-maio-com-ou-sem-kiev\/#breadcrumb\",\"itemListElement\":[{\"@type\":\"ListItem\",\"position\":1,\"name\":\"In\u00edcio\",\"item\":\"https:\/\/portaltela.pt\/\"},{\"@type\":\"ListItem\",\"position\":2,\"name\":\"Kremlin prop\u00f5e tr\u00e9gua de 9 de maio, com ou sem Kiev\"}]},{\"@type\":\"WebSite\",\"@id\":\"https:\/\/portaltela.pt\/#website\",\"url\":\"https:\/\/portaltela.pt\/\",\"name\":\"Portal Tela Portugal\",\"description\":\"\",\"potentialAction\":[{\"@type\":\"SearchAction\",\"target\":{\"@type\":\"EntryPoint\",\"urlTemplate\":\"https:\/\/portaltela.pt\/?s={search_term_string}\"},\"query-input\":{\"@type\":\"PropertyValueSpecification\",\"valueRequired\":true,\"valueName\":\"search_term_string\"}}],\"inLanguage\":\"pt-PT\"},{\"@type\":\"Person\",\"@id\":\"https:\/\/portaltela.pt\/#\/schema\/person\/c4278d4a6028830caff9ee44b42d32ed\",\"name\":\"Telinha\",\"image\":{\"@type\":\"ImageObject\",\"inLanguage\":\"pt-PT\",\"@id\":\"https:\/\/portaltela.pt\/s.01k8rhncp4jt1\/2025\/11\/talking-bot-125x125.png\",\"url\":\"https:\/\/portaltela.pt\/s.01k8rhncp4jt1\/2025\/11\/talking-bot-125x125.png\",\"contentUrl\":\"https:\/\/portaltela.pt\/s.01k8rhncp4jt1\/2025\/11\/talking-bot-125x125.png\",\"caption\":\"Telinha\"},\"sameAs\":[\"https:\/\/portaltela.pt\/\"],\"url\":\"https:\/\/portaltela.pt\/por\/367410592786\/\"}]}<\/script>\n<!-- \/ Yoast SEO plugin. -->","yoast_head_json":{"title":"Kremlin prop\u00f5e tr\u00e9gua de 9 de maio, com ou sem Kiev - Portal Tela Portugal","robots":{"index":"index","follow":"follow","max-snippet":"max-snippet:-1","max-image-preview":"max-image-preview:large","max-video-preview":"max-video-preview:-1"},"og_locale":"pt_PT","og_type":"article","og_title":"Kremlin prop\u00f5e tr\u00e9gua de 9 de maio, com ou sem Kiev - Portal Tela Portugal","og_description":"Tr\u00e9gua proposta por o presidente russo, Vladimir Putin, para o dia 09 de maio, com aplica\u00e7\u00e3o poss\u00edvel com ou sem Kiev, conforme o Kremlin. O conte\u00fado completo da not\u00edcia est\u00e1 dispon\u00edvel apenas para subscritores. A op\u00e7\u00e3o de acesso exige entrada\/login para visualizar o texto integral.","og_url":"https:\/\/portaltela.pt\/noticias\/2026\/04\/30\/kremlin-propoe-tregua-de-9-de-maio-com-ou-sem-kiev\/","og_site_name":"Portal Tela Portugal","article_published_time":"2026-04-30T20:51:00+00:00","author":"Telinha","twitter_card":"summary_large_image","twitter_misc":{"Escrito por":"Telinha","Tempo estimado de leitura":"1 minuto"},"schema":{"@context":"https:\/\/schema.org","@graph":[{"@type":"Article","@id":"https:\/\/portaltela.pt\/noticias\/2026\/04\/30\/kremlin-propoe-tregua-de-9-de-maio-com-ou-sem-kiev\/#article","isPartOf":{"@id":"https:\/\/portaltela.pt\/noticias\/2026\/04\/30\/kremlin-propoe-tregua-de-9-de-maio-com-ou-sem-kiev\/"},"author":{"name":"Telinha","@id":"https:\/\/portaltela.pt\/#\/schema\/person\/c4278d4a6028830caff9ee44b42d32ed"},"headline":"Kremlin prop\u00f5e tr\u00e9gua de 9 de maio, com ou sem Kiev","datePublished":"2026-04-30T20:51:00+00:00","mainEntityOfPage":{"@id":"https:\/\/portaltela.pt\/noticias\/2026\/04\/30\/kremlin-propoe-tregua-de-9-de-maio-com-ou-sem-kiev\/"},"wordCount":170,"image":{"@id":"https:\/\/portaltela.pt\/noticias\/2026\/04\/30\/kremlin-propoe-tregua-de-9-de-maio-com-ou-sem-kiev\/#primaryimage"},"thumbnailUrl":"https:\/\/portaltela.pt\/s.01k8rhncp4jt1\/2026\/04\/CACHE_780X1200_ANALOG_WATERMARKED_47011154_11161795666133.jpg","keywords":["_cessar-fogo","_conflito","_conflitos internacionais","_R\u00fassia","_Ucr\u00e2nia"],"articleSection":["Geopol\u00edtica","Not\u00edcias"],"inLanguage":"pt-PT"},{"@type":"WebPage","@id":"https:\/\/portaltela.pt\/noticias\/2026\/04\/30\/kremlin-propoe-tregua-de-9-de-maio-com-ou-sem-kiev\/","url":"https:\/\/portaltela.pt\/noticias\/2026\/04\/30\/kremlin-propoe-tregua-de-9-de-maio-com-ou-sem-kiev\/","name":"Kremlin prop\u00f5e tr\u00e9gua de 9 de maio, com ou sem Kiev - Portal Tela Portugal","isPartOf":{"@id":"https:\/\/portaltela.pt\/#website"},"primaryImageOfPage":{"@id":"https:\/\/portaltela.pt\/noticias\/2026\/04\/30\/kremlin-propoe-tregua-de-9-de-maio-com-ou-sem-kiev\/#primaryimage"},"image":{"@id":"https:\/\/portaltela.pt\/noticias\/2026\/04\/30\/kremlin-propoe-tregua-de-9-de-maio-com-ou-sem-kiev\/#primaryimage"},"thumbnailUrl":"https:\/\/portaltela.pt\/s.01k8rhncp4jt1\/2026\/04\/CACHE_780X1200_ANALOG_WATERMARKED_47011154_11161795666133.jpg","datePublished":"2026-04-30T20:51:00+00:00","author":{"@id":"https:\/\/portaltela.pt\/#\/schema\/person\/c4278d4a6028830caff9ee44b42d32ed"},"breadcrumb":{"@id":"https:\/\/portaltela.pt\/noticias\/2026\/04\/30\/kremlin-propoe-tregua-de-9-de-maio-com-ou-sem-kiev\/#breadcrumb"},"inLanguage":"pt-PT","potentialAction":[{"@type":"ReadAction","target":["https:\/\/portaltela.pt\/noticias\/2026\/04\/30\/kremlin-propoe-tregua-de-9-de-maio-com-ou-sem-kiev\/"]}]},{"@type":"ImageObject","inLanguage":"pt-PT","@id":"https:\/\/portaltela.pt\/noticias\/2026\/04\/30\/kremlin-propoe-tregua-de-9-de-maio-com-ou-sem-kiev\/#primaryimage","url":"https:\/\/portaltela.pt\/s.01k8rhncp4jt1\/2026\/04\/CACHE_780X1200_ANALOG_WATERMARKED_47011154_11161795666133.jpg","contentUrl":"https:\/\/portaltela.pt\/s.01k8rhncp4jt1\/2026\/04\/CACHE_780X1200_ANALOG_WATERMARKED_47011154_11161795666133.jpg","width":796,"height":448,"caption":"Photo"},{"@type":"BreadcrumbList","@id":"https:\/\/portaltela.pt\/noticias\/2026\/04\/30\/kremlin-propoe-tregua-de-9-de-maio-com-ou-sem-kiev\/#breadcrumb","itemListElement":[{"@type":"ListItem","position":1,"name":"In\u00edcio","item":"https:\/\/portaltela.pt\/"},{"@type":"ListItem","position":2,"name":"Kremlin prop\u00f5e tr\u00e9gua de 9 de maio, com ou sem Kiev"}]},{"@type":"WebSite","@id":"https:\/\/portaltela.pt\/#website","url":"https:\/\/portaltela.pt\/","name":"Portal Tela Portugal","description":"","potentialAction":[{"@type":"SearchAction","target":{"@type":"EntryPoint","urlTemplate":"https:\/\/portaltela.pt\/?s={search_term_string}"},"query-input":{"@type":"PropertyValueSpecification","valueRequired":true,"valueName":"search_term_string"}}],"inLanguage":"pt-PT"},{"@type":"Person","@id":"https:\/\/portaltela.pt\/#\/schema\/person\/c4278d4a6028830caff9ee44b42d32ed","name":"Telinha","image":{"@type":"ImageObject","inLanguage":"pt-PT","@id":"https:\/\/portaltela.pt\/s.01k8rhncp4jt1\/2025\/11\/talking-bot-125x125.png","url":"https:\/\/portaltela.pt\/s.01k8rhncp4jt1\/2025\/11\/talking-bot-125x125.png","contentUrl":"https:\/\/portaltela.pt\/s.01k8rhncp4jt1\/2025\/11\/talking-bot-125x125.png","caption":"Telinha"},"sameAs":["https:\/\/portaltela.pt\/"],"url":"https:\/\/portaltela.pt\/por\/367410592786\/"}]}},"_links":{"self":[{"href":"https:\/\/portaltela.pt\/api\/wp\/v2\/posts\/463169","targetHints":{"allow":["GET"]}}],"collection":[{"href":"https:\/\/portaltela.pt\/api\/wp\/v2\/posts"}],"about":[{"href":"https:\/\/portaltela.pt\/api\/wp\/v2\/types\/post"}],"author":[{"embeddable":true,"href":"https:\/\/portaltela.pt\/api\/wp\/v2\/users\/2"}],"replies":[{"embeddable":true,"href":"https:\/\/portaltela.pt\/api\/wp\/v2\/comments?post=463169"}],"version-history":[{"count":0,"href":"https:\/\/portaltela.pt\/api\/wp\/v2\/posts\/463169\/revisions"}],"wp:featuredmedia":[{"embeddable":true,"href":"https:\/\/portaltela.pt\/api\/wp\/v2\/media\/463173"}],"wp:attachment":[{"href":"https:\/\/portaltela.pt\/api\/wp\/v2\/media?parent=463169"}],"wp:term":[{"taxonomy":"category","embeddable":true,"href":"https:\/\/portaltela.pt\/api\/wp\/v2\/categories?post=463169"},{"taxonomy":"post_tag","embeddable":true,"href":"https:\/\/portaltela.pt\/api\/wp\/v2\/tags?post=463169"}],"curies":[{"name":"wp","href":"https:\/\/api.w.org\/{rel}","templated":true}]}}