{"id":463168,"date":"2026-04-30T18:33:32","date_gmt":"2026-04-30T21:33:32","guid":{"rendered":"https:\/\/portaltela.pt\/noticias\/2026\/04\/30\/paulo-oliveira-afirma-que-o-adversario-foi-bem-estudado\/"},"modified":"2026-04-30T18:33:32","modified_gmt":"2026-04-30T21:33:32","slug":"paulo-oliveira-afirma-que-o-adversario-foi-bem-estudado","status":"publish","type":"post","link":"https:\/\/portaltela.pt\/desporto\/futebol\/2026\/04\/30\/paulo-oliveira-afirma-que-o-adversario-foi-bem-estudado\/","title":{"rendered":"Paulo Oliveira afirma que o advers\u00e1rio foi bem estudado"},"content":{"rendered":"<p>Foi alcan\u00e7ada uma vit\u00f3ria por 2-1 do Sporting frente ao Friburgo, no encontro da meia-final da Liga Europa disputado no est\u00e1dio do Sp. Braga, o que confere uma vantagem para a equipa portuguesa na eliminat\u00f3ria. O jogo decorreu em Braga, com o Sporting a impor-se no decorrer da partida.<\/p>\n<p>Paulo Oliveira sustentou que o triunfo foi justo e refletiu a identidade da equipa, que mant\u00e9m processos desde junho do ano passado. A defesa real\u00e7ou a personalidade e a qualidade do grupo, que continua a evoluir e a lutar contra contratempos ao longo da eliminat\u00f3ria.<\/p>\n<p>O defesa central explicou o lance do golo do Friburgo, sublinhando que os acontecimentos acontecem em mil\u00e9simos de segundo. Indicou que houve leituras comuns entre os jogadores e que se tentou apagar o fogo, embora tenha ocorrido uma falta de entendimento. Nos \u00faltimos 30 minutos, o Sporting dominou grande parte do tempo no campo advers\u00e1rio.<\/p>\n<p>Vai ser exigente na Alemanha, admitiu o jogador, reconhecendo a necessidade de manter o n\u00edvel e o esfor\u00e7o. Refor\u00e7ou o compromisso com os adeptos e com as fam\u00edlias, preparando-se para a segunda m\u00e3o da meia-final.<\/p>\n<p>Friburgo foi capaz de criar pouco, de acordo com a an\u00e1lise da equipa portuguesa. O Sporting destacou ter estudado o advers\u00e1rio de forma integrada, desde o setor ofensivo ao guarda-redes, com foco na defesa e no aproveitamento das oportunidades. Pequenos ajustes s\u00e3o apontados como necess\u00e1rios para a reedi\u00e7\u00e3o da eliminat\u00f3ria em Istambul.<\/p>\n","protected":false},"excerpt":{"rendered":"<ul>\n<li>O Sp. Braga venceu o Friburgo por 2-1 em casa, com vantagem nas meias-finais da Liga Europa.<\/li>\n<li>Paulo Oliveira disse que o triunfo foi justo e refletiu a qualidade da equipa em campo.<\/li>\n<li>Sobre o golo do Friburgo, houve um choque entre Paulo Oliveira e Lagerbielke; os jogadores tentaram apagar o fogo rapidamente, e nos \u00faltimos 30 minutos o Braga dominou o jogo.<\/li>\n<li>O jogador afirmou que ser\u00e1 duro na Alemanha, mas v\u00e3o dar tudo pelos adeptos e pelas fam\u00edlias.<\/li>\n<li>O Friburgo criou pouco; o Braga disse ter estudado bem o advers\u00e1rio desde o in\u00edcio, e apontou a necessidade de melhorar pequenos detalhes para o encontro em Istambul.<\/li>\n<\/ul>\n","protected":false},"author":2,"featured_media":463171,"comment_status":"closed","ping_status":"closed","sticky":false,"template":"","format":"standard","meta":{"footnotes":""},"categories":[21,24],"tags":[5544,32,3338,1821,2070,1652],"class_list":["post-463168","post","type-post","status-publish","format-standard","has-post-thumbnail","hentry","category-desporto","category-futebol","tag-europa-league","tag-futebol","tag-futebol-internacional","tag-istambul","tag-sp-braga","tag-sporting"],"yoast_head":"<!-- This site is optimized with the Yoast SEO plugin v27.2 - https:\/\/yoast.com\/product\/yoast-seo-wordpress\/ -->\n<title>Paulo Oliveira afirma que o advers\u00e1rio foi bem estudado - Portal Tela Portugal<\/title>\n<meta name=\"robots\" content=\"index, follow, max-snippet:-1, max-image-preview:large, max-video-preview:-1\" \/>\n<meta property=\"og:locale\" content=\"pt_PT\" \/>\n<meta property=\"og:type\" content=\"article\" \/>\n<meta property=\"og:title\" content=\"Paulo Oliveira afirma que o advers\u00e1rio foi bem estudado - Portal Tela Portugal\" \/>\n<meta property=\"og:description\" content=\"O Sp. Braga venceu o Friburgo por 2-1 em casa, com vantagem nas meias-finais da Liga Europa. Paulo Oliveira disse que o triunfo foi justo e refletiu a qualidade da equipa em campo. Sobre o golo do Friburgo, houve um choque entre Paulo Oliveira e Lagerbielke; os jogadores tentaram apagar o fogo rapidamente, e nos \u00faltimos 30 minutos o Braga dominou o jogo. O jogador afirmou que ser\u00e1 duro na Alemanha, mas v\u00e3o dar tudo pelos adeptos e pelas fam\u00edlias. O Friburgo criou pouco; o Braga disse ter estudado bem o advers\u00e1rio desde o in\u00edcio, e apontou a necessidade de melhorar pequenos detalhes para o encontro em Istambul.\" \/>\n<meta property=\"og:url\" content=\"https:\/\/portaltela.pt\/noticias\/2026\/04\/30\/paulo-oliveira-afirma-que-o-adversario-foi-bem-estudado\/\" \/>\n<meta property=\"og:site_name\" content=\"Portal Tela Portugal\" \/>\n<meta property=\"article:published_time\" content=\"2026-04-30T21:33:32+00:00\" \/>\n<meta name=\"author\" content=\"Telinha\" \/>\n<meta name=\"twitter:card\" content=\"summary_large_image\" \/>\n<meta name=\"twitter:label1\" content=\"Escrito por\" \/>\n\t<meta name=\"twitter:data1\" content=\"Telinha\" \/>\n\t<meta name=\"twitter:label2\" content=\"Tempo estimado de leitura\" \/>\n\t<meta name=\"twitter:data2\" content=\"1 minuto\" \/>\n<script type=\"application\/ld+json\" class=\"yoast-schema-graph\">{\"@context\":\"https:\/\/schema.org\",\"@graph\":[{\"@type\":\"Article\",\"@id\":\"https:\/\/portaltela.pt\/noticias\/2026\/04\/30\/paulo-oliveira-afirma-que-o-adversario-foi-bem-estudado\/#article\",\"isPartOf\":{\"@id\":\"https:\/\/portaltela.pt\/noticias\/2026\/04\/30\/paulo-oliveira-afirma-que-o-adversario-foi-bem-estudado\/\"},\"author\":{\"name\":\"Telinha\",\"@id\":\"https:\/\/portaltela.pt\/#\/schema\/person\/c4278d4a6028830caff9ee44b42d32ed\"},\"headline\":\"Paulo Oliveira afirma que o advers\u00e1rio foi bem estudado\",\"datePublished\":\"2026-04-30T21:33:32+00:00\",\"mainEntityOfPage\":{\"@id\":\"https:\/\/portaltela.pt\/noticias\/2026\/04\/30\/paulo-oliveira-afirma-que-o-adversario-foi-bem-estudado\/\"},\"wordCount\":265,\"image\":{\"@id\":\"https:\/\/portaltela.pt\/noticias\/2026\/04\/30\/paulo-oliveira-afirma-que-o-adversario-foi-bem-estudado\/#primaryimage\"},\"thumbnailUrl\":\"https:\/\/portaltela.pt\/s.01k8rhncp4jt1\/2026\/04\/img_920x518uu2026-04-30-22-27-22-2436189.jpg\",\"keywords\":[\"Europa League\",\"futebol\",\"futebol internacional\",\"Istambul\",\"Sp. Braga\",\"Sporting\"],\"articleSection\":[\"Desporto\",\"Futebol\"],\"inLanguage\":\"pt-PT\"},{\"@type\":\"WebPage\",\"@id\":\"https:\/\/portaltela.pt\/noticias\/2026\/04\/30\/paulo-oliveira-afirma-que-o-adversario-foi-bem-estudado\/\",\"url\":\"https:\/\/portaltela.pt\/noticias\/2026\/04\/30\/paulo-oliveira-afirma-que-o-adversario-foi-bem-estudado\/\",\"name\":\"Paulo Oliveira afirma que o advers\u00e1rio foi bem estudado - Portal Tela Portugal\",\"isPartOf\":{\"@id\":\"https:\/\/portaltela.pt\/#website\"},\"primaryImageOfPage\":{\"@id\":\"https:\/\/portaltela.pt\/noticias\/2026\/04\/30\/paulo-oliveira-afirma-que-o-adversario-foi-bem-estudado\/#primaryimage\"},\"image\":{\"@id\":\"https:\/\/portaltela.pt\/noticias\/2026\/04\/30\/paulo-oliveira-afirma-que-o-adversario-foi-bem-estudado\/#primaryimage\"},\"thumbnailUrl\":\"https:\/\/portaltela.pt\/s.01k8rhncp4jt1\/2026\/04\/img_920x518uu2026-04-30-22-27-22-2436189.jpg\",\"datePublished\":\"2026-04-30T21:33:32+00:00\",\"author\":{\"@id\":\"https:\/\/portaltela.pt\/#\/schema\/person\/c4278d4a6028830caff9ee44b42d32ed\"},\"breadcrumb\":{\"@id\":\"https:\/\/portaltela.pt\/noticias\/2026\/04\/30\/paulo-oliveira-afirma-que-o-adversario-foi-bem-estudado\/#breadcrumb\"},\"inLanguage\":\"pt-PT\",\"potentialAction\":[{\"@type\":\"ReadAction\",\"target\":[\"https:\/\/portaltela.pt\/noticias\/2026\/04\/30\/paulo-oliveira-afirma-que-o-adversario-foi-bem-estudado\/\"]}]},{\"@type\":\"ImageObject\",\"inLanguage\":\"pt-PT\",\"@id\":\"https:\/\/portaltela.pt\/noticias\/2026\/04\/30\/paulo-oliveira-afirma-que-o-adversario-foi-bem-estudado\/#primaryimage\",\"url\":\"https:\/\/portaltela.pt\/s.01k8rhncp4jt1\/2026\/04\/img_920x518uu2026-04-30-22-27-22-2436189.jpg\",\"contentUrl\":\"https:\/\/portaltela.pt\/s.01k8rhncp4jt1\/2026\/04\/img_920x518uu2026-04-30-22-27-22-2436189.jpg\",\"width\":796,\"height\":448,\"caption\":\"Paulo Oliveira em a\u00e7\u00e3o frente ao Friburgo\"},{\"@type\":\"BreadcrumbList\",\"@id\":\"https:\/\/portaltela.pt\/noticias\/2026\/04\/30\/paulo-oliveira-afirma-que-o-adversario-foi-bem-estudado\/#breadcrumb\",\"itemListElement\":[{\"@type\":\"ListItem\",\"position\":1,\"name\":\"In\u00edcio\",\"item\":\"https:\/\/portaltela.pt\/\"},{\"@type\":\"ListItem\",\"position\":2,\"name\":\"Paulo Oliveira afirma que o advers\u00e1rio foi bem estudado\"}]},{\"@type\":\"WebSite\",\"@id\":\"https:\/\/portaltela.pt\/#website\",\"url\":\"https:\/\/portaltela.pt\/\",\"name\":\"Portal Tela Portugal\",\"description\":\"\",\"potentialAction\":[{\"@type\":\"SearchAction\",\"target\":{\"@type\":\"EntryPoint\",\"urlTemplate\":\"https:\/\/portaltela.pt\/?s={search_term_string}\"},\"query-input\":{\"@type\":\"PropertyValueSpecification\",\"valueRequired\":true,\"valueName\":\"search_term_string\"}}],\"inLanguage\":\"pt-PT\"},{\"@type\":\"Person\",\"@id\":\"https:\/\/portaltela.pt\/#\/schema\/person\/c4278d4a6028830caff9ee44b42d32ed\",\"name\":\"Telinha\",\"image\":{\"@type\":\"ImageObject\",\"inLanguage\":\"pt-PT\",\"@id\":\"https:\/\/portaltela.pt\/s.01k8rhncp4jt1\/2025\/11\/talking-bot-125x125.png\",\"url\":\"https:\/\/portaltela.pt\/s.01k8rhncp4jt1\/2025\/11\/talking-bot-125x125.png\",\"contentUrl\":\"https:\/\/portaltela.pt\/s.01k8rhncp4jt1\/2025\/11\/talking-bot-125x125.png\",\"caption\":\"Telinha\"},\"sameAs\":[\"https:\/\/portaltela.pt\/\"],\"url\":\"https:\/\/portaltela.pt\/por\/367410592786\/\"}]}<\/script>\n<!-- \/ Yoast SEO plugin. -->","yoast_head_json":{"title":"Paulo Oliveira afirma que o advers\u00e1rio foi bem estudado - Portal Tela Portugal","robots":{"index":"index","follow":"follow","max-snippet":"max-snippet:-1","max-image-preview":"max-image-preview:large","max-video-preview":"max-video-preview:-1"},"og_locale":"pt_PT","og_type":"article","og_title":"Paulo Oliveira afirma que o advers\u00e1rio foi bem estudado - Portal Tela Portugal","og_description":"O Sp. Braga venceu o Friburgo por 2-1 em casa, com vantagem nas meias-finais da Liga Europa. Paulo Oliveira disse que o triunfo foi justo e refletiu a qualidade da equipa em campo. Sobre o golo do Friburgo, houve um choque entre Paulo Oliveira e Lagerbielke; os jogadores tentaram apagar o fogo rapidamente, e nos \u00faltimos 30 minutos o Braga dominou o jogo. O jogador afirmou que ser\u00e1 duro na Alemanha, mas v\u00e3o dar tudo pelos adeptos e pelas fam\u00edlias. O Friburgo criou pouco; o Braga disse ter estudado bem o advers\u00e1rio desde o in\u00edcio, e apontou a necessidade de melhorar pequenos detalhes para o encontro em Istambul.","og_url":"https:\/\/portaltela.pt\/noticias\/2026\/04\/30\/paulo-oliveira-afirma-que-o-adversario-foi-bem-estudado\/","og_site_name":"Portal Tela Portugal","article_published_time":"2026-04-30T21:33:32+00:00","author":"Telinha","twitter_card":"summary_large_image","twitter_misc":{"Escrito por":"Telinha","Tempo estimado de leitura":"1 minuto"},"schema":{"@context":"https:\/\/schema.org","@graph":[{"@type":"Article","@id":"https:\/\/portaltela.pt\/noticias\/2026\/04\/30\/paulo-oliveira-afirma-que-o-adversario-foi-bem-estudado\/#article","isPartOf":{"@id":"https:\/\/portaltela.pt\/noticias\/2026\/04\/30\/paulo-oliveira-afirma-que-o-adversario-foi-bem-estudado\/"},"author":{"name":"Telinha","@id":"https:\/\/portaltela.pt\/#\/schema\/person\/c4278d4a6028830caff9ee44b42d32ed"},"headline":"Paulo Oliveira afirma que o advers\u00e1rio foi bem estudado","datePublished":"2026-04-30T21:33:32+00:00","mainEntityOfPage":{"@id":"https:\/\/portaltela.pt\/noticias\/2026\/04\/30\/paulo-oliveira-afirma-que-o-adversario-foi-bem-estudado\/"},"wordCount":265,"image":{"@id":"https:\/\/portaltela.pt\/noticias\/2026\/04\/30\/paulo-oliveira-afirma-que-o-adversario-foi-bem-estudado\/#primaryimage"},"thumbnailUrl":"https:\/\/portaltela.pt\/s.01k8rhncp4jt1\/2026\/04\/img_920x518uu2026-04-30-22-27-22-2436189.jpg","keywords":["Europa League","futebol","futebol internacional","Istambul","Sp. Braga","Sporting"],"articleSection":["Desporto","Futebol"],"inLanguage":"pt-PT"},{"@type":"WebPage","@id":"https:\/\/portaltela.pt\/noticias\/2026\/04\/30\/paulo-oliveira-afirma-que-o-adversario-foi-bem-estudado\/","url":"https:\/\/portaltela.pt\/noticias\/2026\/04\/30\/paulo-oliveira-afirma-que-o-adversario-foi-bem-estudado\/","name":"Paulo Oliveira afirma que o advers\u00e1rio foi bem estudado - Portal Tela Portugal","isPartOf":{"@id":"https:\/\/portaltela.pt\/#website"},"primaryImageOfPage":{"@id":"https:\/\/portaltela.pt\/noticias\/2026\/04\/30\/paulo-oliveira-afirma-que-o-adversario-foi-bem-estudado\/#primaryimage"},"image":{"@id":"https:\/\/portaltela.pt\/noticias\/2026\/04\/30\/paulo-oliveira-afirma-que-o-adversario-foi-bem-estudado\/#primaryimage"},"thumbnailUrl":"https:\/\/portaltela.pt\/s.01k8rhncp4jt1\/2026\/04\/img_920x518uu2026-04-30-22-27-22-2436189.jpg","datePublished":"2026-04-30T21:33:32+00:00","author":{"@id":"https:\/\/portaltela.pt\/#\/schema\/person\/c4278d4a6028830caff9ee44b42d32ed"},"breadcrumb":{"@id":"https:\/\/portaltela.pt\/noticias\/2026\/04\/30\/paulo-oliveira-afirma-que-o-adversario-foi-bem-estudado\/#breadcrumb"},"inLanguage":"pt-PT","potentialAction":[{"@type":"ReadAction","target":["https:\/\/portaltela.pt\/noticias\/2026\/04\/30\/paulo-oliveira-afirma-que-o-adversario-foi-bem-estudado\/"]}]},{"@type":"ImageObject","inLanguage":"pt-PT","@id":"https:\/\/portaltela.pt\/noticias\/2026\/04\/30\/paulo-oliveira-afirma-que-o-adversario-foi-bem-estudado\/#primaryimage","url":"https:\/\/portaltela.pt\/s.01k8rhncp4jt1\/2026\/04\/img_920x518uu2026-04-30-22-27-22-2436189.jpg","contentUrl":"https:\/\/portaltela.pt\/s.01k8rhncp4jt1\/2026\/04\/img_920x518uu2026-04-30-22-27-22-2436189.jpg","width":796,"height":448,"caption":"Paulo Oliveira em a\u00e7\u00e3o frente ao Friburgo"},{"@type":"BreadcrumbList","@id":"https:\/\/portaltela.pt\/noticias\/2026\/04\/30\/paulo-oliveira-afirma-que-o-adversario-foi-bem-estudado\/#breadcrumb","itemListElement":[{"@type":"ListItem","position":1,"name":"In\u00edcio","item":"https:\/\/portaltela.pt\/"},{"@type":"ListItem","position":2,"name":"Paulo Oliveira afirma que o advers\u00e1rio foi bem estudado"}]},{"@type":"WebSite","@id":"https:\/\/portaltela.pt\/#website","url":"https:\/\/portaltela.pt\/","name":"Portal Tela Portugal","description":"","potentialAction":[{"@type":"SearchAction","target":{"@type":"EntryPoint","urlTemplate":"https:\/\/portaltela.pt\/?s={search_term_string}"},"query-input":{"@type":"PropertyValueSpecification","valueRequired":true,"valueName":"search_term_string"}}],"inLanguage":"pt-PT"},{"@type":"Person","@id":"https:\/\/portaltela.pt\/#\/schema\/person\/c4278d4a6028830caff9ee44b42d32ed","name":"Telinha","image":{"@type":"ImageObject","inLanguage":"pt-PT","@id":"https:\/\/portaltela.pt\/s.01k8rhncp4jt1\/2025\/11\/talking-bot-125x125.png","url":"https:\/\/portaltela.pt\/s.01k8rhncp4jt1\/2025\/11\/talking-bot-125x125.png","contentUrl":"https:\/\/portaltela.pt\/s.01k8rhncp4jt1\/2025\/11\/talking-bot-125x125.png","caption":"Telinha"},"sameAs":["https:\/\/portaltela.pt\/"],"url":"https:\/\/portaltela.pt\/por\/367410592786\/"}]}},"_links":{"self":[{"href":"https:\/\/portaltela.pt\/api\/wp\/v2\/posts\/463168","targetHints":{"allow":["GET"]}}],"collection":[{"href":"https:\/\/portaltela.pt\/api\/wp\/v2\/posts"}],"about":[{"href":"https:\/\/portaltela.pt\/api\/wp\/v2\/types\/post"}],"author":[{"embeddable":true,"href":"https:\/\/portaltela.pt\/api\/wp\/v2\/users\/2"}],"replies":[{"embeddable":true,"href":"https:\/\/portaltela.pt\/api\/wp\/v2\/comments?post=463168"}],"version-history":[{"count":0,"href":"https:\/\/portaltela.pt\/api\/wp\/v2\/posts\/463168\/revisions"}],"wp:featuredmedia":[{"embeddable":true,"href":"https:\/\/portaltela.pt\/api\/wp\/v2\/media\/463171"}],"wp:attachment":[{"href":"https:\/\/portaltela.pt\/api\/wp\/v2\/media?parent=463168"}],"wp:term":[{"taxonomy":"category","embeddable":true,"href":"https:\/\/portaltela.pt\/api\/wp\/v2\/categories?post=463168"},{"taxonomy":"post_tag","embeddable":true,"href":"https:\/\/portaltela.pt\/api\/wp\/v2\/tags?post=463168"}],"curies":[{"name":"wp","href":"https:\/\/api.w.org\/{rel}","templated":true}]}}