{"id":463163,"date":"2026-04-30T18:33:22","date_gmt":"2026-04-30T21:33:22","guid":{"rendered":"https:\/\/portaltela.pt\/noticias\/2026\/04\/30\/andre-villas-boas-absolvido-pelo-conselho-de-disciplina-da-fpf\/"},"modified":"2026-04-30T18:33:22","modified_gmt":"2026-04-30T21:33:22","slug":"andre-villas-boas-absolvido-pelo-conselho-de-disciplina-da-fpf","status":"publish","type":"post","link":"https:\/\/portaltela.pt\/desporto\/futebol\/2026\/04\/30\/andre-villas-boas-absolvido-pelo-conselho-de-disciplina-da-fpf\/","title":{"rendered":"Andr\u00e9 Villas-Boas absolvido pelo Conselho de Disciplina da FPF"},"content":{"rendered":"<p>O Conselho de Disciplina da Federa\u00e7\u00e3o Portuguesa de Futebol absolveu Andr\u00e9 Villas-Boas das queixas apresentadas pelo Sporting e por Jo\u00e3o Diogo Manteigas. As acusa\u00e7\u00f5es estavam ligadas a um editorial da edi\u00e7\u00e3o de mar\u00e7o da revista Drag\u00f5es.<\/p>\n<p>As queixas alegavam viola\u00e7\u00e3o de honra e reputa\u00e7\u00e3o de \u00f3rg\u00e3os da estrutura desportiva e de seus membros. O ac\u00f3rd\u00e3o foi proferido na quinta-feira, 30 de abril de 2026, por decis\u00e3o un\u00e2nime.<\/p>\n<p>Villas-Boas foi acusado por express\u00f5es usadas no texto A Vis\u00e3o do Presidente, publicado na Drag\u00f5es, que criticava decis\u00f5es disciplinares, arbitragens e o calend\u00e1rio do jogo Sporting vs Tondela. A defesa argumentou que houve cr\u00edtica institucional.<\/p>\n<h3>Ac\u00f3rd\u00e3o e fundamenta\u00e7\u00e3o<\/h3>\n<p>O Conselho entendeu que, apesar da linguagem incisiva e, por vezes, excessiva, as declara\u00e7\u00f5es permaneceram no \u00e2mbito da cr\u00edtica institucional e de ju\u00edzos de valor. N\u00e3o ficou demonstrado que Villas-Boas imputasse condutas dolosas ou favorecimento a \u00e1rbitros ou entidades.<\/p>\n","protected":false},"excerpt":{"rendered":"<ul>\n<li>O Conselho de Disciplina da Federa\u00e7\u00e3o Portuguesa de Futebol absolveu Andr\u00e9 Villas\u2011Boas das queixas apresentadas pelo Sporting e por Jo\u00e3o Diogo Manteigas relacionadas com o editorial da revista Drag\u00f5es de mar\u00e7o.<\/li>\n<li>O ac\u00f3rd\u00e3o, datado de 30 de abril de 2026 e decidido por unanimidade, considerou improcedente a infra\u00e7\u00e3o por alegada les\u00e3o da honra e da reputa\u00e7\u00e3o de \u00f3rg\u00e3os da estrutura desportiva.<\/li>\n<li>As cr\u00edticas foram feitas no texto \u201cA Vis\u00e3o do Presidente\u201d, publicado na revista Drag\u00f5es em mar\u00e7o, onde Villas\u2011Boas questionava decis\u00f5es disciplinares, arbitragens e o agendamento de jogos.<\/li>\n<li>O Conselho de Disciplina concluiu que, apesar de linguagem \u201cincisiva\u201d e, por vezes, \u201cexcessiva\u201d, as declara\u00e7\u00f5es permaneceram no dom\u00ednio da cr\u00edtica institucional e de ju\u00edzos de valor, sem imputar condutas dolosas ou favorecimentos.<\/li>\n<\/ul>\n","protected":false},"author":2,"featured_media":463166,"comment_status":"closed","ping_status":"closed","sticky":false,"template":"","format":"standard","meta":{"footnotes":""},"categories":[21,24],"tags":[574,637,803,7221,40,1652],"class_list":["post-463163","post","type-post","status-publish","format-standard","has-post-thumbnail","hentry","category-desporto","category-futebol","tag-acordao","tag-assuntos-internacionais","tag-justica","tag-noticias","tag-pessoas","tag-sporting"],"yoast_head":"<!-- This site is optimized with the Yoast SEO plugin v27.2 - https:\/\/yoast.com\/product\/yoast-seo-wordpress\/ -->\n<title>Andr\u00e9 Villas-Boas absolvido pelo Conselho de Disciplina da FPF - Portal Tela Portugal<\/title>\n<meta name=\"robots\" content=\"index, follow, max-snippet:-1, max-image-preview:large, max-video-preview:-1\" \/>\n<meta property=\"og:locale\" content=\"pt_PT\" \/>\n<meta property=\"og:type\" content=\"article\" \/>\n<meta property=\"og:title\" content=\"Andr\u00e9 Villas-Boas absolvido pelo Conselho de Disciplina da FPF - Portal Tela Portugal\" \/>\n<meta property=\"og:description\" content=\"O Conselho de Disciplina da Federa\u00e7\u00e3o Portuguesa de Futebol absolveu Andr\u00e9 Villas\u2011Boas das queixas apresentadas pelo Sporting e por Jo\u00e3o Diogo Manteigas relacionadas com o editorial da revista Drag\u00f5es de mar\u00e7o. O ac\u00f3rd\u00e3o, datado de 30 de abril de 2026 e decidido por unanimidade, considerou improcedente a infra\u00e7\u00e3o por alegada les\u00e3o da honra e da reputa\u00e7\u00e3o de \u00f3rg\u00e3os da estrutura desportiva. As cr\u00edticas foram feitas no texto \u201cA Vis\u00e3o do Presidente\u201d, publicado na revista Drag\u00f5es em mar\u00e7o, onde Villas\u2011Boas questionava decis\u00f5es disciplinares, arbitragens e o agendamento de jogos. O Conselho de Disciplina concluiu que, apesar de linguagem \u201cincisiva\u201d e, por vezes, \u201cexcessiva\u201d, as declara\u00e7\u00f5es permaneceram no dom\u00ednio da cr\u00edtica institucional e de ju\u00edzos de valor, sem imputar condutas dolosas ou favorecimentos.\" \/>\n<meta property=\"og:url\" content=\"https:\/\/portaltela.pt\/noticias\/2026\/04\/30\/andre-villas-boas-absolvido-pelo-conselho-de-disciplina-da-fpf\/\" \/>\n<meta property=\"og:site_name\" content=\"Portal Tela Portugal\" \/>\n<meta property=\"article:published_time\" content=\"2026-04-30T21:33:22+00:00\" \/>\n<meta name=\"author\" content=\"Telinha\" \/>\n<meta name=\"twitter:card\" content=\"summary_large_image\" \/>\n<meta name=\"twitter:label1\" content=\"Escrito por\" \/>\n\t<meta name=\"twitter:data1\" content=\"Telinha\" \/>\n\t<meta name=\"twitter:label2\" content=\"Tempo estimado de leitura\" \/>\n\t<meta name=\"twitter:data2\" content=\"1 minuto\" \/>\n<script type=\"application\/ld+json\" class=\"yoast-schema-graph\">{\"@context\":\"https:\/\/schema.org\",\"@graph\":[{\"@type\":\"Article\",\"@id\":\"https:\/\/portaltela.pt\/noticias\/2026\/04\/30\/andre-villas-boas-absolvido-pelo-conselho-de-disciplina-da-fpf\/#article\",\"isPartOf\":{\"@id\":\"https:\/\/portaltela.pt\/noticias\/2026\/04\/30\/andre-villas-boas-absolvido-pelo-conselho-de-disciplina-da-fpf\/\"},\"author\":{\"name\":\"Telinha\",\"@id\":\"https:\/\/portaltela.pt\/#\/schema\/person\/c4278d4a6028830caff9ee44b42d32ed\"},\"headline\":\"Andr\u00e9 Villas-Boas absolvido pelo Conselho de Disciplina da FPF\",\"datePublished\":\"2026-04-30T21:33:22+00:00\",\"mainEntityOfPage\":{\"@id\":\"https:\/\/portaltela.pt\/noticias\/2026\/04\/30\/andre-villas-boas-absolvido-pelo-conselho-de-disciplina-da-fpf\/\"},\"wordCount\":177,\"image\":{\"@id\":\"https:\/\/portaltela.pt\/noticias\/2026\/04\/30\/andre-villas-boas-absolvido-pelo-conselho-de-disciplina-da-fpf\/#primaryimage\"},\"thumbnailUrl\":\"https:\/\/portaltela.pt\/s.01k8rhncp4jt1\/2026\/04\/img_920x518uu2026-04-30-22-18-45-2436188.jpg\",\"keywords\":[\"ac\u00f3rd\u00e3o\",\"assuntos internacionais\",\"justi\u00e7a\",\"not\u00edcias\",\"pessoas\",\"Sporting\"],\"articleSection\":[\"Desporto\",\"Futebol\"],\"inLanguage\":\"pt-PT\"},{\"@type\":\"WebPage\",\"@id\":\"https:\/\/portaltela.pt\/noticias\/2026\/04\/30\/andre-villas-boas-absolvido-pelo-conselho-de-disciplina-da-fpf\/\",\"url\":\"https:\/\/portaltela.pt\/noticias\/2026\/04\/30\/andre-villas-boas-absolvido-pelo-conselho-de-disciplina-da-fpf\/\",\"name\":\"Andr\u00e9 Villas-Boas absolvido pelo Conselho de Disciplina da FPF - Portal Tela Portugal\",\"isPartOf\":{\"@id\":\"https:\/\/portaltela.pt\/#website\"},\"primaryImageOfPage\":{\"@id\":\"https:\/\/portaltela.pt\/noticias\/2026\/04\/30\/andre-villas-boas-absolvido-pelo-conselho-de-disciplina-da-fpf\/#primaryimage\"},\"image\":{\"@id\":\"https:\/\/portaltela.pt\/noticias\/2026\/04\/30\/andre-villas-boas-absolvido-pelo-conselho-de-disciplina-da-fpf\/#primaryimage\"},\"thumbnailUrl\":\"https:\/\/portaltela.pt\/s.01k8rhncp4jt1\/2026\/04\/img_920x518uu2026-04-30-22-18-45-2436188.jpg\",\"datePublished\":\"2026-04-30T21:33:22+00:00\",\"author\":{\"@id\":\"https:\/\/portaltela.pt\/#\/schema\/person\/c4278d4a6028830caff9ee44b42d32ed\"},\"breadcrumb\":{\"@id\":\"https:\/\/portaltela.pt\/noticias\/2026\/04\/30\/andre-villas-boas-absolvido-pelo-conselho-de-disciplina-da-fpf\/#breadcrumb\"},\"inLanguage\":\"pt-PT\",\"potentialAction\":[{\"@type\":\"ReadAction\",\"target\":[\"https:\/\/portaltela.pt\/noticias\/2026\/04\/30\/andre-villas-boas-absolvido-pelo-conselho-de-disciplina-da-fpf\/\"]}]},{\"@type\":\"ImageObject\",\"inLanguage\":\"pt-PT\",\"@id\":\"https:\/\/portaltela.pt\/noticias\/2026\/04\/30\/andre-villas-boas-absolvido-pelo-conselho-de-disciplina-da-fpf\/#primaryimage\",\"url\":\"https:\/\/portaltela.pt\/s.01k8rhncp4jt1\/2026\/04\/img_920x518uu2026-04-30-22-18-45-2436188.jpg\",\"contentUrl\":\"https:\/\/portaltela.pt\/s.01k8rhncp4jt1\/2026\/04\/img_920x518uu2026-04-30-22-18-45-2436188.jpg\",\"width\":796,\"height\":448,\"caption\":\"Andr\u00e9 Villas-Boas absolvido pelo Conselho de Disciplina da FPF\"},{\"@type\":\"BreadcrumbList\",\"@id\":\"https:\/\/portaltela.pt\/noticias\/2026\/04\/30\/andre-villas-boas-absolvido-pelo-conselho-de-disciplina-da-fpf\/#breadcrumb\",\"itemListElement\":[{\"@type\":\"ListItem\",\"position\":1,\"name\":\"In\u00edcio\",\"item\":\"https:\/\/portaltela.pt\/\"},{\"@type\":\"ListItem\",\"position\":2,\"name\":\"Andr\u00e9 Villas-Boas absolvido pelo Conselho de Disciplina da FPF\"}]},{\"@type\":\"WebSite\",\"@id\":\"https:\/\/portaltela.pt\/#website\",\"url\":\"https:\/\/portaltela.pt\/\",\"name\":\"Portal Tela Portugal\",\"description\":\"\",\"potentialAction\":[{\"@type\":\"SearchAction\",\"target\":{\"@type\":\"EntryPoint\",\"urlTemplate\":\"https:\/\/portaltela.pt\/?s={search_term_string}\"},\"query-input\":{\"@type\":\"PropertyValueSpecification\",\"valueRequired\":true,\"valueName\":\"search_term_string\"}}],\"inLanguage\":\"pt-PT\"},{\"@type\":\"Person\",\"@id\":\"https:\/\/portaltela.pt\/#\/schema\/person\/c4278d4a6028830caff9ee44b42d32ed\",\"name\":\"Telinha\",\"image\":{\"@type\":\"ImageObject\",\"inLanguage\":\"pt-PT\",\"@id\":\"https:\/\/portaltela.pt\/s.01k8rhncp4jt1\/2025\/11\/talking-bot-125x125.png\",\"url\":\"https:\/\/portaltela.pt\/s.01k8rhncp4jt1\/2025\/11\/talking-bot-125x125.png\",\"contentUrl\":\"https:\/\/portaltela.pt\/s.01k8rhncp4jt1\/2025\/11\/talking-bot-125x125.png\",\"caption\":\"Telinha\"},\"sameAs\":[\"https:\/\/portaltela.pt\/\"],\"url\":\"https:\/\/portaltela.pt\/por\/367410592786\/\"}]}<\/script>\n<!-- \/ Yoast SEO plugin. -->","yoast_head_json":{"title":"Andr\u00e9 Villas-Boas absolvido pelo Conselho de Disciplina da FPF - Portal Tela Portugal","robots":{"index":"index","follow":"follow","max-snippet":"max-snippet:-1","max-image-preview":"max-image-preview:large","max-video-preview":"max-video-preview:-1"},"og_locale":"pt_PT","og_type":"article","og_title":"Andr\u00e9 Villas-Boas absolvido pelo Conselho de Disciplina da FPF - Portal Tela Portugal","og_description":"O Conselho de Disciplina da Federa\u00e7\u00e3o Portuguesa de Futebol absolveu Andr\u00e9 Villas\u2011Boas das queixas apresentadas pelo Sporting e por Jo\u00e3o Diogo Manteigas relacionadas com o editorial da revista Drag\u00f5es de mar\u00e7o. O ac\u00f3rd\u00e3o, datado de 30 de abril de 2026 e decidido por unanimidade, considerou improcedente a infra\u00e7\u00e3o por alegada les\u00e3o da honra e da reputa\u00e7\u00e3o de \u00f3rg\u00e3os da estrutura desportiva. As cr\u00edticas foram feitas no texto \u201cA Vis\u00e3o do Presidente\u201d, publicado na revista Drag\u00f5es em mar\u00e7o, onde Villas\u2011Boas questionava decis\u00f5es disciplinares, arbitragens e o agendamento de jogos. O Conselho de Disciplina concluiu que, apesar de linguagem \u201cincisiva\u201d e, por vezes, \u201cexcessiva\u201d, as declara\u00e7\u00f5es permaneceram no dom\u00ednio da cr\u00edtica institucional e de ju\u00edzos de valor, sem imputar condutas dolosas ou favorecimentos.","og_url":"https:\/\/portaltela.pt\/noticias\/2026\/04\/30\/andre-villas-boas-absolvido-pelo-conselho-de-disciplina-da-fpf\/","og_site_name":"Portal Tela Portugal","article_published_time":"2026-04-30T21:33:22+00:00","author":"Telinha","twitter_card":"summary_large_image","twitter_misc":{"Escrito por":"Telinha","Tempo estimado de leitura":"1 minuto"},"schema":{"@context":"https:\/\/schema.org","@graph":[{"@type":"Article","@id":"https:\/\/portaltela.pt\/noticias\/2026\/04\/30\/andre-villas-boas-absolvido-pelo-conselho-de-disciplina-da-fpf\/#article","isPartOf":{"@id":"https:\/\/portaltela.pt\/noticias\/2026\/04\/30\/andre-villas-boas-absolvido-pelo-conselho-de-disciplina-da-fpf\/"},"author":{"name":"Telinha","@id":"https:\/\/portaltela.pt\/#\/schema\/person\/c4278d4a6028830caff9ee44b42d32ed"},"headline":"Andr\u00e9 Villas-Boas absolvido pelo Conselho de Disciplina da FPF","datePublished":"2026-04-30T21:33:22+00:00","mainEntityOfPage":{"@id":"https:\/\/portaltela.pt\/noticias\/2026\/04\/30\/andre-villas-boas-absolvido-pelo-conselho-de-disciplina-da-fpf\/"},"wordCount":177,"image":{"@id":"https:\/\/portaltela.pt\/noticias\/2026\/04\/30\/andre-villas-boas-absolvido-pelo-conselho-de-disciplina-da-fpf\/#primaryimage"},"thumbnailUrl":"https:\/\/portaltela.pt\/s.01k8rhncp4jt1\/2026\/04\/img_920x518uu2026-04-30-22-18-45-2436188.jpg","keywords":["ac\u00f3rd\u00e3o","assuntos internacionais","justi\u00e7a","not\u00edcias","pessoas","Sporting"],"articleSection":["Desporto","Futebol"],"inLanguage":"pt-PT"},{"@type":"WebPage","@id":"https:\/\/portaltela.pt\/noticias\/2026\/04\/30\/andre-villas-boas-absolvido-pelo-conselho-de-disciplina-da-fpf\/","url":"https:\/\/portaltela.pt\/noticias\/2026\/04\/30\/andre-villas-boas-absolvido-pelo-conselho-de-disciplina-da-fpf\/","name":"Andr\u00e9 Villas-Boas absolvido pelo Conselho de Disciplina da FPF - Portal Tela Portugal","isPartOf":{"@id":"https:\/\/portaltela.pt\/#website"},"primaryImageOfPage":{"@id":"https:\/\/portaltela.pt\/noticias\/2026\/04\/30\/andre-villas-boas-absolvido-pelo-conselho-de-disciplina-da-fpf\/#primaryimage"},"image":{"@id":"https:\/\/portaltela.pt\/noticias\/2026\/04\/30\/andre-villas-boas-absolvido-pelo-conselho-de-disciplina-da-fpf\/#primaryimage"},"thumbnailUrl":"https:\/\/portaltela.pt\/s.01k8rhncp4jt1\/2026\/04\/img_920x518uu2026-04-30-22-18-45-2436188.jpg","datePublished":"2026-04-30T21:33:22+00:00","author":{"@id":"https:\/\/portaltela.pt\/#\/schema\/person\/c4278d4a6028830caff9ee44b42d32ed"},"breadcrumb":{"@id":"https:\/\/portaltela.pt\/noticias\/2026\/04\/30\/andre-villas-boas-absolvido-pelo-conselho-de-disciplina-da-fpf\/#breadcrumb"},"inLanguage":"pt-PT","potentialAction":[{"@type":"ReadAction","target":["https:\/\/portaltela.pt\/noticias\/2026\/04\/30\/andre-villas-boas-absolvido-pelo-conselho-de-disciplina-da-fpf\/"]}]},{"@type":"ImageObject","inLanguage":"pt-PT","@id":"https:\/\/portaltela.pt\/noticias\/2026\/04\/30\/andre-villas-boas-absolvido-pelo-conselho-de-disciplina-da-fpf\/#primaryimage","url":"https:\/\/portaltela.pt\/s.01k8rhncp4jt1\/2026\/04\/img_920x518uu2026-04-30-22-18-45-2436188.jpg","contentUrl":"https:\/\/portaltela.pt\/s.01k8rhncp4jt1\/2026\/04\/img_920x518uu2026-04-30-22-18-45-2436188.jpg","width":796,"height":448,"caption":"Andr\u00e9 Villas-Boas absolvido pelo Conselho de Disciplina da FPF"},{"@type":"BreadcrumbList","@id":"https:\/\/portaltela.pt\/noticias\/2026\/04\/30\/andre-villas-boas-absolvido-pelo-conselho-de-disciplina-da-fpf\/#breadcrumb","itemListElement":[{"@type":"ListItem","position":1,"name":"In\u00edcio","item":"https:\/\/portaltela.pt\/"},{"@type":"ListItem","position":2,"name":"Andr\u00e9 Villas-Boas absolvido pelo Conselho de Disciplina da FPF"}]},{"@type":"WebSite","@id":"https:\/\/portaltela.pt\/#website","url":"https:\/\/portaltela.pt\/","name":"Portal Tela Portugal","description":"","potentialAction":[{"@type":"SearchAction","target":{"@type":"EntryPoint","urlTemplate":"https:\/\/portaltela.pt\/?s={search_term_string}"},"query-input":{"@type":"PropertyValueSpecification","valueRequired":true,"valueName":"search_term_string"}}],"inLanguage":"pt-PT"},{"@type":"Person","@id":"https:\/\/portaltela.pt\/#\/schema\/person\/c4278d4a6028830caff9ee44b42d32ed","name":"Telinha","image":{"@type":"ImageObject","inLanguage":"pt-PT","@id":"https:\/\/portaltela.pt\/s.01k8rhncp4jt1\/2025\/11\/talking-bot-125x125.png","url":"https:\/\/portaltela.pt\/s.01k8rhncp4jt1\/2025\/11\/talking-bot-125x125.png","contentUrl":"https:\/\/portaltela.pt\/s.01k8rhncp4jt1\/2025\/11\/talking-bot-125x125.png","caption":"Telinha"},"sameAs":["https:\/\/portaltela.pt\/"],"url":"https:\/\/portaltela.pt\/por\/367410592786\/"}]}},"_links":{"self":[{"href":"https:\/\/portaltela.pt\/api\/wp\/v2\/posts\/463163","targetHints":{"allow":["GET"]}}],"collection":[{"href":"https:\/\/portaltela.pt\/api\/wp\/v2\/posts"}],"about":[{"href":"https:\/\/portaltela.pt\/api\/wp\/v2\/types\/post"}],"author":[{"embeddable":true,"href":"https:\/\/portaltela.pt\/api\/wp\/v2\/users\/2"}],"replies":[{"embeddable":true,"href":"https:\/\/portaltela.pt\/api\/wp\/v2\/comments?post=463163"}],"version-history":[{"count":0,"href":"https:\/\/portaltela.pt\/api\/wp\/v2\/posts\/463163\/revisions"}],"wp:featuredmedia":[{"embeddable":true,"href":"https:\/\/portaltela.pt\/api\/wp\/v2\/media\/463166"}],"wp:attachment":[{"href":"https:\/\/portaltela.pt\/api\/wp\/v2\/media?parent=463163"}],"wp:term":[{"taxonomy":"category","embeddable":true,"href":"https:\/\/portaltela.pt\/api\/wp\/v2\/categories?post=463163"},{"taxonomy":"post_tag","embeddable":true,"href":"https:\/\/portaltela.pt\/api\/wp\/v2\/tags?post=463163"}],"curies":[{"name":"wp","href":"https:\/\/api.w.org\/{rel}","templated":true}]}}