{"id":463155,"date":"2026-04-30T18:18:03","date_gmt":"2026-04-30T21:18:03","guid":{"rendered":"https:\/\/portaltela.pt\/noticias\/2026\/04\/30\/braga-vence-no-fim-e-mantem-sonho-na-liga-europa\/"},"modified":"2026-04-30T18:18:03","modified_gmt":"2026-04-30T21:18:03","slug":"braga-vence-no-fim-e-mantem-sonho-na-liga-europa","status":"publish","type":"post","link":"https:\/\/portaltela.pt\/desporto\/futebol\/2026\/04\/30\/braga-vence-no-fim-e-mantem-sonho-na-liga-europa\/","title":{"rendered":"Braga vence no fim e mant\u00e9m sonho na Liga Europa"},"content":{"rendered":"<p>O Sporting de Braga venceu o Friburgo por 2-1 na primeira m\u00e3o das meias-finais da Liga Europa, em casa. Tiknaz adiantou os minhotos aos 8 minutos, num cruzamento de V\u00edctor G\u00f3mez. Grifo empatou a meio da primeira parte, rematando ap\u00f3s um desentendimento na defesa bracarense.<\/p>\n<p>Zalazar desperdi\u00e7ou uma grande penalidade antes do intervalo, com Atubolu a defender. A partida manteve-se equilibrada na segunda metade, com o Friburgo a criar perigo e o Braga a procurar o golo da vit\u00f3ria.<\/p>\n<p>Nos descontos, aos 90+2 minutos, Dorgeles surgiu na recarga depois de defesa incompleta do guarda-redes alem\u00e3o e carimbou o 2-1, dando vantagem ao Braga na eliminat\u00f3ria.<\/p>\n<h3>Desfecho nos descontos<\/h3>\n<p>A vit\u00f3ria d\u00e1 ao Braga uma vantagem de who fica pela frente na eliminat\u00f3ria, que se joga na Alemanha dentro de uma semana. O Friburgo precisa de inverter a desvantagem para avan\u00e7ar \u00e0 final da competi\u00e7\u00e3o.<\/p>\n","protected":false},"excerpt":{"rendered":"<ul>\n<li>O Sporting de Braga venceu o Friburgo por 2-1 na primeira m\u00e3o das meias-finais da Liga Europa, em casa.<\/li>\n<li>Tiknaz adiantou os minhotos aos oito minutos, numa jogada iniciada por V\u00edctor G\u00f3mez.<\/li>\n<li>Grifo empatou para o Friburgo pouco depois, aproveitando um erro da defesa bracarense.<\/li>\n<li>Rodrigo Zalazar falhou uma grande penalidade antes do intervalo, defendida por Atubolu.<\/li>\n<li>Dorgeles decidiu nos descontos, aos 90+2, ap\u00f3s defesa do guarda-redes alem\u00e3o, colocando o Braga numa posi\u00e7\u00e3o favor\u00e1vel para a segunda m\u00e3o na Alemanha, dentro de uma semana.<\/li>\n<\/ul>\n","protected":false},"author":2,"featured_media":463161,"comment_status":"closed","ping_status":"closed","sticky":false,"template":"","format":"standard","meta":{"footnotes":""},"categories":[21,24],"tags":[1207,2463,5544,32,3338],"class_list":["post-463155","post","type-post","status-publish","format-standard","has-post-thumbnail","hentry","category-desporto","category-futebol","tag-braga","tag-competicao-internacional","tag-europa-league","tag-futebol","tag-futebol-internacional"],"yoast_head":"<!-- This site is optimized with the Yoast SEO plugin v27.2 - https:\/\/yoast.com\/product\/yoast-seo-wordpress\/ -->\n<title>Braga vence no fim e mant\u00e9m sonho na Liga Europa - Portal Tela Portugal<\/title>\n<meta name=\"robots\" content=\"index, follow, max-snippet:-1, max-image-preview:large, max-video-preview:-1\" \/>\n<meta property=\"og:locale\" content=\"pt_PT\" \/>\n<meta property=\"og:type\" content=\"article\" \/>\n<meta property=\"og:title\" content=\"Braga vence no fim e mant\u00e9m sonho na Liga Europa - Portal Tela Portugal\" \/>\n<meta property=\"og:description\" content=\"O Sporting de Braga venceu o Friburgo por 2-1 na primeira m\u00e3o das meias-finais da Liga Europa, em casa. Tiknaz adiantou os minhotos aos oito minutos, numa jogada iniciada por V\u00edctor G\u00f3mez. Grifo empatou para o Friburgo pouco depois, aproveitando um erro da defesa bracarense. Rodrigo Zalazar falhou uma grande penalidade antes do intervalo, defendida por Atubolu. Dorgeles decidiu nos descontos, aos 90+2, ap\u00f3s defesa do guarda-redes alem\u00e3o, colocando o Braga numa posi\u00e7\u00e3o favor\u00e1vel para a segunda m\u00e3o na Alemanha, dentro de uma semana.\" \/>\n<meta property=\"og:url\" content=\"https:\/\/portaltela.pt\/noticias\/2026\/04\/30\/braga-vence-no-fim-e-mantem-sonho-na-liga-europa\/\" \/>\n<meta property=\"og:site_name\" content=\"Portal Tela Portugal\" \/>\n<meta property=\"article:published_time\" content=\"2026-04-30T21:18:03+00:00\" \/>\n<meta name=\"author\" content=\"Telinha\" \/>\n<meta name=\"twitter:card\" content=\"summary_large_image\" \/>\n<meta name=\"twitter:label1\" content=\"Escrito por\" \/>\n\t<meta name=\"twitter:data1\" content=\"Telinha\" \/>\n\t<meta name=\"twitter:label2\" content=\"Tempo estimado de leitura\" \/>\n\t<meta name=\"twitter:data2\" content=\"1 minuto\" \/>\n<script type=\"application\/ld+json\" class=\"yoast-schema-graph\">{\"@context\":\"https:\/\/schema.org\",\"@graph\":[{\"@type\":\"Article\",\"@id\":\"https:\/\/portaltela.pt\/noticias\/2026\/04\/30\/braga-vence-no-fim-e-mantem-sonho-na-liga-europa\/#article\",\"isPartOf\":{\"@id\":\"https:\/\/portaltela.pt\/noticias\/2026\/04\/30\/braga-vence-no-fim-e-mantem-sonho-na-liga-europa\/\"},\"author\":{\"name\":\"Telinha\",\"@id\":\"https:\/\/portaltela.pt\/#\/schema\/person\/c4278d4a6028830caff9ee44b42d32ed\"},\"headline\":\"Braga vence no fim e mant\u00e9m sonho na Liga Europa\",\"datePublished\":\"2026-04-30T21:18:03+00:00\",\"mainEntityOfPage\":{\"@id\":\"https:\/\/portaltela.pt\/noticias\/2026\/04\/30\/braga-vence-no-fim-e-mantem-sonho-na-liga-europa\/\"},\"wordCount\":164,\"image\":{\"@id\":\"https:\/\/portaltela.pt\/noticias\/2026\/04\/30\/braga-vence-no-fim-e-mantem-sonho-na-liga-europa\/#primaryimage\"},\"thumbnailUrl\":\"https:\/\/portaltela.pt\/s.01k8rhncp4jt1\/2026\/04\/10532d36-ce83-48cf-bb9d-38dab25eae39_1200x675.jpg\",\"keywords\":[\"Braga\",\"competi\u00e7\u00e3o internacional\",\"Europa League\",\"futebol\",\"futebol internacional\"],\"articleSection\":[\"Desporto\",\"Futebol\"],\"inLanguage\":\"pt-PT\"},{\"@type\":\"WebPage\",\"@id\":\"https:\/\/portaltela.pt\/noticias\/2026\/04\/30\/braga-vence-no-fim-e-mantem-sonho-na-liga-europa\/\",\"url\":\"https:\/\/portaltela.pt\/noticias\/2026\/04\/30\/braga-vence-no-fim-e-mantem-sonho-na-liga-europa\/\",\"name\":\"Braga vence no fim e mant\u00e9m sonho na Liga Europa - Portal Tela Portugal\",\"isPartOf\":{\"@id\":\"https:\/\/portaltela.pt\/#website\"},\"primaryImageOfPage\":{\"@id\":\"https:\/\/portaltela.pt\/noticias\/2026\/04\/30\/braga-vence-no-fim-e-mantem-sonho-na-liga-europa\/#primaryimage\"},\"image\":{\"@id\":\"https:\/\/portaltela.pt\/noticias\/2026\/04\/30\/braga-vence-no-fim-e-mantem-sonho-na-liga-europa\/#primaryimage\"},\"thumbnailUrl\":\"https:\/\/portaltela.pt\/s.01k8rhncp4jt1\/2026\/04\/10532d36-ce83-48cf-bb9d-38dab25eae39_1200x675.jpg\",\"datePublished\":\"2026-04-30T21:18:03+00:00\",\"author\":{\"@id\":\"https:\/\/portaltela.pt\/#\/schema\/person\/c4278d4a6028830caff9ee44b42d32ed\"},\"breadcrumb\":{\"@id\":\"https:\/\/portaltela.pt\/noticias\/2026\/04\/30\/braga-vence-no-fim-e-mantem-sonho-na-liga-europa\/#breadcrumb\"},\"inLanguage\":\"pt-PT\",\"potentialAction\":[{\"@type\":\"ReadAction\",\"target\":[\"https:\/\/portaltela.pt\/noticias\/2026\/04\/30\/braga-vence-no-fim-e-mantem-sonho-na-liga-europa\/\"]}]},{\"@type\":\"ImageObject\",\"inLanguage\":\"pt-PT\",\"@id\":\"https:\/\/portaltela.pt\/noticias\/2026\/04\/30\/braga-vence-no-fim-e-mantem-sonho-na-liga-europa\/#primaryimage\",\"url\":\"https:\/\/portaltela.pt\/s.01k8rhncp4jt1\/2026\/04\/10532d36-ce83-48cf-bb9d-38dab25eae39_1200x675.jpg\",\"contentUrl\":\"https:\/\/portaltela.pt\/s.01k8rhncp4jt1\/2026\/04\/10532d36-ce83-48cf-bb9d-38dab25eae39_1200x675.jpg\",\"width\":796,\"height\":448,\"caption\":\"Tiknaz celebra o primeiro golo\"},{\"@type\":\"BreadcrumbList\",\"@id\":\"https:\/\/portaltela.pt\/noticias\/2026\/04\/30\/braga-vence-no-fim-e-mantem-sonho-na-liga-europa\/#breadcrumb\",\"itemListElement\":[{\"@type\":\"ListItem\",\"position\":1,\"name\":\"In\u00edcio\",\"item\":\"https:\/\/portaltela.pt\/\"},{\"@type\":\"ListItem\",\"position\":2,\"name\":\"Braga vence no fim e mant\u00e9m sonho na Liga Europa\"}]},{\"@type\":\"WebSite\",\"@id\":\"https:\/\/portaltela.pt\/#website\",\"url\":\"https:\/\/portaltela.pt\/\",\"name\":\"Portal Tela Portugal\",\"description\":\"\",\"potentialAction\":[{\"@type\":\"SearchAction\",\"target\":{\"@type\":\"EntryPoint\",\"urlTemplate\":\"https:\/\/portaltela.pt\/?s={search_term_string}\"},\"query-input\":{\"@type\":\"PropertyValueSpecification\",\"valueRequired\":true,\"valueName\":\"search_term_string\"}}],\"inLanguage\":\"pt-PT\"},{\"@type\":\"Person\",\"@id\":\"https:\/\/portaltela.pt\/#\/schema\/person\/c4278d4a6028830caff9ee44b42d32ed\",\"name\":\"Telinha\",\"image\":{\"@type\":\"ImageObject\",\"inLanguage\":\"pt-PT\",\"@id\":\"https:\/\/portaltela.pt\/s.01k8rhncp4jt1\/2025\/11\/talking-bot-125x125.png\",\"url\":\"https:\/\/portaltela.pt\/s.01k8rhncp4jt1\/2025\/11\/talking-bot-125x125.png\",\"contentUrl\":\"https:\/\/portaltela.pt\/s.01k8rhncp4jt1\/2025\/11\/talking-bot-125x125.png\",\"caption\":\"Telinha\"},\"sameAs\":[\"https:\/\/portaltela.pt\/\"],\"url\":\"https:\/\/portaltela.pt\/por\/367410592786\/\"}]}<\/script>\n<!-- \/ Yoast SEO plugin. -->","yoast_head_json":{"title":"Braga vence no fim e mant\u00e9m sonho na Liga Europa - Portal Tela Portugal","robots":{"index":"index","follow":"follow","max-snippet":"max-snippet:-1","max-image-preview":"max-image-preview:large","max-video-preview":"max-video-preview:-1"},"og_locale":"pt_PT","og_type":"article","og_title":"Braga vence no fim e mant\u00e9m sonho na Liga Europa - Portal Tela Portugal","og_description":"O Sporting de Braga venceu o Friburgo por 2-1 na primeira m\u00e3o das meias-finais da Liga Europa, em casa. Tiknaz adiantou os minhotos aos oito minutos, numa jogada iniciada por V\u00edctor G\u00f3mez. Grifo empatou para o Friburgo pouco depois, aproveitando um erro da defesa bracarense. Rodrigo Zalazar falhou uma grande penalidade antes do intervalo, defendida por Atubolu. Dorgeles decidiu nos descontos, aos 90+2, ap\u00f3s defesa do guarda-redes alem\u00e3o, colocando o Braga numa posi\u00e7\u00e3o favor\u00e1vel para a segunda m\u00e3o na Alemanha, dentro de uma semana.","og_url":"https:\/\/portaltela.pt\/noticias\/2026\/04\/30\/braga-vence-no-fim-e-mantem-sonho-na-liga-europa\/","og_site_name":"Portal Tela Portugal","article_published_time":"2026-04-30T21:18:03+00:00","author":"Telinha","twitter_card":"summary_large_image","twitter_misc":{"Escrito por":"Telinha","Tempo estimado de leitura":"1 minuto"},"schema":{"@context":"https:\/\/schema.org","@graph":[{"@type":"Article","@id":"https:\/\/portaltela.pt\/noticias\/2026\/04\/30\/braga-vence-no-fim-e-mantem-sonho-na-liga-europa\/#article","isPartOf":{"@id":"https:\/\/portaltela.pt\/noticias\/2026\/04\/30\/braga-vence-no-fim-e-mantem-sonho-na-liga-europa\/"},"author":{"name":"Telinha","@id":"https:\/\/portaltela.pt\/#\/schema\/person\/c4278d4a6028830caff9ee44b42d32ed"},"headline":"Braga vence no fim e mant\u00e9m sonho na Liga Europa","datePublished":"2026-04-30T21:18:03+00:00","mainEntityOfPage":{"@id":"https:\/\/portaltela.pt\/noticias\/2026\/04\/30\/braga-vence-no-fim-e-mantem-sonho-na-liga-europa\/"},"wordCount":164,"image":{"@id":"https:\/\/portaltela.pt\/noticias\/2026\/04\/30\/braga-vence-no-fim-e-mantem-sonho-na-liga-europa\/#primaryimage"},"thumbnailUrl":"https:\/\/portaltela.pt\/s.01k8rhncp4jt1\/2026\/04\/10532d36-ce83-48cf-bb9d-38dab25eae39_1200x675.jpg","keywords":["Braga","competi\u00e7\u00e3o internacional","Europa League","futebol","futebol internacional"],"articleSection":["Desporto","Futebol"],"inLanguage":"pt-PT"},{"@type":"WebPage","@id":"https:\/\/portaltela.pt\/noticias\/2026\/04\/30\/braga-vence-no-fim-e-mantem-sonho-na-liga-europa\/","url":"https:\/\/portaltela.pt\/noticias\/2026\/04\/30\/braga-vence-no-fim-e-mantem-sonho-na-liga-europa\/","name":"Braga vence no fim e mant\u00e9m sonho na Liga Europa - Portal Tela Portugal","isPartOf":{"@id":"https:\/\/portaltela.pt\/#website"},"primaryImageOfPage":{"@id":"https:\/\/portaltela.pt\/noticias\/2026\/04\/30\/braga-vence-no-fim-e-mantem-sonho-na-liga-europa\/#primaryimage"},"image":{"@id":"https:\/\/portaltela.pt\/noticias\/2026\/04\/30\/braga-vence-no-fim-e-mantem-sonho-na-liga-europa\/#primaryimage"},"thumbnailUrl":"https:\/\/portaltela.pt\/s.01k8rhncp4jt1\/2026\/04\/10532d36-ce83-48cf-bb9d-38dab25eae39_1200x675.jpg","datePublished":"2026-04-30T21:18:03+00:00","author":{"@id":"https:\/\/portaltela.pt\/#\/schema\/person\/c4278d4a6028830caff9ee44b42d32ed"},"breadcrumb":{"@id":"https:\/\/portaltela.pt\/noticias\/2026\/04\/30\/braga-vence-no-fim-e-mantem-sonho-na-liga-europa\/#breadcrumb"},"inLanguage":"pt-PT","potentialAction":[{"@type":"ReadAction","target":["https:\/\/portaltela.pt\/noticias\/2026\/04\/30\/braga-vence-no-fim-e-mantem-sonho-na-liga-europa\/"]}]},{"@type":"ImageObject","inLanguage":"pt-PT","@id":"https:\/\/portaltela.pt\/noticias\/2026\/04\/30\/braga-vence-no-fim-e-mantem-sonho-na-liga-europa\/#primaryimage","url":"https:\/\/portaltela.pt\/s.01k8rhncp4jt1\/2026\/04\/10532d36-ce83-48cf-bb9d-38dab25eae39_1200x675.jpg","contentUrl":"https:\/\/portaltela.pt\/s.01k8rhncp4jt1\/2026\/04\/10532d36-ce83-48cf-bb9d-38dab25eae39_1200x675.jpg","width":796,"height":448,"caption":"Tiknaz celebra o primeiro golo"},{"@type":"BreadcrumbList","@id":"https:\/\/portaltela.pt\/noticias\/2026\/04\/30\/braga-vence-no-fim-e-mantem-sonho-na-liga-europa\/#breadcrumb","itemListElement":[{"@type":"ListItem","position":1,"name":"In\u00edcio","item":"https:\/\/portaltela.pt\/"},{"@type":"ListItem","position":2,"name":"Braga vence no fim e mant\u00e9m sonho na Liga Europa"}]},{"@type":"WebSite","@id":"https:\/\/portaltela.pt\/#website","url":"https:\/\/portaltela.pt\/","name":"Portal Tela Portugal","description":"","potentialAction":[{"@type":"SearchAction","target":{"@type":"EntryPoint","urlTemplate":"https:\/\/portaltela.pt\/?s={search_term_string}"},"query-input":{"@type":"PropertyValueSpecification","valueRequired":true,"valueName":"search_term_string"}}],"inLanguage":"pt-PT"},{"@type":"Person","@id":"https:\/\/portaltela.pt\/#\/schema\/person\/c4278d4a6028830caff9ee44b42d32ed","name":"Telinha","image":{"@type":"ImageObject","inLanguage":"pt-PT","@id":"https:\/\/portaltela.pt\/s.01k8rhncp4jt1\/2025\/11\/talking-bot-125x125.png","url":"https:\/\/portaltela.pt\/s.01k8rhncp4jt1\/2025\/11\/talking-bot-125x125.png","contentUrl":"https:\/\/portaltela.pt\/s.01k8rhncp4jt1\/2025\/11\/talking-bot-125x125.png","caption":"Telinha"},"sameAs":["https:\/\/portaltela.pt\/"],"url":"https:\/\/portaltela.pt\/por\/367410592786\/"}]}},"_links":{"self":[{"href":"https:\/\/portaltela.pt\/api\/wp\/v2\/posts\/463155","targetHints":{"allow":["GET"]}}],"collection":[{"href":"https:\/\/portaltela.pt\/api\/wp\/v2\/posts"}],"about":[{"href":"https:\/\/portaltela.pt\/api\/wp\/v2\/types\/post"}],"author":[{"embeddable":true,"href":"https:\/\/portaltela.pt\/api\/wp\/v2\/users\/2"}],"replies":[{"embeddable":true,"href":"https:\/\/portaltela.pt\/api\/wp\/v2\/comments?post=463155"}],"version-history":[{"count":0,"href":"https:\/\/portaltela.pt\/api\/wp\/v2\/posts\/463155\/revisions"}],"wp:featuredmedia":[{"embeddable":true,"href":"https:\/\/portaltela.pt\/api\/wp\/v2\/media\/463161"}],"wp:attachment":[{"href":"https:\/\/portaltela.pt\/api\/wp\/v2\/media?parent=463155"}],"wp:term":[{"taxonomy":"category","embeddable":true,"href":"https:\/\/portaltela.pt\/api\/wp\/v2\/categories?post=463155"},{"taxonomy":"post_tag","embeddable":true,"href":"https:\/\/portaltela.pt\/api\/wp\/v2\/tags?post=463155"}],"curies":[{"name":"wp","href":"https:\/\/api.w.org\/{rel}","templated":true}]}}