{"id":463137,"date":"2026-04-30T18:17:42","date_gmt":"2026-04-30T21:17:42","guid":{"rendered":"https:\/\/portaltela.pt\/noticias\/2026\/04\/30\/critica-orgulho-e-animacao-marcam-cortejo-do-enterro-em-aveiro\/"},"modified":"2026-04-30T18:17:42","modified_gmt":"2026-04-30T21:17:42","slug":"critica-orgulho-e-animacao-marcam-cortejo-do-enterro-em-aveiro","status":"publish","type":"post","link":"https:\/\/portaltela.pt\/sociedade\/2026\/04\/30\/critica-orgulho-e-animacao-marcam-cortejo-do-enterro-em-aveiro\/","title":{"rendered":"Cr\u00edtica, orgulho e anima\u00e7\u00e3o marcam cortejo do Enterro em Aveiro"},"content":{"rendered":"<p>Estudantes da Universidade de Aveiro participaram esta quinta-feira, ao fim da tarde e durante a noite, no cortejo da Semana do Enterro, em Aveiro. O objetivo foi divertir-se, celebrar o encerramento de um ano letivo e, para muitos, o fim do curso.<\/p>\n<p>Entre os carros aleg\u00f3ricos, a cr\u00edtica social e pol\u00edtica foi utilizada como tema, com os alunos a explorar mensagens e humor para expressar pontos de vista no desfile.<\/p>\n<p>O cortejo reuniu a comunidade acad\u00e9mica e residentes locais, num evento que conjuga celebra\u00e7\u00e3o, criatividade e reflex\u00e3o sobre temas atuais, sem fugir \u00e0 ess\u00eancia do tradicional cortejo acad\u00e9mico.<\/p>\n","protected":false},"excerpt":{"rendered":"<ul>\n<li>Estudantes da Universidade de Aveiro participaram no cortejo da Semana do Enterro, na quinta-feira ao fim do dia e da noite.<\/li>\n<li>O objetivo comum foi divertir-se e brindar ao final do ano letivo, que para muitos se aproxima do t\u00e9rmino do curso.<\/li>\n<li>Alguns participantes pensaram em obter uma boa classifica\u00e7\u00e3o no desfile, enquanto outros tinham a meta inusitada de ser desclassificado.<\/li>\n<li>Os carros aleg\u00f3ricos combinaram celebra\u00e7\u00e3o com cr\u00edtica social e pol\u00edtica.<\/li>\n<li>O evento destacou a participa\u00e7\u00e3o estudantil no cortejo que encerra o ano acad\u00e9mico na cidade de Aveiro.<\/li>\n<\/ul>\n","protected":false},"author":2,"featured_media":463141,"comment_status":"closed","ping_status":"closed","sticky":false,"template":"","format":"standard","meta":{"footnotes":""},"categories":[7384,6871],"tags":[8900,8002,7795,9404,7999,8884],"class_list":["post-463137","post","type-post","status-publish","format-standard","has-post-thumbnail","hentry","category-curiosidades","category-sociedade","tag-_alunos","tag-_aveiro","tag-_educacao","tag-_estudantes","tag-_sociedade","tag-_universidades"],"yoast_head":"<!-- This site is optimized with the Yoast SEO plugin v27.2 - https:\/\/yoast.com\/product\/yoast-seo-wordpress\/ -->\n<title>Cr\u00edtica, orgulho e anima\u00e7\u00e3o marcam cortejo do Enterro em Aveiro - Portal Tela Portugal<\/title>\n<meta name=\"robots\" content=\"index, follow, max-snippet:-1, max-image-preview:large, max-video-preview:-1\" \/>\n<meta property=\"og:locale\" content=\"pt_PT\" \/>\n<meta property=\"og:type\" content=\"article\" \/>\n<meta property=\"og:title\" content=\"Cr\u00edtica, orgulho e anima\u00e7\u00e3o marcam cortejo do Enterro em Aveiro - Portal Tela Portugal\" \/>\n<meta property=\"og:description\" content=\"Estudantes da Universidade de Aveiro participaram no cortejo da Semana do Enterro, na quinta-feira ao fim do dia e da noite. O objetivo comum foi divertir-se e brindar ao final do ano letivo, que para muitos se aproxima do t\u00e9rmino do curso. Alguns participantes pensaram em obter uma boa classifica\u00e7\u00e3o no desfile, enquanto outros tinham a meta inusitada de ser desclassificado. Os carros aleg\u00f3ricos combinaram celebra\u00e7\u00e3o com cr\u00edtica social e pol\u00edtica. O evento destacou a participa\u00e7\u00e3o estudantil no cortejo que encerra o ano acad\u00e9mico na cidade de Aveiro.\" \/>\n<meta property=\"og:url\" content=\"https:\/\/portaltela.pt\/noticias\/2026\/04\/30\/critica-orgulho-e-animacao-marcam-cortejo-do-enterro-em-aveiro\/\" \/>\n<meta property=\"og:site_name\" content=\"Portal Tela Portugal\" \/>\n<meta property=\"article:published_time\" content=\"2026-04-30T21:17:42+00:00\" \/>\n<meta name=\"author\" content=\"Telinha\" \/>\n<meta name=\"twitter:card\" content=\"summary_large_image\" \/>\n<meta name=\"twitter:label1\" content=\"Escrito por\" \/>\n\t<meta name=\"twitter:data1\" content=\"Telinha\" \/>\n\t<meta name=\"twitter:label2\" content=\"Tempo estimado de leitura\" \/>\n\t<meta name=\"twitter:data2\" content=\"1 minuto\" \/>\n<script type=\"application\/ld+json\" class=\"yoast-schema-graph\">{\"@context\":\"https:\/\/schema.org\",\"@graph\":[{\"@type\":\"Article\",\"@id\":\"https:\/\/portaltela.pt\/noticias\/2026\/04\/30\/critica-orgulho-e-animacao-marcam-cortejo-do-enterro-em-aveiro\/#article\",\"isPartOf\":{\"@id\":\"https:\/\/portaltela.pt\/noticias\/2026\/04\/30\/critica-orgulho-e-animacao-marcam-cortejo-do-enterro-em-aveiro\/\"},\"author\":{\"name\":\"Telinha\",\"@id\":\"https:\/\/portaltela.pt\/#\/schema\/person\/c4278d4a6028830caff9ee44b42d32ed\"},\"headline\":\"Cr\u00edtica, orgulho e anima\u00e7\u00e3o marcam cortejo do Enterro em Aveiro\",\"datePublished\":\"2026-04-30T21:17:42+00:00\",\"mainEntityOfPage\":{\"@id\":\"https:\/\/portaltela.pt\/noticias\/2026\/04\/30\/critica-orgulho-e-animacao-marcam-cortejo-do-enterro-em-aveiro\/\"},\"wordCount\":117,\"image\":{\"@id\":\"https:\/\/portaltela.pt\/noticias\/2026\/04\/30\/critica-orgulho-e-animacao-marcam-cortejo-do-enterro-em-aveiro\/#primaryimage\"},\"thumbnailUrl\":\"https:\/\/portaltela.pt\/s.01k8rhncp4jt1\/2026\/04\/b934844f-e7da-47e0-b981-bda8a02de154_1200x675.jpg\",\"keywords\":[\"_alunos\",\"_Aveiro\",\"_educa\u00e7\u00e3o\",\"_estudantes\",\"_sociedade\",\"_universidades\"],\"articleSection\":[\"Curiosidades\",\"Sociedade\"],\"inLanguage\":\"pt-PT\"},{\"@type\":\"WebPage\",\"@id\":\"https:\/\/portaltela.pt\/noticias\/2026\/04\/30\/critica-orgulho-e-animacao-marcam-cortejo-do-enterro-em-aveiro\/\",\"url\":\"https:\/\/portaltela.pt\/noticias\/2026\/04\/30\/critica-orgulho-e-animacao-marcam-cortejo-do-enterro-em-aveiro\/\",\"name\":\"Cr\u00edtica, orgulho e anima\u00e7\u00e3o marcam cortejo do Enterro em Aveiro - Portal Tela Portugal\",\"isPartOf\":{\"@id\":\"https:\/\/portaltela.pt\/#website\"},\"primaryImageOfPage\":{\"@id\":\"https:\/\/portaltela.pt\/noticias\/2026\/04\/30\/critica-orgulho-e-animacao-marcam-cortejo-do-enterro-em-aveiro\/#primaryimage\"},\"image\":{\"@id\":\"https:\/\/portaltela.pt\/noticias\/2026\/04\/30\/critica-orgulho-e-animacao-marcam-cortejo-do-enterro-em-aveiro\/#primaryimage\"},\"thumbnailUrl\":\"https:\/\/portaltela.pt\/s.01k8rhncp4jt1\/2026\/04\/b934844f-e7da-47e0-b981-bda8a02de154_1200x675.jpg\",\"datePublished\":\"2026-04-30T21:17:42+00:00\",\"author\":{\"@id\":\"https:\/\/portaltela.pt\/#\/schema\/person\/c4278d4a6028830caff9ee44b42d32ed\"},\"breadcrumb\":{\"@id\":\"https:\/\/portaltela.pt\/noticias\/2026\/04\/30\/critica-orgulho-e-animacao-marcam-cortejo-do-enterro-em-aveiro\/#breadcrumb\"},\"inLanguage\":\"pt-PT\",\"potentialAction\":[{\"@type\":\"ReadAction\",\"target\":[\"https:\/\/portaltela.pt\/noticias\/2026\/04\/30\/critica-orgulho-e-animacao-marcam-cortejo-do-enterro-em-aveiro\/\"]}]},{\"@type\":\"ImageObject\",\"inLanguage\":\"pt-PT\",\"@id\":\"https:\/\/portaltela.pt\/noticias\/2026\/04\/30\/critica-orgulho-e-animacao-marcam-cortejo-do-enterro-em-aveiro\/#primaryimage\",\"url\":\"https:\/\/portaltela.pt\/s.01k8rhncp4jt1\/2026\/04\/b934844f-e7da-47e0-b981-bda8a02de154_1200x675.jpg\",\"contentUrl\":\"https:\/\/portaltela.pt\/s.01k8rhncp4jt1\/2026\/04\/b934844f-e7da-47e0-b981-bda8a02de154_1200x675.jpg\",\"width\":796,\"height\":448,\"caption\":\"Photo\"},{\"@type\":\"BreadcrumbList\",\"@id\":\"https:\/\/portaltela.pt\/noticias\/2026\/04\/30\/critica-orgulho-e-animacao-marcam-cortejo-do-enterro-em-aveiro\/#breadcrumb\",\"itemListElement\":[{\"@type\":\"ListItem\",\"position\":1,\"name\":\"In\u00edcio\",\"item\":\"https:\/\/portaltela.pt\/\"},{\"@type\":\"ListItem\",\"position\":2,\"name\":\"Cr\u00edtica, orgulho e anima\u00e7\u00e3o marcam cortejo do Enterro em Aveiro\"}]},{\"@type\":\"WebSite\",\"@id\":\"https:\/\/portaltela.pt\/#website\",\"url\":\"https:\/\/portaltela.pt\/\",\"name\":\"Portal Tela Portugal\",\"description\":\"\",\"potentialAction\":[{\"@type\":\"SearchAction\",\"target\":{\"@type\":\"EntryPoint\",\"urlTemplate\":\"https:\/\/portaltela.pt\/?s={search_term_string}\"},\"query-input\":{\"@type\":\"PropertyValueSpecification\",\"valueRequired\":true,\"valueName\":\"search_term_string\"}}],\"inLanguage\":\"pt-PT\"},{\"@type\":\"Person\",\"@id\":\"https:\/\/portaltela.pt\/#\/schema\/person\/c4278d4a6028830caff9ee44b42d32ed\",\"name\":\"Telinha\",\"image\":{\"@type\":\"ImageObject\",\"inLanguage\":\"pt-PT\",\"@id\":\"https:\/\/portaltela.pt\/s.01k8rhncp4jt1\/2025\/11\/talking-bot-125x125.png\",\"url\":\"https:\/\/portaltela.pt\/s.01k8rhncp4jt1\/2025\/11\/talking-bot-125x125.png\",\"contentUrl\":\"https:\/\/portaltela.pt\/s.01k8rhncp4jt1\/2025\/11\/talking-bot-125x125.png\",\"caption\":\"Telinha\"},\"sameAs\":[\"https:\/\/portaltela.pt\/\"],\"url\":\"https:\/\/portaltela.pt\/por\/367410592786\/\"}]}<\/script>\n<!-- \/ Yoast SEO plugin. -->","yoast_head_json":{"title":"Cr\u00edtica, orgulho e anima\u00e7\u00e3o marcam cortejo do Enterro em Aveiro - Portal Tela Portugal","robots":{"index":"index","follow":"follow","max-snippet":"max-snippet:-1","max-image-preview":"max-image-preview:large","max-video-preview":"max-video-preview:-1"},"og_locale":"pt_PT","og_type":"article","og_title":"Cr\u00edtica, orgulho e anima\u00e7\u00e3o marcam cortejo do Enterro em Aveiro - Portal Tela Portugal","og_description":"Estudantes da Universidade de Aveiro participaram no cortejo da Semana do Enterro, na quinta-feira ao fim do dia e da noite. O objetivo comum foi divertir-se e brindar ao final do ano letivo, que para muitos se aproxima do t\u00e9rmino do curso. Alguns participantes pensaram em obter uma boa classifica\u00e7\u00e3o no desfile, enquanto outros tinham a meta inusitada de ser desclassificado. Os carros aleg\u00f3ricos combinaram celebra\u00e7\u00e3o com cr\u00edtica social e pol\u00edtica. O evento destacou a participa\u00e7\u00e3o estudantil no cortejo que encerra o ano acad\u00e9mico na cidade de Aveiro.","og_url":"https:\/\/portaltela.pt\/noticias\/2026\/04\/30\/critica-orgulho-e-animacao-marcam-cortejo-do-enterro-em-aveiro\/","og_site_name":"Portal Tela Portugal","article_published_time":"2026-04-30T21:17:42+00:00","author":"Telinha","twitter_card":"summary_large_image","twitter_misc":{"Escrito por":"Telinha","Tempo estimado de leitura":"1 minuto"},"schema":{"@context":"https:\/\/schema.org","@graph":[{"@type":"Article","@id":"https:\/\/portaltela.pt\/noticias\/2026\/04\/30\/critica-orgulho-e-animacao-marcam-cortejo-do-enterro-em-aveiro\/#article","isPartOf":{"@id":"https:\/\/portaltela.pt\/noticias\/2026\/04\/30\/critica-orgulho-e-animacao-marcam-cortejo-do-enterro-em-aveiro\/"},"author":{"name":"Telinha","@id":"https:\/\/portaltela.pt\/#\/schema\/person\/c4278d4a6028830caff9ee44b42d32ed"},"headline":"Cr\u00edtica, orgulho e anima\u00e7\u00e3o marcam cortejo do Enterro em Aveiro","datePublished":"2026-04-30T21:17:42+00:00","mainEntityOfPage":{"@id":"https:\/\/portaltela.pt\/noticias\/2026\/04\/30\/critica-orgulho-e-animacao-marcam-cortejo-do-enterro-em-aveiro\/"},"wordCount":117,"image":{"@id":"https:\/\/portaltela.pt\/noticias\/2026\/04\/30\/critica-orgulho-e-animacao-marcam-cortejo-do-enterro-em-aveiro\/#primaryimage"},"thumbnailUrl":"https:\/\/portaltela.pt\/s.01k8rhncp4jt1\/2026\/04\/b934844f-e7da-47e0-b981-bda8a02de154_1200x675.jpg","keywords":["_alunos","_Aveiro","_educa\u00e7\u00e3o","_estudantes","_sociedade","_universidades"],"articleSection":["Curiosidades","Sociedade"],"inLanguage":"pt-PT"},{"@type":"WebPage","@id":"https:\/\/portaltela.pt\/noticias\/2026\/04\/30\/critica-orgulho-e-animacao-marcam-cortejo-do-enterro-em-aveiro\/","url":"https:\/\/portaltela.pt\/noticias\/2026\/04\/30\/critica-orgulho-e-animacao-marcam-cortejo-do-enterro-em-aveiro\/","name":"Cr\u00edtica, orgulho e anima\u00e7\u00e3o marcam cortejo do Enterro em Aveiro - Portal Tela Portugal","isPartOf":{"@id":"https:\/\/portaltela.pt\/#website"},"primaryImageOfPage":{"@id":"https:\/\/portaltela.pt\/noticias\/2026\/04\/30\/critica-orgulho-e-animacao-marcam-cortejo-do-enterro-em-aveiro\/#primaryimage"},"image":{"@id":"https:\/\/portaltela.pt\/noticias\/2026\/04\/30\/critica-orgulho-e-animacao-marcam-cortejo-do-enterro-em-aveiro\/#primaryimage"},"thumbnailUrl":"https:\/\/portaltela.pt\/s.01k8rhncp4jt1\/2026\/04\/b934844f-e7da-47e0-b981-bda8a02de154_1200x675.jpg","datePublished":"2026-04-30T21:17:42+00:00","author":{"@id":"https:\/\/portaltela.pt\/#\/schema\/person\/c4278d4a6028830caff9ee44b42d32ed"},"breadcrumb":{"@id":"https:\/\/portaltela.pt\/noticias\/2026\/04\/30\/critica-orgulho-e-animacao-marcam-cortejo-do-enterro-em-aveiro\/#breadcrumb"},"inLanguage":"pt-PT","potentialAction":[{"@type":"ReadAction","target":["https:\/\/portaltela.pt\/noticias\/2026\/04\/30\/critica-orgulho-e-animacao-marcam-cortejo-do-enterro-em-aveiro\/"]}]},{"@type":"ImageObject","inLanguage":"pt-PT","@id":"https:\/\/portaltela.pt\/noticias\/2026\/04\/30\/critica-orgulho-e-animacao-marcam-cortejo-do-enterro-em-aveiro\/#primaryimage","url":"https:\/\/portaltela.pt\/s.01k8rhncp4jt1\/2026\/04\/b934844f-e7da-47e0-b981-bda8a02de154_1200x675.jpg","contentUrl":"https:\/\/portaltela.pt\/s.01k8rhncp4jt1\/2026\/04\/b934844f-e7da-47e0-b981-bda8a02de154_1200x675.jpg","width":796,"height":448,"caption":"Photo"},{"@type":"BreadcrumbList","@id":"https:\/\/portaltela.pt\/noticias\/2026\/04\/30\/critica-orgulho-e-animacao-marcam-cortejo-do-enterro-em-aveiro\/#breadcrumb","itemListElement":[{"@type":"ListItem","position":1,"name":"In\u00edcio","item":"https:\/\/portaltela.pt\/"},{"@type":"ListItem","position":2,"name":"Cr\u00edtica, orgulho e anima\u00e7\u00e3o marcam cortejo do Enterro em Aveiro"}]},{"@type":"WebSite","@id":"https:\/\/portaltela.pt\/#website","url":"https:\/\/portaltela.pt\/","name":"Portal Tela Portugal","description":"","potentialAction":[{"@type":"SearchAction","target":{"@type":"EntryPoint","urlTemplate":"https:\/\/portaltela.pt\/?s={search_term_string}"},"query-input":{"@type":"PropertyValueSpecification","valueRequired":true,"valueName":"search_term_string"}}],"inLanguage":"pt-PT"},{"@type":"Person","@id":"https:\/\/portaltela.pt\/#\/schema\/person\/c4278d4a6028830caff9ee44b42d32ed","name":"Telinha","image":{"@type":"ImageObject","inLanguage":"pt-PT","@id":"https:\/\/portaltela.pt\/s.01k8rhncp4jt1\/2025\/11\/talking-bot-125x125.png","url":"https:\/\/portaltela.pt\/s.01k8rhncp4jt1\/2025\/11\/talking-bot-125x125.png","contentUrl":"https:\/\/portaltela.pt\/s.01k8rhncp4jt1\/2025\/11\/talking-bot-125x125.png","caption":"Telinha"},"sameAs":["https:\/\/portaltela.pt\/"],"url":"https:\/\/portaltela.pt\/por\/367410592786\/"}]}},"_links":{"self":[{"href":"https:\/\/portaltela.pt\/api\/wp\/v2\/posts\/463137","targetHints":{"allow":["GET"]}}],"collection":[{"href":"https:\/\/portaltela.pt\/api\/wp\/v2\/posts"}],"about":[{"href":"https:\/\/portaltela.pt\/api\/wp\/v2\/types\/post"}],"author":[{"embeddable":true,"href":"https:\/\/portaltela.pt\/api\/wp\/v2\/users\/2"}],"replies":[{"embeddable":true,"href":"https:\/\/portaltela.pt\/api\/wp\/v2\/comments?post=463137"}],"version-history":[{"count":0,"href":"https:\/\/portaltela.pt\/api\/wp\/v2\/posts\/463137\/revisions"}],"wp:featuredmedia":[{"embeddable":true,"href":"https:\/\/portaltela.pt\/api\/wp\/v2\/media\/463141"}],"wp:attachment":[{"href":"https:\/\/portaltela.pt\/api\/wp\/v2\/media?parent=463137"}],"wp:term":[{"taxonomy":"category","embeddable":true,"href":"https:\/\/portaltela.pt\/api\/wp\/v2\/categories?post=463137"},{"taxonomy":"post_tag","embeddable":true,"href":"https:\/\/portaltela.pt\/api\/wp\/v2\/tags?post=463137"}],"curies":[{"name":"wp","href":"https:\/\/api.w.org\/{rel}","templated":true}]}}