{"id":463127,"date":"2026-04-30T18:03:31","date_gmt":"2026-04-30T21:03:31","guid":{"rendered":"https:\/\/portaltela.pt\/noticias\/2026\/04\/30\/now-assinala-segundo-aniversario-com-conferencia-internacional\/"},"modified":"2026-04-30T18:03:31","modified_gmt":"2026-04-30T21:03:31","slug":"now-assinala-segundo-aniversario-com-conferencia-internacional","status":"publish","type":"post","link":"https:\/\/portaltela.pt\/noticias\/politica\/2026\/04\/30\/now-assinala-segundo-aniversario-com-conferencia-internacional\/","title":{"rendered":"NOW assinala segundo anivers\u00e1rio com confer\u00eancia internacional"},"content":{"rendered":"<p>O canal NOW, da Medialivre, assinala o seu segundo anivers\u00e1rio com a realiza\u00e7\u00e3o de uma confer\u00eancia internacional marcada para 16 de junho. Trata-se da 2.\u00aa edi\u00e7\u00e3o da The Lisbon Conference, promovida pela NOW.<\/p>\n<p>A confer\u00eancia tem a curadoria de Dur\u00e3o Barroso, ex-presidente da Comiss\u00e3o Europeia e antigo primeiro-ministro de Portugal. A participa\u00e7\u00e3o de figuras internacionais est\u00e1 anunciada pela organiza\u00e7\u00e3o.<\/p>\n<p>O an\u00fancio foi tornado p\u00fablico a 30 de abril de 2026, sem confirmar o local espec\u00edfico da reuni\u00e3o nem a agenda detalhada. O evento insere-se na estrat\u00e9gia da NOW de promover debates de \u00e2mbito global.<\/p>\n<h3>Sobre o evento<\/h3>\n<p>A NOW, atrav\u00e9s da Medialivre, divulga uma edi\u00e7\u00e3o que pretende reunir especialistas e gestores de diferentes \u00e1reas para reflex\u00e3o sobre temas internacionais relevantes. A organiza\u00e7\u00e3o n\u00e3o indicou outros detalhes adicionais neste momento.<\/p>\n","protected":false},"excerpt":{"rendered":"<ul>\n<li>O canal NOW, da Medialivre, assinala o segundo anivers\u00e1rio com a The Lisbon Conference, a realizar-se a 16 de junho.<\/li>\n<li>Esta \u00e9 a segunda edi\u00e7\u00e3o da confer\u00eancia internacional.<\/li>\n<li>A curadoria est\u00e1 a cargo de Dur\u00e3o Barroso, ex-presidente da Comiss\u00e3o Europeia e ex-primeiro-ministro de Portugal.<\/li>\n<li>O evento re\u00fane figuras internacionais num encontro de car\u00e1ter global.<\/li>\n<li>A not\u00edcia foi publicada a 30 de abril de 2026.<\/li>\n<\/ul>\n","protected":false},"author":2,"featured_media":463130,"comment_status":"closed","ping_status":"closed","sticky":false,"template":"","format":"standard","meta":{"footnotes":""},"categories":[6912,5],"tags":[8302,7991,10067,8094,7974,8062],"class_list":["post-463127","post","type-post","status-publish","format-standard","has-post-thumbnail","hentry","category-internacionais","category-politica","tag-_conferencia","tag-_cooperacao-internacional","tag-_durao-barroso","tag-_internacionais","tag-_lisboa","tag-_portugal"],"yoast_head":"<!-- This site is optimized with the Yoast SEO plugin v27.2 - https:\/\/yoast.com\/product\/yoast-seo-wordpress\/ -->\n<title>NOW assinala segundo anivers\u00e1rio com confer\u00eancia internacional - Portal Tela Portugal<\/title>\n<meta name=\"robots\" content=\"index, follow, max-snippet:-1, max-image-preview:large, max-video-preview:-1\" \/>\n<meta property=\"og:locale\" content=\"pt_PT\" \/>\n<meta property=\"og:type\" content=\"article\" \/>\n<meta property=\"og:title\" content=\"NOW assinala segundo anivers\u00e1rio com confer\u00eancia internacional - Portal Tela Portugal\" \/>\n<meta property=\"og:description\" content=\"O canal NOW, da Medialivre, assinala o segundo anivers\u00e1rio com a The Lisbon Conference, a realizar-se a 16 de junho. Esta \u00e9 a segunda edi\u00e7\u00e3o da confer\u00eancia internacional. A curadoria est\u00e1 a cargo de Dur\u00e3o Barroso, ex-presidente da Comiss\u00e3o Europeia e ex-primeiro-ministro de Portugal. O evento re\u00fane figuras internacionais num encontro de car\u00e1ter global. A not\u00edcia foi publicada a 30 de abril de 2026.\" \/>\n<meta property=\"og:url\" content=\"https:\/\/portaltela.pt\/noticias\/2026\/04\/30\/now-assinala-segundo-aniversario-com-conferencia-internacional\/\" \/>\n<meta property=\"og:site_name\" content=\"Portal Tela Portugal\" \/>\n<meta property=\"article:published_time\" content=\"2026-04-30T21:03:31+00:00\" \/>\n<meta name=\"author\" content=\"Telinha\" \/>\n<meta name=\"twitter:card\" content=\"summary_large_image\" \/>\n<meta name=\"twitter:label1\" content=\"Escrito por\" \/>\n\t<meta name=\"twitter:data1\" content=\"Telinha\" \/>\n\t<meta name=\"twitter:label2\" content=\"Tempo estimado de leitura\" \/>\n\t<meta name=\"twitter:data2\" content=\"1 minuto\" \/>\n<script type=\"application\/ld+json\" class=\"yoast-schema-graph\">{\"@context\":\"https:\/\/schema.org\",\"@graph\":[{\"@type\":\"Article\",\"@id\":\"https:\/\/portaltela.pt\/noticias\/2026\/04\/30\/now-assinala-segundo-aniversario-com-conferencia-internacional\/#article\",\"isPartOf\":{\"@id\":\"https:\/\/portaltela.pt\/noticias\/2026\/04\/30\/now-assinala-segundo-aniversario-com-conferencia-internacional\/\"},\"author\":{\"name\":\"Telinha\",\"@id\":\"https:\/\/portaltela.pt\/#\/schema\/person\/c4278d4a6028830caff9ee44b42d32ed\"},\"headline\":\"NOW assinala segundo anivers\u00e1rio com confer\u00eancia internacional\",\"datePublished\":\"2026-04-30T21:03:31+00:00\",\"mainEntityOfPage\":{\"@id\":\"https:\/\/portaltela.pt\/noticias\/2026\/04\/30\/now-assinala-segundo-aniversario-com-conferencia-internacional\/\"},\"wordCount\":153,\"image\":{\"@id\":\"https:\/\/portaltela.pt\/noticias\/2026\/04\/30\/now-assinala-segundo-aniversario-com-conferencia-internacional\/#primaryimage\"},\"thumbnailUrl\":\"https:\/\/portaltela.pt\/s.01k8rhncp4jt1\/2026\/04\/img_1280x722uu2026-04-30-21-52-47-2282139.jpg\",\"keywords\":[\"_confer\u00eancia\",\"_coopera\u00e7\u00e3o internacional\",\"_Dur\u00e3o Barroso\",\"_internacionais\",\"_Lisboa\",\"_Portugal\"],\"articleSection\":[\"Internacionais\",\"Pol\u00edtica\"],\"inLanguage\":\"pt-PT\"},{\"@type\":\"WebPage\",\"@id\":\"https:\/\/portaltela.pt\/noticias\/2026\/04\/30\/now-assinala-segundo-aniversario-com-conferencia-internacional\/\",\"url\":\"https:\/\/portaltela.pt\/noticias\/2026\/04\/30\/now-assinala-segundo-aniversario-com-conferencia-internacional\/\",\"name\":\"NOW assinala segundo anivers\u00e1rio com confer\u00eancia internacional - Portal Tela Portugal\",\"isPartOf\":{\"@id\":\"https:\/\/portaltela.pt\/#website\"},\"primaryImageOfPage\":{\"@id\":\"https:\/\/portaltela.pt\/noticias\/2026\/04\/30\/now-assinala-segundo-aniversario-com-conferencia-internacional\/#primaryimage\"},\"image\":{\"@id\":\"https:\/\/portaltela.pt\/noticias\/2026\/04\/30\/now-assinala-segundo-aniversario-com-conferencia-internacional\/#primaryimage\"},\"thumbnailUrl\":\"https:\/\/portaltela.pt\/s.01k8rhncp4jt1\/2026\/04\/img_1280x722uu2026-04-30-21-52-47-2282139.jpg\",\"datePublished\":\"2026-04-30T21:03:31+00:00\",\"author\":{\"@id\":\"https:\/\/portaltela.pt\/#\/schema\/person\/c4278d4a6028830caff9ee44b42d32ed\"},\"breadcrumb\":{\"@id\":\"https:\/\/portaltela.pt\/noticias\/2026\/04\/30\/now-assinala-segundo-aniversario-com-conferencia-internacional\/#breadcrumb\"},\"inLanguage\":\"pt-PT\",\"potentialAction\":[{\"@type\":\"ReadAction\",\"target\":[\"https:\/\/portaltela.pt\/noticias\/2026\/04\/30\/now-assinala-segundo-aniversario-com-conferencia-internacional\/\"]}]},{\"@type\":\"ImageObject\",\"inLanguage\":\"pt-PT\",\"@id\":\"https:\/\/portaltela.pt\/noticias\/2026\/04\/30\/now-assinala-segundo-aniversario-com-conferencia-internacional\/#primaryimage\",\"url\":\"https:\/\/portaltela.pt\/s.01k8rhncp4jt1\/2026\/04\/img_1280x722uu2026-04-30-21-52-47-2282139.jpg\",\"contentUrl\":\"https:\/\/portaltela.pt\/s.01k8rhncp4jt1\/2026\/04\/img_1280x722uu2026-04-30-21-52-47-2282139.jpg\",\"width\":796,\"height\":448,\"caption\":\"Photo\"},{\"@type\":\"BreadcrumbList\",\"@id\":\"https:\/\/portaltela.pt\/noticias\/2026\/04\/30\/now-assinala-segundo-aniversario-com-conferencia-internacional\/#breadcrumb\",\"itemListElement\":[{\"@type\":\"ListItem\",\"position\":1,\"name\":\"In\u00edcio\",\"item\":\"https:\/\/portaltela.pt\/\"},{\"@type\":\"ListItem\",\"position\":2,\"name\":\"NOW assinala segundo anivers\u00e1rio com confer\u00eancia internacional\"}]},{\"@type\":\"WebSite\",\"@id\":\"https:\/\/portaltela.pt\/#website\",\"url\":\"https:\/\/portaltela.pt\/\",\"name\":\"Portal Tela Portugal\",\"description\":\"\",\"potentialAction\":[{\"@type\":\"SearchAction\",\"target\":{\"@type\":\"EntryPoint\",\"urlTemplate\":\"https:\/\/portaltela.pt\/?s={search_term_string}\"},\"query-input\":{\"@type\":\"PropertyValueSpecification\",\"valueRequired\":true,\"valueName\":\"search_term_string\"}}],\"inLanguage\":\"pt-PT\"},{\"@type\":\"Person\",\"@id\":\"https:\/\/portaltela.pt\/#\/schema\/person\/c4278d4a6028830caff9ee44b42d32ed\",\"name\":\"Telinha\",\"image\":{\"@type\":\"ImageObject\",\"inLanguage\":\"pt-PT\",\"@id\":\"https:\/\/portaltela.pt\/s.01k8rhncp4jt1\/2025\/11\/talking-bot-125x125.png\",\"url\":\"https:\/\/portaltela.pt\/s.01k8rhncp4jt1\/2025\/11\/talking-bot-125x125.png\",\"contentUrl\":\"https:\/\/portaltela.pt\/s.01k8rhncp4jt1\/2025\/11\/talking-bot-125x125.png\",\"caption\":\"Telinha\"},\"sameAs\":[\"https:\/\/portaltela.pt\/\"],\"url\":\"https:\/\/portaltela.pt\/por\/367410592786\/\"}]}<\/script>\n<!-- \/ Yoast SEO plugin. -->","yoast_head_json":{"title":"NOW assinala segundo anivers\u00e1rio com confer\u00eancia internacional - Portal Tela Portugal","robots":{"index":"index","follow":"follow","max-snippet":"max-snippet:-1","max-image-preview":"max-image-preview:large","max-video-preview":"max-video-preview:-1"},"og_locale":"pt_PT","og_type":"article","og_title":"NOW assinala segundo anivers\u00e1rio com confer\u00eancia internacional - Portal Tela Portugal","og_description":"O canal NOW, da Medialivre, assinala o segundo anivers\u00e1rio com a The Lisbon Conference, a realizar-se a 16 de junho. Esta \u00e9 a segunda edi\u00e7\u00e3o da confer\u00eancia internacional. A curadoria est\u00e1 a cargo de Dur\u00e3o Barroso, ex-presidente da Comiss\u00e3o Europeia e ex-primeiro-ministro de Portugal. O evento re\u00fane figuras internacionais num encontro de car\u00e1ter global. A not\u00edcia foi publicada a 30 de abril de 2026.","og_url":"https:\/\/portaltela.pt\/noticias\/2026\/04\/30\/now-assinala-segundo-aniversario-com-conferencia-internacional\/","og_site_name":"Portal Tela Portugal","article_published_time":"2026-04-30T21:03:31+00:00","author":"Telinha","twitter_card":"summary_large_image","twitter_misc":{"Escrito por":"Telinha","Tempo estimado de leitura":"1 minuto"},"schema":{"@context":"https:\/\/schema.org","@graph":[{"@type":"Article","@id":"https:\/\/portaltela.pt\/noticias\/2026\/04\/30\/now-assinala-segundo-aniversario-com-conferencia-internacional\/#article","isPartOf":{"@id":"https:\/\/portaltela.pt\/noticias\/2026\/04\/30\/now-assinala-segundo-aniversario-com-conferencia-internacional\/"},"author":{"name":"Telinha","@id":"https:\/\/portaltela.pt\/#\/schema\/person\/c4278d4a6028830caff9ee44b42d32ed"},"headline":"NOW assinala segundo anivers\u00e1rio com confer\u00eancia internacional","datePublished":"2026-04-30T21:03:31+00:00","mainEntityOfPage":{"@id":"https:\/\/portaltela.pt\/noticias\/2026\/04\/30\/now-assinala-segundo-aniversario-com-conferencia-internacional\/"},"wordCount":153,"image":{"@id":"https:\/\/portaltela.pt\/noticias\/2026\/04\/30\/now-assinala-segundo-aniversario-com-conferencia-internacional\/#primaryimage"},"thumbnailUrl":"https:\/\/portaltela.pt\/s.01k8rhncp4jt1\/2026\/04\/img_1280x722uu2026-04-30-21-52-47-2282139.jpg","keywords":["_confer\u00eancia","_coopera\u00e7\u00e3o internacional","_Dur\u00e3o Barroso","_internacionais","_Lisboa","_Portugal"],"articleSection":["Internacionais","Pol\u00edtica"],"inLanguage":"pt-PT"},{"@type":"WebPage","@id":"https:\/\/portaltela.pt\/noticias\/2026\/04\/30\/now-assinala-segundo-aniversario-com-conferencia-internacional\/","url":"https:\/\/portaltela.pt\/noticias\/2026\/04\/30\/now-assinala-segundo-aniversario-com-conferencia-internacional\/","name":"NOW assinala segundo anivers\u00e1rio com confer\u00eancia internacional - Portal Tela Portugal","isPartOf":{"@id":"https:\/\/portaltela.pt\/#website"},"primaryImageOfPage":{"@id":"https:\/\/portaltela.pt\/noticias\/2026\/04\/30\/now-assinala-segundo-aniversario-com-conferencia-internacional\/#primaryimage"},"image":{"@id":"https:\/\/portaltela.pt\/noticias\/2026\/04\/30\/now-assinala-segundo-aniversario-com-conferencia-internacional\/#primaryimage"},"thumbnailUrl":"https:\/\/portaltela.pt\/s.01k8rhncp4jt1\/2026\/04\/img_1280x722uu2026-04-30-21-52-47-2282139.jpg","datePublished":"2026-04-30T21:03:31+00:00","author":{"@id":"https:\/\/portaltela.pt\/#\/schema\/person\/c4278d4a6028830caff9ee44b42d32ed"},"breadcrumb":{"@id":"https:\/\/portaltela.pt\/noticias\/2026\/04\/30\/now-assinala-segundo-aniversario-com-conferencia-internacional\/#breadcrumb"},"inLanguage":"pt-PT","potentialAction":[{"@type":"ReadAction","target":["https:\/\/portaltela.pt\/noticias\/2026\/04\/30\/now-assinala-segundo-aniversario-com-conferencia-internacional\/"]}]},{"@type":"ImageObject","inLanguage":"pt-PT","@id":"https:\/\/portaltela.pt\/noticias\/2026\/04\/30\/now-assinala-segundo-aniversario-com-conferencia-internacional\/#primaryimage","url":"https:\/\/portaltela.pt\/s.01k8rhncp4jt1\/2026\/04\/img_1280x722uu2026-04-30-21-52-47-2282139.jpg","contentUrl":"https:\/\/portaltela.pt\/s.01k8rhncp4jt1\/2026\/04\/img_1280x722uu2026-04-30-21-52-47-2282139.jpg","width":796,"height":448,"caption":"Photo"},{"@type":"BreadcrumbList","@id":"https:\/\/portaltela.pt\/noticias\/2026\/04\/30\/now-assinala-segundo-aniversario-com-conferencia-internacional\/#breadcrumb","itemListElement":[{"@type":"ListItem","position":1,"name":"In\u00edcio","item":"https:\/\/portaltela.pt\/"},{"@type":"ListItem","position":2,"name":"NOW assinala segundo anivers\u00e1rio com confer\u00eancia internacional"}]},{"@type":"WebSite","@id":"https:\/\/portaltela.pt\/#website","url":"https:\/\/portaltela.pt\/","name":"Portal Tela Portugal","description":"","potentialAction":[{"@type":"SearchAction","target":{"@type":"EntryPoint","urlTemplate":"https:\/\/portaltela.pt\/?s={search_term_string}"},"query-input":{"@type":"PropertyValueSpecification","valueRequired":true,"valueName":"search_term_string"}}],"inLanguage":"pt-PT"},{"@type":"Person","@id":"https:\/\/portaltela.pt\/#\/schema\/person\/c4278d4a6028830caff9ee44b42d32ed","name":"Telinha","image":{"@type":"ImageObject","inLanguage":"pt-PT","@id":"https:\/\/portaltela.pt\/s.01k8rhncp4jt1\/2025\/11\/talking-bot-125x125.png","url":"https:\/\/portaltela.pt\/s.01k8rhncp4jt1\/2025\/11\/talking-bot-125x125.png","contentUrl":"https:\/\/portaltela.pt\/s.01k8rhncp4jt1\/2025\/11\/talking-bot-125x125.png","caption":"Telinha"},"sameAs":["https:\/\/portaltela.pt\/"],"url":"https:\/\/portaltela.pt\/por\/367410592786\/"}]}},"_links":{"self":[{"href":"https:\/\/portaltela.pt\/api\/wp\/v2\/posts\/463127","targetHints":{"allow":["GET"]}}],"collection":[{"href":"https:\/\/portaltela.pt\/api\/wp\/v2\/posts"}],"about":[{"href":"https:\/\/portaltela.pt\/api\/wp\/v2\/types\/post"}],"author":[{"embeddable":true,"href":"https:\/\/portaltela.pt\/api\/wp\/v2\/users\/2"}],"replies":[{"embeddable":true,"href":"https:\/\/portaltela.pt\/api\/wp\/v2\/comments?post=463127"}],"version-history":[{"count":0,"href":"https:\/\/portaltela.pt\/api\/wp\/v2\/posts\/463127\/revisions"}],"wp:featuredmedia":[{"embeddable":true,"href":"https:\/\/portaltela.pt\/api\/wp\/v2\/media\/463130"}],"wp:attachment":[{"href":"https:\/\/portaltela.pt\/api\/wp\/v2\/media?parent=463127"}],"wp:term":[{"taxonomy":"category","embeddable":true,"href":"https:\/\/portaltela.pt\/api\/wp\/v2\/categories?post=463127"},{"taxonomy":"post_tag","embeddable":true,"href":"https:\/\/portaltela.pt\/api\/wp\/v2\/tags?post=463127"}],"curies":[{"name":"wp","href":"https:\/\/api.w.org\/{rel}","templated":true}]}}