{"id":463126,"date":"2026-04-30T17:38:00","date_gmt":"2026-04-30T20:38:00","guid":{"rendered":"https:\/\/portaltela.pt\/noticias\/2026\/04\/30\/merz-defende-parceria-transatlantica-fiavel-apos-desentendimento-com-trump\/"},"modified":"2026-04-30T17:38:00","modified_gmt":"2026-04-30T20:38:00","slug":"merz-defende-parceria-transatlantica-fiavel-apos-desentendimento-com-trump","status":"publish","type":"post","link":"https:\/\/portaltela.pt\/noticias\/internacional\/2026\/04\/30\/merz-defende-parceria-transatlantica-fiavel-apos-desentendimento-com-trump\/","title":{"rendered":"Merz defende parceria transatl\u00e2ntica fi\u00e1vel ap\u00f3s desentendimento com Trump"},"content":{"rendered":"<p>Merz refor\u00e7a a import\u00e2ncia de uma parceria transatl\u00e2ntica fi\u00e1vel, ap\u00f3s um desentendimento com Donald Trump. O l\u00edder conservador alem\u00e3o destacou a NATO como alicerce da seguran\u00e7a coletiva entre estruturas europeias e norte-americanas.<\/p>\n<p>A declara\u00e7\u00e3o envolve Friedrich Merz, figura proeminente da CDU, e o contexto internacional com a Administra\u00e7\u00e3o de Trump. O objetivo \u00e9 demonstrar consist\u00eancia allied com aliados de longa data.<\/p>\n<p>Segundo fontes pr\u00f3ximas, o discurso sublinha a continuidade dos compromissos dos pa\u00edses da OTAN, independentemente de tens\u00f5es diplom\u00e1ticas pontuais. A \u00eanfase recai na coopera\u00e7\u00e3o estrat\u00e9gica e na estabilidade regional.<\/p>\n<p>A interven\u00e7\u00e3o ocorreu em moldes p\u00fablicos, sem indicar mudan\u00e7as de pol\u00edtica ou de alian\u00e7a. A an\u00e1lise aponta para uma resposta empenhada, destinada a tranquilizar aliados que podem ter d\u00favidas sobre a continuidade do apoio transatl\u00e2ntico.<\/p>\n","protected":false},"excerpt":{"rendered":"<ul>\n<li>Friedrich Merz defendeu a \u201cparceria transatl\u00e2ntica fi\u00e1vel\u201d da NATO ap\u00f3s um desentendimento com Donald Trump.<\/li>\n<li>O foco \u00e9 enfatizar a import\u00e2ncia da alian\u00e7a entre a Europa e os Estados Unidos.<\/li>\n<li>A not\u00edcia completa est\u00e1 dispon\u00edvel apenas para subscritores.<\/li>\n<\/ul>\n","protected":false},"author":2,"featured_media":463131,"comment_status":"closed","ping_status":"closed","sticky":false,"template":"","format":"standard","meta":{"footnotes":""},"categories":[6814,4],"tags":[256,4953,9528,1996,7439],"class_list":["post-463126","post","type-post","status-publish","format-standard","has-post-thumbnail","hentry","category-geopolitica","category-internacional","tag-cooperacao-internacional","tag-donald-trump","tag-otan","tag-parcerias-internacionais","tag-politica-externa"],"yoast_head":"<!-- This site is optimized with the Yoast SEO plugin v27.2 - https:\/\/yoast.com\/product\/yoast-seo-wordpress\/ -->\n<title>Merz defende parceria transatl\u00e2ntica fi\u00e1vel ap\u00f3s desentendimento com Trump - Portal Tela Portugal<\/title>\n<meta name=\"robots\" content=\"index, follow, max-snippet:-1, max-image-preview:large, max-video-preview:-1\" \/>\n<meta property=\"og:locale\" content=\"pt_PT\" \/>\n<meta property=\"og:type\" content=\"article\" \/>\n<meta property=\"og:title\" content=\"Merz defende parceria transatl\u00e2ntica fi\u00e1vel ap\u00f3s desentendimento com Trump - Portal Tela Portugal\" \/>\n<meta property=\"og:description\" content=\"Friedrich Merz defendeu a \u201cparceria transatl\u00e2ntica fi\u00e1vel\u201d da NATO ap\u00f3s um desentendimento com Donald Trump. O foco \u00e9 enfatizar a import\u00e2ncia da alian\u00e7a entre a Europa e os Estados Unidos. A not\u00edcia completa est\u00e1 dispon\u00edvel apenas para subscritores.\" \/>\n<meta property=\"og:url\" content=\"https:\/\/portaltela.pt\/noticias\/2026\/04\/30\/merz-defende-parceria-transatlantica-fiavel-apos-desentendimento-com-trump\/\" \/>\n<meta property=\"og:site_name\" content=\"Portal Tela Portugal\" \/>\n<meta property=\"article:published_time\" content=\"2026-04-30T20:38:00+00:00\" \/>\n<meta name=\"author\" content=\"Telinha\" \/>\n<meta name=\"twitter:card\" content=\"summary_large_image\" \/>\n<meta name=\"twitter:label1\" content=\"Escrito por\" \/>\n\t<meta name=\"twitter:data1\" content=\"Telinha\" \/>\n\t<meta name=\"twitter:label2\" content=\"Tempo estimado de leitura\" \/>\n\t<meta name=\"twitter:data2\" content=\"1 minuto\" \/>\n<script type=\"application\/ld+json\" class=\"yoast-schema-graph\">{\"@context\":\"https:\/\/schema.org\",\"@graph\":[{\"@type\":\"Article\",\"@id\":\"https:\/\/portaltela.pt\/noticias\/2026\/04\/30\/merz-defende-parceria-transatlantica-fiavel-apos-desentendimento-com-trump\/#article\",\"isPartOf\":{\"@id\":\"https:\/\/portaltela.pt\/noticias\/2026\/04\/30\/merz-defende-parceria-transatlantica-fiavel-apos-desentendimento-com-trump\/\"},\"author\":{\"name\":\"Telinha\",\"@id\":\"https:\/\/portaltela.pt\/#\/schema\/person\/c4278d4a6028830caff9ee44b42d32ed\"},\"headline\":\"Merz defende parceria transatl\u00e2ntica fi\u00e1vel ap\u00f3s desentendimento com Trump\",\"datePublished\":\"2026-04-30T20:38:00+00:00\",\"mainEntityOfPage\":{\"@id\":\"https:\/\/portaltela.pt\/noticias\/2026\/04\/30\/merz-defende-parceria-transatlantica-fiavel-apos-desentendimento-com-trump\/\"},\"wordCount\":161,\"image\":{\"@id\":\"https:\/\/portaltela.pt\/noticias\/2026\/04\/30\/merz-defende-parceria-transatlantica-fiavel-apos-desentendimento-com-trump\/#primaryimage\"},\"thumbnailUrl\":\"https:\/\/portaltela.pt\/s.01k8rhncp4jt1\/2026\/04\/CACHE_780X1200_ANALOG_WATERMARKED_47014532_663179937948910.jpg\",\"keywords\":[\"coopera\u00e7\u00e3o internacional\",\"Donald Trump\",\"OTAN\",\"parcerias internacionais\",\"pol\u00edtica externa\"],\"articleSection\":[\"Geopol\u00edtica\",\"Internacional\"],\"inLanguage\":\"pt-PT\"},{\"@type\":\"WebPage\",\"@id\":\"https:\/\/portaltela.pt\/noticias\/2026\/04\/30\/merz-defende-parceria-transatlantica-fiavel-apos-desentendimento-com-trump\/\",\"url\":\"https:\/\/portaltela.pt\/noticias\/2026\/04\/30\/merz-defende-parceria-transatlantica-fiavel-apos-desentendimento-com-trump\/\",\"name\":\"Merz defende parceria transatl\u00e2ntica fi\u00e1vel ap\u00f3s desentendimento com Trump - Portal Tela Portugal\",\"isPartOf\":{\"@id\":\"https:\/\/portaltela.pt\/#website\"},\"primaryImageOfPage\":{\"@id\":\"https:\/\/portaltela.pt\/noticias\/2026\/04\/30\/merz-defende-parceria-transatlantica-fiavel-apos-desentendimento-com-trump\/#primaryimage\"},\"image\":{\"@id\":\"https:\/\/portaltela.pt\/noticias\/2026\/04\/30\/merz-defende-parceria-transatlantica-fiavel-apos-desentendimento-com-trump\/#primaryimage\"},\"thumbnailUrl\":\"https:\/\/portaltela.pt\/s.01k8rhncp4jt1\/2026\/04\/CACHE_780X1200_ANALOG_WATERMARKED_47014532_663179937948910.jpg\",\"datePublished\":\"2026-04-30T20:38:00+00:00\",\"author\":{\"@id\":\"https:\/\/portaltela.pt\/#\/schema\/person\/c4278d4a6028830caff9ee44b42d32ed\"},\"breadcrumb\":{\"@id\":\"https:\/\/portaltela.pt\/noticias\/2026\/04\/30\/merz-defende-parceria-transatlantica-fiavel-apos-desentendimento-com-trump\/#breadcrumb\"},\"inLanguage\":\"pt-PT\",\"potentialAction\":[{\"@type\":\"ReadAction\",\"target\":[\"https:\/\/portaltela.pt\/noticias\/2026\/04\/30\/merz-defende-parceria-transatlantica-fiavel-apos-desentendimento-com-trump\/\"]}]},{\"@type\":\"ImageObject\",\"inLanguage\":\"pt-PT\",\"@id\":\"https:\/\/portaltela.pt\/noticias\/2026\/04\/30\/merz-defende-parceria-transatlantica-fiavel-apos-desentendimento-com-trump\/#primaryimage\",\"url\":\"https:\/\/portaltela.pt\/s.01k8rhncp4jt1\/2026\/04\/CACHE_780X1200_ANALOG_WATERMARKED_47014532_663179937948910.jpg\",\"contentUrl\":\"https:\/\/portaltela.pt\/s.01k8rhncp4jt1\/2026\/04\/CACHE_780X1200_ANALOG_WATERMARKED_47014532_663179937948910.jpg\",\"width\":796,\"height\":448,\"caption\":\"Photo\"},{\"@type\":\"BreadcrumbList\",\"@id\":\"https:\/\/portaltela.pt\/noticias\/2026\/04\/30\/merz-defende-parceria-transatlantica-fiavel-apos-desentendimento-com-trump\/#breadcrumb\",\"itemListElement\":[{\"@type\":\"ListItem\",\"position\":1,\"name\":\"In\u00edcio\",\"item\":\"https:\/\/portaltela.pt\/\"},{\"@type\":\"ListItem\",\"position\":2,\"name\":\"Merz defende parceria transatl\u00e2ntica fi\u00e1vel ap\u00f3s desentendimento com Trump\"}]},{\"@type\":\"WebSite\",\"@id\":\"https:\/\/portaltela.pt\/#website\",\"url\":\"https:\/\/portaltela.pt\/\",\"name\":\"Portal Tela Portugal\",\"description\":\"\",\"potentialAction\":[{\"@type\":\"SearchAction\",\"target\":{\"@type\":\"EntryPoint\",\"urlTemplate\":\"https:\/\/portaltela.pt\/?s={search_term_string}\"},\"query-input\":{\"@type\":\"PropertyValueSpecification\",\"valueRequired\":true,\"valueName\":\"search_term_string\"}}],\"inLanguage\":\"pt-PT\"},{\"@type\":\"Person\",\"@id\":\"https:\/\/portaltela.pt\/#\/schema\/person\/c4278d4a6028830caff9ee44b42d32ed\",\"name\":\"Telinha\",\"image\":{\"@type\":\"ImageObject\",\"inLanguage\":\"pt-PT\",\"@id\":\"https:\/\/portaltela.pt\/s.01k8rhncp4jt1\/2025\/11\/talking-bot-125x125.png\",\"url\":\"https:\/\/portaltela.pt\/s.01k8rhncp4jt1\/2025\/11\/talking-bot-125x125.png\",\"contentUrl\":\"https:\/\/portaltela.pt\/s.01k8rhncp4jt1\/2025\/11\/talking-bot-125x125.png\",\"caption\":\"Telinha\"},\"sameAs\":[\"https:\/\/portaltela.pt\/\"],\"url\":\"https:\/\/portaltela.pt\/por\/367410592786\/\"}]}<\/script>\n<!-- \/ Yoast SEO plugin. -->","yoast_head_json":{"title":"Merz defende parceria transatl\u00e2ntica fi\u00e1vel ap\u00f3s desentendimento com Trump - Portal Tela Portugal","robots":{"index":"index","follow":"follow","max-snippet":"max-snippet:-1","max-image-preview":"max-image-preview:large","max-video-preview":"max-video-preview:-1"},"og_locale":"pt_PT","og_type":"article","og_title":"Merz defende parceria transatl\u00e2ntica fi\u00e1vel ap\u00f3s desentendimento com Trump - Portal Tela Portugal","og_description":"Friedrich Merz defendeu a \u201cparceria transatl\u00e2ntica fi\u00e1vel\u201d da NATO ap\u00f3s um desentendimento com Donald Trump. O foco \u00e9 enfatizar a import\u00e2ncia da alian\u00e7a entre a Europa e os Estados Unidos. A not\u00edcia completa est\u00e1 dispon\u00edvel apenas para subscritores.","og_url":"https:\/\/portaltela.pt\/noticias\/2026\/04\/30\/merz-defende-parceria-transatlantica-fiavel-apos-desentendimento-com-trump\/","og_site_name":"Portal Tela Portugal","article_published_time":"2026-04-30T20:38:00+00:00","author":"Telinha","twitter_card":"summary_large_image","twitter_misc":{"Escrito por":"Telinha","Tempo estimado de leitura":"1 minuto"},"schema":{"@context":"https:\/\/schema.org","@graph":[{"@type":"Article","@id":"https:\/\/portaltela.pt\/noticias\/2026\/04\/30\/merz-defende-parceria-transatlantica-fiavel-apos-desentendimento-com-trump\/#article","isPartOf":{"@id":"https:\/\/portaltela.pt\/noticias\/2026\/04\/30\/merz-defende-parceria-transatlantica-fiavel-apos-desentendimento-com-trump\/"},"author":{"name":"Telinha","@id":"https:\/\/portaltela.pt\/#\/schema\/person\/c4278d4a6028830caff9ee44b42d32ed"},"headline":"Merz defende parceria transatl\u00e2ntica fi\u00e1vel ap\u00f3s desentendimento com Trump","datePublished":"2026-04-30T20:38:00+00:00","mainEntityOfPage":{"@id":"https:\/\/portaltela.pt\/noticias\/2026\/04\/30\/merz-defende-parceria-transatlantica-fiavel-apos-desentendimento-com-trump\/"},"wordCount":161,"image":{"@id":"https:\/\/portaltela.pt\/noticias\/2026\/04\/30\/merz-defende-parceria-transatlantica-fiavel-apos-desentendimento-com-trump\/#primaryimage"},"thumbnailUrl":"https:\/\/portaltela.pt\/s.01k8rhncp4jt1\/2026\/04\/CACHE_780X1200_ANALOG_WATERMARKED_47014532_663179937948910.jpg","keywords":["coopera\u00e7\u00e3o internacional","Donald Trump","OTAN","parcerias internacionais","pol\u00edtica externa"],"articleSection":["Geopol\u00edtica","Internacional"],"inLanguage":"pt-PT"},{"@type":"WebPage","@id":"https:\/\/portaltela.pt\/noticias\/2026\/04\/30\/merz-defende-parceria-transatlantica-fiavel-apos-desentendimento-com-trump\/","url":"https:\/\/portaltela.pt\/noticias\/2026\/04\/30\/merz-defende-parceria-transatlantica-fiavel-apos-desentendimento-com-trump\/","name":"Merz defende parceria transatl\u00e2ntica fi\u00e1vel ap\u00f3s desentendimento com Trump - Portal Tela Portugal","isPartOf":{"@id":"https:\/\/portaltela.pt\/#website"},"primaryImageOfPage":{"@id":"https:\/\/portaltela.pt\/noticias\/2026\/04\/30\/merz-defende-parceria-transatlantica-fiavel-apos-desentendimento-com-trump\/#primaryimage"},"image":{"@id":"https:\/\/portaltela.pt\/noticias\/2026\/04\/30\/merz-defende-parceria-transatlantica-fiavel-apos-desentendimento-com-trump\/#primaryimage"},"thumbnailUrl":"https:\/\/portaltela.pt\/s.01k8rhncp4jt1\/2026\/04\/CACHE_780X1200_ANALOG_WATERMARKED_47014532_663179937948910.jpg","datePublished":"2026-04-30T20:38:00+00:00","author":{"@id":"https:\/\/portaltela.pt\/#\/schema\/person\/c4278d4a6028830caff9ee44b42d32ed"},"breadcrumb":{"@id":"https:\/\/portaltela.pt\/noticias\/2026\/04\/30\/merz-defende-parceria-transatlantica-fiavel-apos-desentendimento-com-trump\/#breadcrumb"},"inLanguage":"pt-PT","potentialAction":[{"@type":"ReadAction","target":["https:\/\/portaltela.pt\/noticias\/2026\/04\/30\/merz-defende-parceria-transatlantica-fiavel-apos-desentendimento-com-trump\/"]}]},{"@type":"ImageObject","inLanguage":"pt-PT","@id":"https:\/\/portaltela.pt\/noticias\/2026\/04\/30\/merz-defende-parceria-transatlantica-fiavel-apos-desentendimento-com-trump\/#primaryimage","url":"https:\/\/portaltela.pt\/s.01k8rhncp4jt1\/2026\/04\/CACHE_780X1200_ANALOG_WATERMARKED_47014532_663179937948910.jpg","contentUrl":"https:\/\/portaltela.pt\/s.01k8rhncp4jt1\/2026\/04\/CACHE_780X1200_ANALOG_WATERMARKED_47014532_663179937948910.jpg","width":796,"height":448,"caption":"Photo"},{"@type":"BreadcrumbList","@id":"https:\/\/portaltela.pt\/noticias\/2026\/04\/30\/merz-defende-parceria-transatlantica-fiavel-apos-desentendimento-com-trump\/#breadcrumb","itemListElement":[{"@type":"ListItem","position":1,"name":"In\u00edcio","item":"https:\/\/portaltela.pt\/"},{"@type":"ListItem","position":2,"name":"Merz defende parceria transatl\u00e2ntica fi\u00e1vel ap\u00f3s desentendimento com Trump"}]},{"@type":"WebSite","@id":"https:\/\/portaltela.pt\/#website","url":"https:\/\/portaltela.pt\/","name":"Portal Tela Portugal","description":"","potentialAction":[{"@type":"SearchAction","target":{"@type":"EntryPoint","urlTemplate":"https:\/\/portaltela.pt\/?s={search_term_string}"},"query-input":{"@type":"PropertyValueSpecification","valueRequired":true,"valueName":"search_term_string"}}],"inLanguage":"pt-PT"},{"@type":"Person","@id":"https:\/\/portaltela.pt\/#\/schema\/person\/c4278d4a6028830caff9ee44b42d32ed","name":"Telinha","image":{"@type":"ImageObject","inLanguage":"pt-PT","@id":"https:\/\/portaltela.pt\/s.01k8rhncp4jt1\/2025\/11\/talking-bot-125x125.png","url":"https:\/\/portaltela.pt\/s.01k8rhncp4jt1\/2025\/11\/talking-bot-125x125.png","contentUrl":"https:\/\/portaltela.pt\/s.01k8rhncp4jt1\/2025\/11\/talking-bot-125x125.png","caption":"Telinha"},"sameAs":["https:\/\/portaltela.pt\/"],"url":"https:\/\/portaltela.pt\/por\/367410592786\/"}]}},"_links":{"self":[{"href":"https:\/\/portaltela.pt\/api\/wp\/v2\/posts\/463126","targetHints":{"allow":["GET"]}}],"collection":[{"href":"https:\/\/portaltela.pt\/api\/wp\/v2\/posts"}],"about":[{"href":"https:\/\/portaltela.pt\/api\/wp\/v2\/types\/post"}],"author":[{"embeddable":true,"href":"https:\/\/portaltela.pt\/api\/wp\/v2\/users\/2"}],"replies":[{"embeddable":true,"href":"https:\/\/portaltela.pt\/api\/wp\/v2\/comments?post=463126"}],"version-history":[{"count":0,"href":"https:\/\/portaltela.pt\/api\/wp\/v2\/posts\/463126\/revisions"}],"wp:featuredmedia":[{"embeddable":true,"href":"https:\/\/portaltela.pt\/api\/wp\/v2\/media\/463131"}],"wp:attachment":[{"href":"https:\/\/portaltela.pt\/api\/wp\/v2\/media?parent=463126"}],"wp:term":[{"taxonomy":"category","embeddable":true,"href":"https:\/\/portaltela.pt\/api\/wp\/v2\/categories?post=463126"},{"taxonomy":"post_tag","embeddable":true,"href":"https:\/\/portaltela.pt\/api\/wp\/v2\/tags?post=463126"}],"curies":[{"name":"wp","href":"https:\/\/api.w.org\/{rel}","templated":true}]}}