{"id":463112,"date":"2026-04-30T17:33:22","date_gmt":"2026-04-30T20:33:22","guid":{"rendered":"https:\/\/portaltela.pt\/noticias\/2026\/04\/30\/afonso-assis-mira-sequencia-inedita\/"},"modified":"2026-04-30T17:33:22","modified_gmt":"2026-04-30T20:33:22","slug":"afonso-assis-mira-sequencia-inedita","status":"publish","type":"post","link":"https:\/\/portaltela.pt\/desporto\/futebol\/2026\/04\/30\/afonso-assis-mira-sequencia-inedita\/","title":{"rendered":"Afonso Assis mira sequ\u00eancia in\u00e9dita"},"content":{"rendered":"<p>Afonso Assis foi substitu\u00eddo ao intervalo do duelo frente ao Benfica, ap\u00f3s ter recebido cart\u00e3o amarelo. A altera\u00e7\u00e3o foi explicada por Vasco Botelho da Costa como medida t\u00e1tica no intervalo. O objetivo \u00e9 manter a equipa est\u00e1vel at\u00e9 ao pr\u00f3ximo desafio.<\/p>\n<p>O m\u00e9dio vimaranense tem sido uma op\u00e7\u00e3o titular nos dois jogos anteriores. Se voltar a pisar o relvado na linha inicial, soma a terceira presen\u00e7a consecutiva no onze, marca antiga para o avan\u00e7ar na \u00e9poca.<\/p>\n<p>A rece\u00e7\u00e3o ao Estrela da Amadora, marcada para este s\u00e1bado, poder\u00e1 definir mais uma oportunidade de estreia\/segundo in\u00edcio para o jovem atleta, que procura consolidar a sua posi\u00e7\u00e3o no plantel s\u00e9nior.<\/p>\n<h3>Desempenho e perspetivas<\/h3>\n<p>Assis destaca-se pela consist\u00eancia em campo e pela leitura de jogo, caracter\u00edsticas que a equipa t\u00e9cnica acompanha de perto.<\/p>\n<h3>Objetivo da temporada<\/h3>\n<p>Mantendo a titularidade, o jogador mira a continuidade como pe\u00e7a-chave no meio-campo.<\/p>\n","protected":false},"excerpt":{"rendered":"<ul>\n<li>Afonso Assis pode manter a titularidade pelo terceiro jogo consecutivo na rece\u00e7\u00e3o ao Estrela da Amadora.<\/li>\n<li>Foi substitu\u00eddo ao intervalo do jogo com o Benfica, ap\u00f3s ter visto cart\u00e3o amarelo, raz\u00e3o descrita por Vasco Botelho da Costa.<\/li>\n<li>O m\u00e9dio vimaranense tem sido titular nos dois \u00faltimos encontros.<\/li>\n<li>Se voltar a come\u00e7ar, ficar\u00e1 com a terceira presen\u00e7a consecutiva no onze.<\/li>\n<li>Isso ainda n\u00e3o ocorreu desde a entrada no patamar s\u00e9nior.<\/li>\n<\/ul>\n","protected":false},"author":2,"featured_media":463115,"comment_status":"closed","ping_status":"closed","sticky":false,"template":"","format":"standard","meta":{"footnotes":""},"categories":[21,24],"tags":[4143,1946,1489,32,1145],"class_list":["post-463112","post","type-post","status-publish","format-standard","has-post-thumbnail","hentry","category-desporto","category-futebol","tag-1-liga","tag-benfica","tag-estrela-da-amadora","tag-futebol","tag-guimaraes"],"yoast_head":"<!-- This site is optimized with the Yoast SEO plugin v27.2 - https:\/\/yoast.com\/product\/yoast-seo-wordpress\/ -->\n<title>Afonso Assis mira sequ\u00eancia in\u00e9dita - Portal Tela Portugal<\/title>\n<meta name=\"robots\" content=\"index, follow, max-snippet:-1, max-image-preview:large, max-video-preview:-1\" \/>\n<meta property=\"og:locale\" content=\"pt_PT\" \/>\n<meta property=\"og:type\" content=\"article\" \/>\n<meta property=\"og:title\" content=\"Afonso Assis mira sequ\u00eancia in\u00e9dita - Portal Tela Portugal\" \/>\n<meta property=\"og:description\" content=\"Afonso Assis pode manter a titularidade pelo terceiro jogo consecutivo na rece\u00e7\u00e3o ao Estrela da Amadora. Foi substitu\u00eddo ao intervalo do jogo com o Benfica, ap\u00f3s ter visto cart\u00e3o amarelo, raz\u00e3o descrita por Vasco Botelho da Costa. O m\u00e9dio vimaranense tem sido titular nos dois \u00faltimos encontros. Se voltar a come\u00e7ar, ficar\u00e1 com a terceira presen\u00e7a consecutiva no onze. Isso ainda n\u00e3o ocorreu desde a entrada no patamar s\u00e9nior.\" \/>\n<meta property=\"og:url\" content=\"https:\/\/portaltela.pt\/noticias\/2026\/04\/30\/afonso-assis-mira-sequencia-inedita\/\" \/>\n<meta property=\"og:site_name\" content=\"Portal Tela Portugal\" \/>\n<meta property=\"article:published_time\" content=\"2026-04-30T20:33:22+00:00\" \/>\n<meta name=\"author\" content=\"Telinha\" \/>\n<meta name=\"twitter:card\" content=\"summary_large_image\" \/>\n<meta name=\"twitter:label1\" content=\"Escrito por\" \/>\n\t<meta name=\"twitter:data1\" content=\"Telinha\" \/>\n\t<meta name=\"twitter:label2\" content=\"Tempo estimado de leitura\" \/>\n\t<meta name=\"twitter:data2\" content=\"1 minuto\" \/>\n<script type=\"application\/ld+json\" class=\"yoast-schema-graph\">{\"@context\":\"https:\/\/schema.org\",\"@graph\":[{\"@type\":\"Article\",\"@id\":\"https:\/\/portaltela.pt\/noticias\/2026\/04\/30\/afonso-assis-mira-sequencia-inedita\/#article\",\"isPartOf\":{\"@id\":\"https:\/\/portaltela.pt\/noticias\/2026\/04\/30\/afonso-assis-mira-sequencia-inedita\/\"},\"author\":{\"name\":\"Telinha\",\"@id\":\"https:\/\/portaltela.pt\/#\/schema\/person\/c4278d4a6028830caff9ee44b42d32ed\"},\"headline\":\"Afonso Assis mira sequ\u00eancia in\u00e9dita\",\"datePublished\":\"2026-04-30T20:33:22+00:00\",\"mainEntityOfPage\":{\"@id\":\"https:\/\/portaltela.pt\/noticias\/2026\/04\/30\/afonso-assis-mira-sequencia-inedita\/\"},\"wordCount\":171,\"image\":{\"@id\":\"https:\/\/portaltela.pt\/noticias\/2026\/04\/30\/afonso-assis-mira-sequencia-inedita\/#primaryimage\"},\"thumbnailUrl\":\"https:\/\/portaltela.pt\/s.01k8rhncp4jt1\/2026\/04\/img_920x518uu2026-04-30-16-29-06-2436113-im-639131633625964515.jpg\",\"keywords\":[\"1. Liga\",\"Benfica\",\"Estrela da Amadora\",\"futebol\",\"Guimar\u00e3es\"],\"articleSection\":[\"Desporto\",\"Futebol\"],\"inLanguage\":\"pt-PT\"},{\"@type\":\"WebPage\",\"@id\":\"https:\/\/portaltela.pt\/noticias\/2026\/04\/30\/afonso-assis-mira-sequencia-inedita\/\",\"url\":\"https:\/\/portaltela.pt\/noticias\/2026\/04\/30\/afonso-assis-mira-sequencia-inedita\/\",\"name\":\"Afonso Assis mira sequ\u00eancia in\u00e9dita - Portal Tela Portugal\",\"isPartOf\":{\"@id\":\"https:\/\/portaltela.pt\/#website\"},\"primaryImageOfPage\":{\"@id\":\"https:\/\/portaltela.pt\/noticias\/2026\/04\/30\/afonso-assis-mira-sequencia-inedita\/#primaryimage\"},\"image\":{\"@id\":\"https:\/\/portaltela.pt\/noticias\/2026\/04\/30\/afonso-assis-mira-sequencia-inedita\/#primaryimage\"},\"thumbnailUrl\":\"https:\/\/portaltela.pt\/s.01k8rhncp4jt1\/2026\/04\/img_920x518uu2026-04-30-16-29-06-2436113-im-639131633625964515.jpg\",\"datePublished\":\"2026-04-30T20:33:22+00:00\",\"author\":{\"@id\":\"https:\/\/portaltela.pt\/#\/schema\/person\/c4278d4a6028830caff9ee44b42d32ed\"},\"breadcrumb\":{\"@id\":\"https:\/\/portaltela.pt\/noticias\/2026\/04\/30\/afonso-assis-mira-sequencia-inedita\/#breadcrumb\"},\"inLanguage\":\"pt-PT\",\"potentialAction\":[{\"@type\":\"ReadAction\",\"target\":[\"https:\/\/portaltela.pt\/noticias\/2026\/04\/30\/afonso-assis-mira-sequencia-inedita\/\"]}]},{\"@type\":\"ImageObject\",\"inLanguage\":\"pt-PT\",\"@id\":\"https:\/\/portaltela.pt\/noticias\/2026\/04\/30\/afonso-assis-mira-sequencia-inedita\/#primaryimage\",\"url\":\"https:\/\/portaltela.pt\/s.01k8rhncp4jt1\/2026\/04\/img_920x518uu2026-04-30-16-29-06-2436113-im-639131633625964515.jpg\",\"contentUrl\":\"https:\/\/portaltela.pt\/s.01k8rhncp4jt1\/2026\/04\/img_920x518uu2026-04-30-16-29-06-2436113-im-639131633625964515.jpg\",\"width\":920,\"height\":518,\"caption\":\"Afonso Assis afirma-se no Moreirense\"},{\"@type\":\"BreadcrumbList\",\"@id\":\"https:\/\/portaltela.pt\/noticias\/2026\/04\/30\/afonso-assis-mira-sequencia-inedita\/#breadcrumb\",\"itemListElement\":[{\"@type\":\"ListItem\",\"position\":1,\"name\":\"In\u00edcio\",\"item\":\"https:\/\/portaltela.pt\/\"},{\"@type\":\"ListItem\",\"position\":2,\"name\":\"Afonso Assis mira sequ\u00eancia in\u00e9dita\"}]},{\"@type\":\"WebSite\",\"@id\":\"https:\/\/portaltela.pt\/#website\",\"url\":\"https:\/\/portaltela.pt\/\",\"name\":\"Portal Tela Portugal\",\"description\":\"\",\"potentialAction\":[{\"@type\":\"SearchAction\",\"target\":{\"@type\":\"EntryPoint\",\"urlTemplate\":\"https:\/\/portaltela.pt\/?s={search_term_string}\"},\"query-input\":{\"@type\":\"PropertyValueSpecification\",\"valueRequired\":true,\"valueName\":\"search_term_string\"}}],\"inLanguage\":\"pt-PT\"},{\"@type\":\"Person\",\"@id\":\"https:\/\/portaltela.pt\/#\/schema\/person\/c4278d4a6028830caff9ee44b42d32ed\",\"name\":\"Telinha\",\"image\":{\"@type\":\"ImageObject\",\"inLanguage\":\"pt-PT\",\"@id\":\"https:\/\/portaltela.pt\/s.01k8rhncp4jt1\/2025\/11\/talking-bot-125x125.png\",\"url\":\"https:\/\/portaltela.pt\/s.01k8rhncp4jt1\/2025\/11\/talking-bot-125x125.png\",\"contentUrl\":\"https:\/\/portaltela.pt\/s.01k8rhncp4jt1\/2025\/11\/talking-bot-125x125.png\",\"caption\":\"Telinha\"},\"sameAs\":[\"https:\/\/portaltela.pt\/\"],\"url\":\"https:\/\/portaltela.pt\/por\/367410592786\/\"}]}<\/script>\n<!-- \/ Yoast SEO plugin. -->","yoast_head_json":{"title":"Afonso Assis mira sequ\u00eancia in\u00e9dita - Portal Tela Portugal","robots":{"index":"index","follow":"follow","max-snippet":"max-snippet:-1","max-image-preview":"max-image-preview:large","max-video-preview":"max-video-preview:-1"},"og_locale":"pt_PT","og_type":"article","og_title":"Afonso Assis mira sequ\u00eancia in\u00e9dita - Portal Tela Portugal","og_description":"Afonso Assis pode manter a titularidade pelo terceiro jogo consecutivo na rece\u00e7\u00e3o ao Estrela da Amadora. Foi substitu\u00eddo ao intervalo do jogo com o Benfica, ap\u00f3s ter visto cart\u00e3o amarelo, raz\u00e3o descrita por Vasco Botelho da Costa. O m\u00e9dio vimaranense tem sido titular nos dois \u00faltimos encontros. Se voltar a come\u00e7ar, ficar\u00e1 com a terceira presen\u00e7a consecutiva no onze. Isso ainda n\u00e3o ocorreu desde a entrada no patamar s\u00e9nior.","og_url":"https:\/\/portaltela.pt\/noticias\/2026\/04\/30\/afonso-assis-mira-sequencia-inedita\/","og_site_name":"Portal Tela Portugal","article_published_time":"2026-04-30T20:33:22+00:00","author":"Telinha","twitter_card":"summary_large_image","twitter_misc":{"Escrito por":"Telinha","Tempo estimado de leitura":"1 minuto"},"schema":{"@context":"https:\/\/schema.org","@graph":[{"@type":"Article","@id":"https:\/\/portaltela.pt\/noticias\/2026\/04\/30\/afonso-assis-mira-sequencia-inedita\/#article","isPartOf":{"@id":"https:\/\/portaltela.pt\/noticias\/2026\/04\/30\/afonso-assis-mira-sequencia-inedita\/"},"author":{"name":"Telinha","@id":"https:\/\/portaltela.pt\/#\/schema\/person\/c4278d4a6028830caff9ee44b42d32ed"},"headline":"Afonso Assis mira sequ\u00eancia in\u00e9dita","datePublished":"2026-04-30T20:33:22+00:00","mainEntityOfPage":{"@id":"https:\/\/portaltela.pt\/noticias\/2026\/04\/30\/afonso-assis-mira-sequencia-inedita\/"},"wordCount":171,"image":{"@id":"https:\/\/portaltela.pt\/noticias\/2026\/04\/30\/afonso-assis-mira-sequencia-inedita\/#primaryimage"},"thumbnailUrl":"https:\/\/portaltela.pt\/s.01k8rhncp4jt1\/2026\/04\/img_920x518uu2026-04-30-16-29-06-2436113-im-639131633625964515.jpg","keywords":["1. Liga","Benfica","Estrela da Amadora","futebol","Guimar\u00e3es"],"articleSection":["Desporto","Futebol"],"inLanguage":"pt-PT"},{"@type":"WebPage","@id":"https:\/\/portaltela.pt\/noticias\/2026\/04\/30\/afonso-assis-mira-sequencia-inedita\/","url":"https:\/\/portaltela.pt\/noticias\/2026\/04\/30\/afonso-assis-mira-sequencia-inedita\/","name":"Afonso Assis mira sequ\u00eancia in\u00e9dita - Portal Tela Portugal","isPartOf":{"@id":"https:\/\/portaltela.pt\/#website"},"primaryImageOfPage":{"@id":"https:\/\/portaltela.pt\/noticias\/2026\/04\/30\/afonso-assis-mira-sequencia-inedita\/#primaryimage"},"image":{"@id":"https:\/\/portaltela.pt\/noticias\/2026\/04\/30\/afonso-assis-mira-sequencia-inedita\/#primaryimage"},"thumbnailUrl":"https:\/\/portaltela.pt\/s.01k8rhncp4jt1\/2026\/04\/img_920x518uu2026-04-30-16-29-06-2436113-im-639131633625964515.jpg","datePublished":"2026-04-30T20:33:22+00:00","author":{"@id":"https:\/\/portaltela.pt\/#\/schema\/person\/c4278d4a6028830caff9ee44b42d32ed"},"breadcrumb":{"@id":"https:\/\/portaltela.pt\/noticias\/2026\/04\/30\/afonso-assis-mira-sequencia-inedita\/#breadcrumb"},"inLanguage":"pt-PT","potentialAction":[{"@type":"ReadAction","target":["https:\/\/portaltela.pt\/noticias\/2026\/04\/30\/afonso-assis-mira-sequencia-inedita\/"]}]},{"@type":"ImageObject","inLanguage":"pt-PT","@id":"https:\/\/portaltela.pt\/noticias\/2026\/04\/30\/afonso-assis-mira-sequencia-inedita\/#primaryimage","url":"https:\/\/portaltela.pt\/s.01k8rhncp4jt1\/2026\/04\/img_920x518uu2026-04-30-16-29-06-2436113-im-639131633625964515.jpg","contentUrl":"https:\/\/portaltela.pt\/s.01k8rhncp4jt1\/2026\/04\/img_920x518uu2026-04-30-16-29-06-2436113-im-639131633625964515.jpg","width":920,"height":518,"caption":"Afonso Assis afirma-se no Moreirense"},{"@type":"BreadcrumbList","@id":"https:\/\/portaltela.pt\/noticias\/2026\/04\/30\/afonso-assis-mira-sequencia-inedita\/#breadcrumb","itemListElement":[{"@type":"ListItem","position":1,"name":"In\u00edcio","item":"https:\/\/portaltela.pt\/"},{"@type":"ListItem","position":2,"name":"Afonso Assis mira sequ\u00eancia in\u00e9dita"}]},{"@type":"WebSite","@id":"https:\/\/portaltela.pt\/#website","url":"https:\/\/portaltela.pt\/","name":"Portal Tela Portugal","description":"","potentialAction":[{"@type":"SearchAction","target":{"@type":"EntryPoint","urlTemplate":"https:\/\/portaltela.pt\/?s={search_term_string}"},"query-input":{"@type":"PropertyValueSpecification","valueRequired":true,"valueName":"search_term_string"}}],"inLanguage":"pt-PT"},{"@type":"Person","@id":"https:\/\/portaltela.pt\/#\/schema\/person\/c4278d4a6028830caff9ee44b42d32ed","name":"Telinha","image":{"@type":"ImageObject","inLanguage":"pt-PT","@id":"https:\/\/portaltela.pt\/s.01k8rhncp4jt1\/2025\/11\/talking-bot-125x125.png","url":"https:\/\/portaltela.pt\/s.01k8rhncp4jt1\/2025\/11\/talking-bot-125x125.png","contentUrl":"https:\/\/portaltela.pt\/s.01k8rhncp4jt1\/2025\/11\/talking-bot-125x125.png","caption":"Telinha"},"sameAs":["https:\/\/portaltela.pt\/"],"url":"https:\/\/portaltela.pt\/por\/367410592786\/"}]}},"_links":{"self":[{"href":"https:\/\/portaltela.pt\/api\/wp\/v2\/posts\/463112","targetHints":{"allow":["GET"]}}],"collection":[{"href":"https:\/\/portaltela.pt\/api\/wp\/v2\/posts"}],"about":[{"href":"https:\/\/portaltela.pt\/api\/wp\/v2\/types\/post"}],"author":[{"embeddable":true,"href":"https:\/\/portaltela.pt\/api\/wp\/v2\/users\/2"}],"replies":[{"embeddable":true,"href":"https:\/\/portaltela.pt\/api\/wp\/v2\/comments?post=463112"}],"version-history":[{"count":0,"href":"https:\/\/portaltela.pt\/api\/wp\/v2\/posts\/463112\/revisions"}],"wp:featuredmedia":[{"embeddable":true,"href":"https:\/\/portaltela.pt\/api\/wp\/v2\/media\/463115"}],"wp:attachment":[{"href":"https:\/\/portaltela.pt\/api\/wp\/v2\/media?parent=463112"}],"wp:term":[{"taxonomy":"category","embeddable":true,"href":"https:\/\/portaltela.pt\/api\/wp\/v2\/categories?post=463112"},{"taxonomy":"post_tag","embeddable":true,"href":"https:\/\/portaltela.pt\/api\/wp\/v2\/tags?post=463112"}],"curies":[{"name":"wp","href":"https:\/\/api.w.org\/{rel}","templated":true}]}}