{"id":463098,"date":"2026-04-30T17:18:20","date_gmt":"2026-04-30T20:18:20","guid":{"rendered":"https:\/\/portaltela.pt\/noticias\/2026\/04\/30\/bancario-confirma-oferta-de-60-mil-euros-por-negocio-com-ex-juiz-e-aldi\/"},"modified":"2026-04-30T17:18:20","modified_gmt":"2026-04-30T20:18:20","slug":"bancario-confirma-oferta-de-60-mil-euros-por-negocio-com-ex-juiz-e-aldi","status":"publish","type":"post","link":"https:\/\/portaltela.pt\/noticias\/2026\/04\/30\/bancario-confirma-oferta-de-60-mil-euros-por-negocio-com-ex-juiz-e-aldi\/","title":{"rendered":"Banc\u00e1rio confirma oferta de 60 mil euros por neg\u00f3cio com ex-juiz e Aldi"},"content":{"rendered":"<p>Foi relatado que um banc\u00e1rio e um ex-diretor da Aldi apresentaram uma oferta de 60 mil euros para facilitar um neg\u00f3cio imobili\u00e1rio em Valongo. O dinheiro, por\u00e9m, nunca chegou a ser entregue.<\/p>\n<p>O caso envolve o ex-juiz H\u00e9lder Claro, de 58 anos, acusado de corrup\u00e7\u00e3o, aux\u00edlio e angaria\u00e7\u00e3o de imigra\u00e7\u00e3o ilegal, bem como associa\u00e7\u00e3o criminosa. Claro nega ter cometido crimes.<\/p>\n<p>A not\u00edcia foi comunicada \u00e0 imprensa na manh\u00e3 de quinta-feira, junto ao Tribunal de S\u00e3o Jo\u00e3o Novo, no Porto. Claro afirmou que ir\u00e1 prestar declara\u00e7\u00f5es, mas apenas ap\u00f3s o testemunho dos inspetores da Pol\u00edcia Judici\u00e1ria.<\/p>\n<p>Segundo as informa\u00e7\u00f5es, o banc\u00e1rio e o ex-diretor da Aldi confirmaram a exist\u00eancia da oferta de 60 mil euros para o neg\u00f3cio imobili\u00e1rio em Valongo. O montante n\u00e3o chegou a ser pago.<\/p>\n","protected":false},"excerpt":{"rendered":"<ul>\n<li>Um banc\u00e1rio e um ex-diretor da Aldi confirmaram uma oferta de 60 mil euros por um neg\u00f3cio imobili\u00e1rio em Valongo, envolvendo o ex-juiz H\u00e9lder Claro.<\/li>\n<li>O dinheiro nunca apareceu; o banc\u00e1rio afirmou ter sido enganado, dizendo ter levado \u201ctanga\u201d.<\/li>\n<li>H\u00e9lder Claro, de 58 anos, negou qualquer crime e garantiu n\u00e3o ter cometido infra\u00e7\u00f5es.<\/li>\n<li>O ex-juiz falou \u00e0 porta do Tribunal de S\u00e3o Jo\u00e3o Novo, no Porto, e disse que vai depor apenas ap\u00f3s o testemunho dos inspetores da Pol\u00edcia Judici\u00e1ria.<\/li>\n<li>O caso est\u00e1 ligado a acusa\u00e7\u00f5es de corrup\u00e7\u00e3o, aux\u00edlio e angaria\u00e7\u00e3o de imigra\u00e7\u00e3o ilegal e associa\u00e7\u00e3o criminosa.<\/li>\n<\/ul>\n","protected":false},"author":2,"featured_media":463100,"comment_status":"closed","ping_status":"closed","sticky":false,"template":"","format":"standard","meta":{"footnotes":""},"categories":[6815,1],"tags":[8377,8416,8052,7909,7985,8172],"class_list":["post-463098","post","type-post","status-publish","format-standard","has-post-thumbnail","hentry","category-justica","category-noticias","tag-_associacao-criminosa","tag-_bancos","tag-_corrupcao","tag-_imigracao","tag-_organizacao-criminosa","tag-_valongo"],"yoast_head":"<!-- This site is optimized with the Yoast SEO plugin v27.2 - https:\/\/yoast.com\/product\/yoast-seo-wordpress\/ -->\n<title>Banc\u00e1rio confirma oferta de 60 mil euros por neg\u00f3cio com ex-juiz e Aldi - Portal Tela Portugal<\/title>\n<meta name=\"robots\" content=\"index, follow, max-snippet:-1, max-image-preview:large, max-video-preview:-1\" \/>\n<meta property=\"og:locale\" content=\"pt_PT\" \/>\n<meta property=\"og:type\" content=\"article\" \/>\n<meta property=\"og:title\" content=\"Banc\u00e1rio confirma oferta de 60 mil euros por neg\u00f3cio com ex-juiz e Aldi - Portal Tela Portugal\" \/>\n<meta property=\"og:description\" content=\"Um banc\u00e1rio e um ex-diretor da Aldi confirmaram uma oferta de 60 mil euros por um neg\u00f3cio imobili\u00e1rio em Valongo, envolvendo o ex-juiz H\u00e9lder Claro. O dinheiro nunca apareceu; o banc\u00e1rio afirmou ter sido enganado, dizendo ter levado \u201ctanga\u201d. H\u00e9lder Claro, de 58 anos, negou qualquer crime e garantiu n\u00e3o ter cometido infra\u00e7\u00f5es. O ex-juiz falou \u00e0 porta do Tribunal de S\u00e3o Jo\u00e3o Novo, no Porto, e disse que vai depor apenas ap\u00f3s o testemunho dos inspetores da Pol\u00edcia Judici\u00e1ria. O caso est\u00e1 ligado a acusa\u00e7\u00f5es de corrup\u00e7\u00e3o, aux\u00edlio e angaria\u00e7\u00e3o de imigra\u00e7\u00e3o ilegal e associa\u00e7\u00e3o criminosa.\" \/>\n<meta property=\"og:url\" content=\"https:\/\/portaltela.pt\/noticias\/2026\/04\/30\/bancario-confirma-oferta-de-60-mil-euros-por-negocio-com-ex-juiz-e-aldi\/\" \/>\n<meta property=\"og:site_name\" content=\"Portal Tela Portugal\" \/>\n<meta property=\"article:published_time\" content=\"2026-04-30T20:18:20+00:00\" \/>\n<meta name=\"author\" content=\"Telinha\" \/>\n<meta name=\"twitter:card\" content=\"summary_large_image\" \/>\n<meta name=\"twitter:label1\" content=\"Escrito por\" \/>\n\t<meta name=\"twitter:data1\" content=\"Telinha\" \/>\n\t<meta name=\"twitter:label2\" content=\"Tempo estimado de leitura\" \/>\n\t<meta name=\"twitter:data2\" content=\"1 minuto\" \/>\n<script type=\"application\/ld+json\" class=\"yoast-schema-graph\">{\"@context\":\"https:\/\/schema.org\",\"@graph\":[{\"@type\":\"Article\",\"@id\":\"https:\/\/portaltela.pt\/noticias\/2026\/04\/30\/bancario-confirma-oferta-de-60-mil-euros-por-negocio-com-ex-juiz-e-aldi\/#article\",\"isPartOf\":{\"@id\":\"https:\/\/portaltela.pt\/noticias\/2026\/04\/30\/bancario-confirma-oferta-de-60-mil-euros-por-negocio-com-ex-juiz-e-aldi\/\"},\"author\":{\"name\":\"Telinha\",\"@id\":\"https:\/\/portaltela.pt\/#\/schema\/person\/c4278d4a6028830caff9ee44b42d32ed\"},\"headline\":\"Banc\u00e1rio confirma oferta de 60 mil euros por neg\u00f3cio com ex-juiz e Aldi\",\"datePublished\":\"2026-04-30T20:18:20+00:00\",\"mainEntityOfPage\":{\"@id\":\"https:\/\/portaltela.pt\/noticias\/2026\/04\/30\/bancario-confirma-oferta-de-60-mil-euros-por-negocio-com-ex-juiz-e-aldi\/\"},\"wordCount\":160,\"image\":{\"@id\":\"https:\/\/portaltela.pt\/noticias\/2026\/04\/30\/bancario-confirma-oferta-de-60-mil-euros-por-negocio-com-ex-juiz-e-aldi\/#primaryimage\"},\"thumbnailUrl\":\"https:\/\/portaltela.pt\/s.01k8rhncp4jt1\/2026\/04\/image-117.webp\",\"keywords\":[\"_associa\u00e7\u00e3o criminosa\",\"_bancos\",\"_corrup\u00e7\u00e3o\",\"_imigra\u00e7\u00e3o\",\"_organiza\u00e7\u00e3o criminosa\",\"_Valongo\"],\"articleSection\":[\"Justi\u00e7a\",\"Not\u00edcias\"],\"inLanguage\":\"pt-PT\"},{\"@type\":\"WebPage\",\"@id\":\"https:\/\/portaltela.pt\/noticias\/2026\/04\/30\/bancario-confirma-oferta-de-60-mil-euros-por-negocio-com-ex-juiz-e-aldi\/\",\"url\":\"https:\/\/portaltela.pt\/noticias\/2026\/04\/30\/bancario-confirma-oferta-de-60-mil-euros-por-negocio-com-ex-juiz-e-aldi\/\",\"name\":\"Banc\u00e1rio confirma oferta de 60 mil euros por neg\u00f3cio com ex-juiz e Aldi - Portal Tela Portugal\",\"isPartOf\":{\"@id\":\"https:\/\/portaltela.pt\/#website\"},\"primaryImageOfPage\":{\"@id\":\"https:\/\/portaltela.pt\/noticias\/2026\/04\/30\/bancario-confirma-oferta-de-60-mil-euros-por-negocio-com-ex-juiz-e-aldi\/#primaryimage\"},\"image\":{\"@id\":\"https:\/\/portaltela.pt\/noticias\/2026\/04\/30\/bancario-confirma-oferta-de-60-mil-euros-por-negocio-com-ex-juiz-e-aldi\/#primaryimage\"},\"thumbnailUrl\":\"https:\/\/portaltela.pt\/s.01k8rhncp4jt1\/2026\/04\/image-117.webp\",\"datePublished\":\"2026-04-30T20:18:20+00:00\",\"author\":{\"@id\":\"https:\/\/portaltela.pt\/#\/schema\/person\/c4278d4a6028830caff9ee44b42d32ed\"},\"breadcrumb\":{\"@id\":\"https:\/\/portaltela.pt\/noticias\/2026\/04\/30\/bancario-confirma-oferta-de-60-mil-euros-por-negocio-com-ex-juiz-e-aldi\/#breadcrumb\"},\"inLanguage\":\"pt-PT\",\"potentialAction\":[{\"@type\":\"ReadAction\",\"target\":[\"https:\/\/portaltela.pt\/noticias\/2026\/04\/30\/bancario-confirma-oferta-de-60-mil-euros-por-negocio-com-ex-juiz-e-aldi\/\"]}]},{\"@type\":\"ImageObject\",\"inLanguage\":\"pt-PT\",\"@id\":\"https:\/\/portaltela.pt\/noticias\/2026\/04\/30\/bancario-confirma-oferta-de-60-mil-euros-por-negocio-com-ex-juiz-e-aldi\/#primaryimage\",\"url\":\"https:\/\/portaltela.pt\/s.01k8rhncp4jt1\/2026\/04\/image-117.webp\",\"contentUrl\":\"https:\/\/portaltela.pt\/s.01k8rhncp4jt1\/2026\/04\/image-117.webp\",\"width\":1200,\"height\":800,\"caption\":\"Ex-magistrado H\u00e9lder Claro (de \u00f3culos de sol) nega qualquer crime\"},{\"@type\":\"BreadcrumbList\",\"@id\":\"https:\/\/portaltela.pt\/noticias\/2026\/04\/30\/bancario-confirma-oferta-de-60-mil-euros-por-negocio-com-ex-juiz-e-aldi\/#breadcrumb\",\"itemListElement\":[{\"@type\":\"ListItem\",\"position\":1,\"name\":\"In\u00edcio\",\"item\":\"https:\/\/portaltela.pt\/\"},{\"@type\":\"ListItem\",\"position\":2,\"name\":\"Banc\u00e1rio confirma oferta de 60 mil euros por neg\u00f3cio com ex-juiz e Aldi\"}]},{\"@type\":\"WebSite\",\"@id\":\"https:\/\/portaltela.pt\/#website\",\"url\":\"https:\/\/portaltela.pt\/\",\"name\":\"Portal Tela Portugal\",\"description\":\"\",\"potentialAction\":[{\"@type\":\"SearchAction\",\"target\":{\"@type\":\"EntryPoint\",\"urlTemplate\":\"https:\/\/portaltela.pt\/?s={search_term_string}\"},\"query-input\":{\"@type\":\"PropertyValueSpecification\",\"valueRequired\":true,\"valueName\":\"search_term_string\"}}],\"inLanguage\":\"pt-PT\"},{\"@type\":\"Person\",\"@id\":\"https:\/\/portaltela.pt\/#\/schema\/person\/c4278d4a6028830caff9ee44b42d32ed\",\"name\":\"Telinha\",\"image\":{\"@type\":\"ImageObject\",\"inLanguage\":\"pt-PT\",\"@id\":\"https:\/\/portaltela.pt\/s.01k8rhncp4jt1\/2025\/11\/talking-bot-125x125.png\",\"url\":\"https:\/\/portaltela.pt\/s.01k8rhncp4jt1\/2025\/11\/talking-bot-125x125.png\",\"contentUrl\":\"https:\/\/portaltela.pt\/s.01k8rhncp4jt1\/2025\/11\/talking-bot-125x125.png\",\"caption\":\"Telinha\"},\"sameAs\":[\"https:\/\/portaltela.pt\/\"],\"url\":\"https:\/\/portaltela.pt\/por\/367410592786\/\"}]}<\/script>\n<!-- \/ Yoast SEO plugin. -->","yoast_head_json":{"title":"Banc\u00e1rio confirma oferta de 60 mil euros por neg\u00f3cio com ex-juiz e Aldi - Portal Tela Portugal","robots":{"index":"index","follow":"follow","max-snippet":"max-snippet:-1","max-image-preview":"max-image-preview:large","max-video-preview":"max-video-preview:-1"},"og_locale":"pt_PT","og_type":"article","og_title":"Banc\u00e1rio confirma oferta de 60 mil euros por neg\u00f3cio com ex-juiz e Aldi - Portal Tela Portugal","og_description":"Um banc\u00e1rio e um ex-diretor da Aldi confirmaram uma oferta de 60 mil euros por um neg\u00f3cio imobili\u00e1rio em Valongo, envolvendo o ex-juiz H\u00e9lder Claro. O dinheiro nunca apareceu; o banc\u00e1rio afirmou ter sido enganado, dizendo ter levado \u201ctanga\u201d. H\u00e9lder Claro, de 58 anos, negou qualquer crime e garantiu n\u00e3o ter cometido infra\u00e7\u00f5es. O ex-juiz falou \u00e0 porta do Tribunal de S\u00e3o Jo\u00e3o Novo, no Porto, e disse que vai depor apenas ap\u00f3s o testemunho dos inspetores da Pol\u00edcia Judici\u00e1ria. O caso est\u00e1 ligado a acusa\u00e7\u00f5es de corrup\u00e7\u00e3o, aux\u00edlio e angaria\u00e7\u00e3o de imigra\u00e7\u00e3o ilegal e associa\u00e7\u00e3o criminosa.","og_url":"https:\/\/portaltela.pt\/noticias\/2026\/04\/30\/bancario-confirma-oferta-de-60-mil-euros-por-negocio-com-ex-juiz-e-aldi\/","og_site_name":"Portal Tela Portugal","article_published_time":"2026-04-30T20:18:20+00:00","author":"Telinha","twitter_card":"summary_large_image","twitter_misc":{"Escrito por":"Telinha","Tempo estimado de leitura":"1 minuto"},"schema":{"@context":"https:\/\/schema.org","@graph":[{"@type":"Article","@id":"https:\/\/portaltela.pt\/noticias\/2026\/04\/30\/bancario-confirma-oferta-de-60-mil-euros-por-negocio-com-ex-juiz-e-aldi\/#article","isPartOf":{"@id":"https:\/\/portaltela.pt\/noticias\/2026\/04\/30\/bancario-confirma-oferta-de-60-mil-euros-por-negocio-com-ex-juiz-e-aldi\/"},"author":{"name":"Telinha","@id":"https:\/\/portaltela.pt\/#\/schema\/person\/c4278d4a6028830caff9ee44b42d32ed"},"headline":"Banc\u00e1rio confirma oferta de 60 mil euros por neg\u00f3cio com ex-juiz e Aldi","datePublished":"2026-04-30T20:18:20+00:00","mainEntityOfPage":{"@id":"https:\/\/portaltela.pt\/noticias\/2026\/04\/30\/bancario-confirma-oferta-de-60-mil-euros-por-negocio-com-ex-juiz-e-aldi\/"},"wordCount":160,"image":{"@id":"https:\/\/portaltela.pt\/noticias\/2026\/04\/30\/bancario-confirma-oferta-de-60-mil-euros-por-negocio-com-ex-juiz-e-aldi\/#primaryimage"},"thumbnailUrl":"https:\/\/portaltela.pt\/s.01k8rhncp4jt1\/2026\/04\/image-117.webp","keywords":["_associa\u00e7\u00e3o criminosa","_bancos","_corrup\u00e7\u00e3o","_imigra\u00e7\u00e3o","_organiza\u00e7\u00e3o criminosa","_Valongo"],"articleSection":["Justi\u00e7a","Not\u00edcias"],"inLanguage":"pt-PT"},{"@type":"WebPage","@id":"https:\/\/portaltela.pt\/noticias\/2026\/04\/30\/bancario-confirma-oferta-de-60-mil-euros-por-negocio-com-ex-juiz-e-aldi\/","url":"https:\/\/portaltela.pt\/noticias\/2026\/04\/30\/bancario-confirma-oferta-de-60-mil-euros-por-negocio-com-ex-juiz-e-aldi\/","name":"Banc\u00e1rio confirma oferta de 60 mil euros por neg\u00f3cio com ex-juiz e Aldi - Portal Tela Portugal","isPartOf":{"@id":"https:\/\/portaltela.pt\/#website"},"primaryImageOfPage":{"@id":"https:\/\/portaltela.pt\/noticias\/2026\/04\/30\/bancario-confirma-oferta-de-60-mil-euros-por-negocio-com-ex-juiz-e-aldi\/#primaryimage"},"image":{"@id":"https:\/\/portaltela.pt\/noticias\/2026\/04\/30\/bancario-confirma-oferta-de-60-mil-euros-por-negocio-com-ex-juiz-e-aldi\/#primaryimage"},"thumbnailUrl":"https:\/\/portaltela.pt\/s.01k8rhncp4jt1\/2026\/04\/image-117.webp","datePublished":"2026-04-30T20:18:20+00:00","author":{"@id":"https:\/\/portaltela.pt\/#\/schema\/person\/c4278d4a6028830caff9ee44b42d32ed"},"breadcrumb":{"@id":"https:\/\/portaltela.pt\/noticias\/2026\/04\/30\/bancario-confirma-oferta-de-60-mil-euros-por-negocio-com-ex-juiz-e-aldi\/#breadcrumb"},"inLanguage":"pt-PT","potentialAction":[{"@type":"ReadAction","target":["https:\/\/portaltela.pt\/noticias\/2026\/04\/30\/bancario-confirma-oferta-de-60-mil-euros-por-negocio-com-ex-juiz-e-aldi\/"]}]},{"@type":"ImageObject","inLanguage":"pt-PT","@id":"https:\/\/portaltela.pt\/noticias\/2026\/04\/30\/bancario-confirma-oferta-de-60-mil-euros-por-negocio-com-ex-juiz-e-aldi\/#primaryimage","url":"https:\/\/portaltela.pt\/s.01k8rhncp4jt1\/2026\/04\/image-117.webp","contentUrl":"https:\/\/portaltela.pt\/s.01k8rhncp4jt1\/2026\/04\/image-117.webp","width":1200,"height":800,"caption":"Ex-magistrado H\u00e9lder Claro (de \u00f3culos de sol) nega qualquer crime"},{"@type":"BreadcrumbList","@id":"https:\/\/portaltela.pt\/noticias\/2026\/04\/30\/bancario-confirma-oferta-de-60-mil-euros-por-negocio-com-ex-juiz-e-aldi\/#breadcrumb","itemListElement":[{"@type":"ListItem","position":1,"name":"In\u00edcio","item":"https:\/\/portaltela.pt\/"},{"@type":"ListItem","position":2,"name":"Banc\u00e1rio confirma oferta de 60 mil euros por neg\u00f3cio com ex-juiz e Aldi"}]},{"@type":"WebSite","@id":"https:\/\/portaltela.pt\/#website","url":"https:\/\/portaltela.pt\/","name":"Portal Tela Portugal","description":"","potentialAction":[{"@type":"SearchAction","target":{"@type":"EntryPoint","urlTemplate":"https:\/\/portaltela.pt\/?s={search_term_string}"},"query-input":{"@type":"PropertyValueSpecification","valueRequired":true,"valueName":"search_term_string"}}],"inLanguage":"pt-PT"},{"@type":"Person","@id":"https:\/\/portaltela.pt\/#\/schema\/person\/c4278d4a6028830caff9ee44b42d32ed","name":"Telinha","image":{"@type":"ImageObject","inLanguage":"pt-PT","@id":"https:\/\/portaltela.pt\/s.01k8rhncp4jt1\/2025\/11\/talking-bot-125x125.png","url":"https:\/\/portaltela.pt\/s.01k8rhncp4jt1\/2025\/11\/talking-bot-125x125.png","contentUrl":"https:\/\/portaltela.pt\/s.01k8rhncp4jt1\/2025\/11\/talking-bot-125x125.png","caption":"Telinha"},"sameAs":["https:\/\/portaltela.pt\/"],"url":"https:\/\/portaltela.pt\/por\/367410592786\/"}]}},"_links":{"self":[{"href":"https:\/\/portaltela.pt\/api\/wp\/v2\/posts\/463098","targetHints":{"allow":["GET"]}}],"collection":[{"href":"https:\/\/portaltela.pt\/api\/wp\/v2\/posts"}],"about":[{"href":"https:\/\/portaltela.pt\/api\/wp\/v2\/types\/post"}],"author":[{"embeddable":true,"href":"https:\/\/portaltela.pt\/api\/wp\/v2\/users\/2"}],"replies":[{"embeddable":true,"href":"https:\/\/portaltela.pt\/api\/wp\/v2\/comments?post=463098"}],"version-history":[{"count":0,"href":"https:\/\/portaltela.pt\/api\/wp\/v2\/posts\/463098\/revisions"}],"wp:featuredmedia":[{"embeddable":true,"href":"https:\/\/portaltela.pt\/api\/wp\/v2\/media\/463100"}],"wp:attachment":[{"href":"https:\/\/portaltela.pt\/api\/wp\/v2\/media?parent=463098"}],"wp:term":[{"taxonomy":"category","embeddable":true,"href":"https:\/\/portaltela.pt\/api\/wp\/v2\/categories?post=463098"},{"taxonomy":"post_tag","embeddable":true,"href":"https:\/\/portaltela.pt\/api\/wp\/v2\/tags?post=463098"}],"curies":[{"name":"wp","href":"https:\/\/api.w.org\/{rel}","templated":true}]}}