{"id":463097,"date":"2026-04-30T17:18:11","date_gmt":"2026-04-30T20:18:11","guid":{"rendered":"https:\/\/portaltela.pt\/noticias\/2026\/04\/30\/prisao-preventiva-decretada-a-acusado-de-tentativa-de-homicidio-de-donald-trump\/"},"modified":"2026-04-30T17:18:11","modified_gmt":"2026-04-30T20:18:11","slug":"prisao-preventiva-decretada-a-acusado-de-tentativa-de-homicidio-de-donald-trump","status":"publish","type":"post","link":"https:\/\/portaltela.pt\/justica\/2026\/04\/30\/prisao-preventiva-decretada-a-acusado-de-tentativa-de-homicidio-de-donald-trump\/","title":{"rendered":"Pris\u00e3o preventiva decretada a acusado de tentativa de homic\u00eddio de Donald Trump"},"content":{"rendered":"<p>Uma ju\u00edza do Distrito de Columbia ordenou a pris\u00e3o preventiva sem fian\u00e7a de Cole Allen, acusado de tentar assassinar o Presidente Donald Trump durante o jantar dos jornalistas correspondentes na Casa Branca, no s\u00e1bado passado. Allen \u00e9 tamb\u00e9m acusado de crimes relacionados com transporte e uso de armas.<\/p>\n<p>A acusa\u00e7\u00e3o afirma que o suspeito tentou entrar armado no sal\u00e3o do hotel onde decorria o jantar, com a presen\u00e7a de Trump, da primeira dama Melania Trump, v\u00e1rios membros do governo, o presidente da C\u00e2mara dos Representantes e cerca de dois mil convidados.<\/p>\n<p>A medida de deten\u00e7\u00e3o, anunciada esta quinta-feira, pode implicar uma senten\u00e7a de pris\u00e3o perp\u00e9tua para o arguido, caso seja considerado culpado pelos crimes de tentativa de homic\u00eddio. S\u00e3o ainda mencionadas accomunadas liga\u00e7\u00f5es a atividades de posse de armas.<\/p>\n<p>Segundo os autos, o objetivo de Allen era atingir o Presidente durante o evento, que contou com a participa\u00e7\u00e3o de v\u00e1rias figuras p\u00fablicas e autoridades norte-americanas, gerando grande como\u00e7\u00e3o em Washington. A audi\u00eancia de determina\u00e7\u00e3o da pris\u00e3o ocorreu no territ\u00f3rio do Distrito de Columbia.<\/p>\n","protected":false},"excerpt":{"rendered":"<ul>\n<li>Uma ju\u00edza do Distrito de Columbia ordenou pris\u00e3o preventiva sem fian\u00e7a para Cole Allen, acusado de tentar assassinar o Presidente Donald Trump.<\/li>\n<li>A acusa\u00e7\u00e3o envolve tentativa de homic\u00eddio, com poss\u00edvel veredito de pris\u00e3o perp\u00e9tua, al\u00e9m de crimes relacionados com transporte e uso de armas.<\/li>\n<li>O incidente ocorreu durante o jantar de jornalistas correspondentes na Casa Branca, no s\u00e1bado.<\/li>\n<li>O acusado tentou entrar armado no sal\u00e3o do hotel onde decorria o jantar, com a presen\u00e7a de Trump, da primeira dama Melania, de v\u00e1rios membros do governo, do presidente da C\u00e2mara dos Representantes e de cerca de dois mil convidados.<\/li>\n<li>A medida mant\u00e9m Allen preso at\u00e9 ao in\u00edcio do processo, sem indica\u00e7\u00e3o de data de julgamento.<\/li>\n<\/ul>\n","protected":false},"author":2,"featured_media":463101,"comment_status":"closed","ping_status":"closed","sticky":false,"template":"","format":"standard","meta":{"footnotes":""},"categories":[7374,6815],"tags":[147,4953,1600,217,30,250],"class_list":["post-463097","post","type-post","status-publish","format-standard","has-post-thumbnail","hentry","category-criminalidade","category-justica","tag-crime","tag-donald-trump","tag-estados-unidos","tag-investigacao-criminal","tag-presidente","tag-seguranca-publica"],"yoast_head":"<!-- This site is optimized with the Yoast SEO plugin v27.2 - https:\/\/yoast.com\/product\/yoast-seo-wordpress\/ -->\n<title>Pris\u00e3o preventiva decretada a acusado de tentativa de homic\u00eddio de Donald Trump - Portal Tela Portugal<\/title>\n<meta name=\"robots\" content=\"index, follow, max-snippet:-1, max-image-preview:large, max-video-preview:-1\" \/>\n<meta property=\"og:locale\" content=\"pt_PT\" \/>\n<meta property=\"og:type\" content=\"article\" \/>\n<meta property=\"og:title\" content=\"Pris\u00e3o preventiva decretada a acusado de tentativa de homic\u00eddio de Donald Trump - Portal Tela Portugal\" \/>\n<meta property=\"og:description\" content=\"Uma ju\u00edza do Distrito de Columbia ordenou pris\u00e3o preventiva sem fian\u00e7a para Cole Allen, acusado de tentar assassinar o Presidente Donald Trump. A acusa\u00e7\u00e3o envolve tentativa de homic\u00eddio, com poss\u00edvel veredito de pris\u00e3o perp\u00e9tua, al\u00e9m de crimes relacionados com transporte e uso de armas. O incidente ocorreu durante o jantar de jornalistas correspondentes na Casa Branca, no s\u00e1bado. O acusado tentou entrar armado no sal\u00e3o do hotel onde decorria o jantar, com a presen\u00e7a de Trump, da primeira dama Melania, de v\u00e1rios membros do governo, do presidente da C\u00e2mara dos Representantes e de cerca de dois mil convidados. A medida mant\u00e9m Allen preso at\u00e9 ao in\u00edcio do processo, sem indica\u00e7\u00e3o de data de julgamento.\" \/>\n<meta property=\"og:url\" content=\"https:\/\/portaltela.pt\/noticias\/2026\/04\/30\/prisao-preventiva-decretada-a-acusado-de-tentativa-de-homicidio-de-donald-trump\/\" \/>\n<meta property=\"og:site_name\" content=\"Portal Tela Portugal\" \/>\n<meta property=\"article:published_time\" content=\"2026-04-30T20:18:11+00:00\" \/>\n<meta name=\"author\" content=\"Telinha\" \/>\n<meta name=\"twitter:card\" content=\"summary_large_image\" \/>\n<meta name=\"twitter:label1\" content=\"Escrito por\" \/>\n\t<meta name=\"twitter:data1\" content=\"Telinha\" \/>\n\t<meta name=\"twitter:label2\" content=\"Tempo estimado de leitura\" \/>\n\t<meta name=\"twitter:data2\" content=\"1 minuto\" \/>\n<script type=\"application\/ld+json\" class=\"yoast-schema-graph\">{\"@context\":\"https:\/\/schema.org\",\"@graph\":[{\"@type\":\"Article\",\"@id\":\"https:\/\/portaltela.pt\/noticias\/2026\/04\/30\/prisao-preventiva-decretada-a-acusado-de-tentativa-de-homicidio-de-donald-trump\/#article\",\"isPartOf\":{\"@id\":\"https:\/\/portaltela.pt\/noticias\/2026\/04\/30\/prisao-preventiva-decretada-a-acusado-de-tentativa-de-homicidio-de-donald-trump\/\"},\"author\":{\"name\":\"Telinha\",\"@id\":\"https:\/\/portaltela.pt\/#\/schema\/person\/c4278d4a6028830caff9ee44b42d32ed\"},\"headline\":\"Pris\u00e3o preventiva decretada a acusado de tentativa de homic\u00eddio de Donald Trump\",\"datePublished\":\"2026-04-30T20:18:11+00:00\",\"mainEntityOfPage\":{\"@id\":\"https:\/\/portaltela.pt\/noticias\/2026\/04\/30\/prisao-preventiva-decretada-a-acusado-de-tentativa-de-homicidio-de-donald-trump\/\"},\"wordCount\":211,\"image\":{\"@id\":\"https:\/\/portaltela.pt\/noticias\/2026\/04\/30\/prisao-preventiva-decretada-a-acusado-de-tentativa-de-homicidio-de-donald-trump\/#primaryimage\"},\"thumbnailUrl\":\"https:\/\/portaltela.pt\/s.01k8rhncp4jt1\/2026\/04\/img_1500x1000uu2026-04-26-10-27-20-2281119.jpg\",\"keywords\":[\"crime\",\"Donald Trump\",\"Estados Unidos\",\"investiga\u00e7\u00e3o criminal\",\"presidente\",\"seguran\u00e7a p\u00fablica\"],\"articleSection\":[\"Criminalidade\",\"Justi\u00e7a\"],\"inLanguage\":\"pt-PT\"},{\"@type\":\"WebPage\",\"@id\":\"https:\/\/portaltela.pt\/noticias\/2026\/04\/30\/prisao-preventiva-decretada-a-acusado-de-tentativa-de-homicidio-de-donald-trump\/\",\"url\":\"https:\/\/portaltela.pt\/noticias\/2026\/04\/30\/prisao-preventiva-decretada-a-acusado-de-tentativa-de-homicidio-de-donald-trump\/\",\"name\":\"Pris\u00e3o preventiva decretada a acusado de tentativa de homic\u00eddio de Donald Trump - Portal Tela Portugal\",\"isPartOf\":{\"@id\":\"https:\/\/portaltela.pt\/#website\"},\"primaryImageOfPage\":{\"@id\":\"https:\/\/portaltela.pt\/noticias\/2026\/04\/30\/prisao-preventiva-decretada-a-acusado-de-tentativa-de-homicidio-de-donald-trump\/#primaryimage\"},\"image\":{\"@id\":\"https:\/\/portaltela.pt\/noticias\/2026\/04\/30\/prisao-preventiva-decretada-a-acusado-de-tentativa-de-homicidio-de-donald-trump\/#primaryimage\"},\"thumbnailUrl\":\"https:\/\/portaltela.pt\/s.01k8rhncp4jt1\/2026\/04\/img_1500x1000uu2026-04-26-10-27-20-2281119.jpg\",\"datePublished\":\"2026-04-30T20:18:11+00:00\",\"author\":{\"@id\":\"https:\/\/portaltela.pt\/#\/schema\/person\/c4278d4a6028830caff9ee44b42d32ed\"},\"breadcrumb\":{\"@id\":\"https:\/\/portaltela.pt\/noticias\/2026\/04\/30\/prisao-preventiva-decretada-a-acusado-de-tentativa-de-homicidio-de-donald-trump\/#breadcrumb\"},\"inLanguage\":\"pt-PT\",\"potentialAction\":[{\"@type\":\"ReadAction\",\"target\":[\"https:\/\/portaltela.pt\/noticias\/2026\/04\/30\/prisao-preventiva-decretada-a-acusado-de-tentativa-de-homicidio-de-donald-trump\/\"]}]},{\"@type\":\"ImageObject\",\"inLanguage\":\"pt-PT\",\"@id\":\"https:\/\/portaltela.pt\/noticias\/2026\/04\/30\/prisao-preventiva-decretada-a-acusado-de-tentativa-de-homicidio-de-donald-trump\/#primaryimage\",\"url\":\"https:\/\/portaltela.pt\/s.01k8rhncp4jt1\/2026\/04\/img_1500x1000uu2026-04-26-10-27-20-2281119.jpg\",\"contentUrl\":\"https:\/\/portaltela.pt\/s.01k8rhncp4jt1\/2026\/04\/img_1500x1000uu2026-04-26-10-27-20-2281119.jpg\",\"width\":1500,\"height\":1000,\"caption\":\"Cole Allen\"},{\"@type\":\"BreadcrumbList\",\"@id\":\"https:\/\/portaltela.pt\/noticias\/2026\/04\/30\/prisao-preventiva-decretada-a-acusado-de-tentativa-de-homicidio-de-donald-trump\/#breadcrumb\",\"itemListElement\":[{\"@type\":\"ListItem\",\"position\":1,\"name\":\"In\u00edcio\",\"item\":\"https:\/\/portaltela.pt\/\"},{\"@type\":\"ListItem\",\"position\":2,\"name\":\"Pris\u00e3o preventiva decretada a acusado de tentativa de homic\u00eddio de Donald Trump\"}]},{\"@type\":\"WebSite\",\"@id\":\"https:\/\/portaltela.pt\/#website\",\"url\":\"https:\/\/portaltela.pt\/\",\"name\":\"Portal Tela Portugal\",\"description\":\"\",\"potentialAction\":[{\"@type\":\"SearchAction\",\"target\":{\"@type\":\"EntryPoint\",\"urlTemplate\":\"https:\/\/portaltela.pt\/?s={search_term_string}\"},\"query-input\":{\"@type\":\"PropertyValueSpecification\",\"valueRequired\":true,\"valueName\":\"search_term_string\"}}],\"inLanguage\":\"pt-PT\"},{\"@type\":\"Person\",\"@id\":\"https:\/\/portaltela.pt\/#\/schema\/person\/c4278d4a6028830caff9ee44b42d32ed\",\"name\":\"Telinha\",\"image\":{\"@type\":\"ImageObject\",\"inLanguage\":\"pt-PT\",\"@id\":\"https:\/\/portaltela.pt\/s.01k8rhncp4jt1\/2025\/11\/talking-bot-125x125.png\",\"url\":\"https:\/\/portaltela.pt\/s.01k8rhncp4jt1\/2025\/11\/talking-bot-125x125.png\",\"contentUrl\":\"https:\/\/portaltela.pt\/s.01k8rhncp4jt1\/2025\/11\/talking-bot-125x125.png\",\"caption\":\"Telinha\"},\"sameAs\":[\"https:\/\/portaltela.pt\/\"],\"url\":\"https:\/\/portaltela.pt\/por\/367410592786\/\"}]}<\/script>\n<!-- \/ Yoast SEO plugin. -->","yoast_head_json":{"title":"Pris\u00e3o preventiva decretada a acusado de tentativa de homic\u00eddio de Donald Trump - Portal Tela Portugal","robots":{"index":"index","follow":"follow","max-snippet":"max-snippet:-1","max-image-preview":"max-image-preview:large","max-video-preview":"max-video-preview:-1"},"og_locale":"pt_PT","og_type":"article","og_title":"Pris\u00e3o preventiva decretada a acusado de tentativa de homic\u00eddio de Donald Trump - Portal Tela Portugal","og_description":"Uma ju\u00edza do Distrito de Columbia ordenou pris\u00e3o preventiva sem fian\u00e7a para Cole Allen, acusado de tentar assassinar o Presidente Donald Trump. A acusa\u00e7\u00e3o envolve tentativa de homic\u00eddio, com poss\u00edvel veredito de pris\u00e3o perp\u00e9tua, al\u00e9m de crimes relacionados com transporte e uso de armas. O incidente ocorreu durante o jantar de jornalistas correspondentes na Casa Branca, no s\u00e1bado. O acusado tentou entrar armado no sal\u00e3o do hotel onde decorria o jantar, com a presen\u00e7a de Trump, da primeira dama Melania, de v\u00e1rios membros do governo, do presidente da C\u00e2mara dos Representantes e de cerca de dois mil convidados. A medida mant\u00e9m Allen preso at\u00e9 ao in\u00edcio do processo, sem indica\u00e7\u00e3o de data de julgamento.","og_url":"https:\/\/portaltela.pt\/noticias\/2026\/04\/30\/prisao-preventiva-decretada-a-acusado-de-tentativa-de-homicidio-de-donald-trump\/","og_site_name":"Portal Tela Portugal","article_published_time":"2026-04-30T20:18:11+00:00","author":"Telinha","twitter_card":"summary_large_image","twitter_misc":{"Escrito por":"Telinha","Tempo estimado de leitura":"1 minuto"},"schema":{"@context":"https:\/\/schema.org","@graph":[{"@type":"Article","@id":"https:\/\/portaltela.pt\/noticias\/2026\/04\/30\/prisao-preventiva-decretada-a-acusado-de-tentativa-de-homicidio-de-donald-trump\/#article","isPartOf":{"@id":"https:\/\/portaltela.pt\/noticias\/2026\/04\/30\/prisao-preventiva-decretada-a-acusado-de-tentativa-de-homicidio-de-donald-trump\/"},"author":{"name":"Telinha","@id":"https:\/\/portaltela.pt\/#\/schema\/person\/c4278d4a6028830caff9ee44b42d32ed"},"headline":"Pris\u00e3o preventiva decretada a acusado de tentativa de homic\u00eddio de Donald Trump","datePublished":"2026-04-30T20:18:11+00:00","mainEntityOfPage":{"@id":"https:\/\/portaltela.pt\/noticias\/2026\/04\/30\/prisao-preventiva-decretada-a-acusado-de-tentativa-de-homicidio-de-donald-trump\/"},"wordCount":211,"image":{"@id":"https:\/\/portaltela.pt\/noticias\/2026\/04\/30\/prisao-preventiva-decretada-a-acusado-de-tentativa-de-homicidio-de-donald-trump\/#primaryimage"},"thumbnailUrl":"https:\/\/portaltela.pt\/s.01k8rhncp4jt1\/2026\/04\/img_1500x1000uu2026-04-26-10-27-20-2281119.jpg","keywords":["crime","Donald Trump","Estados Unidos","investiga\u00e7\u00e3o criminal","presidente","seguran\u00e7a p\u00fablica"],"articleSection":["Criminalidade","Justi\u00e7a"],"inLanguage":"pt-PT"},{"@type":"WebPage","@id":"https:\/\/portaltela.pt\/noticias\/2026\/04\/30\/prisao-preventiva-decretada-a-acusado-de-tentativa-de-homicidio-de-donald-trump\/","url":"https:\/\/portaltela.pt\/noticias\/2026\/04\/30\/prisao-preventiva-decretada-a-acusado-de-tentativa-de-homicidio-de-donald-trump\/","name":"Pris\u00e3o preventiva decretada a acusado de tentativa de homic\u00eddio de Donald Trump - Portal Tela Portugal","isPartOf":{"@id":"https:\/\/portaltela.pt\/#website"},"primaryImageOfPage":{"@id":"https:\/\/portaltela.pt\/noticias\/2026\/04\/30\/prisao-preventiva-decretada-a-acusado-de-tentativa-de-homicidio-de-donald-trump\/#primaryimage"},"image":{"@id":"https:\/\/portaltela.pt\/noticias\/2026\/04\/30\/prisao-preventiva-decretada-a-acusado-de-tentativa-de-homicidio-de-donald-trump\/#primaryimage"},"thumbnailUrl":"https:\/\/portaltela.pt\/s.01k8rhncp4jt1\/2026\/04\/img_1500x1000uu2026-04-26-10-27-20-2281119.jpg","datePublished":"2026-04-30T20:18:11+00:00","author":{"@id":"https:\/\/portaltela.pt\/#\/schema\/person\/c4278d4a6028830caff9ee44b42d32ed"},"breadcrumb":{"@id":"https:\/\/portaltela.pt\/noticias\/2026\/04\/30\/prisao-preventiva-decretada-a-acusado-de-tentativa-de-homicidio-de-donald-trump\/#breadcrumb"},"inLanguage":"pt-PT","potentialAction":[{"@type":"ReadAction","target":["https:\/\/portaltela.pt\/noticias\/2026\/04\/30\/prisao-preventiva-decretada-a-acusado-de-tentativa-de-homicidio-de-donald-trump\/"]}]},{"@type":"ImageObject","inLanguage":"pt-PT","@id":"https:\/\/portaltela.pt\/noticias\/2026\/04\/30\/prisao-preventiva-decretada-a-acusado-de-tentativa-de-homicidio-de-donald-trump\/#primaryimage","url":"https:\/\/portaltela.pt\/s.01k8rhncp4jt1\/2026\/04\/img_1500x1000uu2026-04-26-10-27-20-2281119.jpg","contentUrl":"https:\/\/portaltela.pt\/s.01k8rhncp4jt1\/2026\/04\/img_1500x1000uu2026-04-26-10-27-20-2281119.jpg","width":1500,"height":1000,"caption":"Cole Allen"},{"@type":"BreadcrumbList","@id":"https:\/\/portaltela.pt\/noticias\/2026\/04\/30\/prisao-preventiva-decretada-a-acusado-de-tentativa-de-homicidio-de-donald-trump\/#breadcrumb","itemListElement":[{"@type":"ListItem","position":1,"name":"In\u00edcio","item":"https:\/\/portaltela.pt\/"},{"@type":"ListItem","position":2,"name":"Pris\u00e3o preventiva decretada a acusado de tentativa de homic\u00eddio de Donald Trump"}]},{"@type":"WebSite","@id":"https:\/\/portaltela.pt\/#website","url":"https:\/\/portaltela.pt\/","name":"Portal Tela Portugal","description":"","potentialAction":[{"@type":"SearchAction","target":{"@type":"EntryPoint","urlTemplate":"https:\/\/portaltela.pt\/?s={search_term_string}"},"query-input":{"@type":"PropertyValueSpecification","valueRequired":true,"valueName":"search_term_string"}}],"inLanguage":"pt-PT"},{"@type":"Person","@id":"https:\/\/portaltela.pt\/#\/schema\/person\/c4278d4a6028830caff9ee44b42d32ed","name":"Telinha","image":{"@type":"ImageObject","inLanguage":"pt-PT","@id":"https:\/\/portaltela.pt\/s.01k8rhncp4jt1\/2025\/11\/talking-bot-125x125.png","url":"https:\/\/portaltela.pt\/s.01k8rhncp4jt1\/2025\/11\/talking-bot-125x125.png","contentUrl":"https:\/\/portaltela.pt\/s.01k8rhncp4jt1\/2025\/11\/talking-bot-125x125.png","caption":"Telinha"},"sameAs":["https:\/\/portaltela.pt\/"],"url":"https:\/\/portaltela.pt\/por\/367410592786\/"}]}},"_links":{"self":[{"href":"https:\/\/portaltela.pt\/api\/wp\/v2\/posts\/463097","targetHints":{"allow":["GET"]}}],"collection":[{"href":"https:\/\/portaltela.pt\/api\/wp\/v2\/posts"}],"about":[{"href":"https:\/\/portaltela.pt\/api\/wp\/v2\/types\/post"}],"author":[{"embeddable":true,"href":"https:\/\/portaltela.pt\/api\/wp\/v2\/users\/2"}],"replies":[{"embeddable":true,"href":"https:\/\/portaltela.pt\/api\/wp\/v2\/comments?post=463097"}],"version-history":[{"count":0,"href":"https:\/\/portaltela.pt\/api\/wp\/v2\/posts\/463097\/revisions"}],"wp:featuredmedia":[{"embeddable":true,"href":"https:\/\/portaltela.pt\/api\/wp\/v2\/media\/463101"}],"wp:attachment":[{"href":"https:\/\/portaltela.pt\/api\/wp\/v2\/media?parent=463097"}],"wp:term":[{"taxonomy":"category","embeddable":true,"href":"https:\/\/portaltela.pt\/api\/wp\/v2\/categories?post=463097"},{"taxonomy":"post_tag","embeddable":true,"href":"https:\/\/portaltela.pt\/api\/wp\/v2\/tags?post=463097"}],"curies":[{"name":"wp","href":"https:\/\/api.w.org\/{rel}","templated":true}]}}