{"id":463082,"date":"2026-04-30T17:02:57","date_gmt":"2026-04-30T20:02:57","guid":{"rendered":"https:\/\/portaltela.pt\/noticias\/2026\/04\/30\/mauro-xavier-conclui-programa-de-formacao-executiva-em-harvard\/"},"modified":"2026-04-30T17:02:57","modified_gmt":"2026-04-30T20:02:57","slug":"mauro-xavier-conclui-programa-de-formacao-executiva-em-harvard","status":"publish","type":"post","link":"https:\/\/portaltela.pt\/noticias\/2026\/04\/30\/mauro-xavier-conclui-programa-de-formacao-executiva-em-harvard\/","title":{"rendered":"Mauro Xavier conclui programa de forma\u00e7\u00e3o executiva em Harvard"},"content":{"rendered":"<p>Mauro Xavier concluiu uma forma\u00e7\u00e3o executiva na Harvard Business School, destinada a l\u00edderes de topo. O Advanced Management Program (AMP) \u00e9 um programa de refer\u00eancia para executivos seniores, que encerrou a edi\u00e7\u00e3o de 2026 com uma turma de mais de 100 participantes de cerca de 40 pa\u00edses.<\/p>\n<p>O curso, realizado em Harvard, destina-se a gestores de alto n\u00edvel que atuam em diferentes setores. A edi\u00e7\u00e3o de 2026 reuniu profissionais de diversas origens, proporcionando uma rede internacional para troca de experi\u00eancias e estrat\u00e9gias de gest\u00e3o.<\/p>\n<p>Mauro Xavier, 48 anos, \u00e9 administrador da Funda\u00e7\u00e3o Benfica. Al\u00e9m do AMP, de Harvard, o seu percurso acad\u00e9mico inclui uma licenciatura em Rela\u00e7\u00f5es Internacionais pela Universidade do Minho e especializa\u00e7\u00f5es em INSEAD e na John F. Kennedy School of Government, em Harvard.<\/p>\n<h3>Contexto do AMP<\/h3>\n<p>O Advanced Management Program \u00e9 promovido pela Harvard Business School e oferece uma vis\u00e3o abrangente sobre lideran\u00e7a, estrat\u00e9gia e inova\u00e7\u00e3o para executivos com responsabilidade decisiva. A participa\u00e7\u00e3o de Xavier refor\u00e7a a presen\u00e7a de institui\u00e7\u00f5es portuguesas em programas de forma\u00e7\u00e3o executiva de ponta.<\/p>\n<h3>Sobre o profissional<\/h3>\n<p>A forma\u00e7\u00e3o internacional de Xavier, com experi\u00eancia acad\u00e9mica e profissional diversificada, \u00e9 apresentada pela Funda\u00e7\u00e3o Benfica como parte do desenvolvimento de lideran\u00e7a dentro da organiza\u00e7\u00e3o. A conclus\u00e3o do programa sinaliza investimento em capacita\u00e7\u00e3o de alto n\u00edvel para pessoas em posi\u00e7\u00f5es de decis\u00e3o.<\/p>\n","protected":false},"excerpt":{"rendered":"<ul>\n<li>Mauro Xavier, administrador da Funda\u00e7\u00e3o Benfica, concluiu uma forma\u00e7\u00e3o executiva na Universidade de Harvard.<\/li>\n<li>O Advanced Management Program (AMP) da Harvard Business School \u00e9 destinado a executivos seniores.<\/li>\n<li>A edi\u00e7\u00e3o de 2026 contou com mais de 100 participantes de cerca de 40 pa\u00edses.<\/li>\n<li>Mauro Xavier tem 48 anos e licenciou-se em Rela\u00e7\u00f5es Internacionais pela Universidade do Minho.<\/li>\n<li>O administrador tamb\u00e9m possui especializa\u00e7\u00f5es no INSEAD e na John F. Kennedy School of Government, em Harvard.<\/li>\n<\/ul>\n","protected":false},"author":2,"featured_media":463083,"comment_status":"closed","ping_status":"closed","sticky":false,"template":"","format":"standard","meta":{"footnotes":""},"categories":[6735,1],"tags":[7927,7795,8387,7946,8884,5647],"class_list":["post-463082","post","type-post","status-publish","format-standard","has-post-thumbnail","hentry","category-negocios","category-noticias","tag-_administracao-publica","tag-_educacao","tag-_ensino-superior","tag-_relacoes-internacionais","tag-_universidades","tag-fundacao-benfica"],"yoast_head":"<!-- This site is optimized with the Yoast SEO plugin v27.2 - https:\/\/yoast.com\/product\/yoast-seo-wordpress\/ -->\n<title>Mauro Xavier conclui programa de forma\u00e7\u00e3o executiva em Harvard - Portal Tela Portugal<\/title>\n<meta name=\"robots\" content=\"index, follow, max-snippet:-1, max-image-preview:large, max-video-preview:-1\" \/>\n<meta property=\"og:locale\" content=\"pt_PT\" \/>\n<meta property=\"og:type\" content=\"article\" \/>\n<meta property=\"og:title\" content=\"Mauro Xavier conclui programa de forma\u00e7\u00e3o executiva em Harvard - Portal Tela Portugal\" \/>\n<meta property=\"og:description\" content=\"Mauro Xavier, administrador da Funda\u00e7\u00e3o Benfica, concluiu uma forma\u00e7\u00e3o executiva na Universidade de Harvard. O Advanced Management Program (AMP) da Harvard Business School \u00e9 destinado a executivos seniores. A edi\u00e7\u00e3o de 2026 contou com mais de 100 participantes de cerca de 40 pa\u00edses. Mauro Xavier tem 48 anos e licenciou-se em Rela\u00e7\u00f5es Internacionais pela Universidade do Minho. O administrador tamb\u00e9m possui especializa\u00e7\u00f5es no INSEAD e na John F. Kennedy School of Government, em Harvard.\" \/>\n<meta property=\"og:url\" content=\"https:\/\/portaltela.pt\/noticias\/2026\/04\/30\/mauro-xavier-conclui-programa-de-formacao-executiva-em-harvard\/\" \/>\n<meta property=\"og:site_name\" content=\"Portal Tela Portugal\" \/>\n<meta property=\"article:published_time\" content=\"2026-04-30T20:02:57+00:00\" \/>\n<meta name=\"author\" content=\"Telinha\" \/>\n<meta name=\"twitter:card\" content=\"summary_large_image\" \/>\n<meta name=\"twitter:label1\" content=\"Escrito por\" \/>\n\t<meta name=\"twitter:data1\" content=\"Telinha\" \/>\n\t<meta name=\"twitter:label2\" content=\"Tempo estimado de leitura\" \/>\n\t<meta name=\"twitter:data2\" content=\"1 minuto\" \/>\n<script type=\"application\/ld+json\" class=\"yoast-schema-graph\">{\"@context\":\"https:\/\/schema.org\",\"@graph\":[{\"@type\":\"Article\",\"@id\":\"https:\/\/portaltela.pt\/noticias\/2026\/04\/30\/mauro-xavier-conclui-programa-de-formacao-executiva-em-harvard\/#article\",\"isPartOf\":{\"@id\":\"https:\/\/portaltela.pt\/noticias\/2026\/04\/30\/mauro-xavier-conclui-programa-de-formacao-executiva-em-harvard\/\"},\"author\":{\"name\":\"Telinha\",\"@id\":\"https:\/\/portaltela.pt\/#\/schema\/person\/c4278d4a6028830caff9ee44b42d32ed\"},\"headline\":\"Mauro Xavier conclui programa de forma\u00e7\u00e3o executiva em Harvard\",\"datePublished\":\"2026-04-30T20:02:57+00:00\",\"mainEntityOfPage\":{\"@id\":\"https:\/\/portaltela.pt\/noticias\/2026\/04\/30\/mauro-xavier-conclui-programa-de-formacao-executiva-em-harvard\/\"},\"wordCount\":252,\"image\":{\"@id\":\"https:\/\/portaltela.pt\/noticias\/2026\/04\/30\/mauro-xavier-conclui-programa-de-formacao-executiva-em-harvard\/#primaryimage\"},\"thumbnailUrl\":\"https:\/\/portaltela.pt\/s.01k8rhncp4jt1\/2026\/04\/img_920x518uu2026-04-30-20-54-50-2436179.jpg\",\"keywords\":[\"_administra\u00e7\u00e3o p\u00fablica\",\"_educa\u00e7\u00e3o\",\"_Ensino Superior\",\"_rela\u00e7\u00f5es internacionais\",\"_universidades\",\"Funda\u00e7\u00e3o Benfica\"],\"articleSection\":[\"Neg\u00f3cios\",\"Not\u00edcias\"],\"inLanguage\":\"pt-PT\"},{\"@type\":\"WebPage\",\"@id\":\"https:\/\/portaltela.pt\/noticias\/2026\/04\/30\/mauro-xavier-conclui-programa-de-formacao-executiva-em-harvard\/\",\"url\":\"https:\/\/portaltela.pt\/noticias\/2026\/04\/30\/mauro-xavier-conclui-programa-de-formacao-executiva-em-harvard\/\",\"name\":\"Mauro Xavier conclui programa de forma\u00e7\u00e3o executiva em Harvard - Portal Tela Portugal\",\"isPartOf\":{\"@id\":\"https:\/\/portaltela.pt\/#website\"},\"primaryImageOfPage\":{\"@id\":\"https:\/\/portaltela.pt\/noticias\/2026\/04\/30\/mauro-xavier-conclui-programa-de-formacao-executiva-em-harvard\/#primaryimage\"},\"image\":{\"@id\":\"https:\/\/portaltela.pt\/noticias\/2026\/04\/30\/mauro-xavier-conclui-programa-de-formacao-executiva-em-harvard\/#primaryimage\"},\"thumbnailUrl\":\"https:\/\/portaltela.pt\/s.01k8rhncp4jt1\/2026\/04\/img_920x518uu2026-04-30-20-54-50-2436179.jpg\",\"datePublished\":\"2026-04-30T20:02:57+00:00\",\"author\":{\"@id\":\"https:\/\/portaltela.pt\/#\/schema\/person\/c4278d4a6028830caff9ee44b42d32ed\"},\"breadcrumb\":{\"@id\":\"https:\/\/portaltela.pt\/noticias\/2026\/04\/30\/mauro-xavier-conclui-programa-de-formacao-executiva-em-harvard\/#breadcrumb\"},\"inLanguage\":\"pt-PT\",\"potentialAction\":[{\"@type\":\"ReadAction\",\"target\":[\"https:\/\/portaltela.pt\/noticias\/2026\/04\/30\/mauro-xavier-conclui-programa-de-formacao-executiva-em-harvard\/\"]}]},{\"@type\":\"ImageObject\",\"inLanguage\":\"pt-PT\",\"@id\":\"https:\/\/portaltela.pt\/noticias\/2026\/04\/30\/mauro-xavier-conclui-programa-de-formacao-executiva-em-harvard\/#primaryimage\",\"url\":\"https:\/\/portaltela.pt\/s.01k8rhncp4jt1\/2026\/04\/img_920x518uu2026-04-30-20-54-50-2436179.jpg\",\"contentUrl\":\"https:\/\/portaltela.pt\/s.01k8rhncp4jt1\/2026\/04\/img_920x518uu2026-04-30-20-54-50-2436179.jpg\",\"width\":796,\"height\":448,\"caption\":\"Mauro Xavier completa forma\u00e7\u00e3o executiva na Harvard Business School\"},{\"@type\":\"BreadcrumbList\",\"@id\":\"https:\/\/portaltela.pt\/noticias\/2026\/04\/30\/mauro-xavier-conclui-programa-de-formacao-executiva-em-harvard\/#breadcrumb\",\"itemListElement\":[{\"@type\":\"ListItem\",\"position\":1,\"name\":\"In\u00edcio\",\"item\":\"https:\/\/portaltela.pt\/\"},{\"@type\":\"ListItem\",\"position\":2,\"name\":\"Mauro Xavier conclui programa de forma\u00e7\u00e3o executiva em Harvard\"}]},{\"@type\":\"WebSite\",\"@id\":\"https:\/\/portaltela.pt\/#website\",\"url\":\"https:\/\/portaltela.pt\/\",\"name\":\"Portal Tela Portugal\",\"description\":\"\",\"potentialAction\":[{\"@type\":\"SearchAction\",\"target\":{\"@type\":\"EntryPoint\",\"urlTemplate\":\"https:\/\/portaltela.pt\/?s={search_term_string}\"},\"query-input\":{\"@type\":\"PropertyValueSpecification\",\"valueRequired\":true,\"valueName\":\"search_term_string\"}}],\"inLanguage\":\"pt-PT\"},{\"@type\":\"Person\",\"@id\":\"https:\/\/portaltela.pt\/#\/schema\/person\/c4278d4a6028830caff9ee44b42d32ed\",\"name\":\"Telinha\",\"image\":{\"@type\":\"ImageObject\",\"inLanguage\":\"pt-PT\",\"@id\":\"https:\/\/portaltela.pt\/s.01k8rhncp4jt1\/2025\/11\/talking-bot-125x125.png\",\"url\":\"https:\/\/portaltela.pt\/s.01k8rhncp4jt1\/2025\/11\/talking-bot-125x125.png\",\"contentUrl\":\"https:\/\/portaltela.pt\/s.01k8rhncp4jt1\/2025\/11\/talking-bot-125x125.png\",\"caption\":\"Telinha\"},\"sameAs\":[\"https:\/\/portaltela.pt\/\"],\"url\":\"https:\/\/portaltela.pt\/por\/367410592786\/\"}]}<\/script>\n<!-- \/ Yoast SEO plugin. -->","yoast_head_json":{"title":"Mauro Xavier conclui programa de forma\u00e7\u00e3o executiva em Harvard - Portal Tela Portugal","robots":{"index":"index","follow":"follow","max-snippet":"max-snippet:-1","max-image-preview":"max-image-preview:large","max-video-preview":"max-video-preview:-1"},"og_locale":"pt_PT","og_type":"article","og_title":"Mauro Xavier conclui programa de forma\u00e7\u00e3o executiva em Harvard - Portal Tela Portugal","og_description":"Mauro Xavier, administrador da Funda\u00e7\u00e3o Benfica, concluiu uma forma\u00e7\u00e3o executiva na Universidade de Harvard. O Advanced Management Program (AMP) da Harvard Business School \u00e9 destinado a executivos seniores. A edi\u00e7\u00e3o de 2026 contou com mais de 100 participantes de cerca de 40 pa\u00edses. Mauro Xavier tem 48 anos e licenciou-se em Rela\u00e7\u00f5es Internacionais pela Universidade do Minho. O administrador tamb\u00e9m possui especializa\u00e7\u00f5es no INSEAD e na John F. Kennedy School of Government, em Harvard.","og_url":"https:\/\/portaltela.pt\/noticias\/2026\/04\/30\/mauro-xavier-conclui-programa-de-formacao-executiva-em-harvard\/","og_site_name":"Portal Tela Portugal","article_published_time":"2026-04-30T20:02:57+00:00","author":"Telinha","twitter_card":"summary_large_image","twitter_misc":{"Escrito por":"Telinha","Tempo estimado de leitura":"1 minuto"},"schema":{"@context":"https:\/\/schema.org","@graph":[{"@type":"Article","@id":"https:\/\/portaltela.pt\/noticias\/2026\/04\/30\/mauro-xavier-conclui-programa-de-formacao-executiva-em-harvard\/#article","isPartOf":{"@id":"https:\/\/portaltela.pt\/noticias\/2026\/04\/30\/mauro-xavier-conclui-programa-de-formacao-executiva-em-harvard\/"},"author":{"name":"Telinha","@id":"https:\/\/portaltela.pt\/#\/schema\/person\/c4278d4a6028830caff9ee44b42d32ed"},"headline":"Mauro Xavier conclui programa de forma\u00e7\u00e3o executiva em Harvard","datePublished":"2026-04-30T20:02:57+00:00","mainEntityOfPage":{"@id":"https:\/\/portaltela.pt\/noticias\/2026\/04\/30\/mauro-xavier-conclui-programa-de-formacao-executiva-em-harvard\/"},"wordCount":252,"image":{"@id":"https:\/\/portaltela.pt\/noticias\/2026\/04\/30\/mauro-xavier-conclui-programa-de-formacao-executiva-em-harvard\/#primaryimage"},"thumbnailUrl":"https:\/\/portaltela.pt\/s.01k8rhncp4jt1\/2026\/04\/img_920x518uu2026-04-30-20-54-50-2436179.jpg","keywords":["_administra\u00e7\u00e3o p\u00fablica","_educa\u00e7\u00e3o","_Ensino Superior","_rela\u00e7\u00f5es internacionais","_universidades","Funda\u00e7\u00e3o Benfica"],"articleSection":["Neg\u00f3cios","Not\u00edcias"],"inLanguage":"pt-PT"},{"@type":"WebPage","@id":"https:\/\/portaltela.pt\/noticias\/2026\/04\/30\/mauro-xavier-conclui-programa-de-formacao-executiva-em-harvard\/","url":"https:\/\/portaltela.pt\/noticias\/2026\/04\/30\/mauro-xavier-conclui-programa-de-formacao-executiva-em-harvard\/","name":"Mauro Xavier conclui programa de forma\u00e7\u00e3o executiva em Harvard - Portal Tela Portugal","isPartOf":{"@id":"https:\/\/portaltela.pt\/#website"},"primaryImageOfPage":{"@id":"https:\/\/portaltela.pt\/noticias\/2026\/04\/30\/mauro-xavier-conclui-programa-de-formacao-executiva-em-harvard\/#primaryimage"},"image":{"@id":"https:\/\/portaltela.pt\/noticias\/2026\/04\/30\/mauro-xavier-conclui-programa-de-formacao-executiva-em-harvard\/#primaryimage"},"thumbnailUrl":"https:\/\/portaltela.pt\/s.01k8rhncp4jt1\/2026\/04\/img_920x518uu2026-04-30-20-54-50-2436179.jpg","datePublished":"2026-04-30T20:02:57+00:00","author":{"@id":"https:\/\/portaltela.pt\/#\/schema\/person\/c4278d4a6028830caff9ee44b42d32ed"},"breadcrumb":{"@id":"https:\/\/portaltela.pt\/noticias\/2026\/04\/30\/mauro-xavier-conclui-programa-de-formacao-executiva-em-harvard\/#breadcrumb"},"inLanguage":"pt-PT","potentialAction":[{"@type":"ReadAction","target":["https:\/\/portaltela.pt\/noticias\/2026\/04\/30\/mauro-xavier-conclui-programa-de-formacao-executiva-em-harvard\/"]}]},{"@type":"ImageObject","inLanguage":"pt-PT","@id":"https:\/\/portaltela.pt\/noticias\/2026\/04\/30\/mauro-xavier-conclui-programa-de-formacao-executiva-em-harvard\/#primaryimage","url":"https:\/\/portaltela.pt\/s.01k8rhncp4jt1\/2026\/04\/img_920x518uu2026-04-30-20-54-50-2436179.jpg","contentUrl":"https:\/\/portaltela.pt\/s.01k8rhncp4jt1\/2026\/04\/img_920x518uu2026-04-30-20-54-50-2436179.jpg","width":796,"height":448,"caption":"Mauro Xavier completa forma\u00e7\u00e3o executiva na Harvard Business School"},{"@type":"BreadcrumbList","@id":"https:\/\/portaltela.pt\/noticias\/2026\/04\/30\/mauro-xavier-conclui-programa-de-formacao-executiva-em-harvard\/#breadcrumb","itemListElement":[{"@type":"ListItem","position":1,"name":"In\u00edcio","item":"https:\/\/portaltela.pt\/"},{"@type":"ListItem","position":2,"name":"Mauro Xavier conclui programa de forma\u00e7\u00e3o executiva em Harvard"}]},{"@type":"WebSite","@id":"https:\/\/portaltela.pt\/#website","url":"https:\/\/portaltela.pt\/","name":"Portal Tela Portugal","description":"","potentialAction":[{"@type":"SearchAction","target":{"@type":"EntryPoint","urlTemplate":"https:\/\/portaltela.pt\/?s={search_term_string}"},"query-input":{"@type":"PropertyValueSpecification","valueRequired":true,"valueName":"search_term_string"}}],"inLanguage":"pt-PT"},{"@type":"Person","@id":"https:\/\/portaltela.pt\/#\/schema\/person\/c4278d4a6028830caff9ee44b42d32ed","name":"Telinha","image":{"@type":"ImageObject","inLanguage":"pt-PT","@id":"https:\/\/portaltela.pt\/s.01k8rhncp4jt1\/2025\/11\/talking-bot-125x125.png","url":"https:\/\/portaltela.pt\/s.01k8rhncp4jt1\/2025\/11\/talking-bot-125x125.png","contentUrl":"https:\/\/portaltela.pt\/s.01k8rhncp4jt1\/2025\/11\/talking-bot-125x125.png","caption":"Telinha"},"sameAs":["https:\/\/portaltela.pt\/"],"url":"https:\/\/portaltela.pt\/por\/367410592786\/"}]}},"_links":{"self":[{"href":"https:\/\/portaltela.pt\/api\/wp\/v2\/posts\/463082","targetHints":{"allow":["GET"]}}],"collection":[{"href":"https:\/\/portaltela.pt\/api\/wp\/v2\/posts"}],"about":[{"href":"https:\/\/portaltela.pt\/api\/wp\/v2\/types\/post"}],"author":[{"embeddable":true,"href":"https:\/\/portaltela.pt\/api\/wp\/v2\/users\/2"}],"replies":[{"embeddable":true,"href":"https:\/\/portaltela.pt\/api\/wp\/v2\/comments?post=463082"}],"version-history":[{"count":0,"href":"https:\/\/portaltela.pt\/api\/wp\/v2\/posts\/463082\/revisions"}],"wp:featuredmedia":[{"embeddable":true,"href":"https:\/\/portaltela.pt\/api\/wp\/v2\/media\/463083"}],"wp:attachment":[{"href":"https:\/\/portaltela.pt\/api\/wp\/v2\/media?parent=463082"}],"wp:term":[{"taxonomy":"category","embeddable":true,"href":"https:\/\/portaltela.pt\/api\/wp\/v2\/categories?post=463082"},{"taxonomy":"post_tag","embeddable":true,"href":"https:\/\/portaltela.pt\/api\/wp\/v2\/tags?post=463082"}],"curies":[{"name":"wp","href":"https:\/\/api.w.org\/{rel}","templated":true}]}}