{"id":463075,"date":"2026-04-30T16:48:22","date_gmt":"2026-04-30T19:48:22","guid":{"rendered":"https:\/\/portaltela.pt\/noticias\/2026\/04\/30\/tres-portugueses-detidos-por-israel-durante-intercecao-de-flotilha-rumo-a-gaza\/"},"modified":"2026-04-30T16:48:22","modified_gmt":"2026-04-30T19:48:22","slug":"tres-portugueses-detidos-por-israel-durante-intercecao-de-flotilha-rumo-a-gaza","status":"publish","type":"post","link":"https:\/\/portaltela.pt\/geopolitica\/2026\/04\/30\/tres-portugueses-detidos-por-israel-durante-intercecao-de-flotilha-rumo-a-gaza\/","title":{"rendered":"Tr\u00eas portugueses detidos por Israel durante interce\u00e7\u00e3o de flotilha rumo a Gaza"},"content":{"rendered":"<p>O ministro dos Neg\u00f3cios Estrangeiros de Portugal informou que o governo convocou o embaixador de Israel para prestar explica\u00e7\u00f5es sobre a deten\u00e7\u00e3o de tr\u00eas cidad\u00e3os portugueses pela marinha israelita, durante a interce\u00e7\u00e3o de uma flotilha humanit\u00e1ria rumo a Gaza. A a\u00e7\u00e3o ocorreu na madrugada desta quinta-feira, em \u00e1guas internacionais, perto da Gr\u00e9cia, e envolveu v\u00e1rios barcos da miss\u00e3o Global Sumud.<\/p>\n<p>Nuno Gomes, Joana Rocha e Diogo Chaves est\u00e3o entre os participantes detidos. Os portadores da nacionalidade portuguesa seguiam em navios diferentes, sem informa\u00e7\u00f5es atualizadas sobre destino, estado de sa\u00fade ou paragens, segundo a organiza\u00e7\u00e3o da flotilha. Al\u00e9m dos tr\u00eas, havia outros portugueses a bordo, ainda n\u00e3o detidos.<\/p>\n<p>Diogo Chaves j\u00e1 tinha estado detido numa interce\u00e7\u00e3o anterior da mesma flotilha, em outubro de 2025, junto \u00e0 ex-l\u00edder do Bloco de Esquerda Mariana Mort\u00e1gua. Nesta opera\u00e7\u00e3o, o ativista seguia com a delega\u00e7\u00e3o holandesa, segundo informa\u00e7\u00f5es da mobiliza\u00e7\u00e3o.<\/p>\n<h3>Deten\u00e7\u00e3o e respostas oficiais<\/h3>\n<p>A organiza\u00e7\u00e3o da Flotilha afirmou que a interven\u00e7\u00e3o violou o direito internacional, especialmente a liberdade de navega\u00e7\u00e3o e a prote\u00e7\u00e3o de miss\u00f5es humanit\u00e1rias, e pediu condena\u00e7\u00e3o p\u00fablica por parte de Portugal e da Uni\u00e3o Europeia, bem como uma investiga\u00e7\u00e3o internacional. As comunica\u00e7\u00f5es dos barcos teriam sido bloqueadas durante a interce\u00e7\u00e3o.<\/p>\n<p>O Minist\u00e9rio dos Neg\u00f3cios Estrangeiros de Israel indicou que cerca de 175 ativistas de mais de 20 barcos seriam transferidos para a Gr\u00e9cia, em coordena\u00e7\u00e3o com as autoridades gregas, embora a situa\u00e7\u00e3o ainda esteja em avalia\u00e7\u00e3o por parte das fam\u00edlias e dos organizadores.<\/p>\n<h3>Rea\u00e7\u00f5es internacionais<\/h3>\n<p>O ministro turco dos Neg\u00f3cios Estrangeiros classificou as deten\u00e7\u00f5es como um ato de pirataria. Espanha convocou o embaixador israelita em Madrid para condenar a interce\u00e7\u00e3o e pediu respeito pelo direito internacional. It\u00e1lia e Alemanha acompanharam o sucedido com grande preocupa\u00e7\u00e3o.<\/p>\n","protected":false},"excerpt":{"rendered":"<ul>\n<li>Tr\u00eas portugueses \u2014 Nuno Gomes, Joana Rocha e Diogo Chaves \u2014 foram detidos pela Marinha israelita durante a interce\u00e7\u00e3o da Flotilha humanit\u00e1ria Global Sumud, a caminho de Gaza, na madrugada de quinta-feira.<\/li>\n<li>A opera\u00e7\u00e3o ocorreu ao largo da costa da Gr\u00e9cia; a marinha apreendeu alguns barcos e outros portugueses a bordo n\u00e3o foram detidos at\u00e9 ao momento, com destino e estado de sa\u00fade ainda desconhecidos.<\/li>\n<li>A organiza\u00e7\u00e3o da Flotilha descreve a a\u00e7\u00e3o como viola\u00e7\u00e3o do Direito Internacional, pedindo condena\u00e7\u00e3o p\u00fablica por Portugal e pela Uni\u00e3o Europeia e a abertura de uma investiga\u00e7\u00e3o internacional.<\/li>\n<li>Diogo Chaves j\u00e1 tinha sido detido numa interce\u00e7\u00e3o anterior da Flotilha, em outubro de 2025; desta vez seguia junto da delega\u00e7\u00e3o holandesa.<\/li>\n<li>O governo portugu\u00eas convocou o embaixador de Israel para prestar explica\u00e7\u00f5es; as autoridades consulares portuguesas est\u00e3o preparadas para acolher os ativistas em Gr\u00e9cia ou em Israel.<\/li>\n<\/ul>\n","protected":false},"author":2,"featured_media":463078,"comment_status":"closed","ping_status":"closed","sticky":false,"template":"","format":"standard","meta":{"footnotes":""},"categories":[6814],"tags":[7914,10066,8960,8191,8431,8062],"class_list":["post-463075","post","type-post","status-publish","format-standard","has-post-thumbnail","hentry","category-geopolitica","tag-_direitos-humanos","tag-_direitos-internacionais","tag-_grecia","tag-_israel","tag-_organizacoes-internacionais","tag-_portugal"],"yoast_head":"<!-- This site is optimized with the Yoast SEO plugin v27.2 - https:\/\/yoast.com\/product\/yoast-seo-wordpress\/ -->\n<title>Tr\u00eas portugueses detidos por Israel durante interce\u00e7\u00e3o de flotilha rumo a Gaza - Portal Tela Portugal<\/title>\n<meta name=\"robots\" content=\"index, follow, max-snippet:-1, max-image-preview:large, max-video-preview:-1\" \/>\n<meta property=\"og:locale\" content=\"pt_PT\" \/>\n<meta property=\"og:type\" content=\"article\" \/>\n<meta property=\"og:title\" content=\"Tr\u00eas portugueses detidos por Israel durante interce\u00e7\u00e3o de flotilha rumo a Gaza - Portal Tela Portugal\" \/>\n<meta property=\"og:description\" content=\"Tr\u00eas portugueses \u2014 Nuno Gomes, Joana Rocha e Diogo Chaves \u2014 foram detidos pela Marinha israelita durante a interce\u00e7\u00e3o da Flotilha humanit\u00e1ria Global Sumud, a caminho de Gaza, na madrugada de quinta-feira. A opera\u00e7\u00e3o ocorreu ao largo da costa da Gr\u00e9cia; a marinha apreendeu alguns barcos e outros portugueses a bordo n\u00e3o foram detidos at\u00e9 ao momento, com destino e estado de sa\u00fade ainda desconhecidos. A organiza\u00e7\u00e3o da Flotilha descreve a a\u00e7\u00e3o como viola\u00e7\u00e3o do Direito Internacional, pedindo condena\u00e7\u00e3o p\u00fablica por Portugal e pela Uni\u00e3o Europeia e a abertura de uma investiga\u00e7\u00e3o internacional. Diogo Chaves j\u00e1 tinha sido detido numa interce\u00e7\u00e3o anterior da Flotilha, em outubro de 2025; desta vez seguia junto da delega\u00e7\u00e3o holandesa. O governo portugu\u00eas convocou o embaixador de Israel para prestar explica\u00e7\u00f5es; as autoridades consulares portuguesas est\u00e3o preparadas para acolher os ativistas em Gr\u00e9cia ou em Israel.\" \/>\n<meta property=\"og:url\" content=\"https:\/\/portaltela.pt\/noticias\/2026\/04\/30\/tres-portugueses-detidos-por-israel-durante-intercecao-de-flotilha-rumo-a-gaza\/\" \/>\n<meta property=\"og:site_name\" content=\"Portal Tela Portugal\" \/>\n<meta property=\"article:published_time\" content=\"2026-04-30T19:48:22+00:00\" \/>\n<meta name=\"author\" content=\"Telinha\" \/>\n<meta name=\"twitter:card\" content=\"summary_large_image\" \/>\n<meta name=\"twitter:label1\" content=\"Escrito por\" \/>\n\t<meta name=\"twitter:data1\" content=\"Telinha\" \/>\n\t<meta name=\"twitter:label2\" content=\"Tempo estimado de leitura\" \/>\n\t<meta name=\"twitter:data2\" content=\"2 minutos\" \/>\n<script type=\"application\/ld+json\" class=\"yoast-schema-graph\">{\"@context\":\"https:\/\/schema.org\",\"@graph\":[{\"@type\":\"Article\",\"@id\":\"https:\/\/portaltela.pt\/noticias\/2026\/04\/30\/tres-portugueses-detidos-por-israel-durante-intercecao-de-flotilha-rumo-a-gaza\/#article\",\"isPartOf\":{\"@id\":\"https:\/\/portaltela.pt\/noticias\/2026\/04\/30\/tres-portugueses-detidos-por-israel-durante-intercecao-de-flotilha-rumo-a-gaza\/\"},\"author\":{\"name\":\"Telinha\",\"@id\":\"https:\/\/portaltela.pt\/#\/schema\/person\/c4278d4a6028830caff9ee44b42d32ed\"},\"headline\":\"Tr\u00eas portugueses detidos por Israel durante interce\u00e7\u00e3o de flotilha rumo a Gaza\",\"datePublished\":\"2026-04-30T19:48:22+00:00\",\"mainEntityOfPage\":{\"@id\":\"https:\/\/portaltela.pt\/noticias\/2026\/04\/30\/tres-portugueses-detidos-por-israel-durante-intercecao-de-flotilha-rumo-a-gaza\/\"},\"wordCount\":345,\"image\":{\"@id\":\"https:\/\/portaltela.pt\/noticias\/2026\/04\/30\/tres-portugueses-detidos-por-israel-durante-intercecao-de-flotilha-rumo-a-gaza\/#primaryimage\"},\"thumbnailUrl\":\"https:\/\/portaltela.pt\/s.01k8rhncp4jt1\/2026\/04\/img_1280x721uu2026-04-30-20-27-37-2282112-im-639131780931777103.jpg\",\"keywords\":[\"_direitos humanos\",\"_direitos internacionais\",\"_Gr\u00e9cia\",\"_Israel\",\"_organiza\u00e7\u00f5es internacionais\",\"_Portugal\"],\"articleSection\":[\"Geopol\u00edtica\"],\"inLanguage\":\"pt-PT\"},{\"@type\":\"WebPage\",\"@id\":\"https:\/\/portaltela.pt\/noticias\/2026\/04\/30\/tres-portugueses-detidos-por-israel-durante-intercecao-de-flotilha-rumo-a-gaza\/\",\"url\":\"https:\/\/portaltela.pt\/noticias\/2026\/04\/30\/tres-portugueses-detidos-por-israel-durante-intercecao-de-flotilha-rumo-a-gaza\/\",\"name\":\"Tr\u00eas portugueses detidos por Israel durante interce\u00e7\u00e3o de flotilha rumo a Gaza - Portal Tela Portugal\",\"isPartOf\":{\"@id\":\"https:\/\/portaltela.pt\/#website\"},\"primaryImageOfPage\":{\"@id\":\"https:\/\/portaltela.pt\/noticias\/2026\/04\/30\/tres-portugueses-detidos-por-israel-durante-intercecao-de-flotilha-rumo-a-gaza\/#primaryimage\"},\"image\":{\"@id\":\"https:\/\/portaltela.pt\/noticias\/2026\/04\/30\/tres-portugueses-detidos-por-israel-durante-intercecao-de-flotilha-rumo-a-gaza\/#primaryimage\"},\"thumbnailUrl\":\"https:\/\/portaltela.pt\/s.01k8rhncp4jt1\/2026\/04\/img_1280x721uu2026-04-30-20-27-37-2282112-im-639131780931777103.jpg\",\"datePublished\":\"2026-04-30T19:48:22+00:00\",\"author\":{\"@id\":\"https:\/\/portaltela.pt\/#\/schema\/person\/c4278d4a6028830caff9ee44b42d32ed\"},\"breadcrumb\":{\"@id\":\"https:\/\/portaltela.pt\/noticias\/2026\/04\/30\/tres-portugueses-detidos-por-israel-durante-intercecao-de-flotilha-rumo-a-gaza\/#breadcrumb\"},\"inLanguage\":\"pt-PT\",\"potentialAction\":[{\"@type\":\"ReadAction\",\"target\":[\"https:\/\/portaltela.pt\/noticias\/2026\/04\/30\/tres-portugueses-detidos-por-israel-durante-intercecao-de-flotilha-rumo-a-gaza\/\"]}]},{\"@type\":\"ImageObject\",\"inLanguage\":\"pt-PT\",\"@id\":\"https:\/\/portaltela.pt\/noticias\/2026\/04\/30\/tres-portugueses-detidos-por-israel-durante-intercecao-de-flotilha-rumo-a-gaza\/#primaryimage\",\"url\":\"https:\/\/portaltela.pt\/s.01k8rhncp4jt1\/2026\/04\/img_1280x721uu2026-04-30-20-27-37-2282112-im-639131780931777103.jpg\",\"contentUrl\":\"https:\/\/portaltela.pt\/s.01k8rhncp4jt1\/2026\/04\/img_1280x721uu2026-04-30-20-27-37-2282112-im-639131780931777103.jpg\",\"width\":1280,\"height\":721,\"caption\":\"Photo\"},{\"@type\":\"BreadcrumbList\",\"@id\":\"https:\/\/portaltela.pt\/noticias\/2026\/04\/30\/tres-portugueses-detidos-por-israel-durante-intercecao-de-flotilha-rumo-a-gaza\/#breadcrumb\",\"itemListElement\":[{\"@type\":\"ListItem\",\"position\":1,\"name\":\"In\u00edcio\",\"item\":\"https:\/\/portaltela.pt\/\"},{\"@type\":\"ListItem\",\"position\":2,\"name\":\"Tr\u00eas portugueses detidos por Israel durante interce\u00e7\u00e3o de flotilha rumo a Gaza\"}]},{\"@type\":\"WebSite\",\"@id\":\"https:\/\/portaltela.pt\/#website\",\"url\":\"https:\/\/portaltela.pt\/\",\"name\":\"Portal Tela Portugal\",\"description\":\"\",\"potentialAction\":[{\"@type\":\"SearchAction\",\"target\":{\"@type\":\"EntryPoint\",\"urlTemplate\":\"https:\/\/portaltela.pt\/?s={search_term_string}\"},\"query-input\":{\"@type\":\"PropertyValueSpecification\",\"valueRequired\":true,\"valueName\":\"search_term_string\"}}],\"inLanguage\":\"pt-PT\"},{\"@type\":\"Person\",\"@id\":\"https:\/\/portaltela.pt\/#\/schema\/person\/c4278d4a6028830caff9ee44b42d32ed\",\"name\":\"Telinha\",\"image\":{\"@type\":\"ImageObject\",\"inLanguage\":\"pt-PT\",\"@id\":\"https:\/\/portaltela.pt\/s.01k8rhncp4jt1\/2025\/11\/talking-bot-125x125.png\",\"url\":\"https:\/\/portaltela.pt\/s.01k8rhncp4jt1\/2025\/11\/talking-bot-125x125.png\",\"contentUrl\":\"https:\/\/portaltela.pt\/s.01k8rhncp4jt1\/2025\/11\/talking-bot-125x125.png\",\"caption\":\"Telinha\"},\"sameAs\":[\"https:\/\/portaltela.pt\/\"],\"url\":\"https:\/\/portaltela.pt\/por\/367410592786\/\"}]}<\/script>\n<!-- \/ Yoast SEO plugin. -->","yoast_head_json":{"title":"Tr\u00eas portugueses detidos por Israel durante interce\u00e7\u00e3o de flotilha rumo a Gaza - Portal Tela Portugal","robots":{"index":"index","follow":"follow","max-snippet":"max-snippet:-1","max-image-preview":"max-image-preview:large","max-video-preview":"max-video-preview:-1"},"og_locale":"pt_PT","og_type":"article","og_title":"Tr\u00eas portugueses detidos por Israel durante interce\u00e7\u00e3o de flotilha rumo a Gaza - Portal Tela Portugal","og_description":"Tr\u00eas portugueses \u2014 Nuno Gomes, Joana Rocha e Diogo Chaves \u2014 foram detidos pela Marinha israelita durante a interce\u00e7\u00e3o da Flotilha humanit\u00e1ria Global Sumud, a caminho de Gaza, na madrugada de quinta-feira. A opera\u00e7\u00e3o ocorreu ao largo da costa da Gr\u00e9cia; a marinha apreendeu alguns barcos e outros portugueses a bordo n\u00e3o foram detidos at\u00e9 ao momento, com destino e estado de sa\u00fade ainda desconhecidos. A organiza\u00e7\u00e3o da Flotilha descreve a a\u00e7\u00e3o como viola\u00e7\u00e3o do Direito Internacional, pedindo condena\u00e7\u00e3o p\u00fablica por Portugal e pela Uni\u00e3o Europeia e a abertura de uma investiga\u00e7\u00e3o internacional. Diogo Chaves j\u00e1 tinha sido detido numa interce\u00e7\u00e3o anterior da Flotilha, em outubro de 2025; desta vez seguia junto da delega\u00e7\u00e3o holandesa. O governo portugu\u00eas convocou o embaixador de Israel para prestar explica\u00e7\u00f5es; as autoridades consulares portuguesas est\u00e3o preparadas para acolher os ativistas em Gr\u00e9cia ou em Israel.","og_url":"https:\/\/portaltela.pt\/noticias\/2026\/04\/30\/tres-portugueses-detidos-por-israel-durante-intercecao-de-flotilha-rumo-a-gaza\/","og_site_name":"Portal Tela Portugal","article_published_time":"2026-04-30T19:48:22+00:00","author":"Telinha","twitter_card":"summary_large_image","twitter_misc":{"Escrito por":"Telinha","Tempo estimado de leitura":"2 minutos"},"schema":{"@context":"https:\/\/schema.org","@graph":[{"@type":"Article","@id":"https:\/\/portaltela.pt\/noticias\/2026\/04\/30\/tres-portugueses-detidos-por-israel-durante-intercecao-de-flotilha-rumo-a-gaza\/#article","isPartOf":{"@id":"https:\/\/portaltela.pt\/noticias\/2026\/04\/30\/tres-portugueses-detidos-por-israel-durante-intercecao-de-flotilha-rumo-a-gaza\/"},"author":{"name":"Telinha","@id":"https:\/\/portaltela.pt\/#\/schema\/person\/c4278d4a6028830caff9ee44b42d32ed"},"headline":"Tr\u00eas portugueses detidos por Israel durante interce\u00e7\u00e3o de flotilha rumo a Gaza","datePublished":"2026-04-30T19:48:22+00:00","mainEntityOfPage":{"@id":"https:\/\/portaltela.pt\/noticias\/2026\/04\/30\/tres-portugueses-detidos-por-israel-durante-intercecao-de-flotilha-rumo-a-gaza\/"},"wordCount":345,"image":{"@id":"https:\/\/portaltela.pt\/noticias\/2026\/04\/30\/tres-portugueses-detidos-por-israel-durante-intercecao-de-flotilha-rumo-a-gaza\/#primaryimage"},"thumbnailUrl":"https:\/\/portaltela.pt\/s.01k8rhncp4jt1\/2026\/04\/img_1280x721uu2026-04-30-20-27-37-2282112-im-639131780931777103.jpg","keywords":["_direitos humanos","_direitos internacionais","_Gr\u00e9cia","_Israel","_organiza\u00e7\u00f5es internacionais","_Portugal"],"articleSection":["Geopol\u00edtica"],"inLanguage":"pt-PT"},{"@type":"WebPage","@id":"https:\/\/portaltela.pt\/noticias\/2026\/04\/30\/tres-portugueses-detidos-por-israel-durante-intercecao-de-flotilha-rumo-a-gaza\/","url":"https:\/\/portaltela.pt\/noticias\/2026\/04\/30\/tres-portugueses-detidos-por-israel-durante-intercecao-de-flotilha-rumo-a-gaza\/","name":"Tr\u00eas portugueses detidos por Israel durante interce\u00e7\u00e3o de flotilha rumo a Gaza - Portal Tela Portugal","isPartOf":{"@id":"https:\/\/portaltela.pt\/#website"},"primaryImageOfPage":{"@id":"https:\/\/portaltela.pt\/noticias\/2026\/04\/30\/tres-portugueses-detidos-por-israel-durante-intercecao-de-flotilha-rumo-a-gaza\/#primaryimage"},"image":{"@id":"https:\/\/portaltela.pt\/noticias\/2026\/04\/30\/tres-portugueses-detidos-por-israel-durante-intercecao-de-flotilha-rumo-a-gaza\/#primaryimage"},"thumbnailUrl":"https:\/\/portaltela.pt\/s.01k8rhncp4jt1\/2026\/04\/img_1280x721uu2026-04-30-20-27-37-2282112-im-639131780931777103.jpg","datePublished":"2026-04-30T19:48:22+00:00","author":{"@id":"https:\/\/portaltela.pt\/#\/schema\/person\/c4278d4a6028830caff9ee44b42d32ed"},"breadcrumb":{"@id":"https:\/\/portaltela.pt\/noticias\/2026\/04\/30\/tres-portugueses-detidos-por-israel-durante-intercecao-de-flotilha-rumo-a-gaza\/#breadcrumb"},"inLanguage":"pt-PT","potentialAction":[{"@type":"ReadAction","target":["https:\/\/portaltela.pt\/noticias\/2026\/04\/30\/tres-portugueses-detidos-por-israel-durante-intercecao-de-flotilha-rumo-a-gaza\/"]}]},{"@type":"ImageObject","inLanguage":"pt-PT","@id":"https:\/\/portaltela.pt\/noticias\/2026\/04\/30\/tres-portugueses-detidos-por-israel-durante-intercecao-de-flotilha-rumo-a-gaza\/#primaryimage","url":"https:\/\/portaltela.pt\/s.01k8rhncp4jt1\/2026\/04\/img_1280x721uu2026-04-30-20-27-37-2282112-im-639131780931777103.jpg","contentUrl":"https:\/\/portaltela.pt\/s.01k8rhncp4jt1\/2026\/04\/img_1280x721uu2026-04-30-20-27-37-2282112-im-639131780931777103.jpg","width":1280,"height":721,"caption":"Photo"},{"@type":"BreadcrumbList","@id":"https:\/\/portaltela.pt\/noticias\/2026\/04\/30\/tres-portugueses-detidos-por-israel-durante-intercecao-de-flotilha-rumo-a-gaza\/#breadcrumb","itemListElement":[{"@type":"ListItem","position":1,"name":"In\u00edcio","item":"https:\/\/portaltela.pt\/"},{"@type":"ListItem","position":2,"name":"Tr\u00eas portugueses detidos por Israel durante interce\u00e7\u00e3o de flotilha rumo a Gaza"}]},{"@type":"WebSite","@id":"https:\/\/portaltela.pt\/#website","url":"https:\/\/portaltela.pt\/","name":"Portal Tela Portugal","description":"","potentialAction":[{"@type":"SearchAction","target":{"@type":"EntryPoint","urlTemplate":"https:\/\/portaltela.pt\/?s={search_term_string}"},"query-input":{"@type":"PropertyValueSpecification","valueRequired":true,"valueName":"search_term_string"}}],"inLanguage":"pt-PT"},{"@type":"Person","@id":"https:\/\/portaltela.pt\/#\/schema\/person\/c4278d4a6028830caff9ee44b42d32ed","name":"Telinha","image":{"@type":"ImageObject","inLanguage":"pt-PT","@id":"https:\/\/portaltela.pt\/s.01k8rhncp4jt1\/2025\/11\/talking-bot-125x125.png","url":"https:\/\/portaltela.pt\/s.01k8rhncp4jt1\/2025\/11\/talking-bot-125x125.png","contentUrl":"https:\/\/portaltela.pt\/s.01k8rhncp4jt1\/2025\/11\/talking-bot-125x125.png","caption":"Telinha"},"sameAs":["https:\/\/portaltela.pt\/"],"url":"https:\/\/portaltela.pt\/por\/367410592786\/"}]}},"_links":{"self":[{"href":"https:\/\/portaltela.pt\/api\/wp\/v2\/posts\/463075","targetHints":{"allow":["GET"]}}],"collection":[{"href":"https:\/\/portaltela.pt\/api\/wp\/v2\/posts"}],"about":[{"href":"https:\/\/portaltela.pt\/api\/wp\/v2\/types\/post"}],"author":[{"embeddable":true,"href":"https:\/\/portaltela.pt\/api\/wp\/v2\/users\/2"}],"replies":[{"embeddable":true,"href":"https:\/\/portaltela.pt\/api\/wp\/v2\/comments?post=463075"}],"version-history":[{"count":0,"href":"https:\/\/portaltela.pt\/api\/wp\/v2\/posts\/463075\/revisions"}],"wp:featuredmedia":[{"embeddable":true,"href":"https:\/\/portaltela.pt\/api\/wp\/v2\/media\/463078"}],"wp:attachment":[{"href":"https:\/\/portaltela.pt\/api\/wp\/v2\/media?parent=463075"}],"wp:term":[{"taxonomy":"category","embeddable":true,"href":"https:\/\/portaltela.pt\/api\/wp\/v2\/categories?post=463075"},{"taxonomy":"post_tag","embeddable":true,"href":"https:\/\/portaltela.pt\/api\/wp\/v2\/tags?post=463075"}],"curies":[{"name":"wp","href":"https:\/\/api.w.org\/{rel}","templated":true}]}}