{"id":463068,"date":"2026-04-30T16:47:59","date_gmt":"2026-04-30T19:47:59","guid":{"rendered":"https:\/\/portaltela.pt\/noticias\/2026\/04\/30\/planeamento-da-possivel-festa-do-fc-porto-junto-ao-dragao-avanca\/"},"modified":"2026-04-30T16:47:59","modified_gmt":"2026-04-30T19:47:59","slug":"planeamento-da-possivel-festa-do-fc-porto-junto-ao-dragao-avanca","status":"publish","type":"post","link":"https:\/\/portaltela.pt\/desporto\/futebol\/2026\/04\/30\/planeamento-da-possivel-festa-do-fc-porto-junto-ao-dragao-avanca\/","title":{"rendered":"Planeamento da poss\u00edvel festa do FC Porto junto ao Drag\u00e3o avan\u00e7a"},"content":{"rendered":"<p>O planeamento de uma poss\u00edvel festa de celebra\u00e7\u00e3o do t\u00edtulo do FC Porto, prevista para o Est\u00e1dio do Drag\u00e3o neste s\u00e1bado, est\u00e1 a ganhar contornos mais reais. A iniciativa decorre ap\u00f3s a confirma\u00e7\u00e3o da Monumental Serenata da Queima das Fitas do Porto na Avenida dos Aliados.<\/p>\n<p>De acordo com informa\u00e7\u00f5es recolhidas pela Record, est\u00e3o em curso contactos entre as entidades respons\u00e1veis, nomeadamente a C\u00e2mara Municipal do Porto e a Pol\u00edcia de Seguran\u00e7a P\u00fablica. O objetivo \u00e9 prevenir e gerir o evento, mantendo a seguran\u00e7a de f\u00e3s e p\u00fablico em geral.<\/p>\n<p>A poss\u00edvel cerim\u00f3nia dever\u00e1 juntar o plantel dos drag\u00f5es a milhares de adeptos que se estimam junto ao est\u00e1dio, caso o t\u00edtulo seja confirmado. Em \u00e9pocas anteriores, as celebra\u00e7\u00f5es envolveram o exterior do Drag\u00e3o e, noutras, estruturas montadas no interior para acolher festejos dos jogadores.<\/p>\n<p>Os detalhes log\u00edsticos, incluindo hor\u00e1rios, regras de acesso e medidas de incitamento \u00e0 calma, dever\u00e3o ser definidos em breve pelas autoridades competentes, em coordena\u00e7\u00e3o com o clube. O objetivo \u00e9 evitar epis\u00f3dios de confus\u00e3o e garantir uma festa ordeira, conforme a planifica\u00e7\u00e3o em curso.<\/p>\n","protected":false},"excerpt":{"rendered":"<ul>\n<li>O planeamento de uma poss\u00edvel festa do t\u00edtulo do FC Porto no Est\u00e1dio do Drag\u00e3o ganha contornos para este s\u00e1bado, ap\u00f3s a confirma\u00e7\u00e3o da Monumental Serenata da Queima das Fitas na Avenida dos Aliados.<\/li>\n<li>Entidades respons\u00e1veis, designadamente a C\u00e2mara Municipal do Porto e a Pol\u00edcia de Seguran\u00e7a P\u00fablica, t\u00eam mantido contactos para prevenir celebra\u00e7\u00f5es.<\/li>\n<li>Prev\u00ea-se, \u00e0 semelhan\u00e7a de anteriores ocasi\u00f5es, um momento de comunh\u00e3o entre o plantel e os adeptos junto ao exterior do recinto, caso o t\u00edtulo se confirme.<\/li>\n<li>Em anos anteriores, as celebra\u00e7\u00f5es passaram pela varanda do Drag\u00e3o ou por uma estrutura acima do cogumelo, para festejar junto dos adeptos.<\/li>\n<li>A informa\u00e7\u00e3o \u00e9 recolhida pela Record.<\/li>\n<\/ul>\n","protected":false},"author":2,"featured_media":463069,"comment_status":"closed","ping_status":"closed","sticky":false,"template":"","format":"standard","meta":{"footnotes":""},"categories":[21,24],"tags":[2533,5449,2028,5468,3418,982],"class_list":["post-463068","post","type-post","status-publish","format-standard","has-post-thumbnail","hentry","category-desporto","category-futebol","tag-adeptos","tag-camara-municipal","tag-fc-porto","tag-festa","tag-policia-de-seguranca-publica","tag-porto"],"yoast_head":"<!-- This site is optimized with the Yoast SEO plugin v27.2 - https:\/\/yoast.com\/product\/yoast-seo-wordpress\/ -->\n<title>Planeamento da poss\u00edvel festa do FC Porto junto ao Drag\u00e3o avan\u00e7a - Portal Tela Portugal<\/title>\n<meta name=\"robots\" content=\"index, follow, max-snippet:-1, max-image-preview:large, max-video-preview:-1\" \/>\n<meta property=\"og:locale\" content=\"pt_PT\" \/>\n<meta property=\"og:type\" content=\"article\" \/>\n<meta property=\"og:title\" content=\"Planeamento da poss\u00edvel festa do FC Porto junto ao Drag\u00e3o avan\u00e7a - Portal Tela Portugal\" \/>\n<meta property=\"og:description\" content=\"O planeamento de uma poss\u00edvel festa do t\u00edtulo do FC Porto no Est\u00e1dio do Drag\u00e3o ganha contornos para este s\u00e1bado, ap\u00f3s a confirma\u00e7\u00e3o da Monumental Serenata da Queima das Fitas na Avenida dos Aliados. Entidades respons\u00e1veis, designadamente a C\u00e2mara Municipal do Porto e a Pol\u00edcia de Seguran\u00e7a P\u00fablica, t\u00eam mantido contactos para prevenir celebra\u00e7\u00f5es. Prev\u00ea-se, \u00e0 semelhan\u00e7a de anteriores ocasi\u00f5es, um momento de comunh\u00e3o entre o plantel e os adeptos junto ao exterior do recinto, caso o t\u00edtulo se confirme. Em anos anteriores, as celebra\u00e7\u00f5es passaram pela varanda do Drag\u00e3o ou por uma estrutura acima do cogumelo, para festejar junto dos adeptos. A informa\u00e7\u00e3o \u00e9 recolhida pela Record.\" \/>\n<meta property=\"og:url\" content=\"https:\/\/portaltela.pt\/noticias\/2026\/04\/30\/planeamento-da-possivel-festa-do-fc-porto-junto-ao-dragao-avanca\/\" \/>\n<meta property=\"og:site_name\" content=\"Portal Tela Portugal\" \/>\n<meta property=\"article:published_time\" content=\"2026-04-30T19:47:59+00:00\" \/>\n<meta name=\"author\" content=\"Telinha\" \/>\n<meta name=\"twitter:card\" content=\"summary_large_image\" \/>\n<meta name=\"twitter:label1\" content=\"Escrito por\" \/>\n\t<meta name=\"twitter:data1\" content=\"Telinha\" \/>\n\t<meta name=\"twitter:label2\" content=\"Tempo estimado de leitura\" \/>\n\t<meta name=\"twitter:data2\" content=\"1 minuto\" \/>\n<script type=\"application\/ld+json\" class=\"yoast-schema-graph\">{\"@context\":\"https:\/\/schema.org\",\"@graph\":[{\"@type\":\"Article\",\"@id\":\"https:\/\/portaltela.pt\/noticias\/2026\/04\/30\/planeamento-da-possivel-festa-do-fc-porto-junto-ao-dragao-avanca\/#article\",\"isPartOf\":{\"@id\":\"https:\/\/portaltela.pt\/noticias\/2026\/04\/30\/planeamento-da-possivel-festa-do-fc-porto-junto-ao-dragao-avanca\/\"},\"author\":{\"name\":\"Telinha\",\"@id\":\"https:\/\/portaltela.pt\/#\/schema\/person\/c4278d4a6028830caff9ee44b42d32ed\"},\"headline\":\"Planeamento da poss\u00edvel festa do FC Porto junto ao Drag\u00e3o avan\u00e7a\",\"datePublished\":\"2026-04-30T19:47:59+00:00\",\"mainEntityOfPage\":{\"@id\":\"https:\/\/portaltela.pt\/noticias\/2026\/04\/30\/planeamento-da-possivel-festa-do-fc-porto-junto-ao-dragao-avanca\/\"},\"wordCount\":222,\"image\":{\"@id\":\"https:\/\/portaltela.pt\/noticias\/2026\/04\/30\/planeamento-da-possivel-festa-do-fc-porto-junto-ao-dragao-avanca\/#primaryimage\"},\"thumbnailUrl\":\"https:\/\/portaltela.pt\/s.01k8rhncp4jt1\/2026\/04\/img_920x518uu2026-04-30-20-31-02-2436168-im-639131778985861795.jpg\",\"keywords\":[\"adeptos\",\"C\u00e2mara Municipal\",\"FC Porto\",\"festa\",\"Pol\u00edcia de Seguran\u00e7a P\u00fablica\",\"Porto\"],\"articleSection\":[\"Desporto\",\"Futebol\"],\"inLanguage\":\"pt-PT\"},{\"@type\":\"WebPage\",\"@id\":\"https:\/\/portaltela.pt\/noticias\/2026\/04\/30\/planeamento-da-possivel-festa-do-fc-porto-junto-ao-dragao-avanca\/\",\"url\":\"https:\/\/portaltela.pt\/noticias\/2026\/04\/30\/planeamento-da-possivel-festa-do-fc-porto-junto-ao-dragao-avanca\/\",\"name\":\"Planeamento da poss\u00edvel festa do FC Porto junto ao Drag\u00e3o avan\u00e7a - Portal Tela Portugal\",\"isPartOf\":{\"@id\":\"https:\/\/portaltela.pt\/#website\"},\"primaryImageOfPage\":{\"@id\":\"https:\/\/portaltela.pt\/noticias\/2026\/04\/30\/planeamento-da-possivel-festa-do-fc-porto-junto-ao-dragao-avanca\/#primaryimage\"},\"image\":{\"@id\":\"https:\/\/portaltela.pt\/noticias\/2026\/04\/30\/planeamento-da-possivel-festa-do-fc-porto-junto-ao-dragao-avanca\/#primaryimage\"},\"thumbnailUrl\":\"https:\/\/portaltela.pt\/s.01k8rhncp4jt1\/2026\/04\/img_920x518uu2026-04-30-20-31-02-2436168-im-639131778985861795.jpg\",\"datePublished\":\"2026-04-30T19:47:59+00:00\",\"author\":{\"@id\":\"https:\/\/portaltela.pt\/#\/schema\/person\/c4278d4a6028830caff9ee44b42d32ed\"},\"breadcrumb\":{\"@id\":\"https:\/\/portaltela.pt\/noticias\/2026\/04\/30\/planeamento-da-possivel-festa-do-fc-porto-junto-ao-dragao-avanca\/#breadcrumb\"},\"inLanguage\":\"pt-PT\",\"potentialAction\":[{\"@type\":\"ReadAction\",\"target\":[\"https:\/\/portaltela.pt\/noticias\/2026\/04\/30\/planeamento-da-possivel-festa-do-fc-porto-junto-ao-dragao-avanca\/\"]}]},{\"@type\":\"ImageObject\",\"inLanguage\":\"pt-PT\",\"@id\":\"https:\/\/portaltela.pt\/noticias\/2026\/04\/30\/planeamento-da-possivel-festa-do-fc-porto-junto-ao-dragao-avanca\/#primaryimage\",\"url\":\"https:\/\/portaltela.pt\/s.01k8rhncp4jt1\/2026\/04\/img_920x518uu2026-04-30-20-31-02-2436168-im-639131778985861795.jpg\",\"contentUrl\":\"https:\/\/portaltela.pt\/s.01k8rhncp4jt1\/2026\/04\/img_920x518uu2026-04-30-20-31-02-2436168-im-639131778985861795.jpg\",\"width\":796,\"height\":448,\"caption\":\"Adeptos do FC Porto festejam junto ao Est\u00e1dio do Drag\u00e3o.\"},{\"@type\":\"BreadcrumbList\",\"@id\":\"https:\/\/portaltela.pt\/noticias\/2026\/04\/30\/planeamento-da-possivel-festa-do-fc-porto-junto-ao-dragao-avanca\/#breadcrumb\",\"itemListElement\":[{\"@type\":\"ListItem\",\"position\":1,\"name\":\"In\u00edcio\",\"item\":\"https:\/\/portaltela.pt\/\"},{\"@type\":\"ListItem\",\"position\":2,\"name\":\"Planeamento da poss\u00edvel festa do FC Porto junto ao Drag\u00e3o avan\u00e7a\"}]},{\"@type\":\"WebSite\",\"@id\":\"https:\/\/portaltela.pt\/#website\",\"url\":\"https:\/\/portaltela.pt\/\",\"name\":\"Portal Tela Portugal\",\"description\":\"\",\"potentialAction\":[{\"@type\":\"SearchAction\",\"target\":{\"@type\":\"EntryPoint\",\"urlTemplate\":\"https:\/\/portaltela.pt\/?s={search_term_string}\"},\"query-input\":{\"@type\":\"PropertyValueSpecification\",\"valueRequired\":true,\"valueName\":\"search_term_string\"}}],\"inLanguage\":\"pt-PT\"},{\"@type\":\"Person\",\"@id\":\"https:\/\/portaltela.pt\/#\/schema\/person\/c4278d4a6028830caff9ee44b42d32ed\",\"name\":\"Telinha\",\"image\":{\"@type\":\"ImageObject\",\"inLanguage\":\"pt-PT\",\"@id\":\"https:\/\/portaltela.pt\/s.01k8rhncp4jt1\/2025\/11\/talking-bot-125x125.png\",\"url\":\"https:\/\/portaltela.pt\/s.01k8rhncp4jt1\/2025\/11\/talking-bot-125x125.png\",\"contentUrl\":\"https:\/\/portaltela.pt\/s.01k8rhncp4jt1\/2025\/11\/talking-bot-125x125.png\",\"caption\":\"Telinha\"},\"sameAs\":[\"https:\/\/portaltela.pt\/\"],\"url\":\"https:\/\/portaltela.pt\/por\/367410592786\/\"}]}<\/script>\n<!-- \/ Yoast SEO plugin. -->","yoast_head_json":{"title":"Planeamento da poss\u00edvel festa do FC Porto junto ao Drag\u00e3o avan\u00e7a - Portal Tela Portugal","robots":{"index":"index","follow":"follow","max-snippet":"max-snippet:-1","max-image-preview":"max-image-preview:large","max-video-preview":"max-video-preview:-1"},"og_locale":"pt_PT","og_type":"article","og_title":"Planeamento da poss\u00edvel festa do FC Porto junto ao Drag\u00e3o avan\u00e7a - Portal Tela Portugal","og_description":"O planeamento de uma poss\u00edvel festa do t\u00edtulo do FC Porto no Est\u00e1dio do Drag\u00e3o ganha contornos para este s\u00e1bado, ap\u00f3s a confirma\u00e7\u00e3o da Monumental Serenata da Queima das Fitas na Avenida dos Aliados. Entidades respons\u00e1veis, designadamente a C\u00e2mara Municipal do Porto e a Pol\u00edcia de Seguran\u00e7a P\u00fablica, t\u00eam mantido contactos para prevenir celebra\u00e7\u00f5es. Prev\u00ea-se, \u00e0 semelhan\u00e7a de anteriores ocasi\u00f5es, um momento de comunh\u00e3o entre o plantel e os adeptos junto ao exterior do recinto, caso o t\u00edtulo se confirme. Em anos anteriores, as celebra\u00e7\u00f5es passaram pela varanda do Drag\u00e3o ou por uma estrutura acima do cogumelo, para festejar junto dos adeptos. A informa\u00e7\u00e3o \u00e9 recolhida pela Record.","og_url":"https:\/\/portaltela.pt\/noticias\/2026\/04\/30\/planeamento-da-possivel-festa-do-fc-porto-junto-ao-dragao-avanca\/","og_site_name":"Portal Tela Portugal","article_published_time":"2026-04-30T19:47:59+00:00","author":"Telinha","twitter_card":"summary_large_image","twitter_misc":{"Escrito por":"Telinha","Tempo estimado de leitura":"1 minuto"},"schema":{"@context":"https:\/\/schema.org","@graph":[{"@type":"Article","@id":"https:\/\/portaltela.pt\/noticias\/2026\/04\/30\/planeamento-da-possivel-festa-do-fc-porto-junto-ao-dragao-avanca\/#article","isPartOf":{"@id":"https:\/\/portaltela.pt\/noticias\/2026\/04\/30\/planeamento-da-possivel-festa-do-fc-porto-junto-ao-dragao-avanca\/"},"author":{"name":"Telinha","@id":"https:\/\/portaltela.pt\/#\/schema\/person\/c4278d4a6028830caff9ee44b42d32ed"},"headline":"Planeamento da poss\u00edvel festa do FC Porto junto ao Drag\u00e3o avan\u00e7a","datePublished":"2026-04-30T19:47:59+00:00","mainEntityOfPage":{"@id":"https:\/\/portaltela.pt\/noticias\/2026\/04\/30\/planeamento-da-possivel-festa-do-fc-porto-junto-ao-dragao-avanca\/"},"wordCount":222,"image":{"@id":"https:\/\/portaltela.pt\/noticias\/2026\/04\/30\/planeamento-da-possivel-festa-do-fc-porto-junto-ao-dragao-avanca\/#primaryimage"},"thumbnailUrl":"https:\/\/portaltela.pt\/s.01k8rhncp4jt1\/2026\/04\/img_920x518uu2026-04-30-20-31-02-2436168-im-639131778985861795.jpg","keywords":["adeptos","C\u00e2mara Municipal","FC Porto","festa","Pol\u00edcia de Seguran\u00e7a P\u00fablica","Porto"],"articleSection":["Desporto","Futebol"],"inLanguage":"pt-PT"},{"@type":"WebPage","@id":"https:\/\/portaltela.pt\/noticias\/2026\/04\/30\/planeamento-da-possivel-festa-do-fc-porto-junto-ao-dragao-avanca\/","url":"https:\/\/portaltela.pt\/noticias\/2026\/04\/30\/planeamento-da-possivel-festa-do-fc-porto-junto-ao-dragao-avanca\/","name":"Planeamento da poss\u00edvel festa do FC Porto junto ao Drag\u00e3o avan\u00e7a - Portal Tela Portugal","isPartOf":{"@id":"https:\/\/portaltela.pt\/#website"},"primaryImageOfPage":{"@id":"https:\/\/portaltela.pt\/noticias\/2026\/04\/30\/planeamento-da-possivel-festa-do-fc-porto-junto-ao-dragao-avanca\/#primaryimage"},"image":{"@id":"https:\/\/portaltela.pt\/noticias\/2026\/04\/30\/planeamento-da-possivel-festa-do-fc-porto-junto-ao-dragao-avanca\/#primaryimage"},"thumbnailUrl":"https:\/\/portaltela.pt\/s.01k8rhncp4jt1\/2026\/04\/img_920x518uu2026-04-30-20-31-02-2436168-im-639131778985861795.jpg","datePublished":"2026-04-30T19:47:59+00:00","author":{"@id":"https:\/\/portaltela.pt\/#\/schema\/person\/c4278d4a6028830caff9ee44b42d32ed"},"breadcrumb":{"@id":"https:\/\/portaltela.pt\/noticias\/2026\/04\/30\/planeamento-da-possivel-festa-do-fc-porto-junto-ao-dragao-avanca\/#breadcrumb"},"inLanguage":"pt-PT","potentialAction":[{"@type":"ReadAction","target":["https:\/\/portaltela.pt\/noticias\/2026\/04\/30\/planeamento-da-possivel-festa-do-fc-porto-junto-ao-dragao-avanca\/"]}]},{"@type":"ImageObject","inLanguage":"pt-PT","@id":"https:\/\/portaltela.pt\/noticias\/2026\/04\/30\/planeamento-da-possivel-festa-do-fc-porto-junto-ao-dragao-avanca\/#primaryimage","url":"https:\/\/portaltela.pt\/s.01k8rhncp4jt1\/2026\/04\/img_920x518uu2026-04-30-20-31-02-2436168-im-639131778985861795.jpg","contentUrl":"https:\/\/portaltela.pt\/s.01k8rhncp4jt1\/2026\/04\/img_920x518uu2026-04-30-20-31-02-2436168-im-639131778985861795.jpg","width":796,"height":448,"caption":"Adeptos do FC Porto festejam junto ao Est\u00e1dio do Drag\u00e3o."},{"@type":"BreadcrumbList","@id":"https:\/\/portaltela.pt\/noticias\/2026\/04\/30\/planeamento-da-possivel-festa-do-fc-porto-junto-ao-dragao-avanca\/#breadcrumb","itemListElement":[{"@type":"ListItem","position":1,"name":"In\u00edcio","item":"https:\/\/portaltela.pt\/"},{"@type":"ListItem","position":2,"name":"Planeamento da poss\u00edvel festa do FC Porto junto ao Drag\u00e3o avan\u00e7a"}]},{"@type":"WebSite","@id":"https:\/\/portaltela.pt\/#website","url":"https:\/\/portaltela.pt\/","name":"Portal Tela Portugal","description":"","potentialAction":[{"@type":"SearchAction","target":{"@type":"EntryPoint","urlTemplate":"https:\/\/portaltela.pt\/?s={search_term_string}"},"query-input":{"@type":"PropertyValueSpecification","valueRequired":true,"valueName":"search_term_string"}}],"inLanguage":"pt-PT"},{"@type":"Person","@id":"https:\/\/portaltela.pt\/#\/schema\/person\/c4278d4a6028830caff9ee44b42d32ed","name":"Telinha","image":{"@type":"ImageObject","inLanguage":"pt-PT","@id":"https:\/\/portaltela.pt\/s.01k8rhncp4jt1\/2025\/11\/talking-bot-125x125.png","url":"https:\/\/portaltela.pt\/s.01k8rhncp4jt1\/2025\/11\/talking-bot-125x125.png","contentUrl":"https:\/\/portaltela.pt\/s.01k8rhncp4jt1\/2025\/11\/talking-bot-125x125.png","caption":"Telinha"},"sameAs":["https:\/\/portaltela.pt\/"],"url":"https:\/\/portaltela.pt\/por\/367410592786\/"}]}},"_links":{"self":[{"href":"https:\/\/portaltela.pt\/api\/wp\/v2\/posts\/463068","targetHints":{"allow":["GET"]}}],"collection":[{"href":"https:\/\/portaltela.pt\/api\/wp\/v2\/posts"}],"about":[{"href":"https:\/\/portaltela.pt\/api\/wp\/v2\/types\/post"}],"author":[{"embeddable":true,"href":"https:\/\/portaltela.pt\/api\/wp\/v2\/users\/2"}],"replies":[{"embeddable":true,"href":"https:\/\/portaltela.pt\/api\/wp\/v2\/comments?post=463068"}],"version-history":[{"count":0,"href":"https:\/\/portaltela.pt\/api\/wp\/v2\/posts\/463068\/revisions"}],"wp:featuredmedia":[{"embeddable":true,"href":"https:\/\/portaltela.pt\/api\/wp\/v2\/media\/463069"}],"wp:attachment":[{"href":"https:\/\/portaltela.pt\/api\/wp\/v2\/media?parent=463068"}],"wp:term":[{"taxonomy":"category","embeddable":true,"href":"https:\/\/portaltela.pt\/api\/wp\/v2\/categories?post=463068"},{"taxonomy":"post_tag","embeddable":true,"href":"https:\/\/portaltela.pt\/api\/wp\/v2\/tags?post=463068"}],"curies":[{"name":"wp","href":"https:\/\/api.w.org\/{rel}","templated":true}]}}