{"id":463061,"date":"2026-04-30T16:33:45","date_gmt":"2026-04-30T19:33:45","guid":{"rendered":"https:\/\/portaltela.pt\/noticias\/2026\/04\/30\/morre-georg-baselitz-figura-chave-da-pintura-alema-pos-guerra\/"},"modified":"2026-04-30T16:33:45","modified_gmt":"2026-04-30T19:33:45","slug":"morre-georg-baselitz-figura-chave-da-pintura-alema-pos-guerra","status":"publish","type":"post","link":"https:\/\/portaltela.pt\/lazer\/2026\/04\/30\/morre-georg-baselitz-figura-chave-da-pintura-alema-pos-guerra\/","title":{"rendered":"Morre Georg Baselitz, figura-chave da pintura alem\u00e3 p\u00f3s-guerra"},"content":{"rendered":"<p>Georg Baselitz, um dos nomes mais relevantes da pintura do p\u00f3s-guerra, faleceu no dia 30 de Abril, aos 88 anos. A not\u00edcia foi confirmada via um comunicado assinado por Robert Isaf e publicado no site da galeria Thaddaeus Ropac, que representa o artista.<\/p>\n<p>O pintor \u00e9 amplamente reconhecido pelas chamadas \u201cpinturas invertidas\u201d, em que a figura aparece de cabe\u00e7a para baixo. Junto de artistas como A. Penck, Gerhard Richter e Anselm Kiefer, Baselitz \u00e9 apontado como uma figura-chave da identidade da arte alem\u00e3 do p\u00f3s-Segunda Guerra.<\/p>\n<p>Obras suas integram cole\u00e7\u00f5es privadas de relevo, incluindo a Berardo, que possui uma pe\u00e7a datada de 1987, \u00e9poca em que Baselitz ganhou proje\u00e7\u00e3o internacional.<\/p>\n<p>A morte de Baselitz marca o fim de uma carreira marcada pela inova\u00e7\u00e3o formal e pela influ\u00eancia duradoura no panorama art\u00edstico moderno.<\/p>\n","protected":false},"excerpt":{"rendered":"<ul>\n<li>Georg Baselitz morreu a 30 de abril de 2026, aos 88 anos, segundo um comunicado assinado por Robert Isaf e publicado no site da galeria Thaddaeus Ropac.<\/li>\n<li>Foi um dos grandes protagonistas da arte alem\u00e3 do s\u00e9culo XX e alcan\u00e7ou renome internacional.<\/li>\n<li>Famoso pelas \u201cpinturas invertidas\u201d, em que a figura aparece pintada de cabe\u00e7a para baixo.<\/li>\n<li>Juntamente com Penck, Richter e Anselm Kiefer, \u00e9 um dos nomes centrais da identidade da arte alem\u00e3 do p\u00f3s-Segunda Guerra Mundial.<\/li>\n<li>Obras suas integram cole\u00e7\u00f5es importantes, incluindo a da Berardo, com uma pe\u00e7a datada de 1987.<\/li>\n<\/ul>\n","protected":false},"author":2,"featured_media":463065,"comment_status":"closed","ping_status":"closed","sticky":false,"template":"","format":"standard","meta":{"footnotes":""},"categories":[7375,7381],"tags":[7987,8036,7756,7983,248],"class_list":["post-463061","post","type-post","status-publish","format-standard","has-post-thumbnail","hentry","category-cultura","category-lazer","tag-_alemanha","tag-_arte","tag-_cultura","tag-_historia","tag-pintura"],"yoast_head":"<!-- This site is optimized with the Yoast SEO plugin v27.2 - https:\/\/yoast.com\/product\/yoast-seo-wordpress\/ -->\n<title>Morre Georg Baselitz, figura-chave da pintura alem\u00e3 p\u00f3s-guerra - Portal Tela Portugal<\/title>\n<meta name=\"robots\" content=\"index, follow, max-snippet:-1, max-image-preview:large, max-video-preview:-1\" \/>\n<meta property=\"og:locale\" content=\"pt_PT\" \/>\n<meta property=\"og:type\" content=\"article\" \/>\n<meta property=\"og:title\" content=\"Morre Georg Baselitz, figura-chave da pintura alem\u00e3 p\u00f3s-guerra - Portal Tela Portugal\" \/>\n<meta property=\"og:description\" content=\"Georg Baselitz morreu a 30 de abril de 2026, aos 88 anos, segundo um comunicado assinado por Robert Isaf e publicado no site da galeria Thaddaeus Ropac. Foi um dos grandes protagonistas da arte alem\u00e3 do s\u00e9culo XX e alcan\u00e7ou renome internacional. Famoso pelas \u201cpinturas invertidas\u201d, em que a figura aparece pintada de cabe\u00e7a para baixo. Juntamente com Penck, Richter e Anselm Kiefer, \u00e9 um dos nomes centrais da identidade da arte alem\u00e3 do p\u00f3s-Segunda Guerra Mundial. Obras suas integram cole\u00e7\u00f5es importantes, incluindo a da Berardo, com uma pe\u00e7a datada de 1987.\" \/>\n<meta property=\"og:url\" content=\"https:\/\/portaltela.pt\/noticias\/2026\/04\/30\/morre-georg-baselitz-figura-chave-da-pintura-alema-pos-guerra\/\" \/>\n<meta property=\"og:site_name\" content=\"Portal Tela Portugal\" \/>\n<meta property=\"article:published_time\" content=\"2026-04-30T19:33:45+00:00\" \/>\n<meta name=\"author\" content=\"Telinha\" \/>\n<meta name=\"twitter:card\" content=\"summary_large_image\" \/>\n<meta name=\"twitter:label1\" content=\"Escrito por\" \/>\n\t<meta name=\"twitter:data1\" content=\"Telinha\" \/>\n\t<meta name=\"twitter:label2\" content=\"Tempo estimado de leitura\" \/>\n\t<meta name=\"twitter:data2\" content=\"1 minuto\" \/>\n<script type=\"application\/ld+json\" class=\"yoast-schema-graph\">{\"@context\":\"https:\/\/schema.org\",\"@graph\":[{\"@type\":\"Article\",\"@id\":\"https:\/\/portaltela.pt\/noticias\/2026\/04\/30\/morre-georg-baselitz-figura-chave-da-pintura-alema-pos-guerra\/#article\",\"isPartOf\":{\"@id\":\"https:\/\/portaltela.pt\/noticias\/2026\/04\/30\/morre-georg-baselitz-figura-chave-da-pintura-alema-pos-guerra\/\"},\"author\":{\"name\":\"Telinha\",\"@id\":\"https:\/\/portaltela.pt\/#\/schema\/person\/c4278d4a6028830caff9ee44b42d32ed\"},\"headline\":\"Morre Georg Baselitz, figura-chave da pintura alem\u00e3 p\u00f3s-guerra\",\"datePublished\":\"2026-04-30T19:33:45+00:00\",\"mainEntityOfPage\":{\"@id\":\"https:\/\/portaltela.pt\/noticias\/2026\/04\/30\/morre-georg-baselitz-figura-chave-da-pintura-alema-pos-guerra\/\"},\"wordCount\":146,\"image\":{\"@id\":\"https:\/\/portaltela.pt\/noticias\/2026\/04\/30\/morre-georg-baselitz-figura-chave-da-pintura-alema-pos-guerra\/#primaryimage\"},\"thumbnailUrl\":\"https:\/\/portaltela.pt\/s.01k8rhncp4jt1\/2026\/04\/2085356.jpg\",\"keywords\":[\"_Alemanha\",\"_arte\",\"_cultura\",\"_hist\u00f3ria\",\"pintura\"],\"articleSection\":[\"Cultura\",\"Lazer\"],\"inLanguage\":\"pt-PT\"},{\"@type\":\"WebPage\",\"@id\":\"https:\/\/portaltela.pt\/noticias\/2026\/04\/30\/morre-georg-baselitz-figura-chave-da-pintura-alema-pos-guerra\/\",\"url\":\"https:\/\/portaltela.pt\/noticias\/2026\/04\/30\/morre-georg-baselitz-figura-chave-da-pintura-alema-pos-guerra\/\",\"name\":\"Morre Georg Baselitz, figura-chave da pintura alem\u00e3 p\u00f3s-guerra - Portal Tela Portugal\",\"isPartOf\":{\"@id\":\"https:\/\/portaltela.pt\/#website\"},\"primaryImageOfPage\":{\"@id\":\"https:\/\/portaltela.pt\/noticias\/2026\/04\/30\/morre-georg-baselitz-figura-chave-da-pintura-alema-pos-guerra\/#primaryimage\"},\"image\":{\"@id\":\"https:\/\/portaltela.pt\/noticias\/2026\/04\/30\/morre-georg-baselitz-figura-chave-da-pintura-alema-pos-guerra\/#primaryimage\"},\"thumbnailUrl\":\"https:\/\/portaltela.pt\/s.01k8rhncp4jt1\/2026\/04\/2085356.jpg\",\"datePublished\":\"2026-04-30T19:33:45+00:00\",\"author\":{\"@id\":\"https:\/\/portaltela.pt\/#\/schema\/person\/c4278d4a6028830caff9ee44b42d32ed\"},\"breadcrumb\":{\"@id\":\"https:\/\/portaltela.pt\/noticias\/2026\/04\/30\/morre-georg-baselitz-figura-chave-da-pintura-alema-pos-guerra\/#breadcrumb\"},\"inLanguage\":\"pt-PT\",\"potentialAction\":[{\"@type\":\"ReadAction\",\"target\":[\"https:\/\/portaltela.pt\/noticias\/2026\/04\/30\/morre-georg-baselitz-figura-chave-da-pintura-alema-pos-guerra\/\"]}]},{\"@type\":\"ImageObject\",\"inLanguage\":\"pt-PT\",\"@id\":\"https:\/\/portaltela.pt\/noticias\/2026\/04\/30\/morre-georg-baselitz-figura-chave-da-pintura-alema-pos-guerra\/#primaryimage\",\"url\":\"https:\/\/portaltela.pt\/s.01k8rhncp4jt1\/2026\/04\/2085356.jpg\",\"contentUrl\":\"https:\/\/portaltela.pt\/s.01k8rhncp4jt1\/2026\/04\/2085356.jpg\",\"width\":796,\"height\":448,\"caption\":\"Georg Baselitz fotografado em 2013 na Galeria Fernando Santos\"},{\"@type\":\"BreadcrumbList\",\"@id\":\"https:\/\/portaltela.pt\/noticias\/2026\/04\/30\/morre-georg-baselitz-figura-chave-da-pintura-alema-pos-guerra\/#breadcrumb\",\"itemListElement\":[{\"@type\":\"ListItem\",\"position\":1,\"name\":\"In\u00edcio\",\"item\":\"https:\/\/portaltela.pt\/\"},{\"@type\":\"ListItem\",\"position\":2,\"name\":\"Morre Georg Baselitz, figura-chave da pintura alem\u00e3 p\u00f3s-guerra\"}]},{\"@type\":\"WebSite\",\"@id\":\"https:\/\/portaltela.pt\/#website\",\"url\":\"https:\/\/portaltela.pt\/\",\"name\":\"Portal Tela Portugal\",\"description\":\"\",\"potentialAction\":[{\"@type\":\"SearchAction\",\"target\":{\"@type\":\"EntryPoint\",\"urlTemplate\":\"https:\/\/portaltela.pt\/?s={search_term_string}\"},\"query-input\":{\"@type\":\"PropertyValueSpecification\",\"valueRequired\":true,\"valueName\":\"search_term_string\"}}],\"inLanguage\":\"pt-PT\"},{\"@type\":\"Person\",\"@id\":\"https:\/\/portaltela.pt\/#\/schema\/person\/c4278d4a6028830caff9ee44b42d32ed\",\"name\":\"Telinha\",\"image\":{\"@type\":\"ImageObject\",\"inLanguage\":\"pt-PT\",\"@id\":\"https:\/\/portaltela.pt\/s.01k8rhncp4jt1\/2025\/11\/talking-bot-125x125.png\",\"url\":\"https:\/\/portaltela.pt\/s.01k8rhncp4jt1\/2025\/11\/talking-bot-125x125.png\",\"contentUrl\":\"https:\/\/portaltela.pt\/s.01k8rhncp4jt1\/2025\/11\/talking-bot-125x125.png\",\"caption\":\"Telinha\"},\"sameAs\":[\"https:\/\/portaltela.pt\/\"],\"url\":\"https:\/\/portaltela.pt\/por\/367410592786\/\"}]}<\/script>\n<!-- \/ Yoast SEO plugin. -->","yoast_head_json":{"title":"Morre Georg Baselitz, figura-chave da pintura alem\u00e3 p\u00f3s-guerra - Portal Tela Portugal","robots":{"index":"index","follow":"follow","max-snippet":"max-snippet:-1","max-image-preview":"max-image-preview:large","max-video-preview":"max-video-preview:-1"},"og_locale":"pt_PT","og_type":"article","og_title":"Morre Georg Baselitz, figura-chave da pintura alem\u00e3 p\u00f3s-guerra - Portal Tela Portugal","og_description":"Georg Baselitz morreu a 30 de abril de 2026, aos 88 anos, segundo um comunicado assinado por Robert Isaf e publicado no site da galeria Thaddaeus Ropac. Foi um dos grandes protagonistas da arte alem\u00e3 do s\u00e9culo XX e alcan\u00e7ou renome internacional. Famoso pelas \u201cpinturas invertidas\u201d, em que a figura aparece pintada de cabe\u00e7a para baixo. Juntamente com Penck, Richter e Anselm Kiefer, \u00e9 um dos nomes centrais da identidade da arte alem\u00e3 do p\u00f3s-Segunda Guerra Mundial. Obras suas integram cole\u00e7\u00f5es importantes, incluindo a da Berardo, com uma pe\u00e7a datada de 1987.","og_url":"https:\/\/portaltela.pt\/noticias\/2026\/04\/30\/morre-georg-baselitz-figura-chave-da-pintura-alema-pos-guerra\/","og_site_name":"Portal Tela Portugal","article_published_time":"2026-04-30T19:33:45+00:00","author":"Telinha","twitter_card":"summary_large_image","twitter_misc":{"Escrito por":"Telinha","Tempo estimado de leitura":"1 minuto"},"schema":{"@context":"https:\/\/schema.org","@graph":[{"@type":"Article","@id":"https:\/\/portaltela.pt\/noticias\/2026\/04\/30\/morre-georg-baselitz-figura-chave-da-pintura-alema-pos-guerra\/#article","isPartOf":{"@id":"https:\/\/portaltela.pt\/noticias\/2026\/04\/30\/morre-georg-baselitz-figura-chave-da-pintura-alema-pos-guerra\/"},"author":{"name":"Telinha","@id":"https:\/\/portaltela.pt\/#\/schema\/person\/c4278d4a6028830caff9ee44b42d32ed"},"headline":"Morre Georg Baselitz, figura-chave da pintura alem\u00e3 p\u00f3s-guerra","datePublished":"2026-04-30T19:33:45+00:00","mainEntityOfPage":{"@id":"https:\/\/portaltela.pt\/noticias\/2026\/04\/30\/morre-georg-baselitz-figura-chave-da-pintura-alema-pos-guerra\/"},"wordCount":146,"image":{"@id":"https:\/\/portaltela.pt\/noticias\/2026\/04\/30\/morre-georg-baselitz-figura-chave-da-pintura-alema-pos-guerra\/#primaryimage"},"thumbnailUrl":"https:\/\/portaltela.pt\/s.01k8rhncp4jt1\/2026\/04\/2085356.jpg","keywords":["_Alemanha","_arte","_cultura","_hist\u00f3ria","pintura"],"articleSection":["Cultura","Lazer"],"inLanguage":"pt-PT"},{"@type":"WebPage","@id":"https:\/\/portaltela.pt\/noticias\/2026\/04\/30\/morre-georg-baselitz-figura-chave-da-pintura-alema-pos-guerra\/","url":"https:\/\/portaltela.pt\/noticias\/2026\/04\/30\/morre-georg-baselitz-figura-chave-da-pintura-alema-pos-guerra\/","name":"Morre Georg Baselitz, figura-chave da pintura alem\u00e3 p\u00f3s-guerra - Portal Tela Portugal","isPartOf":{"@id":"https:\/\/portaltela.pt\/#website"},"primaryImageOfPage":{"@id":"https:\/\/portaltela.pt\/noticias\/2026\/04\/30\/morre-georg-baselitz-figura-chave-da-pintura-alema-pos-guerra\/#primaryimage"},"image":{"@id":"https:\/\/portaltela.pt\/noticias\/2026\/04\/30\/morre-georg-baselitz-figura-chave-da-pintura-alema-pos-guerra\/#primaryimage"},"thumbnailUrl":"https:\/\/portaltela.pt\/s.01k8rhncp4jt1\/2026\/04\/2085356.jpg","datePublished":"2026-04-30T19:33:45+00:00","author":{"@id":"https:\/\/portaltela.pt\/#\/schema\/person\/c4278d4a6028830caff9ee44b42d32ed"},"breadcrumb":{"@id":"https:\/\/portaltela.pt\/noticias\/2026\/04\/30\/morre-georg-baselitz-figura-chave-da-pintura-alema-pos-guerra\/#breadcrumb"},"inLanguage":"pt-PT","potentialAction":[{"@type":"ReadAction","target":["https:\/\/portaltela.pt\/noticias\/2026\/04\/30\/morre-georg-baselitz-figura-chave-da-pintura-alema-pos-guerra\/"]}]},{"@type":"ImageObject","inLanguage":"pt-PT","@id":"https:\/\/portaltela.pt\/noticias\/2026\/04\/30\/morre-georg-baselitz-figura-chave-da-pintura-alema-pos-guerra\/#primaryimage","url":"https:\/\/portaltela.pt\/s.01k8rhncp4jt1\/2026\/04\/2085356.jpg","contentUrl":"https:\/\/portaltela.pt\/s.01k8rhncp4jt1\/2026\/04\/2085356.jpg","width":796,"height":448,"caption":"Georg Baselitz fotografado em 2013 na Galeria Fernando Santos"},{"@type":"BreadcrumbList","@id":"https:\/\/portaltela.pt\/noticias\/2026\/04\/30\/morre-georg-baselitz-figura-chave-da-pintura-alema-pos-guerra\/#breadcrumb","itemListElement":[{"@type":"ListItem","position":1,"name":"In\u00edcio","item":"https:\/\/portaltela.pt\/"},{"@type":"ListItem","position":2,"name":"Morre Georg Baselitz, figura-chave da pintura alem\u00e3 p\u00f3s-guerra"}]},{"@type":"WebSite","@id":"https:\/\/portaltela.pt\/#website","url":"https:\/\/portaltela.pt\/","name":"Portal Tela Portugal","description":"","potentialAction":[{"@type":"SearchAction","target":{"@type":"EntryPoint","urlTemplate":"https:\/\/portaltela.pt\/?s={search_term_string}"},"query-input":{"@type":"PropertyValueSpecification","valueRequired":true,"valueName":"search_term_string"}}],"inLanguage":"pt-PT"},{"@type":"Person","@id":"https:\/\/portaltela.pt\/#\/schema\/person\/c4278d4a6028830caff9ee44b42d32ed","name":"Telinha","image":{"@type":"ImageObject","inLanguage":"pt-PT","@id":"https:\/\/portaltela.pt\/s.01k8rhncp4jt1\/2025\/11\/talking-bot-125x125.png","url":"https:\/\/portaltela.pt\/s.01k8rhncp4jt1\/2025\/11\/talking-bot-125x125.png","contentUrl":"https:\/\/portaltela.pt\/s.01k8rhncp4jt1\/2025\/11\/talking-bot-125x125.png","caption":"Telinha"},"sameAs":["https:\/\/portaltela.pt\/"],"url":"https:\/\/portaltela.pt\/por\/367410592786\/"}]}},"_links":{"self":[{"href":"https:\/\/portaltela.pt\/api\/wp\/v2\/posts\/463061","targetHints":{"allow":["GET"]}}],"collection":[{"href":"https:\/\/portaltela.pt\/api\/wp\/v2\/posts"}],"about":[{"href":"https:\/\/portaltela.pt\/api\/wp\/v2\/types\/post"}],"author":[{"embeddable":true,"href":"https:\/\/portaltela.pt\/api\/wp\/v2\/users\/2"}],"replies":[{"embeddable":true,"href":"https:\/\/portaltela.pt\/api\/wp\/v2\/comments?post=463061"}],"version-history":[{"count":0,"href":"https:\/\/portaltela.pt\/api\/wp\/v2\/posts\/463061\/revisions"}],"wp:featuredmedia":[{"embeddable":true,"href":"https:\/\/portaltela.pt\/api\/wp\/v2\/media\/463065"}],"wp:attachment":[{"href":"https:\/\/portaltela.pt\/api\/wp\/v2\/media?parent=463061"}],"wp:term":[{"taxonomy":"category","embeddable":true,"href":"https:\/\/portaltela.pt\/api\/wp\/v2\/categories?post=463061"},{"taxonomy":"post_tag","embeddable":true,"href":"https:\/\/portaltela.pt\/api\/wp\/v2\/tags?post=463061"}],"curies":[{"name":"wp","href":"https:\/\/api.w.org\/{rel}","templated":true}]}}