{"id":463059,"date":"2026-04-30T16:33:38","date_gmt":"2026-04-30T19:33:38","guid":{"rendered":"https:\/\/portaltela.pt\/noticias\/2026\/04\/30\/abril-cinzento-na-universidade-nova-de-lisboa\/"},"modified":"2026-04-30T16:33:38","modified_gmt":"2026-04-30T19:33:38","slug":"abril-cinzento-na-universidade-nova-de-lisboa","status":"publish","type":"post","link":"https:\/\/portaltela.pt\/sociedade\/2026\/04\/30\/abril-cinzento-na-universidade-nova-de-lisboa\/","title":{"rendered":"Abril cinzento na Universidade NOVA de Lisboa"},"content":{"rendered":"<p>A crise institucional na Universidade Nova de Lisboa ganha contornos de debate p\u00fablico, com acusa\u00e7\u00f5es, decis\u00f5es judiciais e disputas sobre a elei\u00e7\u00e3o do pr\u00f3ximo Reitor. O conflito envolve docentes, investigadores, funcion\u00e1rios e estudantes, e remete para tens\u00f5es antigas sobre governa\u00e7\u00e3o acad\u00e9mica. O epis\u00f3dio ocorreu na sequ\u00eancia de acontecimentos recentes, reportados pela imprensa, e ainda sem uma resolu\u00e7\u00e3o final.<\/p>\n<p>No centro da controv\u00e9rsia est\u00e1 o processo de elei\u00e7\u00e3o do Reitor, com objec\u00e7\u00f5es e manobras entre faculdades e grupos internos. Decis\u00f5es judiciais e interven\u00e7\u00f5es administrativas t\u00eam marcado o ritmo das vontades de lideran\u00e7a, gerando um ambiente de desconfian\u00e7a entre os envolvidos na gest\u00e3o da institui\u00e7\u00e3o. A universidade continua a cumprir a sua miss\u00e3o de ensino e investiga\u00e7\u00e3o em meio ao embate.<\/p>\n<p>Segundo fontes da imprensa, o clima interno \u00e9 descrito como pouco favor\u00e1vel \u00e0 coopera\u00e7\u00e3o institucional. As disputas ganham dimens\u00e3o p\u00fablica, com interven\u00e7\u00f5es de diferentes setores da academia e reclama\u00e7\u00f5es sobre procedimentos eleitorais. O objetivo formal permanece garantir elei\u00e7\u00e3o transparente e democr\u00e1tica, conforme os padr\u00f5es da autonomia universit\u00e1ria.<\/p>\n<h3>Contexto institucional<\/h3>\n<p>A reportagem aponta que o epis\u00f3dio reflete dilemas mais amplos da universidade p\u00fablica em Portugal, entre autonomia acad\u00e9mica, financiamento e governan\u00e7a. A Nova mant\u00e9m, no entanto, o seu papel de criar e transmitir conhecimento, com docentes e trabalhadores a manterem a atividade em perman\u00eancia.<\/p>\n<p>A an\u00e1lise aponta ainda que o conflito n\u00e3o \u00e9 apenas entre fac\u00e7\u00f5es internas, mas envolve consequ\u00eancias para a comunidade acad\u00e9mica e para a rela\u00e7\u00e3o com a sociedade. Do lado institucional, h\u00e1 reiteradas tentativas de di\u00e1logo e compasso de espera para evitar preju\u00edzos desnecess\u00e1rios.<\/p>\n<p>Numa perspetiva mais ampla, o epis\u00f3dio \u00e9 visto como um teste \u00e0 cultura democr\u00e1tica no ensino superior. Observadores destacam a necessidade de manter o foco em debates sobre o papel da Universidade na era da intelig\u00eancia artificial, do financiamento p\u00fablico e da qualidade da investiga\u00e7\u00e3o.<\/p>\n<p>A situa\u00e7\u00e3o atual n\u00e3o oferece uma conclus\u00e3o r\u00e1pida. As partes envolvidas reiteram o compromisso com a educa\u00e7\u00e3o, a pesquisa e a responsabilidade institucional, enquanto o processo de elei\u00e7\u00e3o do Reitor continua sob escrut\u00ednio p\u00fablico e jur\u00eddico.<\/p>\n","protected":false},"excerpt":{"rendered":"<ul>\n<li>A crise institucional na Universidade Nova de Lisboa exp\u00f5e dilemas da nossa democracia e os v\u00edcios herdados do passado autorit\u00e1rio.<\/li>\n<li>A institui\u00e7\u00e3o permanece dedicada a criar e transmitir conhecimento, apesar de decis\u00f5es judiciais, disputas eleitorais e acusa\u00e7\u00f5es p\u00fablicas.<\/li>\n<li>As fac\u00e7\u00f5es internas n\u00e3o reconhecem a futilidade das manobras para influenciar a elei\u00e7\u00e3o do Reitor, empurrando um conflito autoinfligido.<\/li>\n<li>O texto defende que o debate universit\u00e1rio deve centrar-se no papel da academia frente a temas como a intelig\u00eancia artificial, o financiamento do ensino superior e a a\u00e7\u00e3o social.<\/li>\n<li>A crise \u00e9 apresentada como reflexo de uma mentalidade ressentida, com apelido para que a lideran\u00e7a promova debates mais abertos e construtivos.<\/li>\n<\/ul>\n","protected":false},"author":2,"featured_media":463062,"comment_status":"closed","ping_status":"closed","sticky":false,"template":"","format":"standard","meta":{"footnotes":""},"categories":[1,6871],"tags":[7927,7795,7875,8708,7952,8884],"class_list":["post-463059","post","type-post","status-publish","format-standard","has-post-thumbnail","hentry","category-noticias","category-sociedade","tag-_administracao-publica","tag-_educacao","tag-_educacao-publica","tag-_governanca","tag-_governo","tag-_universidades"],"yoast_head":"<!-- This site is optimized with the Yoast SEO plugin v27.2 - https:\/\/yoast.com\/product\/yoast-seo-wordpress\/ -->\n<title>Abril cinzento na Universidade NOVA de Lisboa - Portal Tela Portugal<\/title>\n<meta name=\"robots\" content=\"index, follow, max-snippet:-1, max-image-preview:large, max-video-preview:-1\" \/>\n<meta property=\"og:locale\" content=\"pt_PT\" \/>\n<meta property=\"og:type\" content=\"article\" \/>\n<meta property=\"og:title\" content=\"Abril cinzento na Universidade NOVA de Lisboa - Portal Tela Portugal\" \/>\n<meta property=\"og:description\" content=\"A crise institucional na Universidade Nova de Lisboa exp\u00f5e dilemas da nossa democracia e os v\u00edcios herdados do passado autorit\u00e1rio. A institui\u00e7\u00e3o permanece dedicada a criar e transmitir conhecimento, apesar de decis\u00f5es judiciais, disputas eleitorais e acusa\u00e7\u00f5es p\u00fablicas. As fac\u00e7\u00f5es internas n\u00e3o reconhecem a futilidade das manobras para influenciar a elei\u00e7\u00e3o do Reitor, empurrando um conflito autoinfligido. O texto defende que o debate universit\u00e1rio deve centrar-se no papel da academia frente a temas como a intelig\u00eancia artificial, o financiamento do ensino superior e a a\u00e7\u00e3o social. A crise \u00e9 apresentada como reflexo de uma mentalidade ressentida, com apelido para que a lideran\u00e7a promova debates mais abertos e construtivos.\" \/>\n<meta property=\"og:url\" content=\"https:\/\/portaltela.pt\/noticias\/2026\/04\/30\/abril-cinzento-na-universidade-nova-de-lisboa\/\" \/>\n<meta property=\"og:site_name\" content=\"Portal Tela Portugal\" \/>\n<meta property=\"article:published_time\" content=\"2026-04-30T19:33:38+00:00\" \/>\n<meta name=\"author\" content=\"Telinha\" \/>\n<meta name=\"twitter:card\" content=\"summary_large_image\" \/>\n<meta name=\"twitter:label1\" content=\"Escrito por\" \/>\n\t<meta name=\"twitter:data1\" content=\"Telinha\" \/>\n\t<meta name=\"twitter:label2\" content=\"Tempo estimado de leitura\" \/>\n\t<meta name=\"twitter:data2\" content=\"2 minutos\" \/>\n<script type=\"application\/ld+json\" class=\"yoast-schema-graph\">{\"@context\":\"https:\/\/schema.org\",\"@graph\":[{\"@type\":\"Article\",\"@id\":\"https:\/\/portaltela.pt\/noticias\/2026\/04\/30\/abril-cinzento-na-universidade-nova-de-lisboa\/#article\",\"isPartOf\":{\"@id\":\"https:\/\/portaltela.pt\/noticias\/2026\/04\/30\/abril-cinzento-na-universidade-nova-de-lisboa\/\"},\"author\":{\"name\":\"Telinha\",\"@id\":\"https:\/\/portaltela.pt\/#\/schema\/person\/c4278d4a6028830caff9ee44b42d32ed\"},\"headline\":\"Abril cinzento na Universidade NOVA de Lisboa\",\"datePublished\":\"2026-04-30T19:33:38+00:00\",\"mainEntityOfPage\":{\"@id\":\"https:\/\/portaltela.pt\/noticias\/2026\/04\/30\/abril-cinzento-na-universidade-nova-de-lisboa\/\"},\"wordCount\":401,\"image\":{\"@id\":\"https:\/\/portaltela.pt\/noticias\/2026\/04\/30\/abril-cinzento-na-universidade-nova-de-lisboa\/#primaryimage\"},\"thumbnailUrl\":\"https:\/\/portaltela.pt\/s.01k8rhncp4jt1\/2026\/04\/2085271.jpg\",\"keywords\":[\"_administra\u00e7\u00e3o p\u00fablica\",\"_educa\u00e7\u00e3o\",\"_educa\u00e7\u00e3o p\u00fablica\",\"_governan\u00e7a\",\"_governo\",\"_universidades\"],\"articleSection\":[\"Not\u00edcias\",\"Sociedade\"],\"inLanguage\":\"pt-PT\"},{\"@type\":\"WebPage\",\"@id\":\"https:\/\/portaltela.pt\/noticias\/2026\/04\/30\/abril-cinzento-na-universidade-nova-de-lisboa\/\",\"url\":\"https:\/\/portaltela.pt\/noticias\/2026\/04\/30\/abril-cinzento-na-universidade-nova-de-lisboa\/\",\"name\":\"Abril cinzento na Universidade NOVA de Lisboa - Portal Tela Portugal\",\"isPartOf\":{\"@id\":\"https:\/\/portaltela.pt\/#website\"},\"primaryImageOfPage\":{\"@id\":\"https:\/\/portaltela.pt\/noticias\/2026\/04\/30\/abril-cinzento-na-universidade-nova-de-lisboa\/#primaryimage\"},\"image\":{\"@id\":\"https:\/\/portaltela.pt\/noticias\/2026\/04\/30\/abril-cinzento-na-universidade-nova-de-lisboa\/#primaryimage\"},\"thumbnailUrl\":\"https:\/\/portaltela.pt\/s.01k8rhncp4jt1\/2026\/04\/2085271.jpg\",\"datePublished\":\"2026-04-30T19:33:38+00:00\",\"author\":{\"@id\":\"https:\/\/portaltela.pt\/#\/schema\/person\/c4278d4a6028830caff9ee44b42d32ed\"},\"breadcrumb\":{\"@id\":\"https:\/\/portaltela.pt\/noticias\/2026\/04\/30\/abril-cinzento-na-universidade-nova-de-lisboa\/#breadcrumb\"},\"inLanguage\":\"pt-PT\",\"potentialAction\":[{\"@type\":\"ReadAction\",\"target\":[\"https:\/\/portaltela.pt\/noticias\/2026\/04\/30\/abril-cinzento-na-universidade-nova-de-lisboa\/\"]}]},{\"@type\":\"ImageObject\",\"inLanguage\":\"pt-PT\",\"@id\":\"https:\/\/portaltela.pt\/noticias\/2026\/04\/30\/abril-cinzento-na-universidade-nova-de-lisboa\/#primaryimage\",\"url\":\"https:\/\/portaltela.pt\/s.01k8rhncp4jt1\/2026\/04\/2085271.jpg\",\"contentUrl\":\"https:\/\/portaltela.pt\/s.01k8rhncp4jt1\/2026\/04\/2085271.jpg\",\"width\":796,\"height\":448,\"caption\":\"Megafone P3\"},{\"@type\":\"BreadcrumbList\",\"@id\":\"https:\/\/portaltela.pt\/noticias\/2026\/04\/30\/abril-cinzento-na-universidade-nova-de-lisboa\/#breadcrumb\",\"itemListElement\":[{\"@type\":\"ListItem\",\"position\":1,\"name\":\"In\u00edcio\",\"item\":\"https:\/\/portaltela.pt\/\"},{\"@type\":\"ListItem\",\"position\":2,\"name\":\"Abril cinzento na Universidade NOVA de Lisboa\"}]},{\"@type\":\"WebSite\",\"@id\":\"https:\/\/portaltela.pt\/#website\",\"url\":\"https:\/\/portaltela.pt\/\",\"name\":\"Portal Tela Portugal\",\"description\":\"\",\"potentialAction\":[{\"@type\":\"SearchAction\",\"target\":{\"@type\":\"EntryPoint\",\"urlTemplate\":\"https:\/\/portaltela.pt\/?s={search_term_string}\"},\"query-input\":{\"@type\":\"PropertyValueSpecification\",\"valueRequired\":true,\"valueName\":\"search_term_string\"}}],\"inLanguage\":\"pt-PT\"},{\"@type\":\"Person\",\"@id\":\"https:\/\/portaltela.pt\/#\/schema\/person\/c4278d4a6028830caff9ee44b42d32ed\",\"name\":\"Telinha\",\"image\":{\"@type\":\"ImageObject\",\"inLanguage\":\"pt-PT\",\"@id\":\"https:\/\/portaltela.pt\/s.01k8rhncp4jt1\/2025\/11\/talking-bot-125x125.png\",\"url\":\"https:\/\/portaltela.pt\/s.01k8rhncp4jt1\/2025\/11\/talking-bot-125x125.png\",\"contentUrl\":\"https:\/\/portaltela.pt\/s.01k8rhncp4jt1\/2025\/11\/talking-bot-125x125.png\",\"caption\":\"Telinha\"},\"sameAs\":[\"https:\/\/portaltela.pt\/\"],\"url\":\"https:\/\/portaltela.pt\/por\/367410592786\/\"}]}<\/script>\n<!-- \/ Yoast SEO plugin. -->","yoast_head_json":{"title":"Abril cinzento na Universidade NOVA de Lisboa - Portal Tela Portugal","robots":{"index":"index","follow":"follow","max-snippet":"max-snippet:-1","max-image-preview":"max-image-preview:large","max-video-preview":"max-video-preview:-1"},"og_locale":"pt_PT","og_type":"article","og_title":"Abril cinzento na Universidade NOVA de Lisboa - Portal Tela Portugal","og_description":"A crise institucional na Universidade Nova de Lisboa exp\u00f5e dilemas da nossa democracia e os v\u00edcios herdados do passado autorit\u00e1rio. A institui\u00e7\u00e3o permanece dedicada a criar e transmitir conhecimento, apesar de decis\u00f5es judiciais, disputas eleitorais e acusa\u00e7\u00f5es p\u00fablicas. As fac\u00e7\u00f5es internas n\u00e3o reconhecem a futilidade das manobras para influenciar a elei\u00e7\u00e3o do Reitor, empurrando um conflito autoinfligido. O texto defende que o debate universit\u00e1rio deve centrar-se no papel da academia frente a temas como a intelig\u00eancia artificial, o financiamento do ensino superior e a a\u00e7\u00e3o social. A crise \u00e9 apresentada como reflexo de uma mentalidade ressentida, com apelido para que a lideran\u00e7a promova debates mais abertos e construtivos.","og_url":"https:\/\/portaltela.pt\/noticias\/2026\/04\/30\/abril-cinzento-na-universidade-nova-de-lisboa\/","og_site_name":"Portal Tela Portugal","article_published_time":"2026-04-30T19:33:38+00:00","author":"Telinha","twitter_card":"summary_large_image","twitter_misc":{"Escrito por":"Telinha","Tempo estimado de leitura":"2 minutos"},"schema":{"@context":"https:\/\/schema.org","@graph":[{"@type":"Article","@id":"https:\/\/portaltela.pt\/noticias\/2026\/04\/30\/abril-cinzento-na-universidade-nova-de-lisboa\/#article","isPartOf":{"@id":"https:\/\/portaltela.pt\/noticias\/2026\/04\/30\/abril-cinzento-na-universidade-nova-de-lisboa\/"},"author":{"name":"Telinha","@id":"https:\/\/portaltela.pt\/#\/schema\/person\/c4278d4a6028830caff9ee44b42d32ed"},"headline":"Abril cinzento na Universidade NOVA de Lisboa","datePublished":"2026-04-30T19:33:38+00:00","mainEntityOfPage":{"@id":"https:\/\/portaltela.pt\/noticias\/2026\/04\/30\/abril-cinzento-na-universidade-nova-de-lisboa\/"},"wordCount":401,"image":{"@id":"https:\/\/portaltela.pt\/noticias\/2026\/04\/30\/abril-cinzento-na-universidade-nova-de-lisboa\/#primaryimage"},"thumbnailUrl":"https:\/\/portaltela.pt\/s.01k8rhncp4jt1\/2026\/04\/2085271.jpg","keywords":["_administra\u00e7\u00e3o p\u00fablica","_educa\u00e7\u00e3o","_educa\u00e7\u00e3o p\u00fablica","_governan\u00e7a","_governo","_universidades"],"articleSection":["Not\u00edcias","Sociedade"],"inLanguage":"pt-PT"},{"@type":"WebPage","@id":"https:\/\/portaltela.pt\/noticias\/2026\/04\/30\/abril-cinzento-na-universidade-nova-de-lisboa\/","url":"https:\/\/portaltela.pt\/noticias\/2026\/04\/30\/abril-cinzento-na-universidade-nova-de-lisboa\/","name":"Abril cinzento na Universidade NOVA de Lisboa - Portal Tela Portugal","isPartOf":{"@id":"https:\/\/portaltela.pt\/#website"},"primaryImageOfPage":{"@id":"https:\/\/portaltela.pt\/noticias\/2026\/04\/30\/abril-cinzento-na-universidade-nova-de-lisboa\/#primaryimage"},"image":{"@id":"https:\/\/portaltela.pt\/noticias\/2026\/04\/30\/abril-cinzento-na-universidade-nova-de-lisboa\/#primaryimage"},"thumbnailUrl":"https:\/\/portaltela.pt\/s.01k8rhncp4jt1\/2026\/04\/2085271.jpg","datePublished":"2026-04-30T19:33:38+00:00","author":{"@id":"https:\/\/portaltela.pt\/#\/schema\/person\/c4278d4a6028830caff9ee44b42d32ed"},"breadcrumb":{"@id":"https:\/\/portaltela.pt\/noticias\/2026\/04\/30\/abril-cinzento-na-universidade-nova-de-lisboa\/#breadcrumb"},"inLanguage":"pt-PT","potentialAction":[{"@type":"ReadAction","target":["https:\/\/portaltela.pt\/noticias\/2026\/04\/30\/abril-cinzento-na-universidade-nova-de-lisboa\/"]}]},{"@type":"ImageObject","inLanguage":"pt-PT","@id":"https:\/\/portaltela.pt\/noticias\/2026\/04\/30\/abril-cinzento-na-universidade-nova-de-lisboa\/#primaryimage","url":"https:\/\/portaltela.pt\/s.01k8rhncp4jt1\/2026\/04\/2085271.jpg","contentUrl":"https:\/\/portaltela.pt\/s.01k8rhncp4jt1\/2026\/04\/2085271.jpg","width":796,"height":448,"caption":"Megafone P3"},{"@type":"BreadcrumbList","@id":"https:\/\/portaltela.pt\/noticias\/2026\/04\/30\/abril-cinzento-na-universidade-nova-de-lisboa\/#breadcrumb","itemListElement":[{"@type":"ListItem","position":1,"name":"In\u00edcio","item":"https:\/\/portaltela.pt\/"},{"@type":"ListItem","position":2,"name":"Abril cinzento na Universidade NOVA de Lisboa"}]},{"@type":"WebSite","@id":"https:\/\/portaltela.pt\/#website","url":"https:\/\/portaltela.pt\/","name":"Portal Tela Portugal","description":"","potentialAction":[{"@type":"SearchAction","target":{"@type":"EntryPoint","urlTemplate":"https:\/\/portaltela.pt\/?s={search_term_string}"},"query-input":{"@type":"PropertyValueSpecification","valueRequired":true,"valueName":"search_term_string"}}],"inLanguage":"pt-PT"},{"@type":"Person","@id":"https:\/\/portaltela.pt\/#\/schema\/person\/c4278d4a6028830caff9ee44b42d32ed","name":"Telinha","image":{"@type":"ImageObject","inLanguage":"pt-PT","@id":"https:\/\/portaltela.pt\/s.01k8rhncp4jt1\/2025\/11\/talking-bot-125x125.png","url":"https:\/\/portaltela.pt\/s.01k8rhncp4jt1\/2025\/11\/talking-bot-125x125.png","contentUrl":"https:\/\/portaltela.pt\/s.01k8rhncp4jt1\/2025\/11\/talking-bot-125x125.png","caption":"Telinha"},"sameAs":["https:\/\/portaltela.pt\/"],"url":"https:\/\/portaltela.pt\/por\/367410592786\/"}]}},"_links":{"self":[{"href":"https:\/\/portaltela.pt\/api\/wp\/v2\/posts\/463059","targetHints":{"allow":["GET"]}}],"collection":[{"href":"https:\/\/portaltela.pt\/api\/wp\/v2\/posts"}],"about":[{"href":"https:\/\/portaltela.pt\/api\/wp\/v2\/types\/post"}],"author":[{"embeddable":true,"href":"https:\/\/portaltela.pt\/api\/wp\/v2\/users\/2"}],"replies":[{"embeddable":true,"href":"https:\/\/portaltela.pt\/api\/wp\/v2\/comments?post=463059"}],"version-history":[{"count":0,"href":"https:\/\/portaltela.pt\/api\/wp\/v2\/posts\/463059\/revisions"}],"wp:featuredmedia":[{"embeddable":true,"href":"https:\/\/portaltela.pt\/api\/wp\/v2\/media\/463062"}],"wp:attachment":[{"href":"https:\/\/portaltela.pt\/api\/wp\/v2\/media?parent=463059"}],"wp:term":[{"taxonomy":"category","embeddable":true,"href":"https:\/\/portaltela.pt\/api\/wp\/v2\/categories?post=463059"},{"taxonomy":"post_tag","embeddable":true,"href":"https:\/\/portaltela.pt\/api\/wp\/v2\/tags?post=463059"}],"curies":[{"name":"wp","href":"https:\/\/api.w.org\/{rel}","templated":true}]}}